{"id":1844,"date":"2021-08-13T19:55:51","date_gmt":"2021-08-13T22:55:51","guid":{"rendered":"https:\/\/dedemesquita.com.br\/?p=1844"},"modified":"2021-08-13T19:59:29","modified_gmt":"2021-08-13T22:59:29","slug":"jornalistas-paraenses-estao-em-lives-que-celebram-os-10-anos-do-portal-leiaja","status":"publish","type":"post","link":"https:\/\/dedemesquita.com.br\/?p=1844","title":{"rendered":"Jornalistas paraenses est\u00e3o em lives que celebram os 10 anos do portal LeiaJ\u00e1"},"content":{"rendered":"\n<p>Em&nbsp;<a href=\"https:\/\/www.leiaja.com\/politica\/2021\/07\/06\/camara-do-recife-faz-homenagem-aos-10-anos-do-leiaja\/\"><strong>comemora\u00e7\u00e3o aos 10 anos do&nbsp;LeiaJ\u00e1<\/strong><\/a>, o portal de not\u00edcias promover\u00e1 uma s\u00e9rie de lives, <strong>do dia 16 a 20 de agosto<\/strong>. Debatendo a pr\u00e1tica jornal\u00edstica, os encontros ser\u00e3o transmitidos, ao vivo, por meio do&nbsp;<a href=\"https:\/\/www.youtube.com\/channel\/UCggznTo_ZOCKvdGPUnnyJKw\"><strong>canal do LeiaJ\u00e1 no YouTube<\/strong><\/a>,&nbsp;e contar\u00e3o com jornalistas do ve\u00edculo e convidados. A programa\u00e7\u00e3o \u00e9 totalmente gratuita. <\/p>\n\n\n\n<div class=\"wp-block-image\"><figure class=\"aligncenter size-large\"><img loading=\"lazy\" decoding=\"async\" width=\"1024\" height=\"1280\" src=\"https:\/\/dedemesquita.com.br\/wp-content\/uploads\/2021\/08\/WhatsApp-Image-2021-08-13-at-15.26.21.jpeg\" alt=\"\" class=\"wp-image-1845\" srcset=\"https:\/\/dedemesquita.com.br\/wp-content\/uploads\/2021\/08\/WhatsApp-Image-2021-08-13-at-15.26.21.jpeg 1024w, https:\/\/dedemesquita.com.br\/wp-content\/uploads\/2021\/08\/WhatsApp-Image-2021-08-13-at-15.26.21-768x960.jpeg 768w\" sizes=\"(max-width: 1024px) 100vw, 1024px\" \/><figcaption>Confira a programa\u00e7\u00e3o que inteiramente gratuita <\/figcaption><\/figure><\/div>\n\n\n\n<p>O portal \u00e9 o canal de informa\u00e7\u00f5es e comunica\u00e7\u00e3o do grupo empresarial Ser Educacional, de Pernambuco (PE), ao qual a Universidade da Amaz\u00f4nia (Unama), em Bel\u00e9m e no Par\u00e1, \u00e9 ligada. O grupo educacional tem alcance nacional, com unidades em outros estados como S\u00e3o Paulo (SP). <\/p>\n\n\n\n<p>O editor-chefe do&nbsp;LeiaJ\u00e1, Eduardo Cavalcanti, salienta que a iniciativa, batizada de&nbsp;<strong>&#8220;Meeting de Jornalismo LeiaJ\u00e1 10 anos&#8221;<\/strong>, \u00e9 uma maneira de apresentar essa primeira d\u00e9cada do portal ao p\u00fablico e as a\u00e7\u00f5es que est\u00e3o por vir. Ele acrescenta: \u201cO YouTube \u00e9 o segundo maior canal de buscas, por isso, realizar essas lives na plataforma \u00e9 condizente com o momento. As lives est\u00e3o caindo no gosto popular, al\u00e9m disso, por sua din\u00e2mica, permitem o di\u00e1logo\u201d.<\/p>\n\n\n\n<p>Ainda de acordo com Cavalcanti, as tem\u00e1ticas escolhidas para as lives representam como o jornalismo est\u00e1 se comportando neste momento com a presen\u00e7a, de forma mais contundente, das quest\u00f5es sociais e de direitos humanos. Entre as tem\u00e1ticas, que ser\u00e3o debatidas durante o evento, est\u00e3o direitos humanos, <em>fake news<\/em>, jornalismo de dados, entre outros temas ligados \u00e0 profiss\u00e3o. <\/p>\n\n\n\n<p><strong>Confira a programa\u00e7\u00e3o completa:<\/strong><\/p>\n\n\n\n<p><strong>Dia 16, \u00e0s 19h &#8211; Jornalismo e Direitos Humanos<\/strong><\/p>\n\n\n\n<p><strong>Mariama Correia<\/strong>, editora da Ag\u00eancia P\u00fablica. Foi rep\u00f3rter do Marco Zero Conte\u00fado, Folha de Pernambuco e j\u00e1 assinou mat\u00e9rias no The Intercept Brasil e em revistas da Editora Abril. Participa do Atlas da Not\u00edcia, um mapeamento do jornalismo no Brasil, como pesquisadora do Nordeste.<\/p>\n\n\n\n<p><strong>Joana Suarez,<\/strong> rep\u00f3rter investigativa freelancer, focada em direitos humanos. Professional Fellow do ICFJ 2021. Tem projetos independentes de podcasts, newsletters e, em 2020, fundou a Reda\u00e7\u00e3o Virtual, que re\u00fane mais de 200 jornalistas de todas as partes do Pa\u00eds.<\/p>\n\n\n\n<p><strong>Mar\u00edlia Parente<\/strong>, rep\u00f3rter especial do&nbsp;<strong>LeiaJ\u00e1<\/strong>. Ganhadora dos pr\u00eamios Conif, MPT de Jornalismo e do 1\u00ba Pr\u00eamio de Jornalismo Cultural, do Sinjope.<\/p>\n\n\n\n<p>Media\u00e7\u00e3o: <strong>Nathan Santos<\/strong>, editor do&nbsp;<strong>LeiaJ\u00e1<\/strong>&nbsp;e p\u00f3s-graduado em Comunica\u00e7\u00e3o e Marketing Digital. <\/p>\n\n\n\n<p><\/p>\n\n\n\n<p><strong>Dia 17, \u00e0s 19h30 &#8211; Jornalismo de dados e monitoramento ambiental<\/strong><\/p>\n\n\n\n<p><strong>Ta\u00eds Seibt<\/strong> Rep\u00f3rter \u00e9 gerente de projetos da ag\u00eancia &#8216;Fiquem Sabendo&#8217;. Lidera a iniciativa Afonte Jornalismo de Dados. Passou pelo jornal Zero Hora e j\u00e1 assinou trabalhos em O Estado de S. Paulo, O Globo, BBC Brasil, The Intercept e Ag\u00eancia P\u00fablica. <\/p>\n\n\n\n<p><strong>J\u00e9ssica Botelho<\/strong> \u00e9 pesquisadora da ag\u00eancia Fiquem Sabendo e do Atlas da Not\u00edcia. Tamb\u00e9m \u00e9 doutoranda na Universidade Federal do Rio de Janeiro &#8211; com projeto de tese sobre desinforma\u00e7\u00e3o e desmatamento no Par\u00e1 -. Mestre em Ci\u00eancias da Comunica\u00e7\u00e3o e graduada em jornalismo pela Universidade Federal do Amazonas.<\/p>\n\n\n\n<p>Media\u00e7\u00e3o: <strong>Antonio Carlos Pimentel Jr.<\/strong>, jornalista, mestre em Letras, professor da Universidade da Amaz\u00f4nia (Unama) e editor do LeiaJ\u00e1 Par\u00e1.<\/p>\n\n\n\n<div class=\"wp-block-image\"><figure class=\"aligncenter size-large\"><img loading=\"lazy\" decoding=\"async\" width=\"742\" height=\"555\" src=\"https:\/\/dedemesquita.com.br\/wp-content\/uploads\/2021\/08\/tonga.jpg\" alt=\"\" class=\"wp-image-1846\"\/><figcaption>O jornalista e professor Ant\u00f4nio Carlos Pimentel Jr., o Tonga, \u00e9 o mediador do debate na ter\u00e7a-feira, 17<\/figcaption><\/figure><\/div>\n\n\n\n<p><\/p>\n\n\n\n<p><strong>Dia 18, \u00e0s 19h &#8211; Cobertura jornal\u00edstica na Amaz\u00f4nia: <em>fake news<\/em> e <em>fact checking<\/em><\/strong><\/p>\n\n\n\n<p><strong>Guilherme Guerreiro Neto<\/strong> \u00e9 mestre em Jornalismo pela UFSC, doutorando em Ci\u00eancias: Desenvolvimento Socioambiental pela UFPA. Rep\u00f3rter do site InfoAmazonia nos projetos Amaz\u00f4nia Sufocada e Engolindo Fuma\u00e7a. <\/p>\n\n\n\n<p><strong>Catarina Barbosa<\/strong> \u00e9 rep\u00f3rter investigativa <em>freelancer<\/em> do projeto #Colabora, do site Rep\u00f3rter Brasil, e correspondente do Brasil de Fato no Par\u00e1. Tem passagens pelo G1 Par\u00e1 e pela ag\u00eancia Amaz\u00f4nia Real. <\/p>\n\n\n\n<p>Media\u00e7\u00e3o: <strong>Thiago Barros<\/strong>, jornalista, doutor em Comunica\u00e7\u00e3o, professor da Universidade da Amaz\u00f4nia (Unama).<\/p>\n\n\n\n<div class=\"wp-block-image\"><figure class=\"aligncenter size-large\"><img loading=\"lazy\" decoding=\"async\" width=\"829\" height=\"773\" src=\"https:\/\/dedemesquita.com.br\/wp-content\/uploads\/2021\/08\/thiag.jpg\" alt=\"\" class=\"wp-image-1849\" srcset=\"https:\/\/dedemesquita.com.br\/wp-content\/uploads\/2021\/08\/thiag.jpg 829w, https:\/\/dedemesquita.com.br\/wp-content\/uploads\/2021\/08\/thiag-768x716.jpg 768w\" sizes=\"(max-width: 829px) 100vw, 829px\" \/><figcaption>Thiago Barros media o painel de quarta-feira, 18 <\/figcaption><\/figure><\/div>\n\n\n\n<div class=\"wp-block-image\"><figure class=\"aligncenter size-large\"><img loading=\"lazy\" decoding=\"async\" width=\"651\" height=\"548\" src=\"https:\/\/dedemesquita.com.br\/wp-content\/uploads\/2021\/08\/cata.jpg\" alt=\"\" class=\"wp-image-1847\"\/><figcaption>Catarina Barbosa \u00e9 uma das debatedoras na quarta-feira, 18<\/figcaption><\/figure><\/div>\n\n\n\n<div class=\"wp-block-image\"><figure class=\"aligncenter size-large\"><img loading=\"lazy\" decoding=\"async\" width=\"1000\" height=\"715\" src=\"https:\/\/dedemesquita.com.br\/wp-content\/uploads\/2021\/08\/gui.jpg\" alt=\"\" class=\"wp-image-1848\" srcset=\"https:\/\/dedemesquita.com.br\/wp-content\/uploads\/2021\/08\/gui.jpg 1000w, https:\/\/dedemesquita.com.br\/wp-content\/uploads\/2021\/08\/gui-768x549.jpg 768w\" sizes=\"(max-width: 1000px) 100vw, 1000px\" \/><figcaption>Guilherme Guerreiro Neto est\u00e1 no painel de quarta-feira, 18 <\/figcaption><\/figure><\/div>\n\n\n\n<p><strong>Dia 19, \u00e0s 19h &#8211; Jornalismo Engajador<\/strong><\/p>\n\n\n\n<p><strong>Nataly Sim\u00f5es<\/strong> \u00e9 editora da ag\u00eancia Alma Preta, especializada na tem\u00e1tica racial. Iniciou a carreira no&nbsp;<strong>LeiaJ\u00e1<\/strong>&nbsp;e j\u00e1 assinou reportagens tamb\u00e9m para ve\u00edculos como Folha de S. Paulo, UOL e Yahoo Not\u00edcias.<\/p>\n\n\n\n<p><strong>Thiago Augustto<\/strong> \u00e9 produtor e rep\u00f3rter da TV Globo, editor colaborador do site Not\u00edcia Preta e idealizador do projeto Futuro Black. <\/p>\n\n\n\n<p>Media\u00e7\u00e3o: <strong>Giselly Santos<\/strong>, subeditora do&nbsp;<strong>LeiaJ\u00e1<\/strong>&nbsp;com passagem pela R\u00e1dio Folha de Pernambuco.<\/p>\n\n\n\n<p><\/p>\n\n\n\n<p><strong>Dia 20, \u00e0s 19h Intelig\u00eancia Artificial, Big Data e Jornalismo<\/strong><\/p>\n\n\n\n<p><strong>S\u00e9rgio Denicoli<\/strong> \u00e9 p\u00f3s-doutor em comunica\u00e7\u00e3o e CEO da Ag\u00eancia Exata, empresa que trabalha com dados e intelig\u00eancia artificial. Foi professor da Universidade do Minho e Universidade Lus\u00f3fona, em Portugal, e da Universidade Federal Fluminense (UFF).<\/p>\n\n\n\n<p><strong>Marina Meireles<\/strong> \u00e9 jornalista com passagens pelo Di\u00e1rio de Pernambuco, G1 e, atualmente, atua na empresa de tecnologia Bitso. Foi vencedora do Data Journalism Awards em 2018 com o projeto Monitor da Viol\u00eancia, do G1.<\/p>\n\n\n\n<p>Media\u00e7\u00e3o: <strong>Fl\u00e1via Delgado<\/strong>, editora do&nbsp;<strong>LeiaJ\u00e1<\/strong>&nbsp;S\u00e3o Paulo, professora e doutora em Ci\u00eancias da Comunica\u00e7\u00e3o.<\/p>\n\n\n\n<p><\/p>\n\n\n\n<p><strong>Retrospectiva &#8211; <\/strong>O&nbsp;<strong>LeiaJ\u00e1<\/strong>&nbsp;completa dez anos de hist\u00f3ria no dia 15 deste m\u00eas. Em sua trajet\u00f3ria, o portal realizou grandes coberturas jornal\u00edsticas e coleciona mais de dez premia\u00e7\u00f5es no segmento, a exemplo do Grande Pr\u00eamio MPT de Jornalismo, com o&nbsp;especial &#8220;Trabalhador &#8211; Heran\u00e7a escravista, pobreza e irregularidades&#8221;; NHR, com a reportagem &#8220;Cidade do medo e da resist\u00eancia&#8221; e&nbsp;1\u00ba Pr\u00eamio de Jornalismo Cultural, com a&nbsp;&#8220;A poesia e a consci\u00eancia negra de Solano Trindade&#8221;.<\/p>\n\n\n\n<p><strong><em>Com informa\u00e7\u00f5es do portal LeiaJ\u00e1<\/em><\/strong><\/p>\n","protected":false},"excerpt":{"rendered":"<p>Em&nbsp;comemora\u00e7\u00e3o aos 10 anos do&nbsp;LeiaJ\u00e1, o portal de not\u00edcias promover\u00e1 uma s\u00e9rie de lives, do dia 16 a 20 de agosto. Debatendo a pr\u00e1tica jornal\u00edstica, os encontros ser\u00e3o transmitidos, ao vivo, por meio do&nbsp;canal do LeiaJ\u00e1 no YouTube,&nbsp;e contar\u00e3o com jornalistas do ve\u00edculo e convidados. A programa\u00e7\u00e3o \u00e9 totalmente gratuita. O portal \u00e9 o canal [&hellip;]<\/p>\n","protected":false},"author":2,"featured_media":1850,"comment_status":"open","ping_status":"open","sticky":false,"template":"","format":"standard","meta":{"footnotes":""},"categories":[51,14],"tags":[119,120,195],"class_list":["post-1844","post","type-post","status-publish","format-standard","has-post-thumbnail","hentry","category-destaque","category-imprensa","tag-jornalismo","tag-jornalistas-paraenses-em-acao","tag-portal-leiaja"],"yoast_head":"<!-- This site is optimized with the Yoast SEO plugin v19.10 - https:\/\/yoast.com\/wordpress\/plugins\/seo\/ -->\n<title>Jornalistas paraenses est\u00e3o em lives que celebram os 10 anos do portal LeiaJ\u00e1 - Ded\u00e9 Mesquita<\/title>\n<meta name=\"robots\" content=\"index, follow, max-snippet:-1, max-image-preview:large, max-video-preview:-1\" \/>\n<link rel=\"canonical\" href=\"https:\/\/dedemesquita.com.br\/?p=1844\" \/>\n<meta property=\"og:locale\" content=\"pt_BR\" \/>\n<meta property=\"og:type\" content=\"article\" \/>\n<meta property=\"og:title\" content=\"Jornalistas paraenses est\u00e3o em lives que celebram os 10 anos do portal LeiaJ\u00e1 - Ded\u00e9 Mesquita\" \/>\n<meta property=\"og:description\" content=\"Em&nbsp;comemora\u00e7\u00e3o aos 10 anos do&nbsp;LeiaJ\u00e1, o portal de not\u00edcias promover\u00e1 uma s\u00e9rie de lives, do dia 16 a 20 de agosto. Debatendo a pr\u00e1tica jornal\u00edstica, os encontros ser\u00e3o transmitidos, ao vivo, por meio do&nbsp;canal do LeiaJ\u00e1 no YouTube,&nbsp;e contar\u00e3o com jornalistas do ve\u00edculo e convidados. A programa\u00e7\u00e3o \u00e9 totalmente gratuita. O portal \u00e9 o canal [&hellip;]\" \/>\n<meta property=\"og:url\" content=\"https:\/\/dedemesquita.com.br\/?p=1844\" \/>\n<meta property=\"og:site_name\" content=\"Ded\u00e9 Mesquita\" \/>\n<meta property=\"article:publisher\" content=\"https:\/\/www.facebook.com\/dede.mesquita\" \/>\n<meta property=\"article:published_time\" content=\"2021-08-13T22:55:51+00:00\" \/>\n<meta property=\"article:modified_time\" content=\"2021-08-13T22:59:29+00:00\" \/>\n<meta property=\"og:image\" content=\"https:\/\/dedemesquita.com.br\/wp-content\/uploads\/2021\/08\/tonga2.jpg\" \/>\n\t<meta property=\"og:image:width\" content=\"741\" \/>\n\t<meta property=\"og:image:height\" content=\"553\" \/>\n\t<meta property=\"og:image:type\" content=\"image\/jpeg\" \/>\n<meta name=\"author\" content=\"Ded\u00e9 Mesquita\" \/>\n<meta name=\"twitter:card\" content=\"summary_large_image\" \/>\n<meta name=\"twitter:creator\" content=\"@dedemesquita\" \/>\n<meta name=\"twitter:site\" content=\"@dedemesquita\" \/>\n<meta name=\"twitter:label1\" content=\"Escrito por\" \/>\n\t<meta name=\"twitter:data1\" content=\"Ded\u00e9 Mesquita\" \/>\n\t<meta name=\"twitter:label2\" content=\"Est. tempo de leitura\" \/>\n\t<meta name=\"twitter:data2\" content=\"5 minutos\" \/>\n<script type=\"application\/ld+json\" class=\"yoast-schema-graph\">{\"@context\":\"https:\/\/schema.org\",\"@graph\":[{\"@type\":\"WebPage\",\"@id\":\"https:\/\/dedemesquita.com.br\/?p=1844\",\"url\":\"https:\/\/dedemesquita.com.br\/?p=1844\",\"name\":\"Jornalistas paraenses est\u00e3o em lives que celebram os 10 anos do portal LeiaJ\u00e1 - Ded\u00e9 Mesquita\",\"isPartOf\":{\"@id\":\"https:\/\/dedemesquita.com.br\/#website\"},\"datePublished\":\"2021-08-13T22:55:51+00:00\",\"dateModified\":\"2021-08-13T22:59:29+00:00\",\"author\":{\"@id\":\"https:\/\/dedemesquita.com.br\/#\/schema\/person\/36571f81dd2d76dc3ab37231542c9e24\"},\"breadcrumb\":{\"@id\":\"https:\/\/dedemesquita.com.br\/?p=1844#breadcrumb\"},\"inLanguage\":\"pt-BR\",\"potentialAction\":[{\"@type\":\"ReadAction\",\"target\":[\"https:\/\/dedemesquita.com.br\/?p=1844\"]}]},{\"@type\":\"BreadcrumbList\",\"@id\":\"https:\/\/dedemesquita.com.br\/?p=1844#breadcrumb\",\"itemListElement\":[{\"@type\":\"ListItem\",\"position\":1,\"name\":\"In\u00edcio\",\"item\":\"https:\/\/dedemesquita.com.br\/\"},{\"@type\":\"ListItem\",\"position\":2,\"name\":\"Jornalistas paraenses est\u00e3o em lives que celebram os 10 anos do portal LeiaJ\u00e1\"}]},{\"@type\":\"WebSite\",\"@id\":\"https:\/\/dedemesquita.com.br\/#website\",\"url\":\"https:\/\/dedemesquita.com.br\/\",\"name\":\"Ded\u00e9 Mesquita\",\"description\":\"Um site que mostra os bastidores da imprensa no estado do Par\u00e1 e em Bel\u00e9m\",\"potentialAction\":[{\"@type\":\"SearchAction\",\"target\":{\"@type\":\"EntryPoint\",\"urlTemplate\":\"https:\/\/dedemesquita.com.br\/?s={search_term_string}\"},\"query-input\":\"required name=search_term_string\"}],\"inLanguage\":\"pt-BR\"},{\"@type\":\"Person\",\"@id\":\"https:\/\/dedemesquita.com.br\/#\/schema\/person\/36571f81dd2d76dc3ab37231542c9e24\",\"name\":\"Ded\u00e9 Mesquita\",\"image\":{\"@type\":\"ImageObject\",\"inLanguage\":\"pt-BR\",\"@id\":\"https:\/\/dedemesquita.com.br\/#\/schema\/person\/image\/\",\"url\":\"https:\/\/dedemesquita.com.br\/wp-content\/uploads\/2021\/02\/foto_perfil-150x150.jpg\",\"contentUrl\":\"https:\/\/dedemesquita.com.br\/wp-content\/uploads\/2021\/02\/foto_perfil-150x150.jpg\",\"caption\":\"Ded\u00e9 Mesquita\"},\"sameAs\":[\"https:\/\/dedemesquita.com.br\"]}]}<\/script>\n<!-- \/ Yoast SEO plugin. -->","yoast_head_json":{"title":"Jornalistas paraenses est\u00e3o em lives que celebram os 10 anos do portal LeiaJ\u00e1 - Ded\u00e9 Mesquita","robots":{"index":"index","follow":"follow","max-snippet":"max-snippet:-1","max-image-preview":"max-image-preview:large","max-video-preview":"max-video-preview:-1"},"canonical":"https:\/\/dedemesquita.com.br\/?p=1844","og_locale":"pt_BR","og_type":"article","og_title":"Jornalistas paraenses est\u00e3o em lives que celebram os 10 anos do portal LeiaJ\u00e1 - Ded\u00e9 Mesquita","og_description":"Em&nbsp;comemora\u00e7\u00e3o aos 10 anos do&nbsp;LeiaJ\u00e1, o portal de not\u00edcias promover\u00e1 uma s\u00e9rie de lives, do dia 16 a 20 de agosto. Debatendo a pr\u00e1tica jornal\u00edstica, os encontros ser\u00e3o transmitidos, ao vivo, por meio do&nbsp;canal do LeiaJ\u00e1 no YouTube,&nbsp;e contar\u00e3o com jornalistas do ve\u00edculo e convidados. A programa\u00e7\u00e3o \u00e9 totalmente gratuita. O portal \u00e9 o canal [&hellip;]","og_url":"https:\/\/dedemesquita.com.br\/?p=1844","og_site_name":"Ded\u00e9 Mesquita","article_publisher":"https:\/\/www.facebook.com\/dede.mesquita","article_published_time":"2021-08-13T22:55:51+00:00","article_modified_time":"2021-08-13T22:59:29+00:00","og_image":[{"width":741,"height":553,"url":"https:\/\/dedemesquita.com.br\/wp-content\/uploads\/2021\/08\/tonga2.jpg","type":"image\/jpeg"}],"author":"Ded\u00e9 Mesquita","twitter_card":"summary_large_image","twitter_creator":"@dedemesquita","twitter_site":"@dedemesquita","twitter_misc":{"Escrito por":"Ded\u00e9 Mesquita","Est. tempo de leitura":"5 minutos"},"schema":{"@context":"https:\/\/schema.org","@graph":[{"@type":"WebPage","@id":"https:\/\/dedemesquita.com.br\/?p=1844","url":"https:\/\/dedemesquita.com.br\/?p=1844","name":"Jornalistas paraenses est\u00e3o em lives que celebram os 10 anos do portal LeiaJ\u00e1 - Ded\u00e9 Mesquita","isPartOf":{"@id":"https:\/\/dedemesquita.com.br\/#website"},"datePublished":"2021-08-13T22:55:51+00:00","dateModified":"2021-08-13T22:59:29+00:00","author":{"@id":"https:\/\/dedemesquita.com.br\/#\/schema\/person\/36571f81dd2d76dc3ab37231542c9e24"},"breadcrumb":{"@id":"https:\/\/dedemesquita.com.br\/?p=1844#breadcrumb"},"inLanguage":"pt-BR","potentialAction":[{"@type":"ReadAction","target":["https:\/\/dedemesquita.com.br\/?p=1844"]}]},{"@type":"BreadcrumbList","@id":"https:\/\/dedemesquita.com.br\/?p=1844#breadcrumb","itemListElement":[{"@type":"ListItem","position":1,"name":"In\u00edcio","item":"https:\/\/dedemesquita.com.br\/"},{"@type":"ListItem","position":2,"name":"Jornalistas paraenses est\u00e3o em lives que celebram os 10 anos do portal LeiaJ\u00e1"}]},{"@type":"WebSite","@id":"https:\/\/dedemesquita.com.br\/#website","url":"https:\/\/dedemesquita.com.br\/","name":"Ded\u00e9 Mesquita","description":"Um site que mostra os bastidores da imprensa no estado do Par\u00e1 e em Bel\u00e9m","potentialAction":[{"@type":"SearchAction","target":{"@type":"EntryPoint","urlTemplate":"https:\/\/dedemesquita.com.br\/?s={search_term_string}"},"query-input":"required name=search_term_string"}],"inLanguage":"pt-BR"},{"@type":"Person","@id":"https:\/\/dedemesquita.com.br\/#\/schema\/person\/36571f81dd2d76dc3ab37231542c9e24","name":"Ded\u00e9 Mesquita","image":{"@type":"ImageObject","inLanguage":"pt-BR","@id":"https:\/\/dedemesquita.com.br\/#\/schema\/person\/image\/","url":"https:\/\/dedemesquita.com.br\/wp-content\/uploads\/2021\/02\/foto_perfil-150x150.jpg","contentUrl":"https:\/\/dedemesquita.com.br\/wp-content\/uploads\/2021\/02\/foto_perfil-150x150.jpg","caption":"Ded\u00e9 Mesquita"},"sameAs":["https:\/\/dedemesquita.com.br"]}]}},"_links":{"self":[{"href":"https:\/\/dedemesquita.com.br\/index.php?rest_route=\/wp\/v2\/posts\/1844"}],"collection":[{"href":"https:\/\/dedemesquita.com.br\/index.php?rest_route=\/wp\/v2\/posts"}],"about":[{"href":"https:\/\/dedemesquita.com.br\/index.php?rest_route=\/wp\/v2\/types\/post"}],"author":[{"embeddable":true,"href":"https:\/\/dedemesquita.com.br\/index.php?rest_route=\/wp\/v2\/users\/2"}],"replies":[{"embeddable":true,"href":"https:\/\/dedemesquita.com.br\/index.php?rest_route=%2Fwp%2Fv2%2Fcomments&post=1844"}],"version-history":[{"count":2,"href":"https:\/\/dedemesquita.com.br\/index.php?rest_route=\/wp\/v2\/posts\/1844\/revisions"}],"predecessor-version":[{"id":1852,"href":"https:\/\/dedemesquita.com.br\/index.php?rest_route=\/wp\/v2\/posts\/1844\/revisions\/1852"}],"wp:featuredmedia":[{"embeddable":true,"href":"https:\/\/dedemesquita.com.br\/index.php?rest_route=\/wp\/v2\/media\/1850"}],"wp:attachment":[{"href":"https:\/\/dedemesquita.com.br\/index.php?rest_route=%2Fwp%2Fv2%2Fmedia&parent=1844"}],"wp:term":[{"taxonomy":"category","embeddable":true,"href":"https:\/\/dedemesquita.com.br\/index.php?rest_route=%2Fwp%2Fv2%2Fcategories&post=1844"},{"taxonomy":"post_tag","embeddable":true,"href":"https:\/\/dedemesquita.com.br\/index.php?rest_route=%2Fwp%2Fv2%2Ftags&post=1844"}],"curies":[{"name":"wp","href":"https:\/\/api.w.org\/{rel}","templated":true}]}}