{"id":1839,"date":"2021-08-12T10:42:47","date_gmt":"2021-08-12T13:42:47","guid":{"rendered":"https:\/\/dedemesquita.com.br\/?p=1839"},"modified":"2021-08-12T10:42:48","modified_gmt":"2021-08-12T13:42:48","slug":"votacao-dos-jornalistas-destaques-na-cobertura-da-pandemia-se-encerra-nesta-quinta-feira","status":"publish","type":"post","link":"https:\/\/dedemesquita.com.br\/?p=1839","title":{"rendered":"Vota\u00e7\u00e3o dos jornalistas destaques na cobertura da pandemia se encerra nesta quinta-feira"},"content":{"rendered":"\n<p>A vota\u00e7\u00e3o no Pr\u00eamio Einstein +Admirados da Imprensa de Sa\u00fade e Bem-Estar se encerra nesta quinta-feira, 12 de agosto. Os jornalistas\u00a0<strong>Cl\u00e9o Soares<\/strong>\u00a0(jornal O Liberal);\u00a0<strong>Carlos Brito<\/strong>\u00a0e\u00a0<strong>Jal\u00edlia Messia<\/strong>s (TV Liberal), o fot\u00f3grafo<strong>\u00a0Tarso Sarraf (<\/strong>grupo O Liberal) e\u00a0<strong>Den\u00edlson D\u00b4Almeida<\/strong>\u00a0(jornal Di\u00e1rio do Par\u00e1) est\u00e3o entre os finalistas da regi\u00e3o Norte no\u00a0pr\u00eamio. A vota\u00e7\u00e3o come\u00e7ou na quinta-feira, 29 de julho, e se encerra nesta quinta-feira.<\/p>\n\n\n\n<p>Os jornais <strong>O Liberal <\/strong>e <strong>Di\u00e1rio do Par\u00e1<\/strong> divulgaram em suas colunas, Rep\u00f3rter 70 e Rep\u00f3rter Di\u00e1rio, respectivamente, os seus profissionais indicados.<\/p>\n\n\n\n<p>Veja aqui: <\/p>\n\n\n\n<div class=\"wp-block-image\"><figure class=\"aligncenter size-large\"><img loading=\"lazy\" decoding=\"async\" width=\"497\" height=\"1003\" src=\"https:\/\/dedemesquita.com.br\/wp-content\/uploads\/2021\/08\/WhatsApp-Image-2021-08-01-at-18.45.08.jpeg\" alt=\"\" class=\"wp-image-1840\"\/><figcaption>Nota na coluna Rep\u00f3rter 70, do jornal O Liberal<\/figcaption><\/figure><\/div>\n\n\n\n<div class=\"wp-block-image\"><figure class=\"aligncenter size-large\"><img loading=\"lazy\" decoding=\"async\" width=\"720\" height=\"616\" src=\"https:\/\/dedemesquita.com.br\/wp-content\/uploads\/2021\/08\/WhatsApp-Image-2021-08-01-at-18.46.50.jpeg\" alt=\"\" class=\"wp-image-1841\"\/><figcaption>Nota da coluna Rep\u00f3rter Di\u00e1rio, do jornal Di\u00e1rio do Par\u00e1 <\/figcaption><\/figure><\/div>\n\n\n\n<p>A vota\u00e7\u00e3o \u00e9 aberta e para participar basta preencher um r\u00e1pido cadastro. O link \u00e9 este aqui:\u00a0<a href=\"http:\/\/pesquisa.portaldosjornalistas.com.br\/login\"><strong>http:\/\/pesquisa.portaldosjornalistas.com.br\/login<\/strong><\/a><\/p>\n\n\n\n<p>Assessores de imprensa e profissionais de comunica\u00e7\u00e3o corporativa poder\u00e3o escolher os profissionais que mais se destacam nas editorias de Sa\u00fade e Bem-Estar no Brasil e nas regi\u00f5es do Pa\u00eds. A elei\u00e7\u00e3o, realizada por <strong>Jornalistas&amp;Cia e Portal dos Jornalistas<\/strong>, \u00e9 uma iniciativa da <strong>Sociedade Beneficente Israelita Brasileira Albert Einstein<\/strong>.<\/p>\n\n\n\n<p>Foram classificados para o segundo turno 96 jornalistas, divididos nas categorias Nacional e Regional, dentre os quais<br>ser\u00e3o escolhidos os profissionais +Admirados das cinco regi\u00f5es do Pa\u00eds. J\u00e1 entre os ve\u00edculos, s\u00e3o 72 op\u00e7\u00f5es que concorrem em nove categorias distintas. <\/p>\n\n\n\n<p>O <strong>evento de premia\u00e7\u00e3o est\u00e1 marcado para 2 de setembro<\/strong>, quando ser\u00e3o conhecidos os ve\u00edculos e os jornalistas campe\u00f5es das cinco regi\u00f5es; e os TOP 5 Brasil, entre os jornalistas.<\/p>\n","protected":false},"excerpt":{"rendered":"<p>A vota\u00e7\u00e3o no Pr\u00eamio Einstein +Admirados da Imprensa de Sa\u00fade e Bem-Estar se encerra nesta quinta-feira, 12 de agosto. Os jornalistas\u00a0Cl\u00e9o Soares\u00a0(jornal O Liberal);\u00a0Carlos Brito\u00a0e\u00a0Jal\u00edlia Messias (TV Liberal), o fot\u00f3grafo\u00a0Tarso Sarraf (grupo O Liberal) e\u00a0Den\u00edlson D\u00b4Almeida\u00a0(jornal Di\u00e1rio do Par\u00e1) est\u00e3o entre os finalistas da regi\u00e3o Norte no\u00a0pr\u00eamio. A vota\u00e7\u00e3o come\u00e7ou na quinta-feira, 29 de julho, [&hellip;]<\/p>\n","protected":false},"author":2,"featured_media":1842,"comment_status":"open","ping_status":"open","sticky":false,"template":"","format":"standard","meta":{"footnotes":""},"categories":[51,14,29],"tags":[181,119,120,194,144,137],"class_list":["post-1839","post","type-post","status-publish","format-standard","has-post-thumbnail","hentry","category-destaque","category-imprensa","category-jornalismo","tag-diario-do-para","tag-jornalismo","tag-jornalistas-paraenses-em-acao","tag-jornalistascia","tag-o-liberal","tag-tv-liberal"],"yoast_head":"<!-- This site is optimized with the Yoast SEO plugin v19.10 - https:\/\/yoast.com\/wordpress\/plugins\/seo\/ -->\n<title>Vota\u00e7\u00e3o dos jornalistas destaques na cobertura da pandemia se encerra nesta quinta-feira - Ded\u00e9 Mesquita<\/title>\n<meta name=\"robots\" content=\"index, follow, max-snippet:-1, max-image-preview:large, max-video-preview:-1\" \/>\n<link rel=\"canonical\" href=\"https:\/\/dedemesquita.com.br\/?p=1839\" \/>\n<meta property=\"og:locale\" content=\"pt_BR\" \/>\n<meta property=\"og:type\" content=\"article\" \/>\n<meta property=\"og:title\" content=\"Vota\u00e7\u00e3o dos jornalistas destaques na cobertura da pandemia se encerra nesta quinta-feira - Ded\u00e9 Mesquita\" \/>\n<meta property=\"og:description\" content=\"A vota\u00e7\u00e3o no Pr\u00eamio Einstein +Admirados da Imprensa de Sa\u00fade e Bem-Estar se encerra nesta quinta-feira, 12 de agosto. Os jornalistas\u00a0Cl\u00e9o Soares\u00a0(jornal O Liberal);\u00a0Carlos Brito\u00a0e\u00a0Jal\u00edlia Messias (TV Liberal), o fot\u00f3grafo\u00a0Tarso Sarraf (grupo O Liberal) e\u00a0Den\u00edlson D\u00b4Almeida\u00a0(jornal Di\u00e1rio do Par\u00e1) est\u00e3o entre os finalistas da regi\u00e3o Norte no\u00a0pr\u00eamio. A vota\u00e7\u00e3o come\u00e7ou na quinta-feira, 29 de julho, [&hellip;]\" \/>\n<meta property=\"og:url\" content=\"https:\/\/dedemesquita.com.br\/?p=1839\" \/>\n<meta property=\"og:site_name\" content=\"Ded\u00e9 Mesquita\" \/>\n<meta property=\"article:publisher\" content=\"https:\/\/www.facebook.com\/dede.mesquita\" \/>\n<meta property=\"article:published_time\" content=\"2021-08-12T13:42:47+00:00\" \/>\n<meta property=\"article:modified_time\" content=\"2021-08-12T13:42:48+00:00\" \/>\n<meta property=\"og:image\" content=\"https:\/\/dedemesquita.com.br\/wp-content\/uploads\/2021\/08\/saude.png\" \/>\n\t<meta property=\"og:image:width\" content=\"745\" \/>\n\t<meta property=\"og:image:height\" content=\"382\" \/>\n\t<meta property=\"og:image:type\" content=\"image\/png\" \/>\n<meta name=\"author\" content=\"Ded\u00e9 Mesquita\" \/>\n<meta name=\"twitter:card\" content=\"summary_large_image\" \/>\n<meta name=\"twitter:creator\" content=\"@dedemesquita\" \/>\n<meta name=\"twitter:site\" content=\"@dedemesquita\" \/>\n<meta name=\"twitter:label1\" content=\"Escrito por\" \/>\n\t<meta name=\"twitter:data1\" content=\"Ded\u00e9 Mesquita\" \/>\n\t<meta name=\"twitter:label2\" content=\"Est. tempo de leitura\" \/>\n\t<meta name=\"twitter:data2\" content=\"2 minutos\" \/>\n<script type=\"application\/ld+json\" class=\"yoast-schema-graph\">{\"@context\":\"https:\/\/schema.org\",\"@graph\":[{\"@type\":\"WebPage\",\"@id\":\"https:\/\/dedemesquita.com.br\/?p=1839\",\"url\":\"https:\/\/dedemesquita.com.br\/?p=1839\",\"name\":\"Vota\u00e7\u00e3o dos jornalistas destaques na cobertura da pandemia se encerra nesta quinta-feira - Ded\u00e9 Mesquita\",\"isPartOf\":{\"@id\":\"https:\/\/dedemesquita.com.br\/#website\"},\"datePublished\":\"2021-08-12T13:42:47+00:00\",\"dateModified\":\"2021-08-12T13:42:48+00:00\",\"author\":{\"@id\":\"https:\/\/dedemesquita.com.br\/#\/schema\/person\/36571f81dd2d76dc3ab37231542c9e24\"},\"breadcrumb\":{\"@id\":\"https:\/\/dedemesquita.com.br\/?p=1839#breadcrumb\"},\"inLanguage\":\"pt-BR\",\"potentialAction\":[{\"@type\":\"ReadAction\",\"target\":[\"https:\/\/dedemesquita.com.br\/?p=1839\"]}]},{\"@type\":\"BreadcrumbList\",\"@id\":\"https:\/\/dedemesquita.com.br\/?p=1839#breadcrumb\",\"itemListElement\":[{\"@type\":\"ListItem\",\"position\":1,\"name\":\"In\u00edcio\",\"item\":\"https:\/\/dedemesquita.com.br\/\"},{\"@type\":\"ListItem\",\"position\":2,\"name\":\"Vota\u00e7\u00e3o dos jornalistas destaques na cobertura da pandemia se encerra nesta quinta-feira\"}]},{\"@type\":\"WebSite\",\"@id\":\"https:\/\/dedemesquita.com.br\/#website\",\"url\":\"https:\/\/dedemesquita.com.br\/\",\"name\":\"Ded\u00e9 Mesquita\",\"description\":\"Um site que mostra os bastidores da imprensa no estado do Par\u00e1 e em Bel\u00e9m\",\"potentialAction\":[{\"@type\":\"SearchAction\",\"target\":{\"@type\":\"EntryPoint\",\"urlTemplate\":\"https:\/\/dedemesquita.com.br\/?s={search_term_string}\"},\"query-input\":\"required name=search_term_string\"}],\"inLanguage\":\"pt-BR\"},{\"@type\":\"Person\",\"@id\":\"https:\/\/dedemesquita.com.br\/#\/schema\/person\/36571f81dd2d76dc3ab37231542c9e24\",\"name\":\"Ded\u00e9 Mesquita\",\"image\":{\"@type\":\"ImageObject\",\"inLanguage\":\"pt-BR\",\"@id\":\"https:\/\/dedemesquita.com.br\/#\/schema\/person\/image\/\",\"url\":\"https:\/\/dedemesquita.com.br\/wp-content\/uploads\/2021\/02\/foto_perfil-150x150.jpg\",\"contentUrl\":\"https:\/\/dedemesquita.com.br\/wp-content\/uploads\/2021\/02\/foto_perfil-150x150.jpg\",\"caption\":\"Ded\u00e9 Mesquita\"},\"sameAs\":[\"https:\/\/dedemesquita.com.br\"]}]}<\/script>\n<!-- \/ Yoast SEO plugin. -->","yoast_head_json":{"title":"Vota\u00e7\u00e3o dos jornalistas destaques na cobertura da pandemia se encerra nesta quinta-feira - Ded\u00e9 Mesquita","robots":{"index":"index","follow":"follow","max-snippet":"max-snippet:-1","max-image-preview":"max-image-preview:large","max-video-preview":"max-video-preview:-1"},"canonical":"https:\/\/dedemesquita.com.br\/?p=1839","og_locale":"pt_BR","og_type":"article","og_title":"Vota\u00e7\u00e3o dos jornalistas destaques na cobertura da pandemia se encerra nesta quinta-feira - Ded\u00e9 Mesquita","og_description":"A vota\u00e7\u00e3o no Pr\u00eamio Einstein +Admirados da Imprensa de Sa\u00fade e Bem-Estar se encerra nesta quinta-feira, 12 de agosto. Os jornalistas\u00a0Cl\u00e9o Soares\u00a0(jornal O Liberal);\u00a0Carlos Brito\u00a0e\u00a0Jal\u00edlia Messias (TV Liberal), o fot\u00f3grafo\u00a0Tarso Sarraf (grupo O Liberal) e\u00a0Den\u00edlson D\u00b4Almeida\u00a0(jornal Di\u00e1rio do Par\u00e1) est\u00e3o entre os finalistas da regi\u00e3o Norte no\u00a0pr\u00eamio. A vota\u00e7\u00e3o come\u00e7ou na quinta-feira, 29 de julho, [&hellip;]","og_url":"https:\/\/dedemesquita.com.br\/?p=1839","og_site_name":"Ded\u00e9 Mesquita","article_publisher":"https:\/\/www.facebook.com\/dede.mesquita","article_published_time":"2021-08-12T13:42:47+00:00","article_modified_time":"2021-08-12T13:42:48+00:00","og_image":[{"width":745,"height":382,"url":"https:\/\/dedemesquita.com.br\/wp-content\/uploads\/2021\/08\/saude.png","type":"image\/png"}],"author":"Ded\u00e9 Mesquita","twitter_card":"summary_large_image","twitter_creator":"@dedemesquita","twitter_site":"@dedemesquita","twitter_misc":{"Escrito por":"Ded\u00e9 Mesquita","Est. tempo de leitura":"2 minutos"},"schema":{"@context":"https:\/\/schema.org","@graph":[{"@type":"WebPage","@id":"https:\/\/dedemesquita.com.br\/?p=1839","url":"https:\/\/dedemesquita.com.br\/?p=1839","name":"Vota\u00e7\u00e3o dos jornalistas destaques na cobertura da pandemia se encerra nesta quinta-feira - Ded\u00e9 Mesquita","isPartOf":{"@id":"https:\/\/dedemesquita.com.br\/#website"},"datePublished":"2021-08-12T13:42:47+00:00","dateModified":"2021-08-12T13:42:48+00:00","author":{"@id":"https:\/\/dedemesquita.com.br\/#\/schema\/person\/36571f81dd2d76dc3ab37231542c9e24"},"breadcrumb":{"@id":"https:\/\/dedemesquita.com.br\/?p=1839#breadcrumb"},"inLanguage":"pt-BR","potentialAction":[{"@type":"ReadAction","target":["https:\/\/dedemesquita.com.br\/?p=1839"]}]},{"@type":"BreadcrumbList","@id":"https:\/\/dedemesquita.com.br\/?p=1839#breadcrumb","itemListElement":[{"@type":"ListItem","position":1,"name":"In\u00edcio","item":"https:\/\/dedemesquita.com.br\/"},{"@type":"ListItem","position":2,"name":"Vota\u00e7\u00e3o dos jornalistas destaques na cobertura da pandemia se encerra nesta quinta-feira"}]},{"@type":"WebSite","@id":"https:\/\/dedemesquita.com.br\/#website","url":"https:\/\/dedemesquita.com.br\/","name":"Ded\u00e9 Mesquita","description":"Um site que mostra os bastidores da imprensa no estado do Par\u00e1 e em Bel\u00e9m","potentialAction":[{"@type":"SearchAction","target":{"@type":"EntryPoint","urlTemplate":"https:\/\/dedemesquita.com.br\/?s={search_term_string}"},"query-input":"required name=search_term_string"}],"inLanguage":"pt-BR"},{"@type":"Person","@id":"https:\/\/dedemesquita.com.br\/#\/schema\/person\/36571f81dd2d76dc3ab37231542c9e24","name":"Ded\u00e9 Mesquita","image":{"@type":"ImageObject","inLanguage":"pt-BR","@id":"https:\/\/dedemesquita.com.br\/#\/schema\/person\/image\/","url":"https:\/\/dedemesquita.com.br\/wp-content\/uploads\/2021\/02\/foto_perfil-150x150.jpg","contentUrl":"https:\/\/dedemesquita.com.br\/wp-content\/uploads\/2021\/02\/foto_perfil-150x150.jpg","caption":"Ded\u00e9 Mesquita"},"sameAs":["https:\/\/dedemesquita.com.br"]}]}},"_links":{"self":[{"href":"https:\/\/dedemesquita.com.br\/index.php?rest_route=\/wp\/v2\/posts\/1839"}],"collection":[{"href":"https:\/\/dedemesquita.com.br\/index.php?rest_route=\/wp\/v2\/posts"}],"about":[{"href":"https:\/\/dedemesquita.com.br\/index.php?rest_route=\/wp\/v2\/types\/post"}],"author":[{"embeddable":true,"href":"https:\/\/dedemesquita.com.br\/index.php?rest_route=\/wp\/v2\/users\/2"}],"replies":[{"embeddable":true,"href":"https:\/\/dedemesquita.com.br\/index.php?rest_route=%2Fwp%2Fv2%2Fcomments&post=1839"}],"version-history":[{"count":1,"href":"https:\/\/dedemesquita.com.br\/index.php?rest_route=\/wp\/v2\/posts\/1839\/revisions"}],"predecessor-version":[{"id":1843,"href":"https:\/\/dedemesquita.com.br\/index.php?rest_route=\/wp\/v2\/posts\/1839\/revisions\/1843"}],"wp:featuredmedia":[{"embeddable":true,"href":"https:\/\/dedemesquita.com.br\/index.php?rest_route=\/wp\/v2\/media\/1842"}],"wp:attachment":[{"href":"https:\/\/dedemesquita.com.br\/index.php?rest_route=%2Fwp%2Fv2%2Fmedia&parent=1839"}],"wp:term":[{"taxonomy":"category","embeddable":true,"href":"https:\/\/dedemesquita.com.br\/index.php?rest_route=%2Fwp%2Fv2%2Fcategories&post=1839"},{"taxonomy":"post_tag","embeddable":true,"href":"https:\/\/dedemesquita.com.br\/index.php?rest_route=%2Fwp%2Fv2%2Ftags&post=1839"}],"curies":[{"name":"wp","href":"https:\/\/api.w.org\/{rel}","templated":true}]}}