{"id":1806,"date":"2021-08-10T09:51:34","date_gmt":"2021-08-10T12:51:34","guid":{"rendered":"https:\/\/dedemesquita.com.br\/?p=1806"},"modified":"2021-08-10T09:52:41","modified_gmt":"2021-08-10T12:52:41","slug":"e-damos-as-boas-vindas-para-naomi-nagano","status":"publish","type":"post","link":"https:\/\/dedemesquita.com.br\/?p=1806","title":{"rendered":"E damos as boas-vindas para Naomi Nagano"},"content":{"rendered":"\n<p>Todos sabem que este site\/blog ama casamentos e chegada de beb\u00eas dos nossos colegas de trabalho. Na segunda-feira, 9, por volta das 17 horas, chegou a esse mund\u00e3o de meu Deus a Naomi.<\/p>\n\n\n\n<div class=\"wp-block-image\"><figure class=\"aligncenter size-large\"><img loading=\"lazy\" decoding=\"async\" width=\"750\" height=\"500\" src=\"https:\/\/dedemesquita.com.br\/wp-content\/uploads\/2021\/08\/nagano2.jpg\" alt=\"\" class=\"wp-image-1807\"\/><figcaption>Naomi tranquila, tranquila, depois de chegar ao mundo <\/figcaption><\/figure><\/div>\n\n\n\n<p>Naomi \u00e9 a primeira filha do casal M\u00e1rcio Nagano e Karina Coelho. E a menina chegou chegando! Quem contou tudo para este site foi o pr\u00f3prio e super orgulhoso papai. &#8220;A Karina e eu optamos pelo perto domiciliar da forma mais humanizada poss\u00edvel. As contra\u00e7\u00f5es come\u00e7aram hoje pela manh\u00e3 [dia 9] e a nossa filhota nasceu \u00e0s 17h. O nome \u00e9 Naomi Saori Assun\u00e7\u00e3o Nagano, com 51cm e 3,6kg. Contamos com uma equipe bem especial formada por duas enfermeiras obstetras (Dani Rego e Luzia ) e uma doula (Dani Moura). Eu pude aparar a minha filha e foi o momento mais emocionante da minha vida! Foi cansativo, mas estamos super felizes. Gra\u00e7as a Deus deu tudo certo e estamos todos bem!&#8221;, contou o Nagano.<\/p>\n\n\n\n<div class=\"wp-block-image\"><figure class=\"aligncenter size-large\"><img loading=\"lazy\" decoding=\"async\" width=\"750\" height=\"563\" src=\"https:\/\/dedemesquita.com.br\/wp-content\/uploads\/2021\/08\/nagano.jpg\" alt=\"\" class=\"wp-image-1808\"\/><figcaption>Naomi chegou ao mundo com a ajuda dessa equipe muito especial<\/figcaption><\/figure><\/div>\n\n\n\n<p>Nagano \u00e9 fot\u00f3grafo e filmmaker, e foi durante um bom tempo o &#8220;cara&#8221; das imagens na Ag\u00eancia Par\u00e1\/ Secom, na gest\u00e3o de Sim\u00e3o Jatene.<\/p>\n\n\n\n<p>Daqui, mandamos os melhores votos de felicidades \u00e0 essa nova fam\u00edlia e desejamos muita, muita sa\u00fade \u00e0 Naomi. <\/p>\n\n\n\n<div class=\"wp-block-image\"><figure class=\"aligncenter size-large\"><img loading=\"lazy\" decoding=\"async\" width=\"480\" height=\"720\" src=\"https:\/\/dedemesquita.com.br\/wp-content\/uploads\/2021\/08\/nagano3.jpg\" alt=\"\" class=\"wp-image-1809\"\/><figcaption>Karina e Nagano no ensaio fotogr\u00e1fico antes da chegada da primeira filha <\/figcaption><\/figure><\/div>\n","protected":false},"excerpt":{"rendered":"<p>Todos sabem que este site\/blog ama casamentos e chegada de beb\u00eas dos nossos colegas de trabalho. Na segunda-feira, 9, por volta das 17 horas, chegou a esse mund\u00e3o de meu Deus a Naomi. Naomi \u00e9 a primeira filha do casal M\u00e1rcio Nagano e Karina Coelho. E a menina chegou chegando! Quem contou tudo para este [&hellip;]<\/p>\n","protected":false},"author":2,"featured_media":1810,"comment_status":"open","ping_status":"open","sticky":false,"template":"","format":"standard","meta":{"footnotes":""},"categories":[51,14,29],"tags":[119,120],"class_list":["post-1806","post","type-post","status-publish","format-standard","has-post-thumbnail","hentry","category-destaque","category-imprensa","category-jornalismo","tag-jornalismo","tag-jornalistas-paraenses-em-acao"],"yoast_head":"<!-- This site is optimized with the Yoast SEO plugin v19.10 - https:\/\/yoast.com\/wordpress\/plugins\/seo\/ -->\n<title>E damos as boas-vindas para Naomi Nagano - Ded\u00e9 Mesquita<\/title>\n<meta name=\"robots\" content=\"index, follow, max-snippet:-1, max-image-preview:large, max-video-preview:-1\" \/>\n<link rel=\"canonical\" href=\"https:\/\/dedemesquita.com.br\/?p=1806\" \/>\n<meta property=\"og:locale\" content=\"pt_BR\" \/>\n<meta property=\"og:type\" content=\"article\" \/>\n<meta property=\"og:title\" content=\"E damos as boas-vindas para Naomi Nagano - Ded\u00e9 Mesquita\" \/>\n<meta property=\"og:description\" content=\"Todos sabem que este site\/blog ama casamentos e chegada de beb\u00eas dos nossos colegas de trabalho. Na segunda-feira, 9, por volta das 17 horas, chegou a esse mund\u00e3o de meu Deus a Naomi. Naomi \u00e9 a primeira filha do casal M\u00e1rcio Nagano e Karina Coelho. E a menina chegou chegando! Quem contou tudo para este [&hellip;]\" \/>\n<meta property=\"og:url\" content=\"https:\/\/dedemesquita.com.br\/?p=1806\" \/>\n<meta property=\"og:site_name\" content=\"Ded\u00e9 Mesquita\" \/>\n<meta property=\"article:publisher\" content=\"https:\/\/www.facebook.com\/dede.mesquita\" \/>\n<meta property=\"article:published_time\" content=\"2021-08-10T12:51:34+00:00\" \/>\n<meta property=\"article:modified_time\" content=\"2021-08-10T12:52:41+00:00\" \/>\n<meta property=\"og:image\" content=\"https:\/\/dedemesquita.com.br\/wp-content\/uploads\/2021\/08\/MARCIO_NAGANO.jpg\" \/>\n\t<meta property=\"og:image:width\" content=\"1000\" \/>\n\t<meta property=\"og:image:height\" content=\"666\" \/>\n\t<meta property=\"og:image:type\" content=\"image\/jpeg\" \/>\n<meta name=\"author\" content=\"Ded\u00e9 Mesquita\" \/>\n<meta name=\"twitter:card\" content=\"summary_large_image\" \/>\n<meta name=\"twitter:creator\" content=\"@dedemesquita\" \/>\n<meta name=\"twitter:site\" content=\"@dedemesquita\" \/>\n<meta name=\"twitter:label1\" content=\"Escrito por\" \/>\n\t<meta name=\"twitter:data1\" content=\"Ded\u00e9 Mesquita\" \/>\n\t<meta name=\"twitter:label2\" content=\"Est. tempo de leitura\" \/>\n\t<meta name=\"twitter:data2\" content=\"2 minutos\" \/>\n<script type=\"application\/ld+json\" class=\"yoast-schema-graph\">{\"@context\":\"https:\/\/schema.org\",\"@graph\":[{\"@type\":\"WebPage\",\"@id\":\"https:\/\/dedemesquita.com.br\/?p=1806\",\"url\":\"https:\/\/dedemesquita.com.br\/?p=1806\",\"name\":\"E damos as boas-vindas para Naomi Nagano - Ded\u00e9 Mesquita\",\"isPartOf\":{\"@id\":\"https:\/\/dedemesquita.com.br\/#website\"},\"datePublished\":\"2021-08-10T12:51:34+00:00\",\"dateModified\":\"2021-08-10T12:52:41+00:00\",\"author\":{\"@id\":\"https:\/\/dedemesquita.com.br\/#\/schema\/person\/36571f81dd2d76dc3ab37231542c9e24\"},\"breadcrumb\":{\"@id\":\"https:\/\/dedemesquita.com.br\/?p=1806#breadcrumb\"},\"inLanguage\":\"pt-BR\",\"potentialAction\":[{\"@type\":\"ReadAction\",\"target\":[\"https:\/\/dedemesquita.com.br\/?p=1806\"]}]},{\"@type\":\"BreadcrumbList\",\"@id\":\"https:\/\/dedemesquita.com.br\/?p=1806#breadcrumb\",\"itemListElement\":[{\"@type\":\"ListItem\",\"position\":1,\"name\":\"In\u00edcio\",\"item\":\"https:\/\/dedemesquita.com.br\/\"},{\"@type\":\"ListItem\",\"position\":2,\"name\":\"E damos as boas-vindas para Naomi Nagano\"}]},{\"@type\":\"WebSite\",\"@id\":\"https:\/\/dedemesquita.com.br\/#website\",\"url\":\"https:\/\/dedemesquita.com.br\/\",\"name\":\"Ded\u00e9 Mesquita\",\"description\":\"Um site que mostra os bastidores da imprensa no estado do Par\u00e1 e em Bel\u00e9m\",\"potentialAction\":[{\"@type\":\"SearchAction\",\"target\":{\"@type\":\"EntryPoint\",\"urlTemplate\":\"https:\/\/dedemesquita.com.br\/?s={search_term_string}\"},\"query-input\":\"required name=search_term_string\"}],\"inLanguage\":\"pt-BR\"},{\"@type\":\"Person\",\"@id\":\"https:\/\/dedemesquita.com.br\/#\/schema\/person\/36571f81dd2d76dc3ab37231542c9e24\",\"name\":\"Ded\u00e9 Mesquita\",\"image\":{\"@type\":\"ImageObject\",\"inLanguage\":\"pt-BR\",\"@id\":\"https:\/\/dedemesquita.com.br\/#\/schema\/person\/image\/\",\"url\":\"https:\/\/dedemesquita.com.br\/wp-content\/uploads\/2021\/02\/foto_perfil-150x150.jpg\",\"contentUrl\":\"https:\/\/dedemesquita.com.br\/wp-content\/uploads\/2021\/02\/foto_perfil-150x150.jpg\",\"caption\":\"Ded\u00e9 Mesquita\"},\"sameAs\":[\"https:\/\/dedemesquita.com.br\"]}]}<\/script>\n<!-- \/ Yoast SEO plugin. -->","yoast_head_json":{"title":"E damos as boas-vindas para Naomi Nagano - Ded\u00e9 Mesquita","robots":{"index":"index","follow":"follow","max-snippet":"max-snippet:-1","max-image-preview":"max-image-preview:large","max-video-preview":"max-video-preview:-1"},"canonical":"https:\/\/dedemesquita.com.br\/?p=1806","og_locale":"pt_BR","og_type":"article","og_title":"E damos as boas-vindas para Naomi Nagano - Ded\u00e9 Mesquita","og_description":"Todos sabem que este site\/blog ama casamentos e chegada de beb\u00eas dos nossos colegas de trabalho. Na segunda-feira, 9, por volta das 17 horas, chegou a esse mund\u00e3o de meu Deus a Naomi. Naomi \u00e9 a primeira filha do casal M\u00e1rcio Nagano e Karina Coelho. E a menina chegou chegando! Quem contou tudo para este [&hellip;]","og_url":"https:\/\/dedemesquita.com.br\/?p=1806","og_site_name":"Ded\u00e9 Mesquita","article_publisher":"https:\/\/www.facebook.com\/dede.mesquita","article_published_time":"2021-08-10T12:51:34+00:00","article_modified_time":"2021-08-10T12:52:41+00:00","og_image":[{"width":1000,"height":666,"url":"https:\/\/dedemesquita.com.br\/wp-content\/uploads\/2021\/08\/MARCIO_NAGANO.jpg","type":"image\/jpeg"}],"author":"Ded\u00e9 Mesquita","twitter_card":"summary_large_image","twitter_creator":"@dedemesquita","twitter_site":"@dedemesquita","twitter_misc":{"Escrito por":"Ded\u00e9 Mesquita","Est. tempo de leitura":"2 minutos"},"schema":{"@context":"https:\/\/schema.org","@graph":[{"@type":"WebPage","@id":"https:\/\/dedemesquita.com.br\/?p=1806","url":"https:\/\/dedemesquita.com.br\/?p=1806","name":"E damos as boas-vindas para Naomi Nagano - Ded\u00e9 Mesquita","isPartOf":{"@id":"https:\/\/dedemesquita.com.br\/#website"},"datePublished":"2021-08-10T12:51:34+00:00","dateModified":"2021-08-10T12:52:41+00:00","author":{"@id":"https:\/\/dedemesquita.com.br\/#\/schema\/person\/36571f81dd2d76dc3ab37231542c9e24"},"breadcrumb":{"@id":"https:\/\/dedemesquita.com.br\/?p=1806#breadcrumb"},"inLanguage":"pt-BR","potentialAction":[{"@type":"ReadAction","target":["https:\/\/dedemesquita.com.br\/?p=1806"]}]},{"@type":"BreadcrumbList","@id":"https:\/\/dedemesquita.com.br\/?p=1806#breadcrumb","itemListElement":[{"@type":"ListItem","position":1,"name":"In\u00edcio","item":"https:\/\/dedemesquita.com.br\/"},{"@type":"ListItem","position":2,"name":"E damos as boas-vindas para Naomi Nagano"}]},{"@type":"WebSite","@id":"https:\/\/dedemesquita.com.br\/#website","url":"https:\/\/dedemesquita.com.br\/","name":"Ded\u00e9 Mesquita","description":"Um site que mostra os bastidores da imprensa no estado do Par\u00e1 e em Bel\u00e9m","potentialAction":[{"@type":"SearchAction","target":{"@type":"EntryPoint","urlTemplate":"https:\/\/dedemesquita.com.br\/?s={search_term_string}"},"query-input":"required name=search_term_string"}],"inLanguage":"pt-BR"},{"@type":"Person","@id":"https:\/\/dedemesquita.com.br\/#\/schema\/person\/36571f81dd2d76dc3ab37231542c9e24","name":"Ded\u00e9 Mesquita","image":{"@type":"ImageObject","inLanguage":"pt-BR","@id":"https:\/\/dedemesquita.com.br\/#\/schema\/person\/image\/","url":"https:\/\/dedemesquita.com.br\/wp-content\/uploads\/2021\/02\/foto_perfil-150x150.jpg","contentUrl":"https:\/\/dedemesquita.com.br\/wp-content\/uploads\/2021\/02\/foto_perfil-150x150.jpg","caption":"Ded\u00e9 Mesquita"},"sameAs":["https:\/\/dedemesquita.com.br"]}]}},"_links":{"self":[{"href":"https:\/\/dedemesquita.com.br\/index.php?rest_route=\/wp\/v2\/posts\/1806"}],"collection":[{"href":"https:\/\/dedemesquita.com.br\/index.php?rest_route=\/wp\/v2\/posts"}],"about":[{"href":"https:\/\/dedemesquita.com.br\/index.php?rest_route=\/wp\/v2\/types\/post"}],"author":[{"embeddable":true,"href":"https:\/\/dedemesquita.com.br\/index.php?rest_route=\/wp\/v2\/users\/2"}],"replies":[{"embeddable":true,"href":"https:\/\/dedemesquita.com.br\/index.php?rest_route=%2Fwp%2Fv2%2Fcomments&post=1806"}],"version-history":[{"count":2,"href":"https:\/\/dedemesquita.com.br\/index.php?rest_route=\/wp\/v2\/posts\/1806\/revisions"}],"predecessor-version":[{"id":1812,"href":"https:\/\/dedemesquita.com.br\/index.php?rest_route=\/wp\/v2\/posts\/1806\/revisions\/1812"}],"wp:featuredmedia":[{"embeddable":true,"href":"https:\/\/dedemesquita.com.br\/index.php?rest_route=\/wp\/v2\/media\/1810"}],"wp:attachment":[{"href":"https:\/\/dedemesquita.com.br\/index.php?rest_route=%2Fwp%2Fv2%2Fmedia&parent=1806"}],"wp:term":[{"taxonomy":"category","embeddable":true,"href":"https:\/\/dedemesquita.com.br\/index.php?rest_route=%2Fwp%2Fv2%2Fcategories&post=1806"},{"taxonomy":"post_tag","embeddable":true,"href":"https:\/\/dedemesquita.com.br\/index.php?rest_route=%2Fwp%2Fv2%2Ftags&post=1806"}],"curies":[{"name":"wp","href":"https:\/\/api.w.org\/{rel}","templated":true}]}}