{"id":1740,"date":"2021-07-12T10:39:31","date_gmt":"2021-07-12T13:39:31","guid":{"rendered":"https:\/\/dedemesquita.com.br\/?p=1740"},"modified":"2021-07-12T10:39:33","modified_gmt":"2021-07-12T13:39:33","slug":"theo-e-joao-miguel-sao-os-novos-jornalistazinhos-em-belem","status":"publish","type":"post","link":"https:\/\/dedemesquita.com.br\/?p=1740","title":{"rendered":"Th\u00e9o e Jo\u00e3o Miguel s\u00e3o os novos jornalistazinhos em Bel\u00e9m"},"content":{"rendered":"\n<p>Como todo mundo sabe, este site ama dar boas not\u00edcias. Sempre que podemos, sa\u00edmos da \u00e1rea das den\u00fancias e falamos de coisas boas, como a chegada de beb\u00eas dos nossos colegas jornalistas. E na semana passada, tivemos dois beb\u00eas jornalistazinhos chegando. Vamos ver: <\/p>\n\n\n\n<p><strong>Jo\u00e3o Miguel &#8211; <\/strong>No domingo, dia 4, chegou o Jo\u00e3o Miguel. filho do jornalista e blogueiro Di\u00f3genes Brand\u00e3o, do blog As Falas da Polis e do site que leva o nome dele. O pai orgulhoso contou: &#8220;O Jo\u00e3o Miguel \u00e9 um menino esperto e cheio de energia. N\u00e3o chora, t\u00e1 tranquilo e sereno. Nem parece que acabou de nascer&#8221;, escreveu. &#8220;Com 50 cm e 3.710 kg, nasceu o nosso filho. Jo\u00e3o Miguel quase me mata de emo\u00e7\u00e3o. Chega ao mundo sadio e iluminado com uma energia que me arrepiou por inteiro&#8221;, complementou.<\/p>\n\n\n\n<div class=\"wp-block-image\"><figure class=\"aligncenter size-large\"><img loading=\"lazy\" decoding=\"async\" width=\"638\" height=\"547\" src=\"https:\/\/dedemesquita.com.br\/wp-content\/uploads\/2021\/07\/DIO.jpg\" alt=\"\" class=\"wp-image-1743\"\/><figcaption>Di\u00f3genes e o bebez\u00e3o Jo\u00e3o Miguel <\/figcaption><\/figure><\/div>\n\n\n\n<p><strong>Th\u00e9o &#8211;<\/strong> Na quinta-feira, 8, foi a vez do jornalista Talison Lima, assessor de comunica\u00e7\u00e3o da Pol\u00edcia Civil do Par\u00e1 e ex-integrante da Comus\/Ag\u00eancia Bel\u00e9m, se tornar pai, pela primeira vez. Pela manh\u00e3, chegou ao mundo o Th\u00e9o, um menino super tranquilo, filho do Talison e da arquiteta Jessica Lopes.<\/p>\n\n\n\n<div class=\"wp-block-image\"><figure class=\"aligncenter size-large\"><img loading=\"lazy\" decoding=\"async\" width=\"480\" height=\"469\" src=\"https:\/\/dedemesquita.com.br\/wp-content\/uploads\/2021\/07\/tal1.jpg\" alt=\"\" class=\"wp-image-1741\"\/><figcaption>Talison nervoso antes do parto<\/figcaption><\/figure><\/div>\n\n\n\n<div class=\"wp-block-image\"><figure class=\"aligncenter size-large\"><img loading=\"lazy\" decoding=\"async\" width=\"576\" height=\"432\" src=\"https:\/\/dedemesquita.com.br\/wp-content\/uploads\/2021\/07\/tal3.jpg\" alt=\"\" class=\"wp-image-1742\"\/><figcaption>A tranquilidade de Th\u00e9o Lima <\/figcaption><\/figure><\/div>\n\n\n\n<p>O site deseja toda a felicidade do mundo a esses beb\u00eas, com o sincero desejo de que a gera\u00e7\u00e3o deles ir\u00e1 ser revolucion\u00e1ria. Parab\u00e9ns aos papais e \u00e0s mam\u00e3es e aos beb\u00eas, \u00e9 claro. Sa\u00fade a todos! <\/p>\n\n\n\n<p><\/p>\n","protected":false},"excerpt":{"rendered":"<p>Como todo mundo sabe, este site ama dar boas not\u00edcias. Sempre que podemos, sa\u00edmos da \u00e1rea das den\u00fancias e falamos de coisas boas, como a chegada de beb\u00eas dos nossos colegas jornalistas. E na semana passada, tivemos dois beb\u00eas jornalistazinhos chegando. Vamos ver: Jo\u00e3o Miguel &#8211; No domingo, dia 4, chegou o Jo\u00e3o Miguel. filho [&hellip;]<\/p>\n","protected":false},"author":2,"featured_media":1744,"comment_status":"open","ping_status":"open","sticky":false,"template":"","format":"standard","meta":{"footnotes":""},"categories":[51,14,29],"tags":[185,186,119,120],"class_list":["post-1740","post","type-post","status-publish","format-standard","has-post-thumbnail","hentry","category-destaque","category-imprensa","category-jornalismo","tag-as-falas-da-polis","tag-diogenes-brandao","tag-jornalismo","tag-jornalistas-paraenses-em-acao"],"yoast_head":"<!-- This site is optimized with the Yoast SEO plugin v19.10 - https:\/\/yoast.com\/wordpress\/plugins\/seo\/ -->\n<title>Th\u00e9o e Jo\u00e3o Miguel s\u00e3o os novos jornalistazinhos em Bel\u00e9m - Ded\u00e9 Mesquita<\/title>\n<meta name=\"robots\" content=\"index, follow, max-snippet:-1, max-image-preview:large, max-video-preview:-1\" \/>\n<link rel=\"canonical\" href=\"https:\/\/dedemesquita.com.br\/?p=1740\" \/>\n<meta property=\"og:locale\" content=\"pt_BR\" \/>\n<meta property=\"og:type\" content=\"article\" \/>\n<meta property=\"og:title\" content=\"Th\u00e9o e Jo\u00e3o Miguel s\u00e3o os novos jornalistazinhos em Bel\u00e9m - Ded\u00e9 Mesquita\" \/>\n<meta property=\"og:description\" content=\"Como todo mundo sabe, este site ama dar boas not\u00edcias. Sempre que podemos, sa\u00edmos da \u00e1rea das den\u00fancias e falamos de coisas boas, como a chegada de beb\u00eas dos nossos colegas jornalistas. E na semana passada, tivemos dois beb\u00eas jornalistazinhos chegando. Vamos ver: Jo\u00e3o Miguel &#8211; No domingo, dia 4, chegou o Jo\u00e3o Miguel. filho [&hellip;]\" \/>\n<meta property=\"og:url\" content=\"https:\/\/dedemesquita.com.br\/?p=1740\" \/>\n<meta property=\"og:site_name\" content=\"Ded\u00e9 Mesquita\" \/>\n<meta property=\"article:publisher\" content=\"https:\/\/www.facebook.com\/dede.mesquita\" \/>\n<meta property=\"article:published_time\" content=\"2021-07-12T13:39:31+00:00\" \/>\n<meta property=\"article:modified_time\" content=\"2021-07-12T13:39:33+00:00\" \/>\n<meta property=\"og:image\" content=\"https:\/\/dedemesquita.com.br\/wp-content\/uploads\/2021\/07\/tal2.jpg\" \/>\n\t<meta property=\"og:image:width\" content=\"480\" \/>\n\t<meta property=\"og:image:height\" content=\"511\" \/>\n\t<meta property=\"og:image:type\" content=\"image\/jpeg\" \/>\n<meta name=\"author\" content=\"Ded\u00e9 Mesquita\" \/>\n<meta name=\"twitter:card\" content=\"summary_large_image\" \/>\n<meta name=\"twitter:creator\" content=\"@dedemesquita\" \/>\n<meta name=\"twitter:site\" content=\"@dedemesquita\" \/>\n<meta name=\"twitter:label1\" content=\"Escrito por\" \/>\n\t<meta name=\"twitter:data1\" content=\"Ded\u00e9 Mesquita\" \/>\n\t<meta name=\"twitter:label2\" content=\"Est. tempo de leitura\" \/>\n\t<meta name=\"twitter:data2\" content=\"2 minutos\" \/>\n<script type=\"application\/ld+json\" class=\"yoast-schema-graph\">{\"@context\":\"https:\/\/schema.org\",\"@graph\":[{\"@type\":\"WebPage\",\"@id\":\"https:\/\/dedemesquita.com.br\/?p=1740\",\"url\":\"https:\/\/dedemesquita.com.br\/?p=1740\",\"name\":\"Th\u00e9o e Jo\u00e3o Miguel s\u00e3o os novos jornalistazinhos em Bel\u00e9m - Ded\u00e9 Mesquita\",\"isPartOf\":{\"@id\":\"https:\/\/dedemesquita.com.br\/#website\"},\"datePublished\":\"2021-07-12T13:39:31+00:00\",\"dateModified\":\"2021-07-12T13:39:33+00:00\",\"author\":{\"@id\":\"https:\/\/dedemesquita.com.br\/#\/schema\/person\/36571f81dd2d76dc3ab37231542c9e24\"},\"breadcrumb\":{\"@id\":\"https:\/\/dedemesquita.com.br\/?p=1740#breadcrumb\"},\"inLanguage\":\"pt-BR\",\"potentialAction\":[{\"@type\":\"ReadAction\",\"target\":[\"https:\/\/dedemesquita.com.br\/?p=1740\"]}]},{\"@type\":\"BreadcrumbList\",\"@id\":\"https:\/\/dedemesquita.com.br\/?p=1740#breadcrumb\",\"itemListElement\":[{\"@type\":\"ListItem\",\"position\":1,\"name\":\"In\u00edcio\",\"item\":\"https:\/\/dedemesquita.com.br\/\"},{\"@type\":\"ListItem\",\"position\":2,\"name\":\"Th\u00e9o e Jo\u00e3o Miguel s\u00e3o os novos jornalistazinhos em Bel\u00e9m\"}]},{\"@type\":\"WebSite\",\"@id\":\"https:\/\/dedemesquita.com.br\/#website\",\"url\":\"https:\/\/dedemesquita.com.br\/\",\"name\":\"Ded\u00e9 Mesquita\",\"description\":\"Um site que mostra os bastidores da imprensa no estado do Par\u00e1 e em Bel\u00e9m\",\"potentialAction\":[{\"@type\":\"SearchAction\",\"target\":{\"@type\":\"EntryPoint\",\"urlTemplate\":\"https:\/\/dedemesquita.com.br\/?s={search_term_string}\"},\"query-input\":\"required name=search_term_string\"}],\"inLanguage\":\"pt-BR\"},{\"@type\":\"Person\",\"@id\":\"https:\/\/dedemesquita.com.br\/#\/schema\/person\/36571f81dd2d76dc3ab37231542c9e24\",\"name\":\"Ded\u00e9 Mesquita\",\"image\":{\"@type\":\"ImageObject\",\"inLanguage\":\"pt-BR\",\"@id\":\"https:\/\/dedemesquita.com.br\/#\/schema\/person\/image\/\",\"url\":\"https:\/\/dedemesquita.com.br\/wp-content\/uploads\/2021\/02\/foto_perfil-150x150.jpg\",\"contentUrl\":\"https:\/\/dedemesquita.com.br\/wp-content\/uploads\/2021\/02\/foto_perfil-150x150.jpg\",\"caption\":\"Ded\u00e9 Mesquita\"},\"sameAs\":[\"https:\/\/dedemesquita.com.br\"]}]}<\/script>\n<!-- \/ Yoast SEO plugin. -->","yoast_head_json":{"title":"Th\u00e9o e Jo\u00e3o Miguel s\u00e3o os novos jornalistazinhos em Bel\u00e9m - Ded\u00e9 Mesquita","robots":{"index":"index","follow":"follow","max-snippet":"max-snippet:-1","max-image-preview":"max-image-preview:large","max-video-preview":"max-video-preview:-1"},"canonical":"https:\/\/dedemesquita.com.br\/?p=1740","og_locale":"pt_BR","og_type":"article","og_title":"Th\u00e9o e Jo\u00e3o Miguel s\u00e3o os novos jornalistazinhos em Bel\u00e9m - Ded\u00e9 Mesquita","og_description":"Como todo mundo sabe, este site ama dar boas not\u00edcias. Sempre que podemos, sa\u00edmos da \u00e1rea das den\u00fancias e falamos de coisas boas, como a chegada de beb\u00eas dos nossos colegas jornalistas. E na semana passada, tivemos dois beb\u00eas jornalistazinhos chegando. Vamos ver: Jo\u00e3o Miguel &#8211; No domingo, dia 4, chegou o Jo\u00e3o Miguel. filho [&hellip;]","og_url":"https:\/\/dedemesquita.com.br\/?p=1740","og_site_name":"Ded\u00e9 Mesquita","article_publisher":"https:\/\/www.facebook.com\/dede.mesquita","article_published_time":"2021-07-12T13:39:31+00:00","article_modified_time":"2021-07-12T13:39:33+00:00","og_image":[{"width":480,"height":511,"url":"https:\/\/dedemesquita.com.br\/wp-content\/uploads\/2021\/07\/tal2.jpg","type":"image\/jpeg"}],"author":"Ded\u00e9 Mesquita","twitter_card":"summary_large_image","twitter_creator":"@dedemesquita","twitter_site":"@dedemesquita","twitter_misc":{"Escrito por":"Ded\u00e9 Mesquita","Est. tempo de leitura":"2 minutos"},"schema":{"@context":"https:\/\/schema.org","@graph":[{"@type":"WebPage","@id":"https:\/\/dedemesquita.com.br\/?p=1740","url":"https:\/\/dedemesquita.com.br\/?p=1740","name":"Th\u00e9o e Jo\u00e3o Miguel s\u00e3o os novos jornalistazinhos em Bel\u00e9m - Ded\u00e9 Mesquita","isPartOf":{"@id":"https:\/\/dedemesquita.com.br\/#website"},"datePublished":"2021-07-12T13:39:31+00:00","dateModified":"2021-07-12T13:39:33+00:00","author":{"@id":"https:\/\/dedemesquita.com.br\/#\/schema\/person\/36571f81dd2d76dc3ab37231542c9e24"},"breadcrumb":{"@id":"https:\/\/dedemesquita.com.br\/?p=1740#breadcrumb"},"inLanguage":"pt-BR","potentialAction":[{"@type":"ReadAction","target":["https:\/\/dedemesquita.com.br\/?p=1740"]}]},{"@type":"BreadcrumbList","@id":"https:\/\/dedemesquita.com.br\/?p=1740#breadcrumb","itemListElement":[{"@type":"ListItem","position":1,"name":"In\u00edcio","item":"https:\/\/dedemesquita.com.br\/"},{"@type":"ListItem","position":2,"name":"Th\u00e9o e Jo\u00e3o Miguel s\u00e3o os novos jornalistazinhos em Bel\u00e9m"}]},{"@type":"WebSite","@id":"https:\/\/dedemesquita.com.br\/#website","url":"https:\/\/dedemesquita.com.br\/","name":"Ded\u00e9 Mesquita","description":"Um site que mostra os bastidores da imprensa no estado do Par\u00e1 e em Bel\u00e9m","potentialAction":[{"@type":"SearchAction","target":{"@type":"EntryPoint","urlTemplate":"https:\/\/dedemesquita.com.br\/?s={search_term_string}"},"query-input":"required name=search_term_string"}],"inLanguage":"pt-BR"},{"@type":"Person","@id":"https:\/\/dedemesquita.com.br\/#\/schema\/person\/36571f81dd2d76dc3ab37231542c9e24","name":"Ded\u00e9 Mesquita","image":{"@type":"ImageObject","inLanguage":"pt-BR","@id":"https:\/\/dedemesquita.com.br\/#\/schema\/person\/image\/","url":"https:\/\/dedemesquita.com.br\/wp-content\/uploads\/2021\/02\/foto_perfil-150x150.jpg","contentUrl":"https:\/\/dedemesquita.com.br\/wp-content\/uploads\/2021\/02\/foto_perfil-150x150.jpg","caption":"Ded\u00e9 Mesquita"},"sameAs":["https:\/\/dedemesquita.com.br"]}]}},"_links":{"self":[{"href":"https:\/\/dedemesquita.com.br\/index.php?rest_route=\/wp\/v2\/posts\/1740"}],"collection":[{"href":"https:\/\/dedemesquita.com.br\/index.php?rest_route=\/wp\/v2\/posts"}],"about":[{"href":"https:\/\/dedemesquita.com.br\/index.php?rest_route=\/wp\/v2\/types\/post"}],"author":[{"embeddable":true,"href":"https:\/\/dedemesquita.com.br\/index.php?rest_route=\/wp\/v2\/users\/2"}],"replies":[{"embeddable":true,"href":"https:\/\/dedemesquita.com.br\/index.php?rest_route=%2Fwp%2Fv2%2Fcomments&post=1740"}],"version-history":[{"count":1,"href":"https:\/\/dedemesquita.com.br\/index.php?rest_route=\/wp\/v2\/posts\/1740\/revisions"}],"predecessor-version":[{"id":1745,"href":"https:\/\/dedemesquita.com.br\/index.php?rest_route=\/wp\/v2\/posts\/1740\/revisions\/1745"}],"wp:featuredmedia":[{"embeddable":true,"href":"https:\/\/dedemesquita.com.br\/index.php?rest_route=\/wp\/v2\/media\/1744"}],"wp:attachment":[{"href":"https:\/\/dedemesquita.com.br\/index.php?rest_route=%2Fwp%2Fv2%2Fmedia&parent=1740"}],"wp:term":[{"taxonomy":"category","embeddable":true,"href":"https:\/\/dedemesquita.com.br\/index.php?rest_route=%2Fwp%2Fv2%2Fcategories&post=1740"},{"taxonomy":"post_tag","embeddable":true,"href":"https:\/\/dedemesquita.com.br\/index.php?rest_route=%2Fwp%2Fv2%2Ftags&post=1740"}],"curies":[{"name":"wp","href":"https:\/\/api.w.org\/{rel}","templated":true}]}}