{"id":1723,"date":"2021-07-08T14:19:39","date_gmt":"2021-07-08T17:19:39","guid":{"rendered":"https:\/\/dedemesquita.com.br\/?p=1723"},"modified":"2021-07-08T14:40:34","modified_gmt":"2021-07-08T17:40:34","slug":"proprietario-da-radio-rauland-e-tv-one-e-acusado-de-assedio-moral","status":"publish","type":"post","link":"https:\/\/dedemesquita.com.br\/?p=1723","title":{"rendered":"Propriet\u00e1rio da r\u00e1dio Rauland e TV ONE \u00e9 acusado de ass\u00e9dio moral"},"content":{"rendered":"\n<p>Em pleno s\u00e9culo XXI, ainda existem ve\u00edculos de comunica\u00e7\u00e3o em Bel\u00e9m que tratam os funcion\u00e1rios como se ainda estivessem na \u00e9poca da escravatura. A \u00faltima a mostrar as garras \u00e9 o grupo do qual fazem parte a r\u00e1dio Rauland e a rec\u00e9m-criada TV ONE. As den\u00fancias s\u00e3o sobre o dono desses dois ve\u00edculos, F\u00e1bio Ferreira. <\/p>\n\n\n\n<div class=\"wp-block-image\"><figure class=\"aligncenter size-large\"><img loading=\"lazy\" decoding=\"async\" width=\"599\" height=\"452\" src=\"https:\/\/dedemesquita.com.br\/wp-content\/uploads\/2021\/07\/rau2.jpg\" alt=\"\" class=\"wp-image-1724\"\/><figcaption>F\u00e1bio Ferreira \u00e9 locutor e propriet\u00e1rio da r\u00e1dio Rauland <\/figcaption><\/figure><\/div>\n\n\n\n<p>As informa\u00e7\u00f5es s\u00e3o conta de que F\u00e1bio est\u00e1 h\u00e1 v\u00e1rios meses tentando montar a equipe de profissionais para a TV ONE, mas n\u00e3o consegue, porque quer contratar uma pessoa pra fazer trabalho inteiro de uma equipe e, acreditem, ganhando R$ 1.200,00, sem nenhum benef\u00edcio, como plano de sa\u00fade, por exemplo. <\/p>\n\n\n\n<p>Algumas pessoas at\u00e9 toparam, mas n\u00e3o chegaram a ficar nenhum m\u00eas na empresa de F\u00e1bio. Al\u00e9m de pagar pouco, colocar para trabalhar dobrado, ele ainda trata as pessoas da pior forma poss\u00edvel. &#8220;Al\u00e9m de tu seres explorado, de brinde, tu levas de brinde o ass\u00e9dio moral do patr\u00e3o. Se tu achas que a mamacita \u00e9 m\u00e1 (<strong>1<\/strong>), \u00e9 porque n\u00e3o conheces ele. Aquele carisma que ele passa na r\u00e1dio, aparentando ser uma pessoa legal, \u00e9 tudo mentira&#8221;, revelou uma fonte aqui do site. <\/p>\n\n\n\n<p>&#8220;Pelo contr\u00e1rio, F\u00e1bio \u00e9 um personagem que, \u00e0s vezes, n\u00e3o consegue nem se sustentar no ar, porque se aborrece com os coment\u00e1rios dos ouvintes que pensam diferente dele&#8221;, detalhou outra fonte.<\/p>\n\n\n\n<p>Toda a grosseria e absurdos de F\u00e1bio n\u00e3o ficam apenas na TV ONE. Ele ainda n\u00e3o conseguiu nem colocar o jornal da emissora no ar, vem tentando desde o ano passado, mas ningu\u00e9m aguenta trabalhar com ele. <\/p>\n\n\n\n<p><strong>Rauland &#8211; <\/strong>Os funcion\u00e1rios da Rauland tamb\u00e9m sofrem na m\u00e3o de F\u00e1bio Ele trata todos mal, desde os mais velhos at\u00e9 os mais novos. Basta passar um dia na r\u00e1dio e conversar com as pessoas que trabalham l\u00e1 para sentir o desprezo na voz de todos eles. <\/p>\n\n\n\n<p>Jornalistas n\u00e3o aguentam ficar nem os tr\u00eas meses de experi\u00eancia, porque al\u00e9m da cobran\u00e7a ser absurda, acabam batendo de frente com F\u00e1bio por n\u00e3o tolerar as coisas que ele fala e como ele fala. E ele ainda diz &#8220;Se voc\u00ea quiser trabalhar, tem que se adequar \u00e0 empresa e fazer o que eu mando, se n\u00e3o, \u00e9 s\u00f3 ir embora&#8221;. <\/p>\n\n\n\n<p><strong>N\u00e3o \u00e9 jornalista &#8211; <\/strong>F\u00e1bio Ferreira n\u00e3o \u00e9 jornalista, mas est\u00e1 ocupando lugar de locutor pela heran\u00e7a da fam\u00edlia. No come\u00e7o, se pensa que ele \u00e9 um cara bacana, mas depois as pessoas se arrependem amargamente de ter aceitado trabalhar com ele. H\u00e1 not\u00edcias de pessoas que est\u00e3o fazendo acompanhamento psicol\u00f3gico, porque ficaram com a sa\u00fade mental prejudicada enquanto estavam l\u00e1. <\/p>\n\n\n\n<p>H\u00e1 outras que n\u00e3o aguentam nem ouvir a voz dele na r\u00e1dio e outras que preferiram ficar desempregadas do que continuar na r\u00e1dio, sendo exploradas. F\u00e1bio faz um contrato de 5 horas, que \u00e9 o regulamentar para a categoria dos jornalistas, mas quer que o contratado fique 10\/12 horas, porque ele n\u00e3o quer contratar m\u00e3o de obra. Al\u00e9m disso, n\u00e3o paga hora extra e n\u00e3o d\u00e1 satisfa\u00e7\u00e3o pros funcion\u00e1rios. <\/p>\n\n\n\n<p>F\u00e1bio j\u00e1 demitiu rep\u00f3rter porque o achou &#8220;gordinho&#8221; demais pra estar na televis\u00e3o. E se algu\u00e9m falar algo que ele n\u00e3o goste, ele n\u00e3o responde mais no WhatsApp, e, se responde, \u00e9 de uma forma fria. Ou seja, n\u00e3o separa nem o pessoal do profissional.<\/p>\n\n\n\n<p>A nossa fonte continua: &#8220;Muita gente vai ficar chocada quando tu publicares isso no blog\/site, mas quem o conhece sabe que tudo isso \u00e9 verdade e que ainda tem mais absurdos. Al\u00e9m disso, muita gente nem precisou trabalhar com ele, porque s\u00f3 das propostas absurdas de trabalho que ele fez, sabem que n\u00e3o vale a pena perder tempo aceitando&#8221;<\/p>\n\n\n\n<p><strong>Al\u00f4, Sinjor<\/strong>, vamos dar uma olhada, com carinho, nesses desvios de fun\u00e7\u00e3o e de ass\u00e9dio moral nas reda\u00e7\u00f5es? <\/p>\n\n\n\n<p><strong>NOTA DA EDI\u00c7\u00c3O:<\/strong> <strong>Nota 1: <\/strong>&#8220;mamacitas do mal&#8221; \u00e9 como ficaram conhecidas a diretora da Secom-PA, Vera Oliveira, e a assessora de comunica\u00e7\u00e3o da Prefeitura de Ananindeua, Jackie Carrera. <\/p>\n\n\n\n<p><strong>Nota 2:<\/strong> Este site entrou em contato com F\u00e1bio Ferreira sobre as den\u00fancias aqui expostas e aguarda a resposta dele. <\/p>\n\n\n\n<p><\/p>\n","protected":false},"excerpt":{"rendered":"<p>Em pleno s\u00e9culo XXI, ainda existem ve\u00edculos de comunica\u00e7\u00e3o em Bel\u00e9m que tratam os funcion\u00e1rios como se ainda estivessem na \u00e9poca da escravatura. A \u00faltima a mostrar as garras \u00e9 o grupo do qual fazem parte a r\u00e1dio Rauland e a rec\u00e9m-criada TV ONE. As den\u00fancias s\u00e3o sobre o dono desses dois ve\u00edculos, F\u00e1bio Ferreira. [&hellip;]<\/p>\n","protected":false},"author":2,"featured_media":1725,"comment_status":"open","ping_status":"open","sticky":false,"template":"","format":"standard","meta":{"footnotes":""},"categories":[51,14,29],"tags":[119,120,182],"class_list":["post-1723","post","type-post","status-publish","format-standard","has-post-thumbnail","hentry","category-destaque","category-imprensa","category-jornalismo","tag-jornalismo","tag-jornalistas-paraenses-em-acao","tag-radio-raulan"],"yoast_head":"<!-- This site is optimized with the Yoast SEO plugin v19.10 - https:\/\/yoast.com\/wordpress\/plugins\/seo\/ -->\n<title>Propriet\u00e1rio da r\u00e1dio Rauland e TV ONE \u00e9 acusado de ass\u00e9dio moral - Ded\u00e9 Mesquita<\/title>\n<meta name=\"robots\" content=\"index, follow, max-snippet:-1, max-image-preview:large, max-video-preview:-1\" \/>\n<link rel=\"canonical\" href=\"https:\/\/dedemesquita.com.br\/?p=1723\" \/>\n<meta property=\"og:locale\" content=\"pt_BR\" \/>\n<meta property=\"og:type\" content=\"article\" \/>\n<meta property=\"og:title\" content=\"Propriet\u00e1rio da r\u00e1dio Rauland e TV ONE \u00e9 acusado de ass\u00e9dio moral - Ded\u00e9 Mesquita\" \/>\n<meta property=\"og:description\" content=\"Em pleno s\u00e9culo XXI, ainda existem ve\u00edculos de comunica\u00e7\u00e3o em Bel\u00e9m que tratam os funcion\u00e1rios como se ainda estivessem na \u00e9poca da escravatura. A \u00faltima a mostrar as garras \u00e9 o grupo do qual fazem parte a r\u00e1dio Rauland e a rec\u00e9m-criada TV ONE. As den\u00fancias s\u00e3o sobre o dono desses dois ve\u00edculos, F\u00e1bio Ferreira. [&hellip;]\" \/>\n<meta property=\"og:url\" content=\"https:\/\/dedemesquita.com.br\/?p=1723\" \/>\n<meta property=\"og:site_name\" content=\"Ded\u00e9 Mesquita\" \/>\n<meta property=\"article:publisher\" content=\"https:\/\/www.facebook.com\/dede.mesquita\" \/>\n<meta property=\"article:published_time\" content=\"2021-07-08T17:19:39+00:00\" \/>\n<meta property=\"article:modified_time\" content=\"2021-07-08T17:40:34+00:00\" \/>\n<meta property=\"og:image\" content=\"https:\/\/dedemesquita.com.br\/wp-content\/uploads\/2021\/07\/rau1.png\" \/>\n\t<meta property=\"og:image:width\" content=\"950\" \/>\n\t<meta property=\"og:image:height\" content=\"437\" \/>\n\t<meta property=\"og:image:type\" content=\"image\/png\" \/>\n<meta name=\"author\" content=\"Ded\u00e9 Mesquita\" \/>\n<meta name=\"twitter:card\" content=\"summary_large_image\" \/>\n<meta name=\"twitter:creator\" content=\"@dedemesquita\" \/>\n<meta name=\"twitter:site\" content=\"@dedemesquita\" \/>\n<meta name=\"twitter:label1\" content=\"Escrito por\" \/>\n\t<meta name=\"twitter:data1\" content=\"Ded\u00e9 Mesquita\" \/>\n\t<meta name=\"twitter:label2\" content=\"Est. tempo de leitura\" \/>\n\t<meta name=\"twitter:data2\" content=\"4 minutos\" \/>\n<script type=\"application\/ld+json\" class=\"yoast-schema-graph\">{\"@context\":\"https:\/\/schema.org\",\"@graph\":[{\"@type\":\"WebPage\",\"@id\":\"https:\/\/dedemesquita.com.br\/?p=1723\",\"url\":\"https:\/\/dedemesquita.com.br\/?p=1723\",\"name\":\"Propriet\u00e1rio da r\u00e1dio Rauland e TV ONE \u00e9 acusado de ass\u00e9dio moral - Ded\u00e9 Mesquita\",\"isPartOf\":{\"@id\":\"https:\/\/dedemesquita.com.br\/#website\"},\"datePublished\":\"2021-07-08T17:19:39+00:00\",\"dateModified\":\"2021-07-08T17:40:34+00:00\",\"author\":{\"@id\":\"https:\/\/dedemesquita.com.br\/#\/schema\/person\/36571f81dd2d76dc3ab37231542c9e24\"},\"breadcrumb\":{\"@id\":\"https:\/\/dedemesquita.com.br\/?p=1723#breadcrumb\"},\"inLanguage\":\"pt-BR\",\"potentialAction\":[{\"@type\":\"ReadAction\",\"target\":[\"https:\/\/dedemesquita.com.br\/?p=1723\"]}]},{\"@type\":\"BreadcrumbList\",\"@id\":\"https:\/\/dedemesquita.com.br\/?p=1723#breadcrumb\",\"itemListElement\":[{\"@type\":\"ListItem\",\"position\":1,\"name\":\"In\u00edcio\",\"item\":\"https:\/\/dedemesquita.com.br\/\"},{\"@type\":\"ListItem\",\"position\":2,\"name\":\"Propriet\u00e1rio da r\u00e1dio Rauland e TV ONE \u00e9 acusado de ass\u00e9dio moral\"}]},{\"@type\":\"WebSite\",\"@id\":\"https:\/\/dedemesquita.com.br\/#website\",\"url\":\"https:\/\/dedemesquita.com.br\/\",\"name\":\"Ded\u00e9 Mesquita\",\"description\":\"Um site que mostra os bastidores da imprensa no estado do Par\u00e1 e em Bel\u00e9m\",\"potentialAction\":[{\"@type\":\"SearchAction\",\"target\":{\"@type\":\"EntryPoint\",\"urlTemplate\":\"https:\/\/dedemesquita.com.br\/?s={search_term_string}\"},\"query-input\":\"required name=search_term_string\"}],\"inLanguage\":\"pt-BR\"},{\"@type\":\"Person\",\"@id\":\"https:\/\/dedemesquita.com.br\/#\/schema\/person\/36571f81dd2d76dc3ab37231542c9e24\",\"name\":\"Ded\u00e9 Mesquita\",\"image\":{\"@type\":\"ImageObject\",\"inLanguage\":\"pt-BR\",\"@id\":\"https:\/\/dedemesquita.com.br\/#\/schema\/person\/image\/\",\"url\":\"https:\/\/dedemesquita.com.br\/wp-content\/uploads\/2021\/02\/foto_perfil-150x150.jpg\",\"contentUrl\":\"https:\/\/dedemesquita.com.br\/wp-content\/uploads\/2021\/02\/foto_perfil-150x150.jpg\",\"caption\":\"Ded\u00e9 Mesquita\"},\"sameAs\":[\"https:\/\/dedemesquita.com.br\"]}]}<\/script>\n<!-- \/ Yoast SEO plugin. -->","yoast_head_json":{"title":"Propriet\u00e1rio da r\u00e1dio Rauland e TV ONE \u00e9 acusado de ass\u00e9dio moral - Ded\u00e9 Mesquita","robots":{"index":"index","follow":"follow","max-snippet":"max-snippet:-1","max-image-preview":"max-image-preview:large","max-video-preview":"max-video-preview:-1"},"canonical":"https:\/\/dedemesquita.com.br\/?p=1723","og_locale":"pt_BR","og_type":"article","og_title":"Propriet\u00e1rio da r\u00e1dio Rauland e TV ONE \u00e9 acusado de ass\u00e9dio moral - Ded\u00e9 Mesquita","og_description":"Em pleno s\u00e9culo XXI, ainda existem ve\u00edculos de comunica\u00e7\u00e3o em Bel\u00e9m que tratam os funcion\u00e1rios como se ainda estivessem na \u00e9poca da escravatura. A \u00faltima a mostrar as garras \u00e9 o grupo do qual fazem parte a r\u00e1dio Rauland e a rec\u00e9m-criada TV ONE. As den\u00fancias s\u00e3o sobre o dono desses dois ve\u00edculos, F\u00e1bio Ferreira. [&hellip;]","og_url":"https:\/\/dedemesquita.com.br\/?p=1723","og_site_name":"Ded\u00e9 Mesquita","article_publisher":"https:\/\/www.facebook.com\/dede.mesquita","article_published_time":"2021-07-08T17:19:39+00:00","article_modified_time":"2021-07-08T17:40:34+00:00","og_image":[{"width":950,"height":437,"url":"https:\/\/dedemesquita.com.br\/wp-content\/uploads\/2021\/07\/rau1.png","type":"image\/png"}],"author":"Ded\u00e9 Mesquita","twitter_card":"summary_large_image","twitter_creator":"@dedemesquita","twitter_site":"@dedemesquita","twitter_misc":{"Escrito por":"Ded\u00e9 Mesquita","Est. tempo de leitura":"4 minutos"},"schema":{"@context":"https:\/\/schema.org","@graph":[{"@type":"WebPage","@id":"https:\/\/dedemesquita.com.br\/?p=1723","url":"https:\/\/dedemesquita.com.br\/?p=1723","name":"Propriet\u00e1rio da r\u00e1dio Rauland e TV ONE \u00e9 acusado de ass\u00e9dio moral - Ded\u00e9 Mesquita","isPartOf":{"@id":"https:\/\/dedemesquita.com.br\/#website"},"datePublished":"2021-07-08T17:19:39+00:00","dateModified":"2021-07-08T17:40:34+00:00","author":{"@id":"https:\/\/dedemesquita.com.br\/#\/schema\/person\/36571f81dd2d76dc3ab37231542c9e24"},"breadcrumb":{"@id":"https:\/\/dedemesquita.com.br\/?p=1723#breadcrumb"},"inLanguage":"pt-BR","potentialAction":[{"@type":"ReadAction","target":["https:\/\/dedemesquita.com.br\/?p=1723"]}]},{"@type":"BreadcrumbList","@id":"https:\/\/dedemesquita.com.br\/?p=1723#breadcrumb","itemListElement":[{"@type":"ListItem","position":1,"name":"In\u00edcio","item":"https:\/\/dedemesquita.com.br\/"},{"@type":"ListItem","position":2,"name":"Propriet\u00e1rio da r\u00e1dio Rauland e TV ONE \u00e9 acusado de ass\u00e9dio moral"}]},{"@type":"WebSite","@id":"https:\/\/dedemesquita.com.br\/#website","url":"https:\/\/dedemesquita.com.br\/","name":"Ded\u00e9 Mesquita","description":"Um site que mostra os bastidores da imprensa no estado do Par\u00e1 e em Bel\u00e9m","potentialAction":[{"@type":"SearchAction","target":{"@type":"EntryPoint","urlTemplate":"https:\/\/dedemesquita.com.br\/?s={search_term_string}"},"query-input":"required name=search_term_string"}],"inLanguage":"pt-BR"},{"@type":"Person","@id":"https:\/\/dedemesquita.com.br\/#\/schema\/person\/36571f81dd2d76dc3ab37231542c9e24","name":"Ded\u00e9 Mesquita","image":{"@type":"ImageObject","inLanguage":"pt-BR","@id":"https:\/\/dedemesquita.com.br\/#\/schema\/person\/image\/","url":"https:\/\/dedemesquita.com.br\/wp-content\/uploads\/2021\/02\/foto_perfil-150x150.jpg","contentUrl":"https:\/\/dedemesquita.com.br\/wp-content\/uploads\/2021\/02\/foto_perfil-150x150.jpg","caption":"Ded\u00e9 Mesquita"},"sameAs":["https:\/\/dedemesquita.com.br"]}]}},"_links":{"self":[{"href":"https:\/\/dedemesquita.com.br\/index.php?rest_route=\/wp\/v2\/posts\/1723"}],"collection":[{"href":"https:\/\/dedemesquita.com.br\/index.php?rest_route=\/wp\/v2\/posts"}],"about":[{"href":"https:\/\/dedemesquita.com.br\/index.php?rest_route=\/wp\/v2\/types\/post"}],"author":[{"embeddable":true,"href":"https:\/\/dedemesquita.com.br\/index.php?rest_route=\/wp\/v2\/users\/2"}],"replies":[{"embeddable":true,"href":"https:\/\/dedemesquita.com.br\/index.php?rest_route=%2Fwp%2Fv2%2Fcomments&post=1723"}],"version-history":[{"count":2,"href":"https:\/\/dedemesquita.com.br\/index.php?rest_route=\/wp\/v2\/posts\/1723\/revisions"}],"predecessor-version":[{"id":1727,"href":"https:\/\/dedemesquita.com.br\/index.php?rest_route=\/wp\/v2\/posts\/1723\/revisions\/1727"}],"wp:featuredmedia":[{"embeddable":true,"href":"https:\/\/dedemesquita.com.br\/index.php?rest_route=\/wp\/v2\/media\/1725"}],"wp:attachment":[{"href":"https:\/\/dedemesquita.com.br\/index.php?rest_route=%2Fwp%2Fv2%2Fmedia&parent=1723"}],"wp:term":[{"taxonomy":"category","embeddable":true,"href":"https:\/\/dedemesquita.com.br\/index.php?rest_route=%2Fwp%2Fv2%2Fcategories&post=1723"},{"taxonomy":"post_tag","embeddable":true,"href":"https:\/\/dedemesquita.com.br\/index.php?rest_route=%2Fwp%2Fv2%2Ftags&post=1723"}],"curies":[{"name":"wp","href":"https:\/\/api.w.org\/{rel}","templated":true}]}}