{"id":16957,"date":"2026-09-03T10:54:53","date_gmt":"2026-09-03T13:54:53","guid":{"rendered":"https:\/\/dedemesquita.com.br\/?p=16957"},"modified":"2026-09-03T11:48:27","modified_gmt":"2026-09-03T14:48:27","slug":"evento-teste-na-cidade-do-rock-apresenta-as-novidades-do-rock-in-rio-2026","status":"publish","type":"post","link":"https:\/\/dedemesquita.com.br\/?p=16957","title":{"rendered":"Evento teste na Cidade do Rock apresenta as novidades do Rock in Rio 2026"},"content":{"rendered":"\n<p><strong>Rio de Janeiro, 3 de setembro de 2026 &#8211;<\/strong> E, olha <em>noixxx<\/em> aqui outra vez. Como fala meu colega <strong>Alan Bordallo<\/strong>, <em>&#8220;A gente n\u00e3o pode PERDER todas!&#8221;<\/em> e, um dia, os <strong>dias de gl\u00f3ria chegam<\/strong>. O site est\u00e1 na cobertura do <strong>Rock in Rio 2026<\/strong> &#8211;<strong>RiR <\/strong>e vai te mostrar os <strong>bastidores<\/strong> desse grande evento. <\/p>\n\n\n\n<p><strong><em>Texto e fotos: Ded\u00e9 Mesquita<\/em><\/strong><\/p>\n\n\n\n<p>Na <strong>quarta-feira, 2<\/strong>, a <strong>imprensa<\/strong> credenciada e seus <strong>convidados<\/strong>, al\u00e9m de um bom p\u00fablico, conheceram as novidades do <strong>RiR<\/strong>, no chamado <strong>evento teste<\/strong>. O festival come\u00e7a valendo na <strong>sexta-feira, 4<\/strong>, e segue, nos <strong>dias 5, 6 e 7<\/strong>, <strong>feriado<\/strong>. Faz uma pausa e volta para o segundo fim de semana, nos <strong>dias 11, 12 e 13<\/strong>. A <strong>Cidade do Rock<\/strong>, na zona oeste do Rio de Janeiro, est\u00e1 pronta para mais um ano de muita m\u00fasica. <\/p>\n\n\n\n<p>A tarde come\u00e7ou com uma coletiva de imprensa com Roberta Medina, vice-presidente da <strong>Rock World,<\/strong> empresa organizadora do <strong>RiR<\/strong>. Roberta recebeu no palco <strong>Rodrigo Montesano<\/strong>, <em>head<\/em> de Experi\u00eancias de Marca e Patroc\u00ednios do <strong>Ita\u00fa Unibanco<\/strong>, que que h\u00e1 25 anos patrocina o RiR; e o <strong>prefeito do Rio de Janeiro<\/strong>, <strong>Eduardo Cavaliere<\/strong>, que apresentaram novidades e destacaram a import\u00e2ncia da realiza\u00e7\u00e3o de mais uma edi\u00e7\u00e3o do festival na cidade.&nbsp;<\/p>\n\n\n\n<p>A ag\u00eancia oficial respons\u00e1vel pela assessoria de imprensa e comunica\u00e7\u00e3o estrat\u00e9gica do Rock in Rio \u00e9 a <strong>Approach Comunica\u00e7\u00e3o<\/strong>, do Rio de Janeiro, em atua\u00e7\u00e3o estendida para outros grandes eventos da produtora <strong>Rock World<\/strong>, como o <strong>Lollapalooza Brasil<\/strong> e o <strong>The Town<\/strong>, que s\u00e3o realizados em S\u00e3o Paulo &#8211; SP.<\/p>\n\n\n\n<p>Em seguida, come\u00e7ou a visita pela <strong>Cidade do Rock <\/strong>e pelos palcos onde shows foram realizados. <\/p>\n\n\n\n<h2 class=\"wp-block-heading has-text-align-center\">Imprensa<\/h2>\n\n\n<div class=\"wp-block-image\">\n<figure class=\"aligncenter size-full\"><img loading=\"lazy\" decoding=\"async\" width=\"2560\" height=\"1920\" src=\"https:\/\/dedemesquita.com.br\/wp-content\/uploads\/2026\/09\/IMG_20260902_161843-scaled.jpg\" alt=\"\" class=\"wp-image-16960\" srcset=\"https:\/\/dedemesquita.com.br\/wp-content\/uploads\/2026\/09\/IMG_20260902_161843-scaled.jpg 2560w, https:\/\/dedemesquita.com.br\/wp-content\/uploads\/2026\/09\/IMG_20260902_161843-768x576.jpg 768w, https:\/\/dedemesquita.com.br\/wp-content\/uploads\/2026\/09\/IMG_20260902_161843-1600x1200.jpg 1600w, https:\/\/dedemesquita.com.br\/wp-content\/uploads\/2026\/09\/IMG_20260902_161843-1536x1152.jpg 1536w, https:\/\/dedemesquita.com.br\/wp-content\/uploads\/2026\/09\/IMG_20260902_161843-2048x1536.jpg 2048w\" sizes=\"(max-width: 2560px) 100vw, 2560px\" \/><figcaption class=\"wp-element-caption\">Roberta Medina apresenta as novidades no Rock in Rio 2026 em coletiva de imprensa<\/figcaption><\/figure><\/div>\n\n<div class=\"wp-block-image\">\n<figure class=\"aligncenter size-full\"><img loading=\"lazy\" decoding=\"async\" width=\"627\" height=\"750\" src=\"https:\/\/dedemesquita.com.br\/wp-content\/uploads\/2026\/09\/IMG_20260902_161201.jpg\" alt=\"\" class=\"wp-image-16961\"\/><figcaption class=\"wp-element-caption\">Roberta e Rodrigo Montesano, do Ita\u00fa Unibanco<\/figcaption><\/figure><\/div>\n\n<div class=\"wp-block-image\">\n<figure class=\"aligncenter size-full\"><img loading=\"lazy\" decoding=\"async\" width=\"624\" height=\"750\" src=\"https:\/\/dedemesquita.com.br\/wp-content\/uploads\/2026\/09\/IMG_20260902_162017.jpg\" alt=\"\" class=\"wp-image-16962\"\/><figcaption class=\"wp-element-caption\">Roberta e o prefeito do Rio de Janeiro, Eduardo Caveliere<\/figcaption><\/figure><\/div>\n\n<div class=\"wp-block-image\">\n<figure class=\"aligncenter size-full\"><img loading=\"lazy\" decoding=\"async\" width=\"800\" height=\"600\" src=\"https:\/\/dedemesquita.com.br\/wp-content\/uploads\/2026\/09\/IMG_20260902_155545-1.jpg\" alt=\"\" class=\"wp-image-16963\" srcset=\"https:\/\/dedemesquita.com.br\/wp-content\/uploads\/2026\/09\/IMG_20260902_155545-1.jpg 800w, https:\/\/dedemesquita.com.br\/wp-content\/uploads\/2026\/09\/IMG_20260902_155545-1-768x576.jpg 768w\" sizes=\"(max-width: 800px) 100vw, 800px\" \/><figcaption class=\"wp-element-caption\">Todos de olho e c\u00e2meras na coletiva com Roberta Medina<\/figcaption><\/figure><\/div>\n\n<div class=\"wp-block-image\">\n<figure class=\"aligncenter size-full\"><img loading=\"lazy\" decoding=\"async\" width=\"750\" height=\"562\" src=\"https:\/\/dedemesquita.com.br\/wp-content\/uploads\/2026\/09\/IMG_20260902_163558.jpg\" alt=\"\" class=\"wp-image-16964\"\/><figcaption class=\"wp-element-caption\">Come\u00e7am as entrevistas individuais<\/figcaption><\/figure><\/div>\n\n<div class=\"wp-block-image\">\n<figure class=\"aligncenter size-full\"><img loading=\"lazy\" decoding=\"async\" width=\"562\" height=\"750\" src=\"https:\/\/dedemesquita.com.br\/wp-content\/uploads\/2026\/09\/IMG_20260902_163549.jpg\" alt=\"\" class=\"wp-image-16965\"\/><figcaption class=\"wp-element-caption\">Coleguinhas e as passagens de v\u00eddeo<\/figcaption><\/figure><\/div>\n\n<div class=\"wp-block-image\">\n<figure class=\"aligncenter size-full\"><img loading=\"lazy\" decoding=\"async\" width=\"562\" height=\"750\" src=\"https:\/\/dedemesquita.com.br\/wp-content\/uploads\/2026\/09\/IMG_20260902_165521-1.jpg\" alt=\"\" class=\"wp-image-16967\"\/><figcaption class=\"wp-element-caption\">Equipe da TV Globo\/ G1 Rio de Janeiro nas entrevistas<\/figcaption><\/figure><\/div>\n\n<div class=\"wp-block-image\">\n<figure class=\"aligncenter size-full\"><img loading=\"lazy\" decoding=\"async\" width=\"562\" height=\"750\" src=\"https:\/\/dedemesquita.com.br\/wp-content\/uploads\/2026\/09\/IMG_20260902_175230.jpg\" alt=\"\" class=\"wp-image-16968\"\/><figcaption class=\"wp-element-caption\">Sou filha de Deus e tamb\u00e9m vou aparecer por aqui, ora<\/figcaption><\/figure><\/div>\n\n\n<h2 class=\"wp-block-heading has-text-align-center\">A Cidade do Rock<\/h2>\n\n\n<div class=\"wp-block-image\">\n<figure class=\"aligncenter size-full\"><img loading=\"lazy\" decoding=\"async\" width=\"750\" height=\"553\" src=\"https:\/\/dedemesquita.com.br\/wp-content\/uploads\/2026\/09\/IMG_20260902_183112.jpg\" alt=\"\" class=\"wp-image-16969\"\/><figcaption class=\"wp-element-caption\">O famoso port\u00e3o P5, a entrada principal, onde sempre existe um congestionamento de pessoas por conta de garantir a foto<\/figcaption><\/figure><\/div>\n\n<div class=\"wp-block-image\">\n<figure class=\"aligncenter size-full\"><img loading=\"lazy\" decoding=\"async\" width=\"750\" height=\"562\" src=\"https:\/\/dedemesquita.com.br\/wp-content\/uploads\/2026\/09\/IMG_20260902_181340.jpg\" alt=\"\" class=\"wp-image-16970\"\/><figcaption class=\"wp-element-caption\">Uma das gerais da \u00e1rea da Cidade do Rock<\/figcaption><\/figure><\/div>\n\n<div class=\"wp-block-image\">\n<figure class=\"aligncenter size-full\"><img loading=\"lazy\" decoding=\"async\" width=\"750\" height=\"562\" src=\"https:\/\/dedemesquita.com.br\/wp-content\/uploads\/2026\/09\/IMG_20260902_170602.jpg\" alt=\"\" class=\"wp-image-16971\"\/><figcaption class=\"wp-element-caption\">Outro lugar super disputado para fazer fotos<\/figcaption><\/figure><\/div>\n\n<div class=\"wp-block-image\">\n<figure class=\"aligncenter size-full\"><img loading=\"lazy\" decoding=\"async\" width=\"677\" height=\"750\" src=\"https:\/\/dedemesquita.com.br\/wp-content\/uploads\/2026\/09\/IMG_20260902_170855.jpg\" alt=\"\" class=\"wp-image-16972\"\/><figcaption class=\"wp-element-caption\">A ronda gigante do Ita\u00fa Unibanco est\u00e1 de volta. Tem que reservar no app para passear nela.<\/figcaption><\/figure><\/div>\n\n<div class=\"wp-block-image\">\n<figure class=\"aligncenter size-full\"><img loading=\"lazy\" decoding=\"async\" width=\"562\" height=\"750\" src=\"https:\/\/dedemesquita.com.br\/wp-content\/uploads\/2026\/09\/IMG_20260902_171836.jpg\" alt=\"\" class=\"wp-image-16973\"\/><figcaption class=\"wp-element-caption\">Tirolesa para dar close passando, pendurado e &#8216;voando&#8217;, em frente ao palco Mundo. Tem que reservar tamb\u00e9m.<\/figcaption><\/figure><\/div>\n\n<div class=\"wp-block-image\">\n<figure class=\"aligncenter size-full\"><img loading=\"lazy\" decoding=\"async\" width=\"750\" height=\"562\" src=\"https:\/\/dedemesquita.com.br\/wp-content\/uploads\/2026\/09\/IMG_20260902_165823.jpg\" alt=\"\" class=\"wp-image-16974\"\/><figcaption class=\"wp-element-caption\">\u00c1rea de acessibilidade do palco Mundo<\/figcaption><\/figure><\/div>\n\n<div class=\"wp-block-image\">\n<figure class=\"aligncenter size-full\"><img loading=\"lazy\" decoding=\"async\" width=\"702\" height=\"750\" src=\"https:\/\/dedemesquita.com.br\/wp-content\/uploads\/2026\/09\/IMG_20260902_165105.jpg\" alt=\"\" class=\"wp-image-16975\"\/><figcaption class=\"wp-element-caption\">Em todos os dias do festival haver\u00e1 The Flight, espet\u00e1culo a\u00e9reo acrob\u00e1tico realizado pela Esquadrilha C\u00e9u, que ocorre na abertura do Palco Mundo, Chegue cedo para assistir. <\/figcaption><\/figure><\/div>\n\n<div class=\"wp-block-image\">\n<figure class=\"aligncenter size-full\"><img loading=\"lazy\" decoding=\"async\" width=\"750\" height=\"516\" src=\"https:\/\/dedemesquita.com.br\/wp-content\/uploads\/2026\/09\/IMG_20260902_170923.jpg\" alt=\"\" class=\"wp-image-16976\"\/><figcaption class=\"wp-element-caption\">A Gourmet Square, que neste ano conta com curadoria do chef Pedro Siqueira e re\u00fane os restaurantes S\u00ecs\u00ec Pizza, Pepe Hot Dogs, Gurum\u00ea, TT. Burguer, Albis, Bora Bai\u00e3o, Chicharr\u00f3n e Cumbuca<\/figcaption><\/figure><\/div>\n\n\n<p><strong>Palcos<\/strong>:<\/p>\n\n\n<div class=\"wp-block-image\">\n<figure class=\"aligncenter size-full\"><img loading=\"lazy\" decoding=\"async\" width=\"750\" height=\"562\" src=\"https:\/\/dedemesquita.com.br\/wp-content\/uploads\/2026\/09\/IMG_20260902_165233.jpg\" alt=\"\" class=\"wp-image-16977\"\/><figcaption class=\"wp-element-caption\">O maior de todos, o palco Mundo recebe os <em>headliners<\/em> do RiR, com Foo Fighters, no dia 4; Elton John, dia 7; Maroon Five, Twenty One Pilots, que faz sua estreia no Festival; Avenged Sevenfold, Calvin Harris, Stray Kids, no dia dedicado ao K-pop. \u00c9 uma estrutura frontal in\u00e9dita, inteiramente revestida por 2.400 m\u00b2 de pain\u00e9is de LED de alt\u00edssima defini\u00e7\u00e3o, em um gigantesco painel visual, com mais luzes de LED que todos os Rock in Rio passados.<\/figcaption><\/figure><\/div>\n\n<div class=\"wp-block-image\">\n<figure class=\"aligncenter size-full\"><img loading=\"lazy\" decoding=\"async\" width=\"750\" height=\"679\" src=\"https:\/\/dedemesquita.com.br\/wp-content\/uploads\/2026\/09\/IMG_20260902_170200.jpg\" alt=\"\" class=\"wp-image-16978\"\/><figcaption class=\"wp-element-caption\">Palco Sunset recebe muita m\u00fasica brasileira e nomes internacionais com Jamiroquai<\/figcaption><\/figure><\/div>\n\n\n<p>No palco <strong>Sunset <\/strong>ser\u00e1 onde a cantora paraense <strong>Joelma<\/strong> se apresenta no Rock in Rio 2026, no <strong>domingo, dia 13, \u00e0s 18h05<\/strong>, em uma performance especial intitulada <strong>&#8220;Joelma convida Viviane Batid\u00e3o&#8221;<\/strong>. <\/p>\n\n\n\n<p>Tamb\u00e9m no <strong>Sunset<\/strong>, a cantora paraense <strong>Zaynara<\/strong> se apresenta, <strong>na sexta-feira, dia 11<\/strong>, \u00e0s<strong> 15h30<\/strong>, em uma participa\u00e7\u00e3o mega especial no show de abertura do palco, no projeto intitulado <strong>&#8220;Jota.P\u00ea convida Luedji Luna e Zaynara&#8221;. <\/strong><\/p>\n\n\n<div class=\"wp-block-image\">\n<figure class=\"aligncenter size-full\"><img loading=\"lazy\" decoding=\"async\" width=\"750\" height=\"562\" src=\"https:\/\/dedemesquita.com.br\/wp-content\/uploads\/2026\/09\/IMG_20260902_174752.jpg\" alt=\"\" class=\"wp-image-16979\"\/><figcaption class=\"wp-element-caption\">Palco Favela, no evento teste teve show de Suel<\/figcaption><\/figure><\/div>\n\n<div class=\"wp-block-image\">\n<figure class=\"aligncenter size-full\"><img loading=\"lazy\" decoding=\"async\" width=\"750\" height=\"562\" src=\"https:\/\/dedemesquita.com.br\/wp-content\/uploads\/2026\/09\/IMG_20260902_174932.jpg\" alt=\"\" class=\"wp-image-16980\"\/><figcaption class=\"wp-element-caption\">P\u00fablico acompanhando o show de Suel<\/figcaption><\/figure><\/div>\n\n<div class=\"wp-block-image\">\n<figure class=\"aligncenter size-full\"><img loading=\"lazy\" decoding=\"async\" width=\"750\" height=\"562\" src=\"https:\/\/dedemesquita.com.br\/wp-content\/uploads\/2026\/09\/IMG_20260902_174229.jpg\" alt=\"\" class=\"wp-image-16981\"\/><figcaption class=\"wp-element-caption\">O palco Supernova \u00e9 um dos mais bonitos na Cidade do Rock<\/figcaption><\/figure><\/div>\n\n<div class=\"wp-block-image\">\n<figure class=\"aligncenter size-full\"><img loading=\"lazy\" decoding=\"async\" width=\"562\" height=\"750\" src=\"https:\/\/dedemesquita.com.br\/wp-content\/uploads\/2026\/09\/IMG_20260902_175055.jpg\" alt=\"\" class=\"wp-image-16982\"\/><figcaption class=\"wp-element-caption\">Para curtir m\u00fasica eletr\u00f4nica, muitas luzes e proje\u00e7\u00f5es, no palco New Dance Order, que ganhou um novo formato que lembra a letra M <\/figcaption><\/figure><\/div>\n\n<div class=\"wp-block-image\">\n<figure class=\"aligncenter size-full\"><img loading=\"lazy\" decoding=\"async\" width=\"750\" height=\"562\" src=\"https:\/\/dedemesquita.com.br\/wp-content\/uploads\/2026\/09\/IMG_20260902_173709.jpg\" alt=\"\" class=\"wp-image-16983\"\/><figcaption class=\"wp-element-caption\">Palco da Global Village, com cenografia que traz impressionante r\u00e9plica arquitet\u00f4nica inspirada na fachada hist\u00f3rica do Theatro Municipal do Rio de Janeiro, localizado no Centro da cidade<\/figcaption><\/figure><\/div>\n\n\n<p>O show da <strong>&#8220;Lambateria&#8221; com F\u00e9lix Robatto <\/strong>ser\u00e1 na sexta-feira, dia 11, no palco <strong>Global Village<\/strong>. <\/p>\n","protected":false},"excerpt":{"rendered":"<p>Rio de Janeiro, 3 de setembro de 2026 &#8211; E, olha noixxx aqui outra vez. Como fala meu colega Alan Bordallo, &#8220;A gente n\u00e3o pode PERDER todas!&#8221; e, um dia, os dias de gl\u00f3ria chegam. O site est\u00e1 na cobertura do Rock in Rio 2026 &#8211;RiR e vai te mostrar os bastidores desse grande evento. [&hellip;]<\/p>\n","protected":false},"author":2,"featured_media":16958,"comment_status":"open","ping_status":"open","sticky":false,"template":"","format":"standard","meta":{"footnotes":""},"categories":[51,14,29],"tags":[206,1333,1341,1335,595,119,120,1338,1340,1336,1339,1332,724,1331,1334,725,1072,1337],"class_list":["post-16957","post","type-post","status-publish","format-standard","has-post-thumbnail","hentry","category-destaque","category-imprensa","category-jornalismo","tag-approach-comunicacao","tag-eduardo-cavaliere","tag-felix-robatto","tag-itau","tag-joelma","tag-jornalismo","tag-jornalistas-paraenses-em-acao","tag-jota-pe","tag-lambateria","tag-lollapalooza-brasil","tag-luedji-luna","tag-roberta-medina","tag-rock-in-rio","tag-rock-world","tag-rodrigo-montesano","tag-the-town","tag-viviane-batidao","tag-zaynara"],"yoast_head":"<!-- This site is optimized with the Yoast SEO plugin v19.10 - https:\/\/yoast.com\/wordpress\/plugins\/seo\/ -->\n<title>Evento teste na Cidade do Rock apresenta as novidades do Rock in Rio 2026 - Ded\u00e9 Mesquita<\/title>\n<meta name=\"robots\" content=\"index, follow, max-snippet:-1, max-image-preview:large, max-video-preview:-1\" \/>\n<link rel=\"canonical\" href=\"https:\/\/dedemesquita.com.br\/?p=16957\" \/>\n<meta property=\"og:locale\" content=\"pt_BR\" \/>\n<meta property=\"og:type\" content=\"article\" \/>\n<meta property=\"og:title\" content=\"Evento teste na Cidade do Rock apresenta as novidades do Rock in Rio 2026 - Ded\u00e9 Mesquita\" \/>\n<meta property=\"og:description\" content=\"Rio de Janeiro, 3 de setembro de 2026 &#8211; E, olha noixxx aqui outra vez. Como fala meu colega Alan Bordallo, &#8220;A gente n\u00e3o pode PERDER todas!&#8221; e, um dia, os dias de gl\u00f3ria chegam. O site est\u00e1 na cobertura do Rock in Rio 2026 &#8211;RiR e vai te mostrar os bastidores desse grande evento. [&hellip;]\" \/>\n<meta property=\"og:url\" content=\"https:\/\/dedemesquita.com.br\/?p=16957\" \/>\n<meta property=\"og:site_name\" content=\"Ded\u00e9 Mesquita\" \/>\n<meta property=\"article:publisher\" content=\"https:\/\/www.facebook.com\/dede.mesquita\" \/>\n<meta property=\"article:published_time\" content=\"2026-09-03T13:54:53+00:00\" \/>\n<meta property=\"article:modified_time\" content=\"2026-09-03T14:48:27+00:00\" \/>\n<meta property=\"og:image\" content=\"https:\/\/dedemesquita.com.br\/wp-content\/uploads\/2026\/09\/capa.jpg\" \/>\n\t<meta property=\"og:image:width\" content=\"950\" \/>\n\t<meta property=\"og:image:height\" content=\"680\" \/>\n\t<meta property=\"og:image:type\" content=\"image\/jpeg\" \/>\n<meta name=\"author\" content=\"Ded\u00e9 Mesquita\" \/>\n<meta name=\"twitter:card\" content=\"summary_large_image\" \/>\n<meta name=\"twitter:creator\" content=\"@dedemesquita\" \/>\n<meta name=\"twitter:site\" content=\"@dedemesquita\" \/>\n<meta name=\"twitter:label1\" content=\"Escrito por\" \/>\n\t<meta name=\"twitter:data1\" content=\"Ded\u00e9 Mesquita\" \/>\n\t<meta name=\"twitter:label2\" content=\"Est. tempo de leitura\" \/>\n\t<meta name=\"twitter:data2\" content=\"9 minutos\" \/>\n<script type=\"application\/ld+json\" class=\"yoast-schema-graph\">{\"@context\":\"https:\/\/schema.org\",\"@graph\":[{\"@type\":\"WebPage\",\"@id\":\"https:\/\/dedemesquita.com.br\/?p=16957\",\"url\":\"https:\/\/dedemesquita.com.br\/?p=16957\",\"name\":\"Evento teste na Cidade do Rock apresenta as novidades do Rock in Rio 2026 - Ded\u00e9 Mesquita\",\"isPartOf\":{\"@id\":\"https:\/\/dedemesquita.com.br\/#website\"},\"datePublished\":\"2026-09-03T13:54:53+00:00\",\"dateModified\":\"2026-09-03T14:48:27+00:00\",\"author\":{\"@id\":\"https:\/\/dedemesquita.com.br\/#\/schema\/person\/36571f81dd2d76dc3ab37231542c9e24\"},\"breadcrumb\":{\"@id\":\"https:\/\/dedemesquita.com.br\/?p=16957#breadcrumb\"},\"inLanguage\":\"pt-BR\",\"potentialAction\":[{\"@type\":\"ReadAction\",\"target\":[\"https:\/\/dedemesquita.com.br\/?p=16957\"]}]},{\"@type\":\"BreadcrumbList\",\"@id\":\"https:\/\/dedemesquita.com.br\/?p=16957#breadcrumb\",\"itemListElement\":[{\"@type\":\"ListItem\",\"position\":1,\"name\":\"In\u00edcio\",\"item\":\"https:\/\/dedemesquita.com.br\/\"},{\"@type\":\"ListItem\",\"position\":2,\"name\":\"Evento teste na Cidade do Rock apresenta as novidades do Rock in Rio 2026\"}]},{\"@type\":\"WebSite\",\"@id\":\"https:\/\/dedemesquita.com.br\/#website\",\"url\":\"https:\/\/dedemesquita.com.br\/\",\"name\":\"Ded\u00e9 Mesquita\",\"description\":\"Um site que mostra os bastidores da imprensa no estado do Par\u00e1 e em Bel\u00e9m\",\"potentialAction\":[{\"@type\":\"SearchAction\",\"target\":{\"@type\":\"EntryPoint\",\"urlTemplate\":\"https:\/\/dedemesquita.com.br\/?s={search_term_string}\"},\"query-input\":\"required name=search_term_string\"}],\"inLanguage\":\"pt-BR\"},{\"@type\":\"Person\",\"@id\":\"https:\/\/dedemesquita.com.br\/#\/schema\/person\/36571f81dd2d76dc3ab37231542c9e24\",\"name\":\"Ded\u00e9 Mesquita\",\"image\":{\"@type\":\"ImageObject\",\"inLanguage\":\"pt-BR\",\"@id\":\"https:\/\/dedemesquita.com.br\/#\/schema\/person\/image\/\",\"url\":\"https:\/\/dedemesquita.com.br\/wp-content\/uploads\/2021\/02\/foto_perfil-150x150.jpg\",\"contentUrl\":\"https:\/\/dedemesquita.com.br\/wp-content\/uploads\/2021\/02\/foto_perfil-150x150.jpg\",\"caption\":\"Ded\u00e9 Mesquita\"},\"sameAs\":[\"https:\/\/dedemesquita.com.br\"]}]}<\/script>\n<!-- \/ Yoast SEO plugin. -->","yoast_head_json":{"title":"Evento teste na Cidade do Rock apresenta as novidades do Rock in Rio 2026 - Ded\u00e9 Mesquita","robots":{"index":"index","follow":"follow","max-snippet":"max-snippet:-1","max-image-preview":"max-image-preview:large","max-video-preview":"max-video-preview:-1"},"canonical":"https:\/\/dedemesquita.com.br\/?p=16957","og_locale":"pt_BR","og_type":"article","og_title":"Evento teste na Cidade do Rock apresenta as novidades do Rock in Rio 2026 - Ded\u00e9 Mesquita","og_description":"Rio de Janeiro, 3 de setembro de 2026 &#8211; E, olha noixxx aqui outra vez. Como fala meu colega Alan Bordallo, &#8220;A gente n\u00e3o pode PERDER todas!&#8221; e, um dia, os dias de gl\u00f3ria chegam. O site est\u00e1 na cobertura do Rock in Rio 2026 &#8211;RiR e vai te mostrar os bastidores desse grande evento. [&hellip;]","og_url":"https:\/\/dedemesquita.com.br\/?p=16957","og_site_name":"Ded\u00e9 Mesquita","article_publisher":"https:\/\/www.facebook.com\/dede.mesquita","article_published_time":"2026-09-03T13:54:53+00:00","article_modified_time":"2026-09-03T14:48:27+00:00","og_image":[{"width":950,"height":680,"url":"https:\/\/dedemesquita.com.br\/wp-content\/uploads\/2026\/09\/capa.jpg","type":"image\/jpeg"}],"author":"Ded\u00e9 Mesquita","twitter_card":"summary_large_image","twitter_creator":"@dedemesquita","twitter_site":"@dedemesquita","twitter_misc":{"Escrito por":"Ded\u00e9 Mesquita","Est. tempo de leitura":"9 minutos"},"schema":{"@context":"https:\/\/schema.org","@graph":[{"@type":"WebPage","@id":"https:\/\/dedemesquita.com.br\/?p=16957","url":"https:\/\/dedemesquita.com.br\/?p=16957","name":"Evento teste na Cidade do Rock apresenta as novidades do Rock in Rio 2026 - Ded\u00e9 Mesquita","isPartOf":{"@id":"https:\/\/dedemesquita.com.br\/#website"},"datePublished":"2026-09-03T13:54:53+00:00","dateModified":"2026-09-03T14:48:27+00:00","author":{"@id":"https:\/\/dedemesquita.com.br\/#\/schema\/person\/36571f81dd2d76dc3ab37231542c9e24"},"breadcrumb":{"@id":"https:\/\/dedemesquita.com.br\/?p=16957#breadcrumb"},"inLanguage":"pt-BR","potentialAction":[{"@type":"ReadAction","target":["https:\/\/dedemesquita.com.br\/?p=16957"]}]},{"@type":"BreadcrumbList","@id":"https:\/\/dedemesquita.com.br\/?p=16957#breadcrumb","itemListElement":[{"@type":"ListItem","position":1,"name":"In\u00edcio","item":"https:\/\/dedemesquita.com.br\/"},{"@type":"ListItem","position":2,"name":"Evento teste na Cidade do Rock apresenta as novidades do Rock in Rio 2026"}]},{"@type":"WebSite","@id":"https:\/\/dedemesquita.com.br\/#website","url":"https:\/\/dedemesquita.com.br\/","name":"Ded\u00e9 Mesquita","description":"Um site que mostra os bastidores da imprensa no estado do Par\u00e1 e em Bel\u00e9m","potentialAction":[{"@type":"SearchAction","target":{"@type":"EntryPoint","urlTemplate":"https:\/\/dedemesquita.com.br\/?s={search_term_string}"},"query-input":"required name=search_term_string"}],"inLanguage":"pt-BR"},{"@type":"Person","@id":"https:\/\/dedemesquita.com.br\/#\/schema\/person\/36571f81dd2d76dc3ab37231542c9e24","name":"Ded\u00e9 Mesquita","image":{"@type":"ImageObject","inLanguage":"pt-BR","@id":"https:\/\/dedemesquita.com.br\/#\/schema\/person\/image\/","url":"https:\/\/dedemesquita.com.br\/wp-content\/uploads\/2021\/02\/foto_perfil-150x150.jpg","contentUrl":"https:\/\/dedemesquita.com.br\/wp-content\/uploads\/2021\/02\/foto_perfil-150x150.jpg","caption":"Ded\u00e9 Mesquita"},"sameAs":["https:\/\/dedemesquita.com.br"]}]}},"_links":{"self":[{"href":"https:\/\/dedemesquita.com.br\/index.php?rest_route=\/wp\/v2\/posts\/16957"}],"collection":[{"href":"https:\/\/dedemesquita.com.br\/index.php?rest_route=\/wp\/v2\/posts"}],"about":[{"href":"https:\/\/dedemesquita.com.br\/index.php?rest_route=\/wp\/v2\/types\/post"}],"author":[{"embeddable":true,"href":"https:\/\/dedemesquita.com.br\/index.php?rest_route=\/wp\/v2\/users\/2"}],"replies":[{"embeddable":true,"href":"https:\/\/dedemesquita.com.br\/index.php?rest_route=%2Fwp%2Fv2%2Fcomments&post=16957"}],"version-history":[{"count":6,"href":"https:\/\/dedemesquita.com.br\/index.php?rest_route=\/wp\/v2\/posts\/16957\/revisions"}],"predecessor-version":[{"id":16991,"href":"https:\/\/dedemesquita.com.br\/index.php?rest_route=\/wp\/v2\/posts\/16957\/revisions\/16991"}],"wp:featuredmedia":[{"embeddable":true,"href":"https:\/\/dedemesquita.com.br\/index.php?rest_route=\/wp\/v2\/media\/16958"}],"wp:attachment":[{"href":"https:\/\/dedemesquita.com.br\/index.php?rest_route=%2Fwp%2Fv2%2Fmedia&parent=16957"}],"wp:term":[{"taxonomy":"category","embeddable":true,"href":"https:\/\/dedemesquita.com.br\/index.php?rest_route=%2Fwp%2Fv2%2Fcategories&post=16957"},{"taxonomy":"post_tag","embeddable":true,"href":"https:\/\/dedemesquita.com.br\/index.php?rest_route=%2Fwp%2Fv2%2Ftags&post=16957"}],"curies":[{"name":"wp","href":"https:\/\/api.w.org\/{rel}","templated":true}]}}