{"id":16869,"date":"2026-09-01T13:44:15","date_gmt":"2026-09-01T16:44:15","guid":{"rendered":"https:\/\/dedemesquita.com.br\/?p=16869"},"modified":"2026-09-01T16:36:12","modified_gmt":"2026-09-01T19:36:12","slug":"imprensa-na-cobertura-do-festival-choro-jazz-site-diario-apresenta-grande-crescimento-e-mais-uma-premiacao-para-temple-comunicacao","status":"publish","type":"post","link":"https:\/\/dedemesquita.com.br\/?p=16869","title":{"rendered":"Imprensa na cobertura do Festival Choro Jazz, site DI\u00c1RIO apresenta grande crescimento e mais uma premia\u00e7\u00e3o para Temple Comunica\u00e7\u00e3o"},"content":{"rendered":"\n<p><strong>Bel\u00e9m, 1 de setembro de 2026 &#8211; <\/strong>Ufa! chegamos em <strong>setembro<\/strong> e n\u00e3o te esquece que s\u00e3o <strong>40 dias<\/strong> at\u00e9 o <strong>C\u00edrio de Nossa Senhora de Nazar\u00e9<\/strong> e <strong>menos de um m\u00eas <\/strong>para o primeiro turno das <strong>Elei\u00e7\u00f5es Gerais de 2026<\/strong>. Depois disso tudo, <strong>o ano acaba<\/strong>. Tu sabes disso!<\/p>\n\n\n\n<h2 class=\"wp-block-heading has-text-align-center\">Mudan\u00e7as nas reda\u00e7\u00f5es<\/h2>\n\n\n\n<p><strong>Soraya &#8211; Soraya Wanzeller,<\/strong> que tamb\u00e9m \u00e9 formada em Psicologia, deixou a <strong>TV Cultura<\/strong>, depois de muitos anos. Ela assumiu o cargo de psic\u00f3loga concursada no <strong>Tribunal de Justi\u00e7a do Par\u00e1 &#8211; TJPA<\/strong>, cuja posse dos novos servidores foi <strong>nesta ter\u00e7a-feira, 1<\/strong>. <\/p>\n\n\n<div class=\"wp-block-image\">\n<figure class=\"aligncenter size-full\"><img loading=\"lazy\" decoding=\"async\" width=\"448\" height=\"700\" src=\"https:\/\/dedemesquita.com.br\/wp-content\/uploads\/2026\/09\/Screenshot_2026-09-01-12-18-09-588_com.instagram.android.jpg\" alt=\"\" class=\"wp-image-16947\"\/><figcaption class=\"wp-element-caption\">Soraya deixou a TV Cultura&#8230;<\/figcaption><\/figure><\/div>\n\n<div class=\"wp-block-image\">\n<figure class=\"aligncenter size-full\"><img loading=\"lazy\" decoding=\"async\" width=\"470\" height=\"700\" src=\"https:\/\/dedemesquita.com.br\/wp-content\/uploads\/2026\/09\/Screenshot_2026-09-01-14-42-31-995_com.instagram.android.jpg\" alt=\"\" class=\"wp-image-16950\"\/><figcaption class=\"wp-element-caption\">&#8230; e assumiu novo cargo no TJPA<\/figcaption><\/figure><\/div>\n\n\n<p><strong>Cunha &#8211; J\u00fanior Cunha<\/strong>, que atuava com frila, \u00e9 o mais novo contratado da editoria de Esportes do <strong>Reda\u00e7\u00e3o Integrada O Liberal<\/strong>. Ele tamb\u00e9m atua como editor na <strong>TV Norte SBT Par\u00e1<\/strong>. &nbsp;<\/p>\n\n\n<div class=\"wp-block-image\">\n<figure class=\"aligncenter size-full\"><img loading=\"lazy\" decoding=\"async\" width=\"500\" height=\"468\" src=\"https:\/\/dedemesquita.com.br\/wp-content\/uploads\/2026\/09\/Junior-Cunha.jpeg\" alt=\"\" class=\"wp-image-16875\"\/><figcaption class=\"wp-element-caption\">J\u00fanior Cunha, de fato e de direito no grupo O Liberal <\/figcaption><\/figure><\/div>\n\n\n<p><strong>Bruna &#8211; Bruna Cabral <\/strong>come\u00e7ou a trabalhar na coordena\u00e7\u00e3o de conte\u00fado na <strong>ag\u00eancia TODAS<\/strong> de Comunica\u00e7\u00e3o. Antes, ela estava na <strong>Troika Marketing<\/strong>. &nbsp;<\/p>\n\n\n<div class=\"wp-block-image\">\n<figure class=\"aligncenter size-full\"><img loading=\"lazy\" decoding=\"async\" width=\"416\" height=\"500\" src=\"https:\/\/dedemesquita.com.br\/wp-content\/uploads\/2026\/09\/Bruna-Cabral.jpeg\" alt=\"\" class=\"wp-image-16876\"\/><figcaption class=\"wp-element-caption\">Bruna come\u00e7ou na ag\u00eancia TODAS<\/figcaption><\/figure><\/div>\n\n\n<p><strong>Carol &#8211; Carol Bou\u00e7\u00e3o,<\/strong> deixou a reda\u00e7\u00e3o da <strong>TV Liberal<\/strong>, onde atuou como editora. Ela mandou avisar que novos projetos j\u00e1 est\u00e3o em estudo.&nbsp;&nbsp;&nbsp;<\/p>\n\n\n<div class=\"wp-block-image\">\n<figure class=\"aligncenter size-full\"><img loading=\"lazy\" decoding=\"async\" width=\"504\" height=\"658\" src=\"https:\/\/dedemesquita.com.br\/wp-content\/uploads\/2026\/09\/Carolina-Boucao.jpeg\" alt=\"\" class=\"wp-image-16877\"\/><figcaption class=\"wp-element-caption\">Carol Bou\u00e7\u00e3o deixou a TV Liberal <\/figcaption><\/figure><\/div>\n\n\n<p><strong>Falc\u00e3o em BH &#8211; Paulo Falc\u00e3o<\/strong> comemorou dois anos na ag\u00eancia <strong>Temple Comunica\u00e7\u00e3o<\/strong> com a nova jornada de coordena\u00e7\u00e3o do time de comunica\u00e7\u00e3o integrada de <strong>Belo Horizonte, em Minas Gerais<\/strong>. &nbsp;<\/p>\n\n\n<div class=\"wp-block-image\">\n<figure class=\"aligncenter size-full\"><img loading=\"lazy\" decoding=\"async\" width=\"709\" height=\"750\" src=\"https:\/\/dedemesquita.com.br\/wp-content\/uploads\/2026\/09\/Paulo-Falcao.jpg\" alt=\"\" class=\"wp-image-16878\"\/><figcaption class=\"wp-element-caption\">Paulo Falc\u00e3o, \u00e0 frente, assumiu a coordena\u00e7\u00e3o do time de comunica\u00e7\u00e3o integrada da Temple em Belo Horizonte<\/figcaption><\/figure><\/div>\n\n\n<p><strong>Camila &#8211; Camila Valentim<\/strong>, que \u00e9 jornalista e trabalhou no jornal <strong>O Liberal<\/strong>, fez outra faculdade, mudou de profiss\u00e3o e agora \u00e9 coordenadora de Nutri\u00e7\u00e3o da <strong>Funpapa, da Prefeitura de Bel\u00e9m<\/strong>.<\/p>\n\n\n<div class=\"wp-block-image\">\n<figure class=\"aligncenter size-full\"><img loading=\"lazy\" decoding=\"async\" width=\"549\" height=\"650\" src=\"https:\/\/dedemesquita.com.br\/wp-content\/uploads\/2026\/09\/Camilia-Valentim.jpg\" alt=\"\" class=\"wp-image-16879\"\/><figcaption class=\"wp-element-caption\">Camila continua comunicadora, mas atuando com mais \u00eanfase em Nutri\u00e7\u00e3o<\/figcaption><\/figure><\/div>\n\n\n<h2 class=\"wp-block-heading has-text-align-center\">Site do jornal DI\u00c1RIO DO PAR\u00c1 supera 1 milh\u00e3o de acessos e caminha para a vice-lideran\u00e7a no Estado<\/h2>\n\n\n\n<p><strong>Crescimento &#8211; <\/strong>O jornal <strong>Di\u00e1rio do Par\u00e1 completou 44 anos de funda\u00e7\u00e3o<\/strong> no final de agosto, com destaque para o site do jornal, ve\u00edculo ca\u00e7ula do grupo <strong>Rede Brasil Amaz\u00f4nia &#8211; RBA<\/strong>, com quatro anos no ar, que ultrapassou a barreira de <strong>1 milh\u00e3o de acessos\/m\u00eas<\/strong>, caminhando para se tornar o segundo site de not\u00edcias mais acessado do estado do Par\u00e1. Caso a performance se confirme, o <strong>site do DI\u00c1RIO <\/strong>ficar\u00e1 atr\u00e1s apenas do DOL &#8211; do mesmo grupo &#8211; que contava at\u00e9 segunda-feira, 31, com cerca de 4 milh\u00f5es de acessos em agosto, permanecendo na lideran\u00e7a absoluta no segmento no Norte e Nordeste. O site do DI\u00c1RIO j\u00e1 ultrapassou o <strong>portal Roma News<\/strong> no volume de acessos e <em>\u201cmorde o calcanhar\u201d <\/em>de <strong>O Liberal Digital<\/strong>, ainda o vice-l\u00edder em acessos no Estado. No final da tarde de segunda-feira, 31, o site do DI\u00c1RIO j\u00e1 acumulava cerca de 1,4 milh\u00e3o de acessos. <strong>Clayton Matos<\/strong>, diretor de Reda\u00e7\u00e3o do DI\u00c1RIO, est\u00e1 no projeto desde o in\u00edcio, sendo um dos principais respons\u00e1veis pelo sucesso da plataforma, e a coordenadora D\u00e9bora Costa, comemoram os n\u00fameros junto com a equipe. <\/p>\n\n\n<div class=\"wp-block-image\">\n<figure class=\"aligncenter size-full\"><img loading=\"lazy\" decoding=\"async\" width=\"700\" height=\"394\" src=\"https:\/\/dedemesquita.com.br\/wp-content\/uploads\/2026\/09\/Clayton-Matos_-gerente-site-DIARIO.jpeg\" alt=\"\" class=\"wp-image-16880\"\/><figcaption class=\"wp-element-caption\">Clayton Matos \u00e9 o diretor de Reda\u00e7\u00e3o do DI\u00c1RIO<\/figcaption><\/figure><\/div>\n\n\n<p><strong>Hard News &#8211; <\/strong>D\u00e9bora coordena o pilar \u201cHard News\u201d &#8211; pautas de pol\u00edtica, economia, seguran\u00e7a p\u00fablica, sa\u00fade e ci\u00eancia, esporte e atualidades &#8211; que tem \u00e0 frente os \u201cveteranos\u201d <strong>Luiz Fl\u00e1vio Costa<\/strong>, o <em>Luiz\u00e3o<\/em>, e <strong>Carol Menezes<\/strong>, al\u00e9m de <strong>Matheus de Oliveira<\/strong>, <strong>Trayce Melo<\/strong> e <strong>Igor Pereira<\/strong>. <\/p>\n\n\n<div class=\"wp-block-image\">\n<figure class=\"aligncenter size-full\"><img loading=\"lazy\" decoding=\"async\" width=\"800\" height=\"533\" src=\"https:\/\/dedemesquita.com.br\/wp-content\/uploads\/2026\/09\/Equipe-site-DIARIO-1.jpeg\" alt=\"\" class=\"wp-image-16881\" srcset=\"https:\/\/dedemesquita.com.br\/wp-content\/uploads\/2026\/09\/Equipe-site-DIARIO-1.jpeg 800w, https:\/\/dedemesquita.com.br\/wp-content\/uploads\/2026\/09\/Equipe-site-DIARIO-1-768x512.jpeg 768w\" sizes=\"(max-width: 800px) 100vw, 800px\" \/><figcaption class=\"wp-element-caption\">D\u00e9bora coordena o pilar Hard News que tem \u00e0 frente os rep\u00f3rteres Luiz Fl\u00e1vio Costa, Luiz\u00e3o, e Carol Menezes, Matheus de Oliveira, Trayce Melo e Igor Pereira<\/figcaption><\/figure><\/div>\n\n\n<p><strong>Soft News &#8211; <\/strong>J\u00e1 Luiz Oct\u00e1vio Lucas, coordena o pilar <strong>Soft News<\/strong> &#8211; entretenimento, estilo de vida, cultura, sa\u00fade e comportamento -, que conta com os rep\u00f3rteres <strong>Cintia Magno<\/strong>, <strong>Luiz Augusto Andrade<\/strong> e <strong>Even Oliveira<\/strong>. <strong>Luiz\u00e3o<\/strong> e <strong>Carol<\/strong> come\u00e7aram a transi\u00e7\u00e3o para a plataforma digital, com sucesso, desde o segundo semestre de 2025 e a premiada <strong>C\u00edntia Magno<\/strong> passou a integrar a equipe este ano. A ideia \u00e9 levar \u00e0 plataforma toda a credibilidade editorial constru\u00edda pelo ve\u00edculo nesses 44 anos de impresso. O site vem obtendo \u00eaxito, com uma equipe altamente qualificada e comprometida com o projeto. Sucesso! Para acessar:<strong> <a href=\"https:\/\/diariodopara.com.br\/\" target=\"_blank\" rel=\"noreferrer noopener\">https:\/\/diariodopara.com.br\/<\/a>&nbsp;<\/strong><\/p>\n\n\n<div class=\"wp-block-image\">\n<figure class=\"aligncenter size-full\"><img loading=\"lazy\" decoding=\"async\" width=\"750\" height=\"500\" src=\"https:\/\/dedemesquita.com.br\/wp-content\/uploads\/2026\/09\/Equipe-site-DIARIO-3.jpeg\" alt=\"\" class=\"wp-image-16882\"\/><figcaption class=\"wp-element-caption\">Luiz Oct\u00e1vio Lucas, coordena o pilar Soft News, que conta com os rep\u00f3rteres Cintia Magno, Luiz Augusto Andrade e Even Oliveira.<\/figcaption><\/figure><\/div>\n\n\n<h2 class=\"wp-block-heading has-text-align-center\">Outras not\u00edcias<\/h2>\n\n\n\n<p><strong>Premia\u00e7\u00e3o &#8211; <\/strong>Na semana passada, a <strong>Temple Comunica\u00e7\u00e3o<\/strong>, de Bel\u00e9m, foi reconhecida como <strong>Melhor Ag\u00eancia de Comunica\u00e7\u00e3o da Regi\u00e3o Norte<\/strong>, e <strong>Danielle Redig<\/strong>, da Vale Metais B\u00e1sicos, tamb\u00e9m foi premiada na categoria <strong>Executiva de Comunica\u00e7\u00e3o<\/strong>. \u00c9 a s\u00e9tima vez em que a Temple recebe essa premia\u00e7\u00e3o. O an\u00fancio dos vencedores e a entrega dos trof\u00e9us ocorreram na quarta-feira, 26, em S\u00e3o Paulo e a ag\u00eancia foi representada na cerim\u00f4nia por <strong>Alexandre Ram\u00f4a<\/strong>, diretor de Projetos Estrat\u00e9gicos da empresa. Para <strong>Cleide Pinheiro<\/strong>, CEO da Temple, o s\u00e9timo t\u00edtulo refor\u00e7a a trajet\u00f3ria da ag\u00eancia e a relev\u00e2ncia de uma atua\u00e7\u00e3o estrat\u00e9gica desenvolvida a partir da Amaz\u00f4nia. \u201cEsse reconhecimento pertence a cada um dos nossos templ\u00e1rios e templ\u00e1rias, aos clientes e parceiros que confiam em nossa vis\u00e3o estrat\u00e9gica. A celebra\u00e7\u00e3o se torna ainda mais especial com a vit\u00f3ria de <strong>Danielle Redig<\/strong>, uma parceira de longa data que inspira o mercado. Parab\u00e9ns a ela e a todos os executivos e executivas que fortalecem a comunica\u00e7\u00e3o na regi\u00e3o Norte\u201d, disse Cleide. Com mais de 28 anos de atua\u00e7\u00e3o e sede em Bel\u00e9m, a Temple consolidou sua presen\u00e7a nos mercados regional e nacional. Criado pela <strong>Mega Brasil Comunica\u00e7\u00e3o <\/strong>em 2015, o <strong>pr\u00eamio TOP Mega Brasil<\/strong> reconhece empresas e profissionais que se destacam no mercado de comunica\u00e7\u00e3o corporativa. Conhecidos no mercado como as &#8220;Feras da Comunica\u00e7\u00e3o&#8221;, os vencedores recebem o tradicional trof\u00e9u <strong>On\u00e7a Pintada<\/strong>.&nbsp;<\/p>\n\n\n<div class=\"wp-block-image\">\n<figure class=\"aligncenter size-full\"><img loading=\"lazy\" decoding=\"async\" width=\"624\" height=\"750\" src=\"https:\/\/dedemesquita.com.br\/wp-content\/uploads\/2026\/09\/WhatsApp-Image-2026-08-28-at-11.49.07-2.jpeg\" alt=\"\" class=\"wp-image-16884\"\/><figcaption class=\"wp-element-caption\">Alexandre Ram\u00f4a representou a Temple na premia\u00e7\u00e3o<\/figcaption><\/figure><\/div>\n\n<div class=\"wp-block-image\">\n<figure class=\"aligncenter size-full\"><img loading=\"lazy\" decoding=\"async\" width=\"442\" height=\"700\" src=\"https:\/\/dedemesquita.com.br\/wp-content\/uploads\/2026\/09\/Screenshot_2026-08-27-16-34-06-457_com.instagram.android.jpg\" alt=\"\" class=\"wp-image-16885\"\/><figcaption class=\"wp-element-caption\">Ram\u00f4a e a On\u00e7a Pintada<\/figcaption><\/figure><\/div>\n\n<div class=\"wp-block-image\">\n<figure class=\"aligncenter size-full\"><img loading=\"lazy\" decoding=\"async\" width=\"546\" height=\"600\" src=\"https:\/\/dedemesquita.com.br\/wp-content\/uploads\/2026\/09\/WhatsApp-Image-2026-09-01-at-11.43.54-1.jpeg\" alt=\"\" class=\"wp-image-16889\"\/><figcaption class=\"wp-element-caption\">Dani Redig foi escolhida a melhor executiva de comunica\u00e7\u00e3o da regi\u00e3o Norte <\/figcaption><\/figure><\/div>\n\n<div class=\"wp-block-image\">\n<figure class=\"aligncenter size-full\"><img loading=\"lazy\" decoding=\"async\" width=\"750\" height=\"502\" src=\"https:\/\/dedemesquita.com.br\/wp-content\/uploads\/2026\/09\/WhatsApp-Image-2026-08-28-at-11.49.07.jpeg\" alt=\"\" class=\"wp-image-16886\"\/><figcaption class=\"wp-element-caption\">Equipe da Temple Comunica\u00e7\u00e3o em Bel\u00e9m<\/figcaption><\/figure><\/div>\n\n<div class=\"wp-block-image\">\n<figure class=\"aligncenter size-full\"><img loading=\"lazy\" decoding=\"async\" width=\"524\" height=\"700\" src=\"https:\/\/dedemesquita.com.br\/wp-content\/uploads\/2026\/09\/Screenshot_2026-08-28-03-04-53-627_com.instagram.android.jpg\" alt=\"\" class=\"wp-image-16887\"\/><figcaption class=\"wp-element-caption\">Rita Soares, da Jambo Comunica\u00e7\u00e3o, tamb\u00e9m estava na premia\u00e7\u00e3o do TOP Mega Brasil<\/figcaption><\/figure><\/div>\n\n<div class=\"wp-block-image\">\n<figure class=\"aligncenter size-full\"><img loading=\"lazy\" decoding=\"async\" width=\"712\" height=\"750\" src=\"https:\/\/dedemesquita.com.br\/wp-content\/uploads\/2026\/09\/Screenshot_2026-08-27-11-04-33-856_com.instagram.android.jpg\" alt=\"\" class=\"wp-image-16888\"\/><figcaption class=\"wp-element-caption\">Rita Soares e Rosana Pinto estavam entre os cinco finalistas da regi\u00e3o Norte do TOP Mega Brasil <\/figcaption><\/figure><\/div>\n\n\n<p><strong>Encontro no Tapaj\u00f3s &#8211; <\/strong>Um grupo de comunicadores de diferentes comunidades da <strong>regi\u00e3o do Tapaj\u00f3s<\/strong>, zona oeste do Par\u00e1, participou de uma imers\u00e3o sobre comunica\u00e7\u00e3o promovida pelo <strong>Centro Avan\u00e7ado em Pesquisas Socioecol\u00f3gicas para a Recupera\u00e7\u00e3o Ambiental &#8211; Capoeira<\/strong>, em <strong>Santar\u00e9m<\/strong>. Entre os facilitadores, oficineiros e painelistas, estavam <strong>Samela Bonfim<\/strong>, do Laborat\u00f3rio de Comunica\u00e7\u00e3o Amaz\u00f4nia e do programa Rep\u00f3rteres dos Rios e das Florestas, da Sapopema; <strong>Nat\u00e1lia Dia<\/strong>s, comunicadora da Turiarte; al\u00e9m de <strong>Daniel Nardin<\/strong> e <strong>Nat\u00e1lia Mello<\/strong>, do Amaz\u00f4nia Vox; <strong>Isabelle Maciel<\/strong>, do portal Tapaj\u00f3s de Fato; e Rosana Castro, do <strong>Instituto Regat\u00e3<\/strong>o.<\/p>\n\n\n<div class=\"wp-block-image\">\n<figure class=\"aligncenter size-full\"><img loading=\"lazy\" decoding=\"async\" width=\"800\" height=\"544\" src=\"https:\/\/dedemesquita.com.br\/wp-content\/uploads\/2026\/09\/Comunicadores_Santarem.jpeg\" alt=\"\" class=\"wp-image-16891\" srcset=\"https:\/\/dedemesquita.com.br\/wp-content\/uploads\/2026\/09\/Comunicadores_Santarem.jpeg 800w, https:\/\/dedemesquita.com.br\/wp-content\/uploads\/2026\/09\/Comunicadores_Santarem-768x522.jpeg 768w\" sizes=\"(max-width: 800px) 100vw, 800px\" \/><figcaption class=\"wp-element-caption\">Encontro reuniu muitos comunicadores em Santar\u00e9m <\/figcaption><\/figure><\/div>\n\n\n<p><strong>Encontro Amaz\u00f4nia &#8211; <\/strong>O <strong>Primeiro Encontro Amaz\u00f4nia de Jornalistas e Comunicadores<\/strong>, realizado na quinta-feira, 27, na ilha do <strong>Combu<\/strong>, em Bel\u00e9m, e promovida pela <strong>Rede Nacional de Prote\u00e7\u00e3o a Jornalistas e Comunicadores<\/strong>, coordenado pelo <strong>Instituto Vladimir Herzog<\/strong>, reuniu profissionais dos mais diversos territ\u00f3rios da Amaz\u00f4nia Legal. Muitas trocas de ideias e discuss\u00f5es pontuais sobre <strong>Direitos Humanos,<\/strong> comunica\u00e7\u00e3o popular, mem\u00f3ria e liberdade de imprensa numa conjuntura de desinforma\u00e7\u00e3o e ataques orquestrados contra a democracia brasileira.<\/p>\n\n\n<div class=\"wp-block-image\">\n<figure class=\"aligncenter size-full\"><img loading=\"lazy\" decoding=\"async\" width=\"800\" height=\"468\" src=\"https:\/\/dedemesquita.com.br\/wp-content\/uploads\/2026\/09\/herzog2.jpg\" alt=\"\" class=\"wp-image-16892\" srcset=\"https:\/\/dedemesquita.com.br\/wp-content\/uploads\/2026\/09\/herzog2.jpg 800w, https:\/\/dedemesquita.com.br\/wp-content\/uploads\/2026\/09\/herzog2-768x449.jpg 768w\" sizes=\"(max-width: 800px) 100vw, 800px\" \/><figcaption class=\"wp-element-caption\">Instituto Vladimir Herzog reuniu jornalista na ilha do Combu<\/figcaption><\/figure><\/div>\n\n<div class=\"wp-block-image\">\n<figure class=\"aligncenter size-full\"><img loading=\"lazy\" decoding=\"async\" width=\"750\" height=\"633\" src=\"https:\/\/dedemesquita.com.br\/wp-content\/uploads\/2026\/09\/Screenshot_2026-08-29-04-43-21-925_com.instagram.android.jpg\" alt=\"\" class=\"wp-image-16893\"\/><figcaption class=\"wp-element-caption\">Jornalistas nas atividades do dia<\/figcaption><\/figure><\/div>\n\n<div class=\"wp-block-image\">\n<figure class=\"aligncenter size-full\"><img loading=\"lazy\" decoding=\"async\" width=\"750\" height=\"627\" src=\"https:\/\/dedemesquita.com.br\/wp-content\/uploads\/2026\/09\/Screenshot_2026-08-28-07-06-16-777_com.instagram.android-1.jpg\" alt=\"\" class=\"wp-image-16894\"\/><figcaption class=\"wp-element-caption\">Muita aten\u00e7\u00e3o \u00e0s pautas discutidas<\/figcaption><\/figure><\/div>\n\n<div class=\"wp-block-image\">\n<figure class=\"aligncenter size-full\"><img loading=\"lazy\" decoding=\"async\" width=\"750\" height=\"625\" src=\"https:\/\/dedemesquita.com.br\/wp-content\/uploads\/2026\/09\/herzog1.jpg\" alt=\"\" class=\"wp-image-16897\"\/><figcaption class=\"wp-element-caption\">Jornalistas paraenses marcaram presen\u00e7a no encontro<\/figcaption><\/figure><\/div>\n\n<div class=\"wp-block-image\">\n<figure class=\"aligncenter size-full\"><img loading=\"lazy\" decoding=\"async\" width=\"692\" height=\"750\" src=\"https:\/\/dedemesquita.com.br\/wp-content\/uploads\/2026\/09\/Screenshot_2026-08-27-21-39-45-199_com.instagram.android.jpg\" alt=\"\" class=\"wp-image-16896\"\/><figcaption class=\"wp-element-caption\">Adison Ferreira e Cec\u00edlia Amorim, do portal Carta Amaz\u00f4nia <\/figcaption><\/figure><\/div>\n\n\n<p><strong>Novo mandato &#8211; <\/strong>Em chapa \u00fanica denominada <strong>Nova APJ,<\/strong> a jornalista <strong>Franssinete Florenzano<\/strong> foi eleita para a presid\u00eancia da <strong>Academia Paraense de Jornalismo \u2013 APL<\/strong>, em agosto passado.&nbsp; Ser\u00e1 o terceiro mandato dela. A posse ser\u00e1 em setembro, em data ainda a ser definida. A Diretoria e Conselho Fiscal eleitos para o bi\u00eanio 2026-2028 t\u00eam ainda Walbert Monteiro, Gra\u00e7a Lobato Garcia, Edna Lima, Rodolfo Marques, Antonio Praxedes, Douglas Dinelli, Roberta Vilanova, al\u00e9m de Ivana Oliveira, Ana Prado e Sula Maciel.&nbsp;&nbsp;<\/p>\n\n\n<div class=\"wp-block-image\">\n<figure class=\"aligncenter size-full\"><img loading=\"lazy\" decoding=\"async\" width=\"480\" height=\"550\" src=\"https:\/\/dedemesquita.com.br\/wp-content\/uploads\/2026\/09\/Franssinete-Florenzano.jpeg\" alt=\"\" class=\"wp-image-16898\"\/><figcaption class=\"wp-element-caption\">Franssinete Florenzano foi eleito para o terceiro mandato na APL<\/figcaption><\/figure><\/div>\n\n\n<p><strong>Novo est\u00fadio &#8211; <\/strong>Na segunda-feira, 31, a<strong> TVC Par\u00e1<\/strong> fez a estreia do novo est\u00fadio multiuso da emissora, <em>\u201ca princesinha das TV de Bel\u00e9m\u201d<\/em>.&nbsp;&nbsp;<\/p>\n\n\n<div class=\"wp-block-image\">\n<figure class=\"aligncenter size-full\"><img loading=\"lazy\" decoding=\"async\" width=\"800\" height=\"540\" src=\"https:\/\/dedemesquita.com.br\/wp-content\/uploads\/2026\/09\/TVC-Para_estudio.jpeg\" alt=\"\" class=\"wp-image-16899\" srcset=\"https:\/\/dedemesquita.com.br\/wp-content\/uploads\/2026\/09\/TVC-Para_estudio.jpeg 800w, https:\/\/dedemesquita.com.br\/wp-content\/uploads\/2026\/09\/TVC-Para_estudio-768x518.jpeg 768w\" sizes=\"(max-width: 800px) 100vw, 800px\" \/><figcaption class=\"wp-element-caption\">Equipe da TVC Par\u00e1 e do EPOL reunidos no novo est\u00fadio <\/figcaption><\/figure><\/div>\n\n\n<p><strong>Reconhecimento &#8211; <\/strong>Os festivais de m\u00fasica, com a marca dos ritmos e sons genuinamente paraenses, <strong>Lambateria<\/strong>, <strong>Psica<\/strong> e <strong>Se Rasgum<\/strong>, foram reconhecidos como <strong>Entidades de Patrim\u00f4nio Cultural e Imaterial do Munic\u00edpio de Bel\u00e9m<\/strong>, em proposi\u00e7\u00e3o da vereadora <strong>Marinor Brito<\/strong>, do Psol. A honraria tamb\u00e9m foi concedida \u00e0 obra imortal de Ruy e Paulo Andr\u00e9 Barata e ao grupo vocal Warilou. Os jornalistas <strong>S\u00f4nia Ferro<\/strong>, do Festival Lambateira, e <strong>Marcelo Damaso<\/strong>, do Se Rasgum, receberam o diploma de reconhecimento.&nbsp;<\/p>\n\n\n<div class=\"wp-block-image\">\n<figure class=\"aligncenter size-full\"><img loading=\"lazy\" decoding=\"async\" width=\"750\" height=\"636\" src=\"https:\/\/dedemesquita.com.br\/wp-content\/uploads\/2026\/09\/Screenshot_2026-08-26-16-47-52-626_com.instagram.android.jpg\" alt=\"\" class=\"wp-image-16900\"\/><figcaption class=\"wp-element-caption\">S\u00f4nia Ferro e F\u00e9lix Robatto do Festival Lambateria<\/figcaption><\/figure><\/div>\n\n<div class=\"wp-block-image\">\n<figure class=\"aligncenter size-full\"><img loading=\"lazy\" decoding=\"async\" width=\"950\" height=\"593\" src=\"https:\/\/dedemesquita.com.br\/wp-content\/uploads\/2026\/09\/CAPA01.jpg\" alt=\"\" class=\"wp-image-16901\" srcset=\"https:\/\/dedemesquita.com.br\/wp-content\/uploads\/2026\/09\/CAPA01.jpg 950w, https:\/\/dedemesquita.com.br\/wp-content\/uploads\/2026\/09\/CAPA01-768x479.jpg 768w\" sizes=\"(max-width: 950px) 100vw, 950px\" \/><figcaption class=\"wp-element-caption\">Felix e S\u00f4nia, da Lambateria; Jeff Dias, do Festival Psica; e Ren\u00e9e Chalu e Marcelo Damaso, do Festival Se Rasgum<\/figcaption><\/figure><\/div>\n\n\n<p><strong>Novo livro de Josu\u00e9 &#8211; <\/strong>O jornalista, advogado, professor e, agora, tamb\u00e9m escritor <strong>Josu\u00e9 Costa<\/strong> vai lan\u00e7ar seu segundo livro, com o t\u00edtulo <strong>\u201cInquietudes\u201d<\/strong>, inspirado no h\u00e1bito de ver e pensar, que traz cr\u00f4nicas, artigos e narrativas sobre pontos de vista que ele traz das experi\u00eancias no magist\u00e9rio, com jovens adolescentes e adultos; das experi\u00eancias dos bastidores da Igreja, da imprensa escrita, dos balc\u00f5es dos botecos e das escutas nos encontros aleat\u00f3rios.&nbsp;Tem muita coisa inspirada nos balc\u00f5es dos botecos, na muvuca das feiras livres ou em conversas e desencontros aleat\u00f3rios. \u201cInquietudes\u201d \u00e9 o segundo livro de Josu\u00e9, pela editora Dalc\u00eddio Jurandir, <strong>ser\u00e1 lan\u00e7ado no s\u00e1bado, dia 5, na Feira Panamaz\u00f4nica do Livro, \u00e0s 18 horas,&nbsp;no stand da Imprensa Oficial do Estado<\/strong>. O primeiro, <strong>&#8220;Fantasmas do Casar\u00e3o\u201d<\/strong>, foi lan\u00e7ado na Feira&nbsp; Panamaz\u00f4nica do Livro de 2024 e foi muito bem recebido.<\/p>\n\n\n<div class=\"wp-block-image\">\n<figure class=\"aligncenter size-full\"><img loading=\"lazy\" decoding=\"async\" width=\"800\" height=\"366\" src=\"https:\/\/dedemesquita.com.br\/wp-content\/uploads\/2026\/09\/WhatsApp-Image-2026-08-31-at-14.24.55.jpeg\" alt=\"\" class=\"wp-image-16873\" srcset=\"https:\/\/dedemesquita.com.br\/wp-content\/uploads\/2026\/09\/WhatsApp-Image-2026-08-31-at-14.24.55.jpeg 800w, https:\/\/dedemesquita.com.br\/wp-content\/uploads\/2026\/09\/WhatsApp-Image-2026-08-31-at-14.24.55-768x351.jpeg 768w\" sizes=\"(max-width: 800px) 100vw, 800px\" \/><figcaption class=\"wp-element-caption\">Novo livro de Josu\u00e9 Costa tem lan\u00e7amento no s\u00e1bado, dia 5, \u00e0s 18h, na Feira Panamaz\u00f4nica do Livro, em Bel\u00e9m <\/figcaption><\/figure><\/div>\n\n\n<p><strong>Naipeado &#8211;<\/strong> O designer <strong>Lincoln Naz\u00e1rio<\/strong> lan\u00e7ou na segunda-feira, 31, na sede da <strong>Funda\u00e7\u00e3o Curro Velho<\/strong>, o <strong>projeto Naipeado<\/strong>, um baralho de cartas amaz\u00f4nico impresso com ilustra\u00e7\u00f5es e fotografias de <strong>13 artistas do Par\u00e1<\/strong>. Ele assina a dire\u00e7\u00e3o do projeto, utilizando o design gr\u00e1fico e a arte como objeto de comunica\u00e7\u00e3o da cultura popular. Ao longo de <strong>54 carta<\/strong>s o baralho apresenta as diferentes formas de caquiar na Amaz\u00f4nia, celebrando ritmos, festas e manifesta\u00e7\u00f5es populares.&nbsp;<\/p>\n\n\n<div class=\"wp-block-image\">\n<figure class=\"aligncenter size-full\"><img loading=\"lazy\" decoding=\"async\" width=\"414\" height=\"500\" src=\"https:\/\/dedemesquita.com.br\/wp-content\/uploads\/2026\/09\/Lincoln-Nazario.png\" alt=\"\" class=\"wp-image-16902\"\/><figcaption class=\"wp-element-caption\">Lincoln \u00e9 o idealizador do projeto Naipeado<\/figcaption><\/figure><\/div>\n\n<div class=\"wp-block-image\">\n<figure class=\"aligncenter size-full\"><img loading=\"lazy\" decoding=\"async\" width=\"525\" height=\"700\" src=\"https:\/\/dedemesquita.com.br\/wp-content\/uploads\/2026\/09\/1787673802544.jpg\" alt=\"\" class=\"wp-image-16903\"\/><figcaption class=\"wp-element-caption\">Naipeado usa imagens de artistas paraenses<\/figcaption><\/figure><\/div>\n\n\n<h2 class=\"wp-block-heading has-text-align-center\">Soure, capital do Choro Jazz<\/h2>\n\n\n\n<p><strong>Sucesso &#8211; <\/strong>No final de semana, 29 e 30, a cidade de <strong>Soure<\/strong>, na ilha do Maraj\u00f3, recebeu mais a edi\u00e7\u00e3o anual do festival <strong>Choro Jazz<\/strong>. A imprensa, como sempre, marcou presen\u00e7a na <em>press trip<\/em>. Mais uma vez a organiza\u00e7\u00e3o do festival convidou jornalistas para para vivenciar o festival. <strong>Aline Rodrigues<\/strong> e Irene <strong>Almeida<\/strong>, jornal do Di\u00e1rio do Par\u00e1; <strong>Ize Sena<\/strong>, da r\u00e1dio CBN Bel\u00e9m, pela primeira vez no festival; e o criador de conte\u00fado digital de Cana\u00e3 dos Caraj\u00e1s, <strong>Vando Douglas<\/strong>, tamb\u00e9m foi convidado. Todos vivenciaram o evento no Maraj\u00f3, com assessoria de comunica\u00e7\u00e3o do festival a cargo de <strong>Matheus Freire<\/strong>. <\/p>\n\n\n<div class=\"wp-block-image\">\n<figure class=\"aligncenter size-full\"><img loading=\"lazy\" decoding=\"async\" width=\"750\" height=\"473\" src=\"https:\/\/dedemesquita.com.br\/wp-content\/uploads\/2026\/09\/WhatsApp-Image-2026-08-30-at-18.16.16-1.jpeg\" alt=\"\" class=\"wp-image-16904\"\/><figcaption class=\"wp-element-caption\">Jornalistas, m\u00fasicos e convidados do Festival Choro Jazz<\/figcaption><\/figure><\/div>\n\n<div class=\"wp-block-image\">\n<figure class=\"aligncenter size-full\"><img loading=\"lazy\" decoding=\"async\" width=\"750\" height=\"542\" src=\"https:\/\/dedemesquita.com.br\/wp-content\/uploads\/2026\/09\/Screenshot_2026-08-30-15-23-19-701_com.instagram.android.jpg\" alt=\"\" class=\"wp-image-16905\"\/><figcaption class=\"wp-element-caption\">Na entrevista coletiva com Lenine, uma das atra\u00e7\u00f5es do Choro Jazz<\/figcaption><\/figure><\/div>\n\n<div class=\"wp-block-image\">\n<figure class=\"aligncenter size-full\"><img loading=\"lazy\" decoding=\"async\" width=\"750\" height=\"595\" src=\"https:\/\/dedemesquita.com.br\/wp-content\/uploads\/2026\/09\/WhatsApp-Image-2026-08-30-at-18.16.15.jpeg\" alt=\"\" class=\"wp-image-16906\"\/><figcaption class=\"wp-element-caption\">Imprensa no trabalho<\/figcaption><\/figure><\/div>\n\n<div class=\"wp-block-image\">\n<figure class=\"aligncenter size-full\"><img loading=\"lazy\" decoding=\"async\" width=\"750\" height=\"516\" src=\"https:\/\/dedemesquita.com.br\/wp-content\/uploads\/2026\/09\/WhatsApp-Image-2026-08-30-at-18.16.14.jpeg\" alt=\"\" class=\"wp-image-16907\"\/><figcaption class=\"wp-element-caption\">Ize Sena, Matheus Freire, Aline Rodrigues e Irene Almeida<\/figcaption><\/figure><\/div>\n\n<div class=\"wp-block-image\">\n<figure class=\"aligncenter size-full\"><img loading=\"lazy\" decoding=\"async\" width=\"750\" height=\"594\" src=\"https:\/\/dedemesquita.com.br\/wp-content\/uploads\/2026\/09\/Screenshot_2026-08-29-04-37-10-798_com.instagram.android.jpg\" alt=\"\" class=\"wp-image-16908\"\/><figcaption class=\"wp-element-caption\">Rafael Sobral e Matheus Freire<\/figcaption><\/figure><\/div>\n\n<div class=\"wp-block-image\">\n<figure class=\"aligncenter size-full\"><img loading=\"lazy\" decoding=\"async\" width=\"750\" height=\"731\" src=\"https:\/\/dedemesquita.com.br\/wp-content\/uploads\/2026\/09\/WhatsApp-Image-2026-08-30-at-18.16.16.jpeg\" alt=\"\" class=\"wp-image-16909\"\/><figcaption class=\"wp-element-caption\">Matheus e Ize dando close na paisagem lind\u00edssima do Maraj\u00f3<\/figcaption><\/figure><\/div>\n\n<div class=\"wp-block-image\">\n<figure class=\"aligncenter size-full\"><img loading=\"lazy\" decoding=\"async\" width=\"525\" height=\"700\" src=\"https:\/\/dedemesquita.com.br\/wp-content\/uploads\/2026\/09\/WhatsApp-Image-2026-08-30-at-18.20.27.jpeg\" alt=\"\" class=\"wp-image-16910\"\/><figcaption class=\"wp-element-caption\">Irene Almeida se encantado com as casas raio-que-o-parta de Soure<\/figcaption><\/figure><\/div>\n\n<div class=\"wp-block-image\">\n<figure class=\"aligncenter size-full\"><img loading=\"lazy\" decoding=\"async\" width=\"750\" height=\"499\" src=\"https:\/\/dedemesquita.com.br\/wp-content\/uploads\/2026\/09\/Sizao_foto-de-Irene-Almeida.jpeg\" alt=\"\" class=\"wp-image-16911\" srcset=\"https:\/\/dedemesquita.com.br\/wp-content\/uploads\/2026\/09\/Sizao_foto-de-Irene-Almeida.jpeg 750w, https:\/\/dedemesquita.com.br\/wp-content\/uploads\/2026\/09\/Sizao_foto-de-Irene-Almeida-600x398.jpeg 600w\" sizes=\"(max-width: 750px) 100vw, 750px\" \/><figcaption class=\"wp-element-caption\">Matheus Freire e Aline Rodrigues entrevistam o m\u00fasica Siz\u00e3o &#8211; foto de Irene Almeida <\/figcaption><\/figure><\/div>\n\n<div class=\"wp-block-image\">\n<figure class=\"aligncenter size-full\"><img loading=\"lazy\" decoding=\"async\" width=\"750\" height=\"421\" src=\"https:\/\/dedemesquita.com.br\/wp-content\/uploads\/2026\/09\/WhatsApp-Image-2026-08-30-at-18.20.27-1.jpeg\" alt=\"\" class=\"wp-image-16912\"\/><figcaption class=\"wp-element-caption\">Lenine comandando as falas na entrevista <\/figcaption><\/figure><\/div>\n\n<div class=\"wp-block-image\">\n<figure class=\"aligncenter size-full\"><img loading=\"lazy\" decoding=\"async\" width=\"750\" height=\"659\" src=\"https:\/\/dedemesquita.com.br\/wp-content\/uploads\/2026\/09\/Screenshot_2026-08-29-04-36-54-913_com.instagram.android.jpg\" alt=\"\" class=\"wp-image-16914\"\/><figcaption class=\"wp-element-caption\">Uma grande celebra\u00e7\u00e3o do festival Choro Jaz, em Soure<\/figcaption><\/figure><\/div>\n\n\n<p><\/p>\n\n\n\n<h2 class=\"wp-block-heading has-text-align-center\">Coluna Social<\/h2>\n\n\n\n<p><strong>Casamento &#8211;<\/strong> No s\u00e1bado, 29, em S\u00e3o Paulo, as jornalistas paraenses <strong>Mayara Albuquerque<\/strong> e<br><strong>Nathalia Petta<\/strong>, que mora e trabalham na capital paulista, celebraram os dez anos que est\u00e3o juntas e <strong>oficializaram a uni\u00e3o<\/strong>.<\/p>\n\n\n<div class=\"wp-block-image\">\n<figure class=\"aligncenter size-full\"><img loading=\"lazy\" decoding=\"async\" width=\"487\" height=\"750\" src=\"https:\/\/dedemesquita.com.br\/wp-content\/uploads\/2026\/09\/Screenshot_2026-08-30-11-10-03-496_com.instagram.android.jpg\" alt=\"\" class=\"wp-image-16870\"\/><figcaption class=\"wp-element-caption\">Nath e Mayra, felicidades!<\/figcaption><\/figure><\/div>\n\n<div class=\"wp-block-image\">\n<figure class=\"aligncenter size-full\"><img loading=\"lazy\" decoding=\"async\" width=\"513\" height=\"750\" src=\"https:\/\/dedemesquita.com.br\/wp-content\/uploads\/2026\/09\/Screenshot_2026-08-30-11-09-36-620_com.instagram.android.jpg\" alt=\"\" class=\"wp-image-16871\"\/><figcaption class=\"wp-element-caption\">Celebrando a uni\u00e3o de Nath e Mayara<\/figcaption><\/figure><\/div>\n\n\n<h2 class=\"wp-block-heading has-text-align-center\">Fotos da semana<\/h2>\n\n\n\n<p><strong>Feira Panamaz\u00f4nica do Livro 2026:<\/strong><\/p>\n\n\n<div class=\"wp-block-image\">\n<figure class=\"aligncenter size-full\"><img loading=\"lazy\" decoding=\"async\" width=\"697\" height=\"750\" src=\"https:\/\/dedemesquita.com.br\/wp-content\/uploads\/2026\/09\/IMG_20260829_220236_398.jpg\" alt=\"\" class=\"wp-image-16917\"\/><figcaption class=\"wp-element-caption\">Imprensa entrevista a cantora Nazar\u00e9 Pereira, que \u00e9 homenageada na edi\u00e7\u00e3o 2026 da Feira<\/figcaption><\/figure><\/div>\n\n<div class=\"wp-block-image\">\n<figure class=\"aligncenter size-full\"><img loading=\"lazy\" decoding=\"async\" width=\"731\" height=\"750\" src=\"https:\/\/dedemesquita.com.br\/wp-content\/uploads\/2026\/09\/IMG_20260829_220227_287.jpg\" alt=\"\" class=\"wp-image-16918\"\/><figcaption class=\"wp-element-caption\">S\u00f4nia Ferro e Nazar\u00e9 Pereira<\/figcaption><\/figure><\/div>\n\n<div class=\"wp-block-image\">\n<figure class=\"aligncenter size-full\"><img loading=\"lazy\" decoding=\"async\" width=\"492\" height=\"750\" src=\"https:\/\/dedemesquita.com.br\/wp-content\/uploads\/2026\/09\/Screenshot_2026-08-29-18-04-37-084_com.instagram.android.jpg\" alt=\"\" class=\"wp-image-16919\"\/><figcaption class=\"wp-element-caption\">Aycha Nunes, da FCP, e o Jabutig\u00e3o, tamb\u00e9m homenageado em 2026 na Feira<\/figcaption><\/figure><\/div>\n\n<div class=\"wp-block-image\">\n<figure class=\"aligncenter size-full\"><img loading=\"lazy\" decoding=\"async\" width=\"570\" height=\"750\" src=\"https:\/\/dedemesquita.com.br\/wp-content\/uploads\/2026\/09\/Screenshot_2026-08-29-17-43-27-086_com.instagram.android.jpg\" alt=\"\" class=\"wp-image-16920\"\/><figcaption class=\"wp-element-caption\">Solange Campos compareceu \u00e0 sess\u00e3o de aut\u00f3grafos de &#8220;Carne de Urubu&#8221;, novo livro de Iaci Gomes, lan\u00e7ado na Feira do Livro<\/figcaption><\/figure><\/div>\n\n<div class=\"wp-block-image\">\n<figure class=\"aligncenter size-full\"><img loading=\"lazy\" decoding=\"async\" width=\"750\" height=\"439\" src=\"https:\/\/dedemesquita.com.br\/wp-content\/uploads\/2026\/09\/Screenshot_2026-08-30-22-39-08-651_com.instagram.android.jpg\" alt=\"\" class=\"wp-image-16921\"\/><figcaption class=\"wp-element-caption\">Equipe da Secom\/ Ag\u00eancia Par\u00e1 e a secret\u00e1ria de comunica\u00e7\u00e3o, em exerc\u00edcio, Alinne Passos<\/figcaption><\/figure><\/div>\n\n<div class=\"wp-block-image\">\n<figure class=\"aligncenter size-full\"><img loading=\"lazy\" decoding=\"async\" width=\"511\" height=\"750\" src=\"https:\/\/dedemesquita.com.br\/wp-content\/uploads\/2026\/09\/Screenshot_2026-08-30-22-39-04-646_com.instagram.android.jpg\" alt=\"\" class=\"wp-image-16922\"\/><figcaption class=\"wp-element-caption\">Rosivaldo Almeida e equipe da Secom\/ Ag\u00eancia Par\u00e1 <\/figcaption><\/figure><\/div>\n\n<div class=\"wp-block-image\">\n<figure class=\"aligncenter size-full\"><img loading=\"lazy\" decoding=\"async\" width=\"750\" height=\"727\" src=\"https:\/\/dedemesquita.com.br\/wp-content\/uploads\/2026\/09\/Screenshot_2026-08-30-22-38-54-138_com.instagram.android.jpg\" alt=\"\" class=\"wp-image-16923\"\/><figcaption class=\"wp-element-caption\">Dias corridos e de muito trabalho na Feira do Livro<\/figcaption><\/figure><\/div>\n\n<div class=\"wp-block-image\">\n<figure class=\"aligncenter size-full\"><img loading=\"lazy\" decoding=\"async\" width=\"750\" height=\"655\" src=\"https:\/\/dedemesquita.com.br\/wp-content\/uploads\/2026\/09\/Screenshot_2026-08-30-22-38-58-846_com.instagram.android.jpg\" alt=\"\" class=\"wp-image-16928\"\/><figcaption class=\"wp-element-caption\">Edi\u00e7\u00e3o 29 de Feira Panamaz\u00f4nica do Livro e das Multivozes <\/figcaption><\/figure><\/div>\n\n<div class=\"wp-block-image\">\n<figure class=\"aligncenter size-full\"><img loading=\"lazy\" decoding=\"async\" width=\"533\" height=\"750\" src=\"https:\/\/dedemesquita.com.br\/wp-content\/uploads\/2026\/09\/Screenshot_2026-08-31-19-54-18-665_com.instagram.android.jpg\" alt=\"\" class=\"wp-image-16930\"\/><figcaption class=\"wp-element-caption\">Estande da TV Cultura na Feira do Livro<\/figcaption><\/figure><\/div>\n\n<div class=\"wp-block-image\">\n<figure class=\"aligncenter size-full\"><img loading=\"lazy\" decoding=\"async\" width=\"576\" height=\"700\" src=\"https:\/\/dedemesquita.com.br\/wp-content\/uploads\/2026\/09\/Screenshot_2026-08-30-19-33-04-114_com.instagram.android.jpg\" alt=\"\" class=\"wp-image-16924\"\/><figcaption class=\"wp-element-caption\">A jornalista Ana Danin lan\u00e7ou &#8220;A Rua dos Tijolinhos&#8221;, segundo livro dela, na Feira do Livro, no domingo, 30<\/figcaption><\/figure><\/div>\n\n<div class=\"wp-block-image\">\n<figure class=\"aligncenter size-full\"><img loading=\"lazy\" decoding=\"async\" width=\"485\" height=\"750\" src=\"https:\/\/dedemesquita.com.br\/wp-content\/uploads\/2026\/09\/Screenshot_2026-08-30-19-27-37-593_com.instagram.android.jpg\" alt=\"\" class=\"wp-image-16925\"\/><figcaption class=\"wp-element-caption\">Joseana Mesquita, Ana Danin e Lena Nery<\/figcaption><\/figure><\/div>\n\n<div class=\"wp-block-image\">\n<figure class=\"aligncenter size-full\"><img loading=\"lazy\" decoding=\"async\" width=\"626\" height=\"750\" src=\"https:\/\/dedemesquita.com.br\/wp-content\/uploads\/2026\/09\/Screenshot_2026-08-30-19-27-24-972_com.instagram.android.jpg\" alt=\"\" class=\"wp-image-16926\"\/><figcaption class=\"wp-element-caption\">Joseana Mesquita e Ana Danin, na &#8220;Rua dos Tijolinhos&#8221;<\/figcaption><\/figure><\/div>\n\n\n<p><strong>Campanha em curso:<\/strong><\/p>\n\n\n<div class=\"wp-block-image\">\n<figure class=\"aligncenter size-full\"><img loading=\"lazy\" decoding=\"async\" width=\"522\" height=\"700\" src=\"https:\/\/dedemesquita.com.br\/wp-content\/uploads\/2026\/09\/Screenshot_2026-08-30-15-22-52-273_com.instagram.android.jpg\" alt=\"\" class=\"wp-image-16940\"\/><figcaption class=\"wp-element-caption\">Vanessa Fortes na campanha de Jaderzinho Filho<\/figcaption><\/figure><\/div>\n\n<div class=\"wp-block-image\">\n<figure class=\"aligncenter size-full\"><img loading=\"lazy\" decoding=\"async\" width=\"562\" height=\"700\" src=\"https:\/\/dedemesquita.com.br\/wp-content\/uploads\/2026\/09\/Screenshot_2026-08-29-15-12-40-397_com.instagram.android.jpg\" alt=\"\" class=\"wp-image-16941\"\/><figcaption class=\"wp-element-caption\">Thalmus Gama no meio da galera em Tom\u00e9-A\u00e7u<\/figcaption><\/figure><\/div>\n\n<div class=\"wp-block-image\">\n<figure class=\"aligncenter size-full\"><img loading=\"lazy\" decoding=\"async\" width=\"750\" height=\"495\" src=\"https:\/\/dedemesquita.com.br\/wp-content\/uploads\/2026\/09\/Screenshot_2026-08-29-15-12-52-540_com.instagram.android.jpg\" alt=\"\" class=\"wp-image-16942\" srcset=\"https:\/\/dedemesquita.com.br\/wp-content\/uploads\/2026\/09\/Screenshot_2026-08-29-15-12-52-540_com.instagram.android.jpg 750w, https:\/\/dedemesquita.com.br\/wp-content\/uploads\/2026\/09\/Screenshot_2026-08-29-15-12-52-540_com.instagram.android-455x300.jpg 455w\" sizes=\"(max-width: 750px) 100vw, 750px\" \/><figcaption class=\"wp-element-caption\">Thalmus e Heldisssssss<\/figcaption><\/figure><\/div>\n\n<div class=\"wp-block-image\">\n<figure class=\"aligncenter size-full\"><img loading=\"lazy\" decoding=\"async\" width=\"555\" height=\"750\" src=\"https:\/\/dedemesquita.com.br\/wp-content\/uploads\/2026\/09\/Screenshot_2026-08-26-15-58-07-122_com.instagram.android.jpg\" alt=\"\" class=\"wp-image-16943\"\/><figcaption class=\"wp-element-caption\">Thalmus est\u00e1 em todas as carretas <\/figcaption><\/figure><\/div>\n\n\n<p><strong>Outras fotos:<\/strong><\/p>\n\n\n<div class=\"wp-block-image\">\n<figure class=\"aligncenter size-full is-resized\"><img loading=\"lazy\" decoding=\"async\" width=\"517\" height=\"750\" src=\"https:\/\/dedemesquita.com.br\/wp-content\/uploads\/2026\/09\/Screenshot_2026-08-31-07-53-01-979_com.instagram.android.jpg\" alt=\"\" class=\"wp-image-16929\" style=\"width:517px;height:auto\"\/><figcaption class=\"wp-element-caption\">Equipe do portal Cidade 091 na Festa de San Genaro<\/figcaption><\/figure><\/div>\n\n<div class=\"wp-block-image\">\n<figure class=\"aligncenter size-full\"><img loading=\"lazy\" decoding=\"async\" width=\"646\" height=\"750\" src=\"https:\/\/dedemesquita.com.br\/wp-content\/uploads\/2026\/09\/Screenshot_2026-08-30-20-30-50-560_com.instagram.android.jpg\" alt=\"\" class=\"wp-image-16931\"\/><figcaption class=\"wp-element-caption\">Wagner Almeida e Pedro Valdez, do Di\u00e1rio do Par\u00e1, nas pautas sobre o C\u00edrio de Nazar\u00e9, e o arcebispo de Bel\u00e9m, D. J\u00falio <\/figcaption><\/figure><\/div>\n\n<div class=\"wp-block-image\">\n<figure class=\"aligncenter size-full\"><img loading=\"lazy\" decoding=\"async\" width=\"551\" height=\"750\" src=\"https:\/\/dedemesquita.com.br\/wp-content\/uploads\/2026\/09\/Screenshot_2026-08-30-19-35-47-727_com.instagram.android.jpg\" alt=\"\" class=\"wp-image-16932\"\/><figcaption class=\"wp-element-caption\">Igor Monteiro e o chef Thiago Castanho no Festival de Gastronomia no Parque da Resid\u00eancia<\/figcaption><\/figure><\/div>\n\n<div class=\"wp-block-image\">\n<figure class=\"aligncenter size-full\"><img loading=\"lazy\" decoding=\"async\" width=\"598\" height=\"750\" src=\"https:\/\/dedemesquita.com.br\/wp-content\/uploads\/2026\/09\/Screenshot_2026-08-29-04-44-13-672_com.instagram.android.jpg\" alt=\"\" class=\"wp-image-16933\"\/><figcaption class=\"wp-element-caption\">Museu da Amaz\u00f4nias colocou influenciadores de Bel\u00e9m em um barco em mais uma pauta<\/figcaption><\/figure><\/div>\n\n<div class=\"wp-block-image\">\n<figure class=\"aligncenter size-full\"><img loading=\"lazy\" decoding=\"async\" width=\"748\" height=\"469\" src=\"https:\/\/dedemesquita.com.br\/wp-content\/uploads\/2026\/09\/seccional-do-comercio_moca-cirurgia.jpg\" alt=\"\" class=\"wp-image-16934\"\/><figcaption class=\"wp-element-caption\">Turma da imprensa em pauta na Seccional de Pol\u00edcia do Com\u00e9rcio <\/figcaption><\/figure><\/div>\n\n<div class=\"wp-block-image\">\n<figure class=\"aligncenter size-full\"><img loading=\"lazy\" decoding=\"async\" width=\"671\" height=\"750\" src=\"https:\/\/dedemesquita.com.br\/wp-content\/uploads\/2026\/09\/Screenshot_2026-08-28-07-05-26-468_com.instagram.android.jpg\" alt=\"\" class=\"wp-image-16935\"\/><figcaption class=\"wp-element-caption\">Equipe de produ\u00e7\u00e3o do programa Cozinha Amaz\u00f4nia, da TV Cultura, em mais uma temporada, sob dire\u00e7\u00e3o de J\u00fanior Braga<\/figcaption><\/figure><\/div>\n\n<div class=\"wp-block-image\">\n<figure class=\"aligncenter size-full\"><img loading=\"lazy\" decoding=\"async\" width=\"619\" height=\"750\" src=\"https:\/\/dedemesquita.com.br\/wp-content\/uploads\/2026\/09\/Screenshot_2026-08-27-09-17-43-621_com.instagram.android.jpg\" alt=\"\" class=\"wp-image-16936\"\/><figcaption class=\"wp-element-caption\">Ize Sena entrevistou a escritora Djamila Ribeiro na r\u00e1dio CBN Bel\u00e9m<\/figcaption><\/figure><\/div>\n\n<div class=\"wp-block-image\">\n<figure class=\"aligncenter size-full\"><img loading=\"lazy\" decoding=\"async\" width=\"750\" height=\"613\" src=\"https:\/\/dedemesquita.com.br\/wp-content\/uploads\/2026\/09\/Screenshot_2026-08-27-11-01-01-991_com.instagram.android.jpg\" alt=\"\" class=\"wp-image-16937\"\/><figcaption class=\"wp-element-caption\">Equipe da assessoria de comunica\u00e7\u00e3o do Minist\u00e9rio P\u00fablico do Par\u00e1 &#8211; Camila Barbalho, Edyr Falc\u00e3o e Pedro Loureiro &#8211; em dia de vestir azul pela volta da obrigatoriedade do diploma para jornalistas<\/figcaption><\/figure><\/div>\n\n<div class=\"wp-block-image\">\n<figure class=\"aligncenter size-full\"><img loading=\"lazy\" decoding=\"async\" width=\"748\" height=\"420\" src=\"https:\/\/dedemesquita.com.br\/wp-content\/uploads\/2026\/09\/Screenshot_2026-08-26-08-36-55-899_com.instagram.android.jpg\" alt=\"\" class=\"wp-image-16938\"\/><figcaption class=\"wp-element-caption\">Equipe de produ\u00e7\u00e3o do Jornal da Cultura Segunda Edi\u00e7\u00e3o, da TV Cultura<\/figcaption><\/figure><\/div>\n\n<div class=\"wp-block-image\">\n<figure class=\"aligncenter size-full\"><img loading=\"lazy\" decoding=\"async\" width=\"750\" height=\"712\" src=\"https:\/\/dedemesquita.com.br\/wp-content\/uploads\/2026\/09\/Screenshot_2026-09-01-02-07-00-529_com.instagram.android.jpg\" alt=\"\" class=\"wp-image-16944\"\/><figcaption class=\"wp-element-caption\">Edyr Falc\u00e3o, assessor de comunica\u00e7\u00e3o do Minist\u00e9rio P\u00fablico do Par\u00e1<\/figcaption><\/figure><\/div>\n\n\n<p><\/p>\n\n\n\n<h2 class=\"wp-block-heading has-text-align-center\">NOTA DA REDA\u00c7\u00c3O<\/h2>\n\n\n\n<p><strong><em>Este espa\u00e7o continua sempre aberto para manifesta\u00e7\u00e3o de quem quiser informar sua posi\u00e7\u00e3o sobre os assuntos relatados nesta postagem. Acha que precisa de um Direito de Resposta? \u00c9 s\u00f3 mandar.<\/em><\/strong><\/p>\n\n\n\n<p><\/p>\n\n\n\n<p><\/p>\n\n\n\n<p><\/p>\n","protected":false},"excerpt":{"rendered":"<p>Bel\u00e9m, 1 de setembro de 2026 &#8211; Ufa! chegamos em setembro e n\u00e3o te esquece que s\u00e3o 40 dias at\u00e9 o C\u00edrio de Nossa Senhora de Nazar\u00e9 e menos de um m\u00eas para o primeiro turno das Elei\u00e7\u00f5es Gerais de 2026. Depois disso tudo, o ano acaba. Tu sabes disso! Mudan\u00e7as nas reda\u00e7\u00f5es Soraya &#8211; [&hellip;]<\/p>\n","protected":false},"author":2,"featured_media":16915,"comment_status":"open","ping_status":"open","sticky":false,"template":"","format":"standard","meta":{"footnotes":""},"categories":[51,14,29],"tags":[377,181,769,1271,119,120,1324,144,1195,204,203,1330,1322,162,1323,665,137,1131,1136,1060],"class_list":["post-16869","post","type-post","status-publish","format-standard","has-post-thumbnail","hentry","category-destaque","category-imprensa","category-jornalismo","tag-amazonia-vox","tag-diario-do-para","tag-festival-lambateria","tag-funpapa","tag-jornalismo","tag-jornalistas-paraenses-em-acao","tag-mega-brasil-comunicacao","tag-o-liberal","tag-psica","tag-radio-cbn-belem","tag-redacao-integrada-o-liberal","tag-se-rasgum","tag-site-diario","tag-temple-comunicacao","tag-todas","tag-top-mega-brasil","tag-tv-liberal","tag-tv-norte-sbt-para","tag-tvc-para","tag-vale-base-metals"],"yoast_head":"<!-- This site is optimized with the Yoast SEO plugin v19.10 - https:\/\/yoast.com\/wordpress\/plugins\/seo\/ -->\n<title>Imprensa na cobertura do Festival Choro Jazz, site DI\u00c1RIO apresenta grande crescimento e mais uma premia\u00e7\u00e3o para Temple Comunica\u00e7\u00e3o - Ded\u00e9 Mesquita<\/title>\n<meta name=\"robots\" content=\"index, follow, max-snippet:-1, max-image-preview:large, max-video-preview:-1\" \/>\n<link rel=\"canonical\" href=\"https:\/\/dedemesquita.com.br\/?p=16869\" \/>\n<meta property=\"og:locale\" content=\"pt_BR\" \/>\n<meta property=\"og:type\" content=\"article\" \/>\n<meta property=\"og:title\" content=\"Imprensa na cobertura do Festival Choro Jazz, site DI\u00c1RIO apresenta grande crescimento e mais uma premia\u00e7\u00e3o para Temple Comunica\u00e7\u00e3o - Ded\u00e9 Mesquita\" \/>\n<meta property=\"og:description\" content=\"Bel\u00e9m, 1 de setembro de 2026 &#8211; Ufa! chegamos em setembro e n\u00e3o te esquece que s\u00e3o 40 dias at\u00e9 o C\u00edrio de Nossa Senhora de Nazar\u00e9 e menos de um m\u00eas para o primeiro turno das Elei\u00e7\u00f5es Gerais de 2026. Depois disso tudo, o ano acaba. Tu sabes disso! Mudan\u00e7as nas reda\u00e7\u00f5es Soraya &#8211; [&hellip;]\" \/>\n<meta property=\"og:url\" content=\"https:\/\/dedemesquita.com.br\/?p=16869\" \/>\n<meta property=\"og:site_name\" content=\"Ded\u00e9 Mesquita\" \/>\n<meta property=\"article:publisher\" content=\"https:\/\/www.facebook.com\/dede.mesquita\" \/>\n<meta property=\"article:published_time\" content=\"2026-09-01T16:44:15+00:00\" \/>\n<meta property=\"article:modified_time\" content=\"2026-09-01T19:36:12+00:00\" \/>\n<meta property=\"og:image\" content=\"https:\/\/dedemesquita.com.br\/wp-content\/uploads\/2026\/09\/CAPA02.jpeg\" \/>\n\t<meta property=\"og:image:width\" content=\"950\" \/>\n\t<meta property=\"og:image:height\" content=\"613\" \/>\n\t<meta property=\"og:image:type\" content=\"image\/jpeg\" \/>\n<meta name=\"author\" content=\"Ded\u00e9 Mesquita\" \/>\n<meta name=\"twitter:card\" content=\"summary_large_image\" \/>\n<meta name=\"twitter:creator\" content=\"@dedemesquita\" \/>\n<meta name=\"twitter:site\" content=\"@dedemesquita\" \/>\n<meta name=\"twitter:label1\" content=\"Escrito por\" \/>\n\t<meta name=\"twitter:data1\" content=\"Ded\u00e9 Mesquita\" \/>\n\t<meta name=\"twitter:label2\" content=\"Est. tempo de leitura\" \/>\n\t<meta name=\"twitter:data2\" content=\"26 minutos\" \/>\n<script type=\"application\/ld+json\" class=\"yoast-schema-graph\">{\"@context\":\"https:\/\/schema.org\",\"@graph\":[{\"@type\":\"WebPage\",\"@id\":\"https:\/\/dedemesquita.com.br\/?p=16869\",\"url\":\"https:\/\/dedemesquita.com.br\/?p=16869\",\"name\":\"Imprensa na cobertura do Festival Choro Jazz, site DI\u00c1RIO apresenta grande crescimento e mais uma premia\u00e7\u00e3o para Temple Comunica\u00e7\u00e3o - Ded\u00e9 Mesquita\",\"isPartOf\":{\"@id\":\"https:\/\/dedemesquita.com.br\/#website\"},\"datePublished\":\"2026-09-01T16:44:15+00:00\",\"dateModified\":\"2026-09-01T19:36:12+00:00\",\"author\":{\"@id\":\"https:\/\/dedemesquita.com.br\/#\/schema\/person\/36571f81dd2d76dc3ab37231542c9e24\"},\"breadcrumb\":{\"@id\":\"https:\/\/dedemesquita.com.br\/?p=16869#breadcrumb\"},\"inLanguage\":\"pt-BR\",\"potentialAction\":[{\"@type\":\"ReadAction\",\"target\":[\"https:\/\/dedemesquita.com.br\/?p=16869\"]}]},{\"@type\":\"BreadcrumbList\",\"@id\":\"https:\/\/dedemesquita.com.br\/?p=16869#breadcrumb\",\"itemListElement\":[{\"@type\":\"ListItem\",\"position\":1,\"name\":\"In\u00edcio\",\"item\":\"https:\/\/dedemesquita.com.br\/\"},{\"@type\":\"ListItem\",\"position\":2,\"name\":\"Imprensa na cobertura do Festival Choro Jazz, site DI\u00c1RIO apresenta grande crescimento e mais uma premia\u00e7\u00e3o para Temple Comunica\u00e7\u00e3o\"}]},{\"@type\":\"WebSite\",\"@id\":\"https:\/\/dedemesquita.com.br\/#website\",\"url\":\"https:\/\/dedemesquita.com.br\/\",\"name\":\"Ded\u00e9 Mesquita\",\"description\":\"Um site que mostra os bastidores da imprensa no estado do Par\u00e1 e em Bel\u00e9m\",\"potentialAction\":[{\"@type\":\"SearchAction\",\"target\":{\"@type\":\"EntryPoint\",\"urlTemplate\":\"https:\/\/dedemesquita.com.br\/?s={search_term_string}\"},\"query-input\":\"required name=search_term_string\"}],\"inLanguage\":\"pt-BR\"},{\"@type\":\"Person\",\"@id\":\"https:\/\/dedemesquita.com.br\/#\/schema\/person\/36571f81dd2d76dc3ab37231542c9e24\",\"name\":\"Ded\u00e9 Mesquita\",\"image\":{\"@type\":\"ImageObject\",\"inLanguage\":\"pt-BR\",\"@id\":\"https:\/\/dedemesquita.com.br\/#\/schema\/person\/image\/\",\"url\":\"https:\/\/dedemesquita.com.br\/wp-content\/uploads\/2021\/02\/foto_perfil-150x150.jpg\",\"contentUrl\":\"https:\/\/dedemesquita.com.br\/wp-content\/uploads\/2021\/02\/foto_perfil-150x150.jpg\",\"caption\":\"Ded\u00e9 Mesquita\"},\"sameAs\":[\"https:\/\/dedemesquita.com.br\"]}]}<\/script>\n<!-- \/ Yoast SEO plugin. -->","yoast_head_json":{"title":"Imprensa na cobertura do Festival Choro Jazz, site DI\u00c1RIO apresenta grande crescimento e mais uma premia\u00e7\u00e3o para Temple Comunica\u00e7\u00e3o - Ded\u00e9 Mesquita","robots":{"index":"index","follow":"follow","max-snippet":"max-snippet:-1","max-image-preview":"max-image-preview:large","max-video-preview":"max-video-preview:-1"},"canonical":"https:\/\/dedemesquita.com.br\/?p=16869","og_locale":"pt_BR","og_type":"article","og_title":"Imprensa na cobertura do Festival Choro Jazz, site DI\u00c1RIO apresenta grande crescimento e mais uma premia\u00e7\u00e3o para Temple Comunica\u00e7\u00e3o - Ded\u00e9 Mesquita","og_description":"Bel\u00e9m, 1 de setembro de 2026 &#8211; Ufa! chegamos em setembro e n\u00e3o te esquece que s\u00e3o 40 dias at\u00e9 o C\u00edrio de Nossa Senhora de Nazar\u00e9 e menos de um m\u00eas para o primeiro turno das Elei\u00e7\u00f5es Gerais de 2026. Depois disso tudo, o ano acaba. Tu sabes disso! Mudan\u00e7as nas reda\u00e7\u00f5es Soraya &#8211; [&hellip;]","og_url":"https:\/\/dedemesquita.com.br\/?p=16869","og_site_name":"Ded\u00e9 Mesquita","article_publisher":"https:\/\/www.facebook.com\/dede.mesquita","article_published_time":"2026-09-01T16:44:15+00:00","article_modified_time":"2026-09-01T19:36:12+00:00","og_image":[{"width":950,"height":613,"url":"https:\/\/dedemesquita.com.br\/wp-content\/uploads\/2026\/09\/CAPA02.jpeg","type":"image\/jpeg"}],"author":"Ded\u00e9 Mesquita","twitter_card":"summary_large_image","twitter_creator":"@dedemesquita","twitter_site":"@dedemesquita","twitter_misc":{"Escrito por":"Ded\u00e9 Mesquita","Est. tempo de leitura":"26 minutos"},"schema":{"@context":"https:\/\/schema.org","@graph":[{"@type":"WebPage","@id":"https:\/\/dedemesquita.com.br\/?p=16869","url":"https:\/\/dedemesquita.com.br\/?p=16869","name":"Imprensa na cobertura do Festival Choro Jazz, site DI\u00c1RIO apresenta grande crescimento e mais uma premia\u00e7\u00e3o para Temple Comunica\u00e7\u00e3o - Ded\u00e9 Mesquita","isPartOf":{"@id":"https:\/\/dedemesquita.com.br\/#website"},"datePublished":"2026-09-01T16:44:15+00:00","dateModified":"2026-09-01T19:36:12+00:00","author":{"@id":"https:\/\/dedemesquita.com.br\/#\/schema\/person\/36571f81dd2d76dc3ab37231542c9e24"},"breadcrumb":{"@id":"https:\/\/dedemesquita.com.br\/?p=16869#breadcrumb"},"inLanguage":"pt-BR","potentialAction":[{"@type":"ReadAction","target":["https:\/\/dedemesquita.com.br\/?p=16869"]}]},{"@type":"BreadcrumbList","@id":"https:\/\/dedemesquita.com.br\/?p=16869#breadcrumb","itemListElement":[{"@type":"ListItem","position":1,"name":"In\u00edcio","item":"https:\/\/dedemesquita.com.br\/"},{"@type":"ListItem","position":2,"name":"Imprensa na cobertura do Festival Choro Jazz, site DI\u00c1RIO apresenta grande crescimento e mais uma premia\u00e7\u00e3o para Temple Comunica\u00e7\u00e3o"}]},{"@type":"WebSite","@id":"https:\/\/dedemesquita.com.br\/#website","url":"https:\/\/dedemesquita.com.br\/","name":"Ded\u00e9 Mesquita","description":"Um site que mostra os bastidores da imprensa no estado do Par\u00e1 e em Bel\u00e9m","potentialAction":[{"@type":"SearchAction","target":{"@type":"EntryPoint","urlTemplate":"https:\/\/dedemesquita.com.br\/?s={search_term_string}"},"query-input":"required name=search_term_string"}],"inLanguage":"pt-BR"},{"@type":"Person","@id":"https:\/\/dedemesquita.com.br\/#\/schema\/person\/36571f81dd2d76dc3ab37231542c9e24","name":"Ded\u00e9 Mesquita","image":{"@type":"ImageObject","inLanguage":"pt-BR","@id":"https:\/\/dedemesquita.com.br\/#\/schema\/person\/image\/","url":"https:\/\/dedemesquita.com.br\/wp-content\/uploads\/2021\/02\/foto_perfil-150x150.jpg","contentUrl":"https:\/\/dedemesquita.com.br\/wp-content\/uploads\/2021\/02\/foto_perfil-150x150.jpg","caption":"Ded\u00e9 Mesquita"},"sameAs":["https:\/\/dedemesquita.com.br"]}]}},"_links":{"self":[{"href":"https:\/\/dedemesquita.com.br\/index.php?rest_route=\/wp\/v2\/posts\/16869"}],"collection":[{"href":"https:\/\/dedemesquita.com.br\/index.php?rest_route=\/wp\/v2\/posts"}],"about":[{"href":"https:\/\/dedemesquita.com.br\/index.php?rest_route=\/wp\/v2\/types\/post"}],"author":[{"embeddable":true,"href":"https:\/\/dedemesquita.com.br\/index.php?rest_route=\/wp\/v2\/users\/2"}],"replies":[{"embeddable":true,"href":"https:\/\/dedemesquita.com.br\/index.php?rest_route=%2Fwp%2Fv2%2Fcomments&post=16869"}],"version-history":[{"count":11,"href":"https:\/\/dedemesquita.com.br\/index.php?rest_route=\/wp\/v2\/posts\/16869\/revisions"}],"predecessor-version":[{"id":16952,"href":"https:\/\/dedemesquita.com.br\/index.php?rest_route=\/wp\/v2\/posts\/16869\/revisions\/16952"}],"wp:featuredmedia":[{"embeddable":true,"href":"https:\/\/dedemesquita.com.br\/index.php?rest_route=\/wp\/v2\/media\/16915"}],"wp:attachment":[{"href":"https:\/\/dedemesquita.com.br\/index.php?rest_route=%2Fwp%2Fv2%2Fmedia&parent=16869"}],"wp:term":[{"taxonomy":"category","embeddable":true,"href":"https:\/\/dedemesquita.com.br\/index.php?rest_route=%2Fwp%2Fv2%2Fcategories&post=16869"},{"taxonomy":"post_tag","embeddable":true,"href":"https:\/\/dedemesquita.com.br\/index.php?rest_route=%2Fwp%2Fv2%2Ftags&post=16869"}],"curies":[{"name":"wp","href":"https:\/\/api.w.org\/{rel}","templated":true}]}}