{"id":1648,"date":"2021-06-29T19:16:40","date_gmt":"2021-06-29T22:16:40","guid":{"rendered":"https:\/\/dedemesquita.com.br\/?p=1648"},"modified":"2021-06-29T19:31:21","modified_gmt":"2021-06-29T22:31:21","slug":"novidades-nas-redacoes-e-cleide-magalhaes-assume-jornalismo-da-comus-agencia-belem","status":"publish","type":"post","link":"https:\/\/dedemesquita.com.br\/?p=1648","title":{"rendered":"Reda\u00e7\u00f5es com novidades e Cleide Magalh\u00e3es assumindo jornalismo da Comus\/Ag\u00eancia Bel\u00e9m"},"content":{"rendered":"\n<p>Esta semana est\u00e1 cheia de novidades nas reda\u00e7\u00f5es e assessorias de comunica\u00e7\u00e3o. S\u00e3o muitas. E vamos a elas. <\/p>\n\n\n\n<p><strong>CBN Bel\u00e9m &#8211;<\/strong> A r\u00e1dio CBN Bel\u00e9m passou por algumas mudan\u00e7as. <strong>Douglas Dinelli <\/strong>foi desligado da emissora. <strong>Max Sousa<\/strong>, que apresentava o Esta\u00e7\u00e3o de Not\u00edcias e os boletins locais da manh\u00e3, passou a apresentar o Tarde de Not\u00edcias, programa que era comandado por Dinelli. Max tamb\u00e9m \u00e9 locutor esportivo na r\u00e1dio e est\u00e1 na emissora desde a inaugura\u00e7\u00e3o dela h\u00e1 tr\u00eas anos, em Bel\u00e9m. Recentemente, <strong>Danilo Pires<\/strong> foi desligado da coordena\u00e7\u00e3o de jornalismo e quem assumiu foi a Tatiane Lobato, que saiu da TV Liberal para a fun\u00e7\u00e3o, o que foi noticiado aqui no site.<\/p>\n\n\n\n<p>Em julho, a CBN Bel\u00e9m far\u00e1 algumas mudan\u00e7as na programa\u00e7\u00e3o.<\/p>\n\n\n\n<div class=\"wp-block-image\"><figure class=\"aligncenter size-large\"><img loading=\"lazy\" decoding=\"async\" width=\"597\" height=\"561\" src=\"https:\/\/dedemesquita.com.br\/wp-content\/uploads\/2021\/06\/MAX_SOUSA.png\" alt=\"\" class=\"wp-image-1652\"\/><figcaption>Max Sousa assumiu o programa que era de Douglas Dinelli na r\u00e1dio CBN Bel\u00e9m <\/figcaption><\/figure><\/div>\n\n\n\n<p>A jornalista <strong>Adriana Lira<\/strong> produz e apresenta o programa \u201cTudo Mulher\u201d, aos s\u00e1bados, \u00e0s 11h30, na Rede TV, canal 47.1, e tamb\u00e9m no canal do YouTube. O programa procurar abranger todas as classes, destacando a moda paraense, as artistas que trabalham na noite paraense, esteticistas e profissionais de beleza.<\/p>\n\n\n\n<div class=\"wp-block-image\"><figure class=\"aligncenter size-large\"><img loading=\"lazy\" decoding=\"async\" width=\"1000\" height=\"765\" src=\"https:\/\/dedemesquita.com.br\/wp-content\/uploads\/2021\/06\/ADRIANA_LIRA.jpg\" alt=\"\" class=\"wp-image-1653\" srcset=\"https:\/\/dedemesquita.com.br\/wp-content\/uploads\/2021\/06\/ADRIANA_LIRA.jpg 1000w, https:\/\/dedemesquita.com.br\/wp-content\/uploads\/2021\/06\/ADRIANA_LIRA-768x588.jpg 768w\" sizes=\"(max-width: 1000px) 100vw, 1000px\" \/><figcaption>Adriana Lira \u00e9 a apresentadora do programa &#8220;Tudo Mulher&#8221; na Rede TV, em Bel\u00e9m <\/figcaption><\/figure><\/div>\n\n\n\n<p>A jornalista <strong>Cleide Magalh\u00e3es<\/strong>, depois de 10 anos, se desligou da reda\u00e7\u00e3o do Grupo Liberal, onde atuou como rep\u00f3rter C. H\u00e1 uma semana, ela est\u00e1 na \u00e1rea da comunica\u00e7\u00e3o p\u00fablica fazendo parte da Coordenadoria de Comunica\u00e7\u00e3o (Comus) da Prefeitura de Bel\u00e9m, como diretora do N\u00facleo de Informa\u00e7\u00e3o e Documentos (NID) da Comus, respondendo pelas demandas da \u00e1rea de jornalismo, principalmente, na Ag\u00eancia Bel\u00e9m.<\/p>\n\n\n\n<div class=\"wp-block-image\"><figure class=\"aligncenter size-large\"><img loading=\"lazy\" decoding=\"async\" width=\"739\" height=\"526\" src=\"https:\/\/dedemesquita.com.br\/wp-content\/uploads\/2021\/06\/CLEIDE_MAGALHAES.jpg\" alt=\"\" class=\"wp-image-1654\"\/><figcaption>Cleide Magalh\u00e3es comanda o jornalismo da Comus\/Ag\u00eancia Bel\u00e9m <\/figcaption><\/figure><\/div>\n\n\n\n<p>A jornalista e fot\u00f3grafa <strong>La\u00eds Teixeira<\/strong>, que passou pela reda\u00e7\u00e3o de O Liberal, \u00e9 a mais nova redatora da ag\u00eancia Rizoma.<\/p>\n\n\n\n<div class=\"wp-block-image\"><figure class=\"aligncenter size-large\"><img loading=\"lazy\" decoding=\"async\" width=\"601\" height=\"397\" src=\"https:\/\/dedemesquita.com.br\/wp-content\/uploads\/2021\/06\/LAIS_TEIXEIRA.png\" alt=\"\" class=\"wp-image-1655\" srcset=\"https:\/\/dedemesquita.com.br\/wp-content\/uploads\/2021\/06\/LAIS_TEIXEIRA.png 601w, https:\/\/dedemesquita.com.br\/wp-content\/uploads\/2021\/06\/LAIS_TEIXEIRA-455x300.png 455w\" sizes=\"(max-width: 601px) 100vw, 601px\" \/><figcaption>La\u00eds Teixeira est\u00e1 na ag\u00eancia Rizoma<\/figcaption><\/figure><\/div>\n\n\n\n<p>O cinegrafista <strong>J\u00falio Souza<\/strong>, depois de muitos anos na TV Liberal, agora, passou a trabalhar na RBA TV.<\/p>\n\n\n\n<div class=\"wp-block-image\"><figure class=\"aligncenter size-large\"><img loading=\"lazy\" decoding=\"async\" width=\"1280\" height=\"718\" src=\"https:\/\/dedemesquita.com.br\/wp-content\/uploads\/2021\/06\/JULIO_SOUZA.jpg\" alt=\"\" class=\"wp-image-1656\" srcset=\"https:\/\/dedemesquita.com.br\/wp-content\/uploads\/2021\/06\/JULIO_SOUZA.jpg 1280w, https:\/\/dedemesquita.com.br\/wp-content\/uploads\/2021\/06\/JULIO_SOUZA-768x431.jpg 768w\" sizes=\"(max-width: 1280px) 100vw, 1280px\" \/><figcaption>O cinegrafista J\u00falio Souza (\u00e0 esquerda) passou a atuar na RBA TV<\/figcaption><\/figure><\/div>\n\n\n\n<p>A jornalista <strong>Karla Pereira<\/strong> \u00e9 a nova gerente de atendimento da ag\u00eancia Levant Ideias e Comunica\u00e7\u00e3o. No m\u00eas de maio, quem deixou a ag\u00eancia foi <strong>Cec\u00edlia Lob\u00e3o<\/strong>.<\/p>\n\n\n\n<div class=\"wp-block-image\"><figure class=\"aligncenter size-large\"><img loading=\"lazy\" decoding=\"async\" width=\"534\" height=\"482\" src=\"https:\/\/dedemesquita.com.br\/wp-content\/uploads\/2021\/06\/KARLA_PEREIRA.png\" alt=\"\" class=\"wp-image-1657\"\/><figcaption>Karla Pereira \u00e9 a nova gerente de atendimento na Levant Ideias e Comunica\u00e7\u00e3o <\/figcaption><\/figure><\/div>\n\n\n\n<p>A jornalista <strong>Adriana Pereira<\/strong> passou no processo seletivo da Florapac, de Paragominas, e \u00e9 a nova analista de comunica\u00e7\u00e3o e marketing dessa empresa madeireira que fabrica MDF. Adriana, assim, deixa a ag\u00eancia Levant, e passa a morar e trabalhar em Paragominas. <\/p>\n\n\n\n<div class=\"wp-block-image\"><figure class=\"aligncenter size-large\"><img loading=\"lazy\" decoding=\"async\" width=\"354\" height=\"472\" src=\"https:\/\/dedemesquita.com.br\/wp-content\/uploads\/2021\/06\/WhatsApp-Image-2021-06-29-at-15.22.08.jpeg\" alt=\"\" class=\"wp-image-1658\"\/><figcaption>Adriana Pereira troca Bel\u00e9m por Paragominas e a Levant pela empresa Florapac <\/figcaption><\/figure><\/div>\n\n\n\n<p>O jornalista&nbsp;<strong>\u00c1lvaro Vinente<\/strong>, assessor de imprensa da Segep-PMB, estreia como poeta no seu novo livro \u201cPoemas de Solid\u00e3o\u201d, que acaba de ser lan\u00e7ado em formato digital, com pref\u00e1cio do jornalista Tito Barata e introdu\u00e7\u00e3o do fil\u00f3sofo Jo\u00e3o Batista Moreira Filho. A vers\u00e3o digital est\u00e1 sendo comercializada por meio das redes sociais do autor: Instagram, Twitter e Facebook (@avinente).<\/p>\n\n\n\n<div class=\"wp-block-image\"><figure class=\"aligncenter size-large\"><img loading=\"lazy\" decoding=\"async\" width=\"750\" height=\"375\" src=\"https:\/\/dedemesquita.com.br\/wp-content\/uploads\/2021\/06\/ALVARO_VINENTE.jpeg\" alt=\"\" class=\"wp-image-1659\"\/><figcaption>O jornalista \u00c1lvaro Vinente mostra seu lado poeta <\/figcaption><\/figure><\/div>\n\n\n\n<p>Os jornalistas&nbsp;<strong>Micheline Ferreira<\/strong>&nbsp;e&nbsp;<strong>Sidney Filho<\/strong>, em parceria com o web designer Gabriel Castilho, colocaram no ar o perfil <strong>Jeri On Line Oficial (@jerionlineoficial)<\/strong>, no Instagram. Micheline atua como jornalista h\u00e1 30 anos em r\u00e1dio, TV, impressos (revista e jornais) e redes sociais; Gabriel Castilho \u00e9 um web designer extremamente experiente; e Sidney \u00e9 jornalista com 23 anos de carreira e j\u00e1 coordenou a equipe de redes sociais do Governo do Estado do Rio de Janeiro.&nbsp;<\/p>\n\n\n\n<div class=\"wp-block-image\"><figure class=\"aligncenter size-large\"><img loading=\"lazy\" decoding=\"async\" width=\"718\" height=\"551\" src=\"https:\/\/dedemesquita.com.br\/wp-content\/uploads\/2021\/06\/michel.jpg\" alt=\"\" class=\"wp-image-1660\"\/><figcaption>Micheline Ferreira conta tudo sobre Jericoacoara em perfil no Instagram  <\/figcaption><\/figure><\/div>\n\n\n\n<p>O <strong>Grupo Liberal<\/strong> lan\u00e7ou na semana passada, o projeto <strong>Liberal Creators<\/strong>, para potencializar a carreira e audi\u00eancia de criadores de conte\u00fado que j\u00e1 est\u00e3o no mercado, dar voz \u00e0 novas pessoas e, com isso, oferecer novas possibilidades de produtos comerciais nos ve\u00edculos do Grupo. <strong>Jorge Bentes<\/strong>, ex-portal Roma News, \u00e9 o gerente de Entretenimento e Branded Content do Grupo Liberal, e est\u00e1 no projeto, ao lado dos jornalistas <strong>Gabriel Pinheiro<\/strong> e <strong>Elisa Vaz<\/strong>, al\u00e9m de Aldo Rigoli, Marcela Bitar, M\u00f4nica Moura, Alessandra Lima e Abner Luiz.&nbsp; &nbsp;<\/p>\n\n\n\n<div class=\"wp-block-image\"><figure class=\"aligncenter size-large\"><img loading=\"lazy\" decoding=\"async\" width=\"700\" height=\"466\" src=\"https:\/\/dedemesquita.com.br\/wp-content\/uploads\/2021\/06\/GABRIEL_PINHEIRO.jpg\" alt=\"\" class=\"wp-image-1649\" srcset=\"https:\/\/dedemesquita.com.br\/wp-content\/uploads\/2021\/06\/GABRIEL_PINHEIRO.jpg 700w, https:\/\/dedemesquita.com.br\/wp-content\/uploads\/2021\/06\/GABRIEL_PINHEIRO-600x398.jpg 600w\" sizes=\"(max-width: 700px) 100vw, 700px\" \/><figcaption>Gabriel Pinheiro tem p\u00fablico voltado para jornalismo e comportamento (foto de All\u00ea Peixoto)<\/figcaption><\/figure><\/div>\n\n\n\n<div class=\"wp-block-image\"><figure class=\"aligncenter size-large\"><img loading=\"lazy\" decoding=\"async\" width=\"700\" height=\"700\" src=\"https:\/\/dedemesquita.com.br\/wp-content\/uploads\/2021\/06\/ELIZA_VAZ.jpg\" alt=\"\" class=\"wp-image-1650\" srcset=\"https:\/\/dedemesquita.com.br\/wp-content\/uploads\/2021\/06\/ELIZA_VAZ.jpg 700w, https:\/\/dedemesquita.com.br\/wp-content\/uploads\/2021\/06\/ELIZA_VAZ-150x150.jpg 150w\" sizes=\"(max-width: 700px) 100vw, 700px\" \/><figcaption>Elisa Vaz faz postagens sobre economia (foto de Sidney Oliveira)<\/figcaption><\/figure><\/div>\n\n\n\n<div class=\"wp-block-image\"><figure class=\"aligncenter size-large\"><img loading=\"lazy\" decoding=\"async\" width=\"700\" height=\"466\" src=\"https:\/\/dedemesquita.com.br\/wp-content\/uploads\/2021\/06\/JORGE_BENTES.jpg\" alt=\"\" class=\"wp-image-1651\" srcset=\"https:\/\/dedemesquita.com.br\/wp-content\/uploads\/2021\/06\/JORGE_BENTES.jpg 700w, https:\/\/dedemesquita.com.br\/wp-content\/uploads\/2021\/06\/JORGE_BENTES-600x398.jpg 600w\" sizes=\"(max-width: 700px) 100vw, 700px\" \/><figcaption>Jorge Bentes fala sobre obesidade, sa\u00fade e perda de peso (foto de Sidney Oliveira)<\/figcaption><\/figure><\/div>\n\n\n\n<p><\/p>\n","protected":false},"excerpt":{"rendered":"<p>Esta semana est\u00e1 cheia de novidades nas reda\u00e7\u00f5es e assessorias de comunica\u00e7\u00e3o. S\u00e3o muitas. E vamos a elas. CBN Bel\u00e9m &#8211; A r\u00e1dio CBN Bel\u00e9m passou por algumas mudan\u00e7as. Douglas Dinelli foi desligado da emissora. Max Sousa, que apresentava o Esta\u00e7\u00e3o de Not\u00edcias e os boletins locais da manh\u00e3, passou a apresentar o Tarde de [&hellip;]<\/p>\n","protected":false},"author":2,"featured_media":1661,"comment_status":"open","ping_status":"open","sticky":false,"template":"","format":"standard","meta":{"footnotes":""},"categories":[51,14,29],"tags":[155,136,119,120,177,144,145,178],"class_list":["post-1648","post","type-post","status-publish","format-standard","has-post-thumbnail","hentry","category-destaque","category-imprensa","category-jornalismo","tag-cbn-belem","tag-comus-agencia-belem","tag-jornalismo","tag-jornalistas-paraenses-em-acao","tag-levant","tag-o-liberal","tag-rbatv","tag-rede-tv"],"yoast_head":"<!-- This site is optimized with the Yoast SEO plugin v19.10 - https:\/\/yoast.com\/wordpress\/plugins\/seo\/ -->\n<title>Reda\u00e7\u00f5es com novidades e Cleide Magalh\u00e3es assumindo jornalismo da Comus\/Ag\u00eancia Bel\u00e9m - Ded\u00e9 Mesquita<\/title>\n<meta name=\"robots\" content=\"index, follow, max-snippet:-1, max-image-preview:large, max-video-preview:-1\" \/>\n<link rel=\"canonical\" href=\"https:\/\/dedemesquita.com.br\/?p=1648\" \/>\n<meta property=\"og:locale\" content=\"pt_BR\" \/>\n<meta property=\"og:type\" content=\"article\" \/>\n<meta property=\"og:title\" content=\"Reda\u00e7\u00f5es com novidades e Cleide Magalh\u00e3es assumindo jornalismo da Comus\/Ag\u00eancia Bel\u00e9m - Ded\u00e9 Mesquita\" \/>\n<meta property=\"og:description\" content=\"Esta semana est\u00e1 cheia de novidades nas reda\u00e7\u00f5es e assessorias de comunica\u00e7\u00e3o. S\u00e3o muitas. E vamos a elas. CBN Bel\u00e9m &#8211; A r\u00e1dio CBN Bel\u00e9m passou por algumas mudan\u00e7as. Douglas Dinelli foi desligado da emissora. Max Sousa, que apresentava o Esta\u00e7\u00e3o de Not\u00edcias e os boletins locais da manh\u00e3, passou a apresentar o Tarde de [&hellip;]\" \/>\n<meta property=\"og:url\" content=\"https:\/\/dedemesquita.com.br\/?p=1648\" \/>\n<meta property=\"og:site_name\" content=\"Ded\u00e9 Mesquita\" \/>\n<meta property=\"article:publisher\" content=\"https:\/\/www.facebook.com\/dede.mesquita\" \/>\n<meta property=\"article:published_time\" content=\"2021-06-29T22:16:40+00:00\" \/>\n<meta property=\"article:modified_time\" content=\"2021-06-29T22:31:21+00:00\" \/>\n<meta property=\"og:image\" content=\"https:\/\/dedemesquita.com.br\/wp-content\/uploads\/2021\/06\/cleie.jpg\" \/>\n\t<meta property=\"og:image:width\" content=\"720\" \/>\n\t<meta property=\"og:image:height\" content=\"537\" \/>\n\t<meta property=\"og:image:type\" content=\"image\/jpeg\" \/>\n<meta name=\"author\" content=\"Ded\u00e9 Mesquita\" \/>\n<meta name=\"twitter:card\" content=\"summary_large_image\" \/>\n<meta name=\"twitter:creator\" content=\"@dedemesquita\" \/>\n<meta name=\"twitter:site\" content=\"@dedemesquita\" \/>\n<meta name=\"twitter:label1\" content=\"Escrito por\" \/>\n\t<meta name=\"twitter:data1\" content=\"Ded\u00e9 Mesquita\" \/>\n\t<meta name=\"twitter:label2\" content=\"Est. tempo de leitura\" \/>\n\t<meta name=\"twitter:data2\" content=\"6 minutos\" \/>\n<script type=\"application\/ld+json\" class=\"yoast-schema-graph\">{\"@context\":\"https:\/\/schema.org\",\"@graph\":[{\"@type\":\"WebPage\",\"@id\":\"https:\/\/dedemesquita.com.br\/?p=1648\",\"url\":\"https:\/\/dedemesquita.com.br\/?p=1648\",\"name\":\"Reda\u00e7\u00f5es com novidades e Cleide Magalh\u00e3es assumindo jornalismo da Comus\/Ag\u00eancia Bel\u00e9m - Ded\u00e9 Mesquita\",\"isPartOf\":{\"@id\":\"https:\/\/dedemesquita.com.br\/#website\"},\"datePublished\":\"2021-06-29T22:16:40+00:00\",\"dateModified\":\"2021-06-29T22:31:21+00:00\",\"author\":{\"@id\":\"https:\/\/dedemesquita.com.br\/#\/schema\/person\/36571f81dd2d76dc3ab37231542c9e24\"},\"breadcrumb\":{\"@id\":\"https:\/\/dedemesquita.com.br\/?p=1648#breadcrumb\"},\"inLanguage\":\"pt-BR\",\"potentialAction\":[{\"@type\":\"ReadAction\",\"target\":[\"https:\/\/dedemesquita.com.br\/?p=1648\"]}]},{\"@type\":\"BreadcrumbList\",\"@id\":\"https:\/\/dedemesquita.com.br\/?p=1648#breadcrumb\",\"itemListElement\":[{\"@type\":\"ListItem\",\"position\":1,\"name\":\"In\u00edcio\",\"item\":\"https:\/\/dedemesquita.com.br\/\"},{\"@type\":\"ListItem\",\"position\":2,\"name\":\"Reda\u00e7\u00f5es com novidades e Cleide Magalh\u00e3es assumindo jornalismo da Comus\/Ag\u00eancia Bel\u00e9m\"}]},{\"@type\":\"WebSite\",\"@id\":\"https:\/\/dedemesquita.com.br\/#website\",\"url\":\"https:\/\/dedemesquita.com.br\/\",\"name\":\"Ded\u00e9 Mesquita\",\"description\":\"Um site que mostra os bastidores da imprensa no estado do Par\u00e1 e em Bel\u00e9m\",\"potentialAction\":[{\"@type\":\"SearchAction\",\"target\":{\"@type\":\"EntryPoint\",\"urlTemplate\":\"https:\/\/dedemesquita.com.br\/?s={search_term_string}\"},\"query-input\":\"required name=search_term_string\"}],\"inLanguage\":\"pt-BR\"},{\"@type\":\"Person\",\"@id\":\"https:\/\/dedemesquita.com.br\/#\/schema\/person\/36571f81dd2d76dc3ab37231542c9e24\",\"name\":\"Ded\u00e9 Mesquita\",\"image\":{\"@type\":\"ImageObject\",\"inLanguage\":\"pt-BR\",\"@id\":\"https:\/\/dedemesquita.com.br\/#\/schema\/person\/image\/\",\"url\":\"https:\/\/dedemesquita.com.br\/wp-content\/uploads\/2021\/02\/foto_perfil-150x150.jpg\",\"contentUrl\":\"https:\/\/dedemesquita.com.br\/wp-content\/uploads\/2021\/02\/foto_perfil-150x150.jpg\",\"caption\":\"Ded\u00e9 Mesquita\"},\"sameAs\":[\"https:\/\/dedemesquita.com.br\"]}]}<\/script>\n<!-- \/ Yoast SEO plugin. -->","yoast_head_json":{"title":"Reda\u00e7\u00f5es com novidades e Cleide Magalh\u00e3es assumindo jornalismo da Comus\/Ag\u00eancia Bel\u00e9m - Ded\u00e9 Mesquita","robots":{"index":"index","follow":"follow","max-snippet":"max-snippet:-1","max-image-preview":"max-image-preview:large","max-video-preview":"max-video-preview:-1"},"canonical":"https:\/\/dedemesquita.com.br\/?p=1648","og_locale":"pt_BR","og_type":"article","og_title":"Reda\u00e7\u00f5es com novidades e Cleide Magalh\u00e3es assumindo jornalismo da Comus\/Ag\u00eancia Bel\u00e9m - Ded\u00e9 Mesquita","og_description":"Esta semana est\u00e1 cheia de novidades nas reda\u00e7\u00f5es e assessorias de comunica\u00e7\u00e3o. S\u00e3o muitas. E vamos a elas. CBN Bel\u00e9m &#8211; A r\u00e1dio CBN Bel\u00e9m passou por algumas mudan\u00e7as. Douglas Dinelli foi desligado da emissora. Max Sousa, que apresentava o Esta\u00e7\u00e3o de Not\u00edcias e os boletins locais da manh\u00e3, passou a apresentar o Tarde de [&hellip;]","og_url":"https:\/\/dedemesquita.com.br\/?p=1648","og_site_name":"Ded\u00e9 Mesquita","article_publisher":"https:\/\/www.facebook.com\/dede.mesquita","article_published_time":"2021-06-29T22:16:40+00:00","article_modified_time":"2021-06-29T22:31:21+00:00","og_image":[{"width":720,"height":537,"url":"https:\/\/dedemesquita.com.br\/wp-content\/uploads\/2021\/06\/cleie.jpg","type":"image\/jpeg"}],"author":"Ded\u00e9 Mesquita","twitter_card":"summary_large_image","twitter_creator":"@dedemesquita","twitter_site":"@dedemesquita","twitter_misc":{"Escrito por":"Ded\u00e9 Mesquita","Est. tempo de leitura":"6 minutos"},"schema":{"@context":"https:\/\/schema.org","@graph":[{"@type":"WebPage","@id":"https:\/\/dedemesquita.com.br\/?p=1648","url":"https:\/\/dedemesquita.com.br\/?p=1648","name":"Reda\u00e7\u00f5es com novidades e Cleide Magalh\u00e3es assumindo jornalismo da Comus\/Ag\u00eancia Bel\u00e9m - Ded\u00e9 Mesquita","isPartOf":{"@id":"https:\/\/dedemesquita.com.br\/#website"},"datePublished":"2021-06-29T22:16:40+00:00","dateModified":"2021-06-29T22:31:21+00:00","author":{"@id":"https:\/\/dedemesquita.com.br\/#\/schema\/person\/36571f81dd2d76dc3ab37231542c9e24"},"breadcrumb":{"@id":"https:\/\/dedemesquita.com.br\/?p=1648#breadcrumb"},"inLanguage":"pt-BR","potentialAction":[{"@type":"ReadAction","target":["https:\/\/dedemesquita.com.br\/?p=1648"]}]},{"@type":"BreadcrumbList","@id":"https:\/\/dedemesquita.com.br\/?p=1648#breadcrumb","itemListElement":[{"@type":"ListItem","position":1,"name":"In\u00edcio","item":"https:\/\/dedemesquita.com.br\/"},{"@type":"ListItem","position":2,"name":"Reda\u00e7\u00f5es com novidades e Cleide Magalh\u00e3es assumindo jornalismo da Comus\/Ag\u00eancia Bel\u00e9m"}]},{"@type":"WebSite","@id":"https:\/\/dedemesquita.com.br\/#website","url":"https:\/\/dedemesquita.com.br\/","name":"Ded\u00e9 Mesquita","description":"Um site que mostra os bastidores da imprensa no estado do Par\u00e1 e em Bel\u00e9m","potentialAction":[{"@type":"SearchAction","target":{"@type":"EntryPoint","urlTemplate":"https:\/\/dedemesquita.com.br\/?s={search_term_string}"},"query-input":"required name=search_term_string"}],"inLanguage":"pt-BR"},{"@type":"Person","@id":"https:\/\/dedemesquita.com.br\/#\/schema\/person\/36571f81dd2d76dc3ab37231542c9e24","name":"Ded\u00e9 Mesquita","image":{"@type":"ImageObject","inLanguage":"pt-BR","@id":"https:\/\/dedemesquita.com.br\/#\/schema\/person\/image\/","url":"https:\/\/dedemesquita.com.br\/wp-content\/uploads\/2021\/02\/foto_perfil-150x150.jpg","contentUrl":"https:\/\/dedemesquita.com.br\/wp-content\/uploads\/2021\/02\/foto_perfil-150x150.jpg","caption":"Ded\u00e9 Mesquita"},"sameAs":["https:\/\/dedemesquita.com.br"]}]}},"_links":{"self":[{"href":"https:\/\/dedemesquita.com.br\/index.php?rest_route=\/wp\/v2\/posts\/1648"}],"collection":[{"href":"https:\/\/dedemesquita.com.br\/index.php?rest_route=\/wp\/v2\/posts"}],"about":[{"href":"https:\/\/dedemesquita.com.br\/index.php?rest_route=\/wp\/v2\/types\/post"}],"author":[{"embeddable":true,"href":"https:\/\/dedemesquita.com.br\/index.php?rest_route=\/wp\/v2\/users\/2"}],"replies":[{"embeddable":true,"href":"https:\/\/dedemesquita.com.br\/index.php?rest_route=%2Fwp%2Fv2%2Fcomments&post=1648"}],"version-history":[{"count":4,"href":"https:\/\/dedemesquita.com.br\/index.php?rest_route=\/wp\/v2\/posts\/1648\/revisions"}],"predecessor-version":[{"id":1667,"href":"https:\/\/dedemesquita.com.br\/index.php?rest_route=\/wp\/v2\/posts\/1648\/revisions\/1667"}],"wp:featuredmedia":[{"embeddable":true,"href":"https:\/\/dedemesquita.com.br\/index.php?rest_route=\/wp\/v2\/media\/1661"}],"wp:attachment":[{"href":"https:\/\/dedemesquita.com.br\/index.php?rest_route=%2Fwp%2Fv2%2Fmedia&parent=1648"}],"wp:term":[{"taxonomy":"category","embeddable":true,"href":"https:\/\/dedemesquita.com.br\/index.php?rest_route=%2Fwp%2Fv2%2Fcategories&post=1648"},{"taxonomy":"post_tag","embeddable":true,"href":"https:\/\/dedemesquita.com.br\/index.php?rest_route=%2Fwp%2Fv2%2Ftags&post=1648"}],"curies":[{"name":"wp","href":"https:\/\/api.w.org\/{rel}","templated":true}]}}