{"id":1643,"date":"2021-06-23T20:49:37","date_gmt":"2021-06-23T23:49:37","guid":{"rendered":"https:\/\/dedemesquita.com.br\/?p=1643"},"modified":"2021-06-23T21:23:07","modified_gmt":"2021-06-24T00:23:07","slug":"site-do-jornalista-carlos-mendes-e-tirado-do-ar-apos-denunciar-governador-helder-barbalho","status":"publish","type":"post","link":"https:\/\/dedemesquita.com.br\/?p=1643","title":{"rendered":"Site do jornalista Carlos Mendes \u00e9 tirado do ar ap\u00f3s denunciar governador Helder Barbalho"},"content":{"rendered":"\n<p>Esta quarta-feira, 23, come\u00e7ou cedo para o jornalista paraense Carlos Mendes, editor e redator do site Ver-o-Fato, um dos mais lidos no estado do Par\u00e1, principalmente, por mostrar not\u00edcias que n\u00e3o s\u00e3o publicadas na chamada &#8220;grande imprensa&#8221; do estado do Par\u00e1. <\/p>\n\n\n\n<p>A reportagem \u00e9 esta aqui: &#8220;EXCLUSIVO &#8211; Ao todo s\u00e3o 210 p\u00e1ginas de di\u00e1logos entre os investigados &#8211; o governador Helder Barbalho (MDB) e empres\u00e1rio Andr\u00e9 Felipe de Oliveira da Silva, preso&nbsp;com outros figur\u00f5es em maio do ano passado em opera\u00e7\u00e3o da Pol\u00edcia Federal (PF) no caso que envolve investiga\u00e7\u00f5es que apuram a compra, pelo Governo do Par\u00e1, de 400 respiradores da China inserv\u00edveis por R$ 50,4 milh\u00f5es para combater a pandemia da Covid-19 -, troca de arquivos com documentos, v\u00eddeos e fotografias. Embora o sigilo dessas conversas tenha sido removido, o conte\u00fado delas permanece guardado a sete chaves, apesar de pequenos trechos terem vazado para a imprensa nacional. O site Ver-o-Fato vai mostrar aos seus leitores o conte\u00fado de tudo, na imensa maioria conversas ainda in\u00e9ditas.<\/p>\n\n\n\n<p>Mendes publicou a reportagem por volta das 9 horas e cerca de 10 minutos depois o site foi retirado no ar, por meio de um ataque de <em>hackers<\/em>, e continuou assim durante o dia inteiro. <\/p>\n\n\n\n<p>O link da reportagem \u00e9 este aqui: <a href=\"https:\/\/ver-o-fato.com.br\/exclusivo-as-conversas-sigilosas-entre-o-governador-do-para-e-empresario-preso-pela-pf\/\"><strong>https:\/\/ver-o-fato.com.br\/exclusivo-as-conversas-sigilosas-entre-o-governador-do-para-e-empresario-preso-pela-pf\/<\/strong><\/a>, que volta ao ar e retirado seguidamente. <\/p>\n\n\n\n<p>O jornalista Carlos Mendes, um dos mais respeitados do estado do Par\u00e1, escreveu sobre essa retalia\u00e7\u00e3o: &#8220;Poderosos do Par\u00e1 derrubaram <strong>o site Ver-o-Fato<\/strong>, ap\u00f3s a publica\u00e7\u00e3o dessa mat\u00e9ria sobre as conversas sigilosas. Jornalismo, para eles, s\u00f3 se for a favor. Com mentiras e fake news. A verdade, os fatos, nem pensar. \u00c9 assim que agem. O gabinete do mal e do \u00f3dio foi r\u00e1pido no gatilho. Mas voltaremos. Se Deus est\u00e1 conosco, quem ser\u00e1 contra n\u00f3s?&#8221;<\/p>\n\n\n\n<p>O jornalista Olavo Dutra, da coluna de not\u00edcias on line <a href=\"https:\/\/colunaolavodutra.com.br\/\"><strong>https:\/\/colunaolavodutra.com.br\/<\/strong><\/a> tamb\u00e9m repercutiu a sa\u00edda do site do ar: &#8220;Nesta quarta-feira, 23, a prop\u00f3sito da reportagem exclusiva, o cen\u00e1rio noticioso do Par\u00e1 foi movimentado. O <strong>site do Ver-o-Fato<\/strong> saiu do ar v\u00e1rias vezes durante o dia, o que gerou a suspeita de que o chamado &#8216;gabinete do \u00f3dio do governo&#8217; entrou no circuito para evitar as informa\u00e7\u00f5es&#8221;. &nbsp;&nbsp;<\/p>\n\n\n\n<p>A pergunta que fica \u00e9 apenas uma: a quem interessa esse ataque de hackers para que a den\u00fancia do jornalista Carlos Mendes n\u00e3o chegue ao maior n\u00famero de pessoas? A reposta pode estar nos gabinetes refrigerados do Pal\u00e1cio do Governo do Par\u00e1, ali pelos lados da avenida Dr. Freitas, pr\u00f3ximo \u00e0 avenida Romulo Maiorana, no bairro do Marco, e tem a assinatura do barbalhismo do governador Helder Barbalho (MDB). <\/p>\n\n\n\n<p><strong>Leia a reportagem completa aqui: <\/strong><\/p>\n\n\n\n<p><strong>O Ver-o-Fato publica hoje a primeira parte das conversas interceptadas por ordem judicial. Amanh\u00e3, 24, e sexta-feira, 25,a segunda e terceira partes. Aguarde<\/strong>:<\/p>\n\n\n\n<p><em>Conversas por aplicativo de mensagens entre o governador Helder Barbalho, o empres\u00e1rio Andr\u00e9 Felipe de Oliveira da Silva e o ex-chefe da Casa Civil, Parsifal Pontes \u2013 os dois \u00faltimos presos&nbsp; em maio do ano passado durante opera\u00e7\u00e3o da Pol\u00edcia Federal \u2013 foram obtidas com exclusividade pelo&nbsp;<strong>Ver-o-Fato<\/strong>. O caso envolve investiga\u00e7\u00f5es que apuram a compra, pelo governo do Par\u00e1, de 400 respiradores da China para combater a pandemia do novo coronav\u00edrus.<\/em><\/p>\n\n\n\n<p><em>O neg\u00f3cio de R$ 50,4 milh\u00f5es, com R$ 25,2 milh\u00f5es pagos de forma adiantada e com pre\u00e7o que a per\u00edcia da Pol\u00edcia Federal concluiu ter sido superfaturado em 86,6%, foi um retumbante fracasso. Vieram menos da metade dos respiradores adquiridos e nenhum deles funcionou, enquanto centenas de paraenses morriam nos hospitais ou em suas casas por falta de atendimento adequado.&nbsp;&nbsp;&nbsp;&nbsp;&nbsp;<\/em><\/p>\n\n\n\n<p><em>Ao todo s\u00e3o 210 p\u00e1ginas de di\u00e1logos entre os investigados, troca&nbsp; de arquivos com documentos, v\u00eddeos e fotografias. Embora o sigilo dessas conversas tenha sido removido, o conte\u00fado delas permanece guardado a sete chaves, apesar de pequenos trechos terem vazado para a imprensa nacional. O&nbsp;<strong>Ver-o-Fato<\/strong>&nbsp;vai mostrar aos seus leitores o conte\u00fado de tudo, na imensa maioria conversas ainda in\u00e9ditas.<\/em><\/p>\n\n\n\n<p><em>O&nbsp;<strong>Ver-o-Fato<\/strong>&nbsp;come\u00e7a a publicar hoje (dia 23) a primeira parte dessas conversas. Na quinta-feira, 24, e sexta-feira, 25, publicaremos o restante, incluindo as tratativas dos personagens acima citados sobre a desastrada opera\u00e7\u00e3o. Os leitores ficar\u00e3o sabendo de muitos detalhes que levaram a PF e a subprocuradora-geral da Rep\u00fablica, Lind\u00f4ra Ara\u00fajo a pedir o indiciamento do envolvidos em v\u00e1rios crimes.<\/em><\/p>\n\n\n\n<p><em>O governador, que est\u00e1 com os bens bloqueados no valor de R$ 25,2 milh\u00f5es, conforme decis\u00e3o do ministro Francisco Falc\u00e3o, do Superior Tribunal de Justi\u00e7a (STJ), em nota divulgada ap\u00f3s a opera\u00e7\u00e3o da PF que redundou nas pris\u00f5es de sete envolvidos no caso, negou ser amigo do empres\u00e1rio Andr\u00e9 Felipe.<\/em><\/p>\n\n\n\n<p><em>N\u00e3o \u00e9, por\u00e9m, o que comprovam as conversas entre ambos pelo aplicativo WhatsApp. Pelo contr\u00e1rio, eles parecem ser velhos amigos. O pr\u00f3prio Andr\u00e9, ao depor na PF, foi taxativo ao afirmar que conhece Helder&nbsp; \u201ch\u00e1 cerca de dez anos\u201d.<\/em><\/p>\n\n\n\n<p><em>A prop\u00f3sito disso, logo na primeira conversa interceptada entre Helder e Andr\u00e9 Felipe, o empres\u00e1rio, <strong>na madrugada do dia 29 de outubro de 2018<\/strong>, enquanto o emedebista&nbsp; comemora com pol\u00edticos aliados sua elei\u00e7\u00e3o ao governo do Estado, ap\u00f3s derrotar no segundo turno o advers\u00e1rio M\u00e1rcio Miranda (DEM), por 55,43% dos votos v\u00e1lidos,&nbsp;manda a seguinte mensagem, aos 27 minutos e 30 segundos: \u201camigo, governador, parab\u00e9ns, e boa sorte na sua nova empreitada !!! Que Deus te guie\u201d. Helder recebe a mensagem, mas n\u00e3o responde. Aos 27:47, Andr\u00e9 posta: \u201cboa sorte\u201d. Tr\u00eas segundos depois, Helder responde: \u201cvaleu\u201d.<\/em><\/p>\n\n\n\n<p><em>Andr\u00e9 volta a postar mensagem para Helder um m\u00eas depois, <strong>no dia 28 de novembro de 2018<\/strong>, \u00e0s 13h33: \u201cBom dia, governador, Quando poss\u00edvel me avisa para eu te ligar, preciso falar com vc\u201d. Helder, seis minutos depois, retorna: \u201coi amigo\u201d. Andr\u00e9 retoma a conversa, instantes depois, dizendo: \u201ceu queria ir com o Izalci tomar um caf\u00e9 com o senador Jader, e n\u00e3o estamos conseguindo contato com ele. Pode nos ajudar?\u201d.<\/em><\/p>\n\n\n\n<p><em>O Izalci citado pelo empres\u00e1rio \u00e9 o senador Izalci Lucas (PSDB-DF), de quem Andr\u00e9 Felipe, filiado ao DEM, \u00e9 o segundo suplente. <strong>No dia 13 de maio de 2020<\/strong>, ao saber que Andr\u00e9 havia sido preso pela Pol\u00edcia Federal, Izalci disse a rep\u00f3rter Denise Rothenburg, do jornal Correio Braziliense, ter tomado um susto. \u201cfui surpreendido, n\u00e3o tinha a menor ideia dos neg\u00f3cios dele e nem sei detalhes\u201d.<\/em><\/p>\n\n\n\n<p><em>Helder responde a Andr\u00e9 \u00e0s 14h02:42: \u201c ele (Jader) est\u00e1 voltando de Bras\u00edlia para Bel\u00e9m. Andr\u00e9 argumenta: \u201c pode ser na pr\u00f3xima semana, mais&nbsp;(sic) queremos ir tomar a b\u00ean\u00e7\u00e3o dele para chegar na casa !!!!\u201d.<\/em><\/p>\n\n\n\n<p><em><strong>Em 21 de fevereiro de 2019<\/strong>, &nbsp;\u00e0s 01h46:12 Andr\u00e9 liga para Helder: \u201cboa noite, &nbsp;governador\u201d. Helder responde: \u201cboa noite, amigo\u201d. &nbsp;Andr\u00e9: \u201c tudo bem com vcs? Est\u00e1 em BSB amanh\u00e3?\u201d. Helder: \u201ccheguei em Bel\u00e9m amigo\u201d. Andr\u00e9: \u201c entendi. Tem previs\u00e3o de voltar a BSB?\u201d. Helder: \u201c quarta-feira dia 6\/3\u201d. Andr\u00e9: \u201cok, te procuro nessa data para um caf\u00e9, pode ser?\u201d. Helder n\u00e3o responde. <strong>No dia 27 de fevereiro, \u00e0s 23h09:35<\/strong>, Andr\u00e9 envia mensagem: \u201coi, amigo, Que horas na quarta, dia, 06\/03, posso te encontrar?<\/em><\/p>\n\n\n\n<p><em>Helder (retornando a liga\u00e7\u00e3o): \u201cpodemos almo\u00e7ar \u201c. Andr\u00e9: \u201cperfeito\u201d. No dia do encontro entre ambos, em Bras\u00edlia, \u00e0s 14h03. Andr\u00e9: \u201coi, Helder\u201d. Logo em seguida, Andr\u00e9 posta a mensagem: \u201c vi agora\u201d. Helder (1 minuto depois ): \u201cia pedir para &nbsp;antecipar nosso encontro, estou voltando 11:50 para Bel\u00e9m. Volto dia 13\u201d. Andr\u00e9: \u201centendi, Pela hora ent\u00e3o melhor dia 13?\u201d. Helder: \u201csim\u201d. Andr\u00e9: \u201cent\u00e3o falamos dia 13. Bom retorno. Obrigado\u201d. Helder: \u201cabra\u00e7os\u201d.<\/em><\/p>\n\n\n\n<p><em>No dia 13, data do encontro novamente marcado entre os dois, mensagem postada \u00e0s 11h33. &nbsp;Andr\u00e9: \u201cbom dia\u201d. Helder: \u201coi, amigo\u201d. Andr\u00e9: \u201ccomo esta sua agenda? Andr\u00e9:&nbsp; \u201cHelder, consigo te encontrar hoje?&nbsp;(Mensagem \u00e0s 13h24) Helder: \u201csim, como vc est\u00e1 com o RM? (resposta \u00e0s 13h29) Andr\u00e9: \u201cnormal, Por que?\u201d. Helder: \u201cirei na casa dele 15h00, pode ser l\u00e1?\u201d. Andr\u00e9: \u201cpode sim\u201d. Helder: \u201cfechado\u201d. Andr\u00e9: \u201c quer que eu chegue antes ou depois?\u201d. Helder: \u201cpode ser depois\u201d. Andr\u00e9: \u201cvou chegar +- 15:20, pode ser?. Helder: \u201cok\u201d. Andr\u00e9: \u201cestou no escrit\u00f3rio da Resid\u00eancia\u201d.<\/em><\/p>\n\n\n\n<p><em><strong>Dia 22 de mar\u00e7o de 2019 \u00e0s 16h04<\/strong> &#8211; Andr\u00e9 Felipe: \u201cboa tarde, Helder, Conversei com Onyx, hoje e a ideia \u00e9 marcar um almo\u00e7o ou jantar na casa do Izalci com vc, para aproxim\u00e1-los. O que acha?\u201d. Helder: \u201cacho bom\u201d. Andr\u00e9: \u201cs\u00f3 vc falar a data, para fechar agenda com Onyx\u201d. Helder: \u201cestarei na ter\u00e7a-feira em Bras\u00edlia\u201d. Andr\u00e9: \u201c prefere almo\u00e7o ou jantar?\u201d. Helder: \u201cveja com ele\u201d.<\/em><\/p>\n\n\n\n<p><em>Andr\u00e9: \u201c ok, J\u00e1 te falo\u201d. Andr\u00e9: \u201c almo\u00e7o na quinta-feira, dia, 28.03.2019, consegue?\u201d. Helder: \u201c n\u00e3o consigo, vou estar dia 26\u201d. Andr\u00e9: \u201c se n\u00e3o conseguirmos acertar agenda na pr\u00f3xima semana ele viaja de 31.03 ate 05.04, ai quer deixar uma data que vc venha a BSB ap\u00f3s dia, 05.04?\u201d. Helder: \u201c pode ser jantar na quinta-feira\u201d. Andr\u00e9: \u201c j\u00e1, j\u00e1 te falo\u201d.<\/em><\/p>\n\n\n\n<p><em><strong>Mensagem do dia 25 de mar\u00e7o de 2019, \u00e0s 16h25<\/strong> &#8211; Andr\u00e9: \u201cboa tarde, Posso te ligar?\u201d. Helder: \u201c oi\u201d. Mensagem \u00e0s 20h59 do mesmo dia. Andr\u00e9: \u201c pode falar agora?\u201d. Helder: \u201c sim\u201d. Andr\u00e9: \u201c oi, Confirmado, segunda-feira, dia, 01.04 as 12:30 na casa do Izalci\u201d.&nbsp;Helder: \u201cbom dia amigo. Acabo de receber liga\u00e7\u00e3o da Sra Teca secret\u00e1ria do Ministro Onyx Lorenzoni. Ela solicita a confirma\u00e7\u00e3o da sua presen\u00e7a, Governador Helder Barbalho, no almo\u00e7o, conforme abaixo detalhado: -&gt; Data 01\/04\/2019 -&gt; Hora: 12:30h -&gt; Restaurante Rubaiyat Bras\u00edlia. -&gt; Participantes: 1. Governador Helder Barbalho 2. Ministro Onyx Lorenzoni 3. Senador Izalci Lucas (DF). Obs: Perguntei pauta, a Sra Teca informou que o Ministro mencionou apenas almo\u00e7o. Posso confirmar????\u201d. Helder: \u201cinformando que seria no Rubayat\u201d. Andr\u00e9: \u201cconfirma sim. S\u00f3 o local que est\u00e1 errado, vai ser na casa do Izalci\u201d. Helder: \u201ceu prefiro, meu voo de volta ser\u00e1 14:30\u201d. Andr\u00e9: \u201ceu tbm vou este almo\u00e7o com vcs\u201d. Helder: \u201cok\u201d.<\/em><\/p>\n\n\n\n<p><em><strong>Dia 27 de mar\u00e7o, \u00e0s 19h37<\/strong> &#8211; Andr\u00e9: \u201c oi, Pode falar?\u201d. Helder: \u201cj\u00e1 te ligo\u201d. Andr\u00e9: \u201choje tem elei\u00e7\u00e3o do CNS, e querem que vc indique o seu secret\u00e1rio de sa\u00fade\u201d. O governador &nbsp;posta mensagem no dia 1\u00ba de abril de 2019, \u00e0s 01h06. Helder: \u201c tudo certo para amanh\u00e3?\u201d. Andr\u00e9: \u201c oi, estava no cinema, Tudo certo sim\u201d. Helder: \u201c ok\u201d. Mesmo dia 1\u00ba, \u00e0s 13h58. Helder: \u201coi\u201d. Andr\u00e9: \u201c quer chegar l\u00e1 umas 11:40, um pouco mais cedo, a\u00ed vc conhece Izalci.&nbsp; Eu vou pra l\u00e1 daki uns 15min\u201d. Helder: \u201c ok\u201d.&nbsp;Estou a caminho\u201d. Andr\u00e9: \u201cestou aki.<\/em><\/p>\n\n\n\n<p><em><strong>Mensagem do dia 3 de abril, \u00e0s 22h54<\/strong> &#8211; Andr\u00e9: \u201c oi, estive com Dep. H\u00e9lio Leite, quer se aproximar de vc \u201c. Dia 9 de abril, mensagem. Helder: \u201c bom dia querido, estou indo para Bras\u00edlia e volto amanh\u00e3 \u00e0s 14:00, caso seja poss\u00edvel lhe pe\u00e7o um espa\u00e7o na sua agenda para desdobrar os eventos do fim de semana no Par\u00e1\u201d. Helder: \u201c me ajuda para agendar com o \u00d4nix (Lorenzoni)\u201d. Andr\u00e9: \u201cbom dia, Claro\u201d. Andr\u00e9: \u201c que horas vc chega?\u201d<\/em><\/p>\n\n\n\n<p><em><strong>Mensagem de 6 de maio de 2019&nbsp; \u00e0s 16h34 &#8211;<\/strong> Andr\u00e9: \u201c oi, Helder, Gostaria de ir a Bel\u00e9m nessa quarta-feira para conversar das agendas que j\u00e1 havia conversado com vc. Pode ser?\u201d. Helder: \u201c quarta-feira estarei em Bras\u00edlia\u201d. Andr\u00e9: \u201c te encontro em BSB ent\u00e3o?\u201d. Helder: \u201c ok\u201d.<\/em><\/p>\n\n\n\n<p><em><strong>Dia 8 de maio, \u00e0s 11h39<\/strong> &#8211; Andr\u00e9: \u201cbom dia, Que hora posso te encontrar? Estou no Senado no Anexo 1, quando puder me avisa para te encontrar\u201d. Helder: \u201cvai no apto do papai\u201d. Andr\u00e9: \u201c ok, agora?&nbsp; N\u00e3o lembro o endere\u00e7o\u201d. Helder: \u201c 309 sul\u201d. Andr\u00e9: \u201c ok, estou indo\u201d. No dia 20 de julho de 2019, \u00e0s 14h41. Andr\u00e9: \u201cbom dia, gov. Posso te ligar?\u201d. Helder: \u201c oi amigo\u201d. Andr\u00e9: \u201c posso te ligar?\u201d<\/em><\/p>\n\n\n\n<p><em><strong>Dia 21 de julho \u00e0s 120h04<\/strong> &#8211; Andr\u00e9: \u201cnovidade?\u201d. Helder manda para Andr\u00e9 um arquivo atachado com nome de um certo Hil\u00e1rio. Andr\u00e9: \u201c ok, obrigado\u201d. No dia 1\u00ba de setembro, \u00e0s 2h49, Andr\u00e9 envia para Helder um arquivo. E no dia 17, \u00e0s 16h59, manda a seguinte mensagem: Andr\u00e9: \u201c boa tarde, gov. Quando vc vai est\u00e1 em BSB?\u201d. Helder: \u201c talvez na pr\u00f3xima semana\u201d. Andr\u00e9: \u201c ok, Te procuro\u201d. Um novo arquivo \u00e9 enviado a Helder por&nbsp; Andr\u00e9 Felipe no dia 20 de setembro, \u00e0s 22h50.<\/em><\/p>\n","protected":false},"excerpt":{"rendered":"<p>Esta quarta-feira, 23, come\u00e7ou cedo para o jornalista paraense Carlos Mendes, editor e redator do site Ver-o-Fato, um dos mais lidos no estado do Par\u00e1, principalmente, por mostrar not\u00edcias que n\u00e3o s\u00e3o publicadas na chamada &#8220;grande imprensa&#8221; do estado do Par\u00e1. A reportagem \u00e9 esta aqui: &#8220;EXCLUSIVO &#8211; Ao todo s\u00e3o 210 p\u00e1ginas de di\u00e1logos [&hellip;]<\/p>\n","protected":false},"author":2,"featured_media":1644,"comment_status":"open","ping_status":"open","sticky":false,"template":"","format":"standard","meta":{"footnotes":""},"categories":[51,14,29],"tags":[176,175,174,119,120,173],"class_list":["post-1643","post","type-post","status-publish","format-standard","has-post-thumbnail","hentry","category-destaque","category-imprensa","category-jornalismo","tag-carlos-mendes","tag-governo-do-para","tag-helder-barbalho","tag-jornalismo","tag-jornalistas-paraenses-em-acao","tag-ver-o-fato"],"yoast_head":"<!-- This site is optimized with the Yoast SEO plugin v19.10 - https:\/\/yoast.com\/wordpress\/plugins\/seo\/ -->\n<title>Site do jornalista Carlos Mendes \u00e9 tirado do ar ap\u00f3s denunciar governador Helder Barbalho - Ded\u00e9 Mesquita<\/title>\n<meta name=\"robots\" content=\"index, follow, max-snippet:-1, max-image-preview:large, max-video-preview:-1\" \/>\n<link rel=\"canonical\" href=\"https:\/\/dedemesquita.com.br\/?p=1643\" \/>\n<meta property=\"og:locale\" content=\"pt_BR\" \/>\n<meta property=\"og:type\" content=\"article\" \/>\n<meta property=\"og:title\" content=\"Site do jornalista Carlos Mendes \u00e9 tirado do ar ap\u00f3s denunciar governador Helder Barbalho - Ded\u00e9 Mesquita\" \/>\n<meta property=\"og:description\" content=\"Esta quarta-feira, 23, come\u00e7ou cedo para o jornalista paraense Carlos Mendes, editor e redator do site Ver-o-Fato, um dos mais lidos no estado do Par\u00e1, principalmente, por mostrar not\u00edcias que n\u00e3o s\u00e3o publicadas na chamada &#8220;grande imprensa&#8221; do estado do Par\u00e1. A reportagem \u00e9 esta aqui: &#8220;EXCLUSIVO &#8211; Ao todo s\u00e3o 210 p\u00e1ginas de di\u00e1logos [&hellip;]\" \/>\n<meta property=\"og:url\" content=\"https:\/\/dedemesquita.com.br\/?p=1643\" \/>\n<meta property=\"og:site_name\" content=\"Ded\u00e9 Mesquita\" \/>\n<meta property=\"article:publisher\" content=\"https:\/\/www.facebook.com\/dede.mesquita\" \/>\n<meta property=\"article:published_time\" content=\"2021-06-23T23:49:37+00:00\" \/>\n<meta property=\"article:modified_time\" content=\"2021-06-24T00:23:07+00:00\" \/>\n<meta property=\"og:image\" content=\"https:\/\/dedemesquita.com.br\/wp-content\/uploads\/2021\/06\/MENDES.png\" \/>\n\t<meta property=\"og:image:width\" content=\"891\" \/>\n\t<meta property=\"og:image:height\" content=\"632\" \/>\n\t<meta property=\"og:image:type\" content=\"image\/png\" \/>\n<meta name=\"author\" content=\"Ded\u00e9 Mesquita\" \/>\n<meta name=\"twitter:card\" content=\"summary_large_image\" \/>\n<meta name=\"twitter:creator\" content=\"@dedemesquita\" \/>\n<meta name=\"twitter:site\" content=\"@dedemesquita\" \/>\n<meta name=\"twitter:label1\" content=\"Escrito por\" \/>\n\t<meta name=\"twitter:data1\" content=\"Ded\u00e9 Mesquita\" \/>\n\t<meta name=\"twitter:label2\" content=\"Est. tempo de leitura\" \/>\n\t<meta name=\"twitter:data2\" content=\"9 minutos\" \/>\n<script type=\"application\/ld+json\" class=\"yoast-schema-graph\">{\"@context\":\"https:\/\/schema.org\",\"@graph\":[{\"@type\":\"WebPage\",\"@id\":\"https:\/\/dedemesquita.com.br\/?p=1643\",\"url\":\"https:\/\/dedemesquita.com.br\/?p=1643\",\"name\":\"Site do jornalista Carlos Mendes \u00e9 tirado do ar ap\u00f3s denunciar governador Helder Barbalho - Ded\u00e9 Mesquita\",\"isPartOf\":{\"@id\":\"https:\/\/dedemesquita.com.br\/#website\"},\"datePublished\":\"2021-06-23T23:49:37+00:00\",\"dateModified\":\"2021-06-24T00:23:07+00:00\",\"author\":{\"@id\":\"https:\/\/dedemesquita.com.br\/#\/schema\/person\/36571f81dd2d76dc3ab37231542c9e24\"},\"breadcrumb\":{\"@id\":\"https:\/\/dedemesquita.com.br\/?p=1643#breadcrumb\"},\"inLanguage\":\"pt-BR\",\"potentialAction\":[{\"@type\":\"ReadAction\",\"target\":[\"https:\/\/dedemesquita.com.br\/?p=1643\"]}]},{\"@type\":\"BreadcrumbList\",\"@id\":\"https:\/\/dedemesquita.com.br\/?p=1643#breadcrumb\",\"itemListElement\":[{\"@type\":\"ListItem\",\"position\":1,\"name\":\"In\u00edcio\",\"item\":\"https:\/\/dedemesquita.com.br\/\"},{\"@type\":\"ListItem\",\"position\":2,\"name\":\"Site do jornalista Carlos Mendes \u00e9 tirado do ar ap\u00f3s denunciar governador Helder Barbalho\"}]},{\"@type\":\"WebSite\",\"@id\":\"https:\/\/dedemesquita.com.br\/#website\",\"url\":\"https:\/\/dedemesquita.com.br\/\",\"name\":\"Ded\u00e9 Mesquita\",\"description\":\"Um site que mostra os bastidores da imprensa no estado do Par\u00e1 e em Bel\u00e9m\",\"potentialAction\":[{\"@type\":\"SearchAction\",\"target\":{\"@type\":\"EntryPoint\",\"urlTemplate\":\"https:\/\/dedemesquita.com.br\/?s={search_term_string}\"},\"query-input\":\"required name=search_term_string\"}],\"inLanguage\":\"pt-BR\"},{\"@type\":\"Person\",\"@id\":\"https:\/\/dedemesquita.com.br\/#\/schema\/person\/36571f81dd2d76dc3ab37231542c9e24\",\"name\":\"Ded\u00e9 Mesquita\",\"image\":{\"@type\":\"ImageObject\",\"inLanguage\":\"pt-BR\",\"@id\":\"https:\/\/dedemesquita.com.br\/#\/schema\/person\/image\/\",\"url\":\"https:\/\/dedemesquita.com.br\/wp-content\/uploads\/2021\/02\/foto_perfil-150x150.jpg\",\"contentUrl\":\"https:\/\/dedemesquita.com.br\/wp-content\/uploads\/2021\/02\/foto_perfil-150x150.jpg\",\"caption\":\"Ded\u00e9 Mesquita\"},\"sameAs\":[\"https:\/\/dedemesquita.com.br\"]}]}<\/script>\n<!-- \/ Yoast SEO plugin. -->","yoast_head_json":{"title":"Site do jornalista Carlos Mendes \u00e9 tirado do ar ap\u00f3s denunciar governador Helder Barbalho - Ded\u00e9 Mesquita","robots":{"index":"index","follow":"follow","max-snippet":"max-snippet:-1","max-image-preview":"max-image-preview:large","max-video-preview":"max-video-preview:-1"},"canonical":"https:\/\/dedemesquita.com.br\/?p=1643","og_locale":"pt_BR","og_type":"article","og_title":"Site do jornalista Carlos Mendes \u00e9 tirado do ar ap\u00f3s denunciar governador Helder Barbalho - Ded\u00e9 Mesquita","og_description":"Esta quarta-feira, 23, come\u00e7ou cedo para o jornalista paraense Carlos Mendes, editor e redator do site Ver-o-Fato, um dos mais lidos no estado do Par\u00e1, principalmente, por mostrar not\u00edcias que n\u00e3o s\u00e3o publicadas na chamada &#8220;grande imprensa&#8221; do estado do Par\u00e1. A reportagem \u00e9 esta aqui: &#8220;EXCLUSIVO &#8211; Ao todo s\u00e3o 210 p\u00e1ginas de di\u00e1logos [&hellip;]","og_url":"https:\/\/dedemesquita.com.br\/?p=1643","og_site_name":"Ded\u00e9 Mesquita","article_publisher":"https:\/\/www.facebook.com\/dede.mesquita","article_published_time":"2021-06-23T23:49:37+00:00","article_modified_time":"2021-06-24T00:23:07+00:00","og_image":[{"width":891,"height":632,"url":"https:\/\/dedemesquita.com.br\/wp-content\/uploads\/2021\/06\/MENDES.png","type":"image\/png"}],"author":"Ded\u00e9 Mesquita","twitter_card":"summary_large_image","twitter_creator":"@dedemesquita","twitter_site":"@dedemesquita","twitter_misc":{"Escrito por":"Ded\u00e9 Mesquita","Est. tempo de leitura":"9 minutos"},"schema":{"@context":"https:\/\/schema.org","@graph":[{"@type":"WebPage","@id":"https:\/\/dedemesquita.com.br\/?p=1643","url":"https:\/\/dedemesquita.com.br\/?p=1643","name":"Site do jornalista Carlos Mendes \u00e9 tirado do ar ap\u00f3s denunciar governador Helder Barbalho - Ded\u00e9 Mesquita","isPartOf":{"@id":"https:\/\/dedemesquita.com.br\/#website"},"datePublished":"2021-06-23T23:49:37+00:00","dateModified":"2021-06-24T00:23:07+00:00","author":{"@id":"https:\/\/dedemesquita.com.br\/#\/schema\/person\/36571f81dd2d76dc3ab37231542c9e24"},"breadcrumb":{"@id":"https:\/\/dedemesquita.com.br\/?p=1643#breadcrumb"},"inLanguage":"pt-BR","potentialAction":[{"@type":"ReadAction","target":["https:\/\/dedemesquita.com.br\/?p=1643"]}]},{"@type":"BreadcrumbList","@id":"https:\/\/dedemesquita.com.br\/?p=1643#breadcrumb","itemListElement":[{"@type":"ListItem","position":1,"name":"In\u00edcio","item":"https:\/\/dedemesquita.com.br\/"},{"@type":"ListItem","position":2,"name":"Site do jornalista Carlos Mendes \u00e9 tirado do ar ap\u00f3s denunciar governador Helder Barbalho"}]},{"@type":"WebSite","@id":"https:\/\/dedemesquita.com.br\/#website","url":"https:\/\/dedemesquita.com.br\/","name":"Ded\u00e9 Mesquita","description":"Um site que mostra os bastidores da imprensa no estado do Par\u00e1 e em Bel\u00e9m","potentialAction":[{"@type":"SearchAction","target":{"@type":"EntryPoint","urlTemplate":"https:\/\/dedemesquita.com.br\/?s={search_term_string}"},"query-input":"required name=search_term_string"}],"inLanguage":"pt-BR"},{"@type":"Person","@id":"https:\/\/dedemesquita.com.br\/#\/schema\/person\/36571f81dd2d76dc3ab37231542c9e24","name":"Ded\u00e9 Mesquita","image":{"@type":"ImageObject","inLanguage":"pt-BR","@id":"https:\/\/dedemesquita.com.br\/#\/schema\/person\/image\/","url":"https:\/\/dedemesquita.com.br\/wp-content\/uploads\/2021\/02\/foto_perfil-150x150.jpg","contentUrl":"https:\/\/dedemesquita.com.br\/wp-content\/uploads\/2021\/02\/foto_perfil-150x150.jpg","caption":"Ded\u00e9 Mesquita"},"sameAs":["https:\/\/dedemesquita.com.br"]}]}},"_links":{"self":[{"href":"https:\/\/dedemesquita.com.br\/index.php?rest_route=\/wp\/v2\/posts\/1643"}],"collection":[{"href":"https:\/\/dedemesquita.com.br\/index.php?rest_route=\/wp\/v2\/posts"}],"about":[{"href":"https:\/\/dedemesquita.com.br\/index.php?rest_route=\/wp\/v2\/types\/post"}],"author":[{"embeddable":true,"href":"https:\/\/dedemesquita.com.br\/index.php?rest_route=\/wp\/v2\/users\/2"}],"replies":[{"embeddable":true,"href":"https:\/\/dedemesquita.com.br\/index.php?rest_route=%2Fwp%2Fv2%2Fcomments&post=1643"}],"version-history":[{"count":2,"href":"https:\/\/dedemesquita.com.br\/index.php?rest_route=\/wp\/v2\/posts\/1643\/revisions"}],"predecessor-version":[{"id":1647,"href":"https:\/\/dedemesquita.com.br\/index.php?rest_route=\/wp\/v2\/posts\/1643\/revisions\/1647"}],"wp:featuredmedia":[{"embeddable":true,"href":"https:\/\/dedemesquita.com.br\/index.php?rest_route=\/wp\/v2\/media\/1644"}],"wp:attachment":[{"href":"https:\/\/dedemesquita.com.br\/index.php?rest_route=%2Fwp%2Fv2%2Fmedia&parent=1643"}],"wp:term":[{"taxonomy":"category","embeddable":true,"href":"https:\/\/dedemesquita.com.br\/index.php?rest_route=%2Fwp%2Fv2%2Fcategories&post=1643"},{"taxonomy":"post_tag","embeddable":true,"href":"https:\/\/dedemesquita.com.br\/index.php?rest_route=%2Fwp%2Fv2%2Ftags&post=1643"}],"curies":[{"name":"wp","href":"https:\/\/api.w.org\/{rel}","templated":true}]}}