{"id":1621,"date":"2021-06-08T11:34:43","date_gmt":"2021-06-08T14:34:43","guid":{"rendered":"https:\/\/dedemesquita.com.br\/?p=1621"},"modified":"2021-06-08T11:34:45","modified_gmt":"2021-06-08T14:34:45","slug":"agencia-da-onu-para-refugiados-promove-oficina-de-comunicacao-em-belem","status":"publish","type":"post","link":"https:\/\/dedemesquita.com.br\/?p=1621","title":{"rendered":"Ag\u00eancia da ONU para Refugiados promove oficina de comunica\u00e7\u00e3o em Bel\u00e9m"},"content":{"rendered":"\n<p>No marco do Dia Mundial do Refugiado 2021, a Ag\u00eancia da ONU para Refugiados (ACNUR) promove no pr\u00f3ximo dia 9 de junho, quarta-feira, em Bel\u00e9m, a oficina <strong>\u201cImprensa no Enfrentamento \u00e0 Xenofobia\u201d<\/strong>, tendo como contexto a presen\u00e7a de refugiados e migrantes da Venezuela na capital paraense \u2013 especialmente de diferentes etnias ind\u00edgenas. A atividade, voltada para jornalistas que atuam em Bel\u00e9m e outras cidades do Par\u00e1, abordar\u00e1 conceitos, dados, fontes de informa\u00e7\u00f5es e exemplos pr\u00e1ticos da constru\u00e7\u00e3o de mat\u00e9rias relacionadas \u00e0 realidade das pessoas refugiadas no Brasil.<\/p>\n\n\n\n<p>A oficina ser\u00e1 realizada no Escrit\u00f3rio Compartilhado das Na\u00e7\u00f5es Unidas em Bel\u00e9m, na avenida Nazar\u00e9, 871, das 8h30 \u00e0s 10h30 (hor\u00e1rio de Bras\u00edlia). Participar\u00e3o do evento a respons\u00e1vel pelo escrit\u00f3rio do ACNUR em Bel\u00e9m, Jana\u00edna Galv\u00e3o; a assistente s\u00eanior de comunica\u00e7\u00e3o do ACNUR, Victoria Hugueney; e a promotora volunt\u00e1ria de informa\u00e7\u00f5es aos venezuelanos, Gard\u00eania Quiroz, ind\u00edgena da etnia Warao.<\/p>\n\n\n\n<p>As inscri\u00e7\u00f5es devem ser feitas pelo preenchimento do formul\u00e1rio dispon\u00edvel<strong>\u00a0<a href=\"https:\/\/forms.gle\/7mtVDrLT9CjZTxRZA\" rel=\"noreferrer noopener\" target=\"_blank\">aqui<\/a><\/strong>. Dentre os inscritos, ser\u00e3o selecionados preferencialmente os profissionais de imprensa e estudantes que atuem na cidade e Regi\u00e3o Metropolitana de Bel\u00e9m (RMB). S\u00e3o, ao todo, 20 vagas.<\/p>\n\n\n\n<p>Na oficina, o ACNUR trar\u00e1 refer\u00eancias para a constru\u00e7\u00e3o respons\u00e1vel de conte\u00fados humanit\u00e1rios e enfrentamento \u00e0 xenofobia, tendo como base o \u201c<a href=\"https:\/\/www.acnur.org\/portugues\/wp-content\/uploads\/2021\/02\/Guia-Jornalismo-Web-V3.pdf\" rel=\"noreferrer noopener\" target=\"_blank\"><strong>Guia de Cobertura Jornal\u00edstica Humanit\u00e1ria do ACNUR<\/strong><\/a>\u201d, uma publica\u00e7\u00e3o que orienta profissionais e estudantes de comunica\u00e7\u00e3o sobre a produ\u00e7\u00e3o respons\u00e1vel de mat\u00e9rias sobre o tema do deslocamento for\u00e7ado.<\/p>\n\n\n\n<p>\u201cA cont\u00ednua forma\u00e7\u00e3o de profissionais de comunica\u00e7\u00e3o no Brasil e no mundo \u00e9 um elemento fundamental para assegurar que as pessoas refugiadas, que buscam prote\u00e7\u00e3o por conta de guerras, persegui\u00e7\u00f5es e viola\u00e7\u00f5es de direitos humanos, sejam compreendidas pela popula\u00e7\u00e3o dos pa\u00edses de acolhida. Os jornalistas t\u00eam um papel \u00fanico para assegurar a perspectiva dos direitos humanos na abordagem sobre essa popula\u00e7\u00e3o, afirma Jana\u00edna Galv\u00e3o, chefe do escrit\u00f3rio do ACNUR em Bel\u00e9m.<\/p>\n\n\n\n<p><strong>Atua\u00e7\u00e3o do ACNUR em Bel\u00e9m<\/strong> &#8211; Desde abril de 2019, o ACNUR est\u00e1 presente no estado do Par\u00e1 com o objetivo de apoiar autoridades municipais e estaduais no fortalecimento da resposta humanit\u00e1ria frente ao aumento da chegada de refugiados e migrantes venezuelanos, especialmente ind\u00edgenas da etnia Warao.<\/p>\n\n\n\n<p>O ACNUR trabalha em colabora\u00e7\u00e3o com autoridades locais e parceiros em diversos munic\u00edpios paraenses em tr\u00eas eixos de a\u00e7\u00e3o: sensibiliza\u00e7\u00e3o e <em>advocacy<\/em>; fortalecimento de capacidades em mat\u00e9ria de prote\u00e7\u00e3o a pessoas refugiadas e solicitantes da condi\u00e7\u00e3o de refugiado\/a; apoio t\u00e9cnico e operacional nas \u00e1reas de abrigamento, gest\u00e3o de abrigos, documenta\u00e7\u00e3o e meios de vida.<\/p>\n\n\n\n<p>Ao adotar uma metodologia de prote\u00e7\u00e3o de base comunit\u00e1ria e apoiar o desenvolvimento de ferramentas de comunica\u00e7\u00e3o culturalmente sens\u00edveis, o ACNUR busca fortalecer os n\u00facleos familiares ind\u00edgenas, equipando-os com as informa\u00e7\u00f5es necess\u00e1rias para que compreendam seu entorno socioinstitucional e participem plenamente da vida de suas comunidades e da comunidade de acolhida brasileira.<\/p>\n\n\n\n<p><strong><em>Fonte: Assessoria de Comunica\u00e7\u00e3o da Ag\u00eancia da ONU para Refugiados<\/em><\/strong><\/p>\n","protected":false},"excerpt":{"rendered":"<p>No marco do Dia Mundial do Refugiado 2021, a Ag\u00eancia da ONU para Refugiados (ACNUR) promove no pr\u00f3ximo dia 9 de junho, quarta-feira, em Bel\u00e9m, a oficina \u201cImprensa no Enfrentamento \u00e0 Xenofobia\u201d, tendo como contexto a presen\u00e7a de refugiados e migrantes da Venezuela na capital paraense \u2013 especialmente de diferentes etnias ind\u00edgenas. A atividade, voltada [&hellip;]<\/p>\n","protected":false},"author":2,"featured_media":1622,"comment_status":"open","ping_status":"open","sticky":false,"template":"","format":"standard","meta":{"footnotes":""},"categories":[51,14,29],"tags":[119,120,170],"class_list":["post-1621","post","type-post","status-publish","format-standard","has-post-thumbnail","hentry","category-destaque","category-imprensa","category-jornalismo","tag-jornalismo","tag-jornalistas-paraenses-em-acao","tag-onu"],"yoast_head":"<!-- This site is optimized with the Yoast SEO plugin v19.10 - https:\/\/yoast.com\/wordpress\/plugins\/seo\/ -->\n<title>Ag\u00eancia da ONU para Refugiados promove oficina de comunica\u00e7\u00e3o em Bel\u00e9m - Ded\u00e9 Mesquita<\/title>\n<meta name=\"robots\" content=\"index, follow, max-snippet:-1, max-image-preview:large, max-video-preview:-1\" \/>\n<link rel=\"canonical\" href=\"https:\/\/dedemesquita.com.br\/?p=1621\" \/>\n<meta property=\"og:locale\" content=\"pt_BR\" \/>\n<meta property=\"og:type\" content=\"article\" \/>\n<meta property=\"og:title\" content=\"Ag\u00eancia da ONU para Refugiados promove oficina de comunica\u00e7\u00e3o em Bel\u00e9m - Ded\u00e9 Mesquita\" \/>\n<meta property=\"og:description\" content=\"No marco do Dia Mundial do Refugiado 2021, a Ag\u00eancia da ONU para Refugiados (ACNUR) promove no pr\u00f3ximo dia 9 de junho, quarta-feira, em Bel\u00e9m, a oficina \u201cImprensa no Enfrentamento \u00e0 Xenofobia\u201d, tendo como contexto a presen\u00e7a de refugiados e migrantes da Venezuela na capital paraense \u2013 especialmente de diferentes etnias ind\u00edgenas. A atividade, voltada [&hellip;]\" \/>\n<meta property=\"og:url\" content=\"https:\/\/dedemesquita.com.br\/?p=1621\" \/>\n<meta property=\"og:site_name\" content=\"Ded\u00e9 Mesquita\" \/>\n<meta property=\"article:publisher\" content=\"https:\/\/www.facebook.com\/dede.mesquita\" \/>\n<meta property=\"article:published_time\" content=\"2021-06-08T14:34:43+00:00\" \/>\n<meta property=\"article:modified_time\" content=\"2021-06-08T14:34:45+00:00\" \/>\n<meta property=\"og:image\" content=\"https:\/\/dedemesquita.com.br\/wp-content\/uploads\/2021\/06\/ONU.jpg\" \/>\n\t<meta property=\"og:image:width\" content=\"1000\" \/>\n\t<meta property=\"og:image:height\" content=\"668\" \/>\n\t<meta property=\"og:image:type\" content=\"image\/jpeg\" \/>\n<meta name=\"author\" content=\"Ded\u00e9 Mesquita\" \/>\n<meta name=\"twitter:card\" content=\"summary_large_image\" \/>\n<meta name=\"twitter:creator\" content=\"@dedemesquita\" \/>\n<meta name=\"twitter:site\" content=\"@dedemesquita\" \/>\n<meta name=\"twitter:label1\" content=\"Escrito por\" \/>\n\t<meta name=\"twitter:data1\" content=\"Ded\u00e9 Mesquita\" \/>\n\t<meta name=\"twitter:label2\" content=\"Est. tempo de leitura\" \/>\n\t<meta name=\"twitter:data2\" content=\"3 minutos\" \/>\n<script type=\"application\/ld+json\" class=\"yoast-schema-graph\">{\"@context\":\"https:\/\/schema.org\",\"@graph\":[{\"@type\":\"WebPage\",\"@id\":\"https:\/\/dedemesquita.com.br\/?p=1621\",\"url\":\"https:\/\/dedemesquita.com.br\/?p=1621\",\"name\":\"Ag\u00eancia da ONU para Refugiados promove oficina de comunica\u00e7\u00e3o em Bel\u00e9m - Ded\u00e9 Mesquita\",\"isPartOf\":{\"@id\":\"https:\/\/dedemesquita.com.br\/#website\"},\"datePublished\":\"2021-06-08T14:34:43+00:00\",\"dateModified\":\"2021-06-08T14:34:45+00:00\",\"author\":{\"@id\":\"https:\/\/dedemesquita.com.br\/#\/schema\/person\/36571f81dd2d76dc3ab37231542c9e24\"},\"breadcrumb\":{\"@id\":\"https:\/\/dedemesquita.com.br\/?p=1621#breadcrumb\"},\"inLanguage\":\"pt-BR\",\"potentialAction\":[{\"@type\":\"ReadAction\",\"target\":[\"https:\/\/dedemesquita.com.br\/?p=1621\"]}]},{\"@type\":\"BreadcrumbList\",\"@id\":\"https:\/\/dedemesquita.com.br\/?p=1621#breadcrumb\",\"itemListElement\":[{\"@type\":\"ListItem\",\"position\":1,\"name\":\"In\u00edcio\",\"item\":\"https:\/\/dedemesquita.com.br\/\"},{\"@type\":\"ListItem\",\"position\":2,\"name\":\"Ag\u00eancia da ONU para Refugiados promove oficina de comunica\u00e7\u00e3o em Bel\u00e9m\"}]},{\"@type\":\"WebSite\",\"@id\":\"https:\/\/dedemesquita.com.br\/#website\",\"url\":\"https:\/\/dedemesquita.com.br\/\",\"name\":\"Ded\u00e9 Mesquita\",\"description\":\"Um site que mostra os bastidores da imprensa no estado do Par\u00e1 e em Bel\u00e9m\",\"potentialAction\":[{\"@type\":\"SearchAction\",\"target\":{\"@type\":\"EntryPoint\",\"urlTemplate\":\"https:\/\/dedemesquita.com.br\/?s={search_term_string}\"},\"query-input\":\"required name=search_term_string\"}],\"inLanguage\":\"pt-BR\"},{\"@type\":\"Person\",\"@id\":\"https:\/\/dedemesquita.com.br\/#\/schema\/person\/36571f81dd2d76dc3ab37231542c9e24\",\"name\":\"Ded\u00e9 Mesquita\",\"image\":{\"@type\":\"ImageObject\",\"inLanguage\":\"pt-BR\",\"@id\":\"https:\/\/dedemesquita.com.br\/#\/schema\/person\/image\/\",\"url\":\"https:\/\/dedemesquita.com.br\/wp-content\/uploads\/2021\/02\/foto_perfil-150x150.jpg\",\"contentUrl\":\"https:\/\/dedemesquita.com.br\/wp-content\/uploads\/2021\/02\/foto_perfil-150x150.jpg\",\"caption\":\"Ded\u00e9 Mesquita\"},\"sameAs\":[\"https:\/\/dedemesquita.com.br\"]}]}<\/script>\n<!-- \/ Yoast SEO plugin. -->","yoast_head_json":{"title":"Ag\u00eancia da ONU para Refugiados promove oficina de comunica\u00e7\u00e3o em Bel\u00e9m - Ded\u00e9 Mesquita","robots":{"index":"index","follow":"follow","max-snippet":"max-snippet:-1","max-image-preview":"max-image-preview:large","max-video-preview":"max-video-preview:-1"},"canonical":"https:\/\/dedemesquita.com.br\/?p=1621","og_locale":"pt_BR","og_type":"article","og_title":"Ag\u00eancia da ONU para Refugiados promove oficina de comunica\u00e7\u00e3o em Bel\u00e9m - Ded\u00e9 Mesquita","og_description":"No marco do Dia Mundial do Refugiado 2021, a Ag\u00eancia da ONU para Refugiados (ACNUR) promove no pr\u00f3ximo dia 9 de junho, quarta-feira, em Bel\u00e9m, a oficina \u201cImprensa no Enfrentamento \u00e0 Xenofobia\u201d, tendo como contexto a presen\u00e7a de refugiados e migrantes da Venezuela na capital paraense \u2013 especialmente de diferentes etnias ind\u00edgenas. A atividade, voltada [&hellip;]","og_url":"https:\/\/dedemesquita.com.br\/?p=1621","og_site_name":"Ded\u00e9 Mesquita","article_publisher":"https:\/\/www.facebook.com\/dede.mesquita","article_published_time":"2021-06-08T14:34:43+00:00","article_modified_time":"2021-06-08T14:34:45+00:00","og_image":[{"width":1000,"height":668,"url":"https:\/\/dedemesquita.com.br\/wp-content\/uploads\/2021\/06\/ONU.jpg","type":"image\/jpeg"}],"author":"Ded\u00e9 Mesquita","twitter_card":"summary_large_image","twitter_creator":"@dedemesquita","twitter_site":"@dedemesquita","twitter_misc":{"Escrito por":"Ded\u00e9 Mesquita","Est. tempo de leitura":"3 minutos"},"schema":{"@context":"https:\/\/schema.org","@graph":[{"@type":"WebPage","@id":"https:\/\/dedemesquita.com.br\/?p=1621","url":"https:\/\/dedemesquita.com.br\/?p=1621","name":"Ag\u00eancia da ONU para Refugiados promove oficina de comunica\u00e7\u00e3o em Bel\u00e9m - Ded\u00e9 Mesquita","isPartOf":{"@id":"https:\/\/dedemesquita.com.br\/#website"},"datePublished":"2021-06-08T14:34:43+00:00","dateModified":"2021-06-08T14:34:45+00:00","author":{"@id":"https:\/\/dedemesquita.com.br\/#\/schema\/person\/36571f81dd2d76dc3ab37231542c9e24"},"breadcrumb":{"@id":"https:\/\/dedemesquita.com.br\/?p=1621#breadcrumb"},"inLanguage":"pt-BR","potentialAction":[{"@type":"ReadAction","target":["https:\/\/dedemesquita.com.br\/?p=1621"]}]},{"@type":"BreadcrumbList","@id":"https:\/\/dedemesquita.com.br\/?p=1621#breadcrumb","itemListElement":[{"@type":"ListItem","position":1,"name":"In\u00edcio","item":"https:\/\/dedemesquita.com.br\/"},{"@type":"ListItem","position":2,"name":"Ag\u00eancia da ONU para Refugiados promove oficina de comunica\u00e7\u00e3o em Bel\u00e9m"}]},{"@type":"WebSite","@id":"https:\/\/dedemesquita.com.br\/#website","url":"https:\/\/dedemesquita.com.br\/","name":"Ded\u00e9 Mesquita","description":"Um site que mostra os bastidores da imprensa no estado do Par\u00e1 e em Bel\u00e9m","potentialAction":[{"@type":"SearchAction","target":{"@type":"EntryPoint","urlTemplate":"https:\/\/dedemesquita.com.br\/?s={search_term_string}"},"query-input":"required name=search_term_string"}],"inLanguage":"pt-BR"},{"@type":"Person","@id":"https:\/\/dedemesquita.com.br\/#\/schema\/person\/36571f81dd2d76dc3ab37231542c9e24","name":"Ded\u00e9 Mesquita","image":{"@type":"ImageObject","inLanguage":"pt-BR","@id":"https:\/\/dedemesquita.com.br\/#\/schema\/person\/image\/","url":"https:\/\/dedemesquita.com.br\/wp-content\/uploads\/2021\/02\/foto_perfil-150x150.jpg","contentUrl":"https:\/\/dedemesquita.com.br\/wp-content\/uploads\/2021\/02\/foto_perfil-150x150.jpg","caption":"Ded\u00e9 Mesquita"},"sameAs":["https:\/\/dedemesquita.com.br"]}]}},"_links":{"self":[{"href":"https:\/\/dedemesquita.com.br\/index.php?rest_route=\/wp\/v2\/posts\/1621"}],"collection":[{"href":"https:\/\/dedemesquita.com.br\/index.php?rest_route=\/wp\/v2\/posts"}],"about":[{"href":"https:\/\/dedemesquita.com.br\/index.php?rest_route=\/wp\/v2\/types\/post"}],"author":[{"embeddable":true,"href":"https:\/\/dedemesquita.com.br\/index.php?rest_route=\/wp\/v2\/users\/2"}],"replies":[{"embeddable":true,"href":"https:\/\/dedemesquita.com.br\/index.php?rest_route=%2Fwp%2Fv2%2Fcomments&post=1621"}],"version-history":[{"count":1,"href":"https:\/\/dedemesquita.com.br\/index.php?rest_route=\/wp\/v2\/posts\/1621\/revisions"}],"predecessor-version":[{"id":1623,"href":"https:\/\/dedemesquita.com.br\/index.php?rest_route=\/wp\/v2\/posts\/1621\/revisions\/1623"}],"wp:featuredmedia":[{"embeddable":true,"href":"https:\/\/dedemesquita.com.br\/index.php?rest_route=\/wp\/v2\/media\/1622"}],"wp:attachment":[{"href":"https:\/\/dedemesquita.com.br\/index.php?rest_route=%2Fwp%2Fv2%2Fmedia&parent=1621"}],"wp:term":[{"taxonomy":"category","embeddable":true,"href":"https:\/\/dedemesquita.com.br\/index.php?rest_route=%2Fwp%2Fv2%2Fcategories&post=1621"},{"taxonomy":"post_tag","embeddable":true,"href":"https:\/\/dedemesquita.com.br\/index.php?rest_route=%2Fwp%2Fv2%2Ftags&post=1621"}],"curies":[{"name":"wp","href":"https:\/\/api.w.org\/{rel}","templated":true}]}}