{"id":1585,"date":"2021-06-01T20:22:27","date_gmt":"2021-06-01T23:22:27","guid":{"rendered":"https:\/\/dedemesquita.com.br\/?p=1585"},"modified":"2021-06-01T22:16:39","modified_gmt":"2021-06-02T01:16:39","slug":"mudancas-nas-redacoes-e-a-chegada-da-jornalistazinha-laura","status":"publish","type":"post","link":"https:\/\/dedemesquita.com.br\/?p=1585","title":{"rendered":"Mudan\u00e7as nas reda\u00e7\u00f5es e a chegada da &#8216;jornalistazinha&#8217; Laura"},"content":{"rendered":"\n<p>Estamos com novidades na reda\u00e7\u00f5es e tamb\u00e9m com a alegria da chegada de mais uma jornalistazinha. E vamos \u00e0s not\u00edcias: <\/p>\n\n\n\n<p><strong>R\u00e1dio Clube &#8211; <\/strong>Novidades pela reda\u00e7\u00e3o da R\u00e1dio Clube do Par\u00e1, do grupo RBA. Willi Coelho \u00e9 a nova contrata\u00e7\u00e3o para o time do jornalismo, coordenado pelo jornalista Gleydson Souza. Ela \u00e9 respons\u00e1vel pela produ\u00e7\u00e3o de pautas de Trabalho e Renda, Sa\u00fade, Jur\u00eddicas, Entretenimento e cultura do programa &#8220;Rep\u00f3rter 690&#8221;, comandado por Valmir Rodrigues. Willi j\u00e1 foi assessora do Sindicato dos Empres\u00e1rios Lot\u00e9ricos do Par\u00e1 e tamb\u00e9m passou pela R\u00e1dio Web Ananin e segue como assistente de comunica\u00e7\u00e3o da Gr\u00e3o Cominc.<\/p>\n\n\n\n<div class=\"wp-block-image\"><figure class=\"aligncenter size-large\"><img loading=\"lazy\" decoding=\"async\" width=\"712\" height=\"503\" src=\"https:\/\/dedemesquita.com.br\/wp-content\/uploads\/2021\/06\/WILLI_COELHO.jpg\" alt=\"\" class=\"wp-image-1589\"\/><figcaption>Willi Coelho comanda a produ\u00e7\u00e3o do programa &#8220;Rep\u00f3rter 690&#8221; na R\u00e1dio Clube <\/figcaption><\/figure><\/div>\n\n\n\n<p><strong>TV Liberal &#8211; <\/strong>Na TV Liberal, a chefia de reportagem agora est\u00e1 sendo dividida pelos jornalistas Christian Emanoel e Glauce Monteiro. Glauce tamb\u00e9m trabalha na assessoria de comunica\u00e7\u00e3o da UFPA<\/p>\n\n\n\n<div class=\"wp-block-image\"><figure class=\"aligncenter size-large\"><img loading=\"lazy\" decoding=\"async\" width=\"540\" height=\"540\" src=\"https:\/\/dedemesquita.com.br\/wp-content\/uploads\/2021\/06\/GLAUCE_MONTEIRO.jpg\" alt=\"\" class=\"wp-image-1591\" srcset=\"https:\/\/dedemesquita.com.br\/wp-content\/uploads\/2021\/06\/GLAUCE_MONTEIRO.jpg 540w, https:\/\/dedemesquita.com.br\/wp-content\/uploads\/2021\/06\/GLAUCE_MONTEIRO-150x150.jpg 150w\" sizes=\"(max-width: 540px) 100vw, 540px\" \/><figcaption>Glauce Monteiro divide a chefia de reportagem da TV Liberal com Christian Emanoel <\/figcaption><\/figure><\/div>\n\n\n\n<p><strong>Rosa Cardoso &#8211;<\/strong> A jornalista Rosa Cardoso se despediu da comunica\u00e7\u00e3o do Tribunal de Justi\u00e7a do Trabalho da 8a. Regi\u00e3o. Ela escreveu uma nota no perfil dela na Facebook. &#8220;Fim de um ciclo. Encerro minhas atividades na Justi\u00e7a do Trabalho com o cora\u00e7\u00e3o cheio de gratid\u00e3o pelo conhecimento adquirido em 3 anos em que atuei na <strong>Ascom8<\/strong>, a maior parte por meio da Partners, uma das maiores empresas do segmento da comunica\u00e7\u00e3o no Pa\u00eds. Foi um grande aprendizado fazer parte desse time. Que venham novas oportunidades!&#8221;<\/p>\n\n\n\n<div class=\"wp-block-image\"><figure class=\"aligncenter size-large\"><img loading=\"lazy\" decoding=\"async\" width=\"1000\" height=\"730\" src=\"https:\/\/dedemesquita.com.br\/wp-content\/uploads\/2021\/06\/ROSA_CARDOSO.jpg\" alt=\"\" class=\"wp-image-1588\" srcset=\"https:\/\/dedemesquita.com.br\/wp-content\/uploads\/2021\/06\/ROSA_CARDOSO.jpg 1000w, https:\/\/dedemesquita.com.br\/wp-content\/uploads\/2021\/06\/ROSA_CARDOSO-768x561.jpg 768w\" sizes=\"(max-width: 1000px) 100vw, 1000px\" \/><figcaption>Rosa Cardoso se despediu da comunica\u00e7\u00e3o do Tribunal de Justi\u00e7a do Trabalho no Par\u00e1<\/figcaption><\/figure><\/div>\n\n\n\n<p><strong>Chegada de Laura &#8211;<\/strong> No \u00faltimo dia 27 de maio chegou Laura, a segunda filha da jornalista C\u00edntia Luna. C\u00edntia j\u00e1 \u00e9 m\u00e3e de Louise. Mandamos as mais fortes vibra\u00e7\u00f5es de muita sa\u00fade para a Laura. <\/p>\n\n\n\n<div class=\"wp-block-image\"><figure class=\"aligncenter size-large\"><img loading=\"lazy\" decoding=\"async\" width=\"640\" height=\"640\" src=\"https:\/\/dedemesquita.com.br\/wp-content\/uploads\/2021\/06\/Luna.jpg\" alt=\"\" class=\"wp-image-1590\" srcset=\"https:\/\/dedemesquita.com.br\/wp-content\/uploads\/2021\/06\/Luna.jpg 640w, https:\/\/dedemesquita.com.br\/wp-content\/uploads\/2021\/06\/Luna-150x150.jpg 150w\" sizes=\"(max-width: 640px) 100vw, 640px\" \/><figcaption>C\u00edntia Luna com a pequena Laura, nascida no dia 27 de maio <\/figcaption><\/figure><\/div>\n\n\n\n<p><\/p>\n\n\n\n<p><\/p>\n","protected":false},"excerpt":{"rendered":"<p>Estamos com novidades na reda\u00e7\u00f5es e tamb\u00e9m com a alegria da chegada de mais uma jornalistazinha. E vamos \u00e0s not\u00edcias: R\u00e1dio Clube &#8211; Novidades pela reda\u00e7\u00e3o da R\u00e1dio Clube do Par\u00e1, do grupo RBA. Willi Coelho \u00e9 a nova contrata\u00e7\u00e3o para o time do jornalismo, coordenado pelo jornalista Gleydson Souza. Ela \u00e9 respons\u00e1vel pela produ\u00e7\u00e3o [&hellip;]<\/p>\n","protected":false},"author":2,"featured_media":1592,"comment_status":"open","ping_status":"open","sticky":false,"template":"","format":"standard","meta":{"footnotes":""},"categories":[51,14,29],"tags":[119,120,165,137],"class_list":["post-1585","post","type-post","status-publish","format-standard","has-post-thumbnail","hentry","category-destaque","category-imprensa","category-jornalismo","tag-jornalismo","tag-jornalistas-paraenses-em-acao","tag-radio-clube","tag-tv-liberal"],"yoast_head":"<!-- This site is optimized with the Yoast SEO plugin v19.10 - https:\/\/yoast.com\/wordpress\/plugins\/seo\/ -->\n<title>Mudan\u00e7as nas reda\u00e7\u00f5es e a chegada da &#039;jornalistazinha&#039; Laura - Ded\u00e9 Mesquita<\/title>\n<meta name=\"robots\" content=\"index, follow, max-snippet:-1, max-image-preview:large, max-video-preview:-1\" \/>\n<link rel=\"canonical\" href=\"https:\/\/dedemesquita.com.br\/?p=1585\" \/>\n<meta property=\"og:locale\" content=\"pt_BR\" \/>\n<meta property=\"og:type\" content=\"article\" \/>\n<meta property=\"og:title\" content=\"Mudan\u00e7as nas reda\u00e7\u00f5es e a chegada da &#039;jornalistazinha&#039; Laura - Ded\u00e9 Mesquita\" \/>\n<meta property=\"og:description\" content=\"Estamos com novidades na reda\u00e7\u00f5es e tamb\u00e9m com a alegria da chegada de mais uma jornalistazinha. E vamos \u00e0s not\u00edcias: R\u00e1dio Clube &#8211; Novidades pela reda\u00e7\u00e3o da R\u00e1dio Clube do Par\u00e1, do grupo RBA. Willi Coelho \u00e9 a nova contrata\u00e7\u00e3o para o time do jornalismo, coordenado pelo jornalista Gleydson Souza. Ela \u00e9 respons\u00e1vel pela produ\u00e7\u00e3o [&hellip;]\" \/>\n<meta property=\"og:url\" content=\"https:\/\/dedemesquita.com.br\/?p=1585\" \/>\n<meta property=\"og:site_name\" content=\"Ded\u00e9 Mesquita\" \/>\n<meta property=\"article:publisher\" content=\"https:\/\/www.facebook.com\/dede.mesquita\" \/>\n<meta property=\"article:published_time\" content=\"2021-06-01T23:22:27+00:00\" \/>\n<meta property=\"article:modified_time\" content=\"2021-06-02T01:16:39+00:00\" \/>\n<meta property=\"og:image\" content=\"https:\/\/dedemesquita.com.br\/wp-content\/uploads\/2021\/06\/CHRISTIAN_EMANOEL-1.jpg\" \/>\n\t<meta property=\"og:image:width\" content=\"1000\" \/>\n\t<meta property=\"og:image:height\" content=\"589\" \/>\n\t<meta property=\"og:image:type\" content=\"image\/jpeg\" \/>\n<meta name=\"author\" content=\"Ded\u00e9 Mesquita\" \/>\n<meta name=\"twitter:card\" content=\"summary_large_image\" \/>\n<meta name=\"twitter:creator\" content=\"@dedemesquita\" \/>\n<meta name=\"twitter:site\" content=\"@dedemesquita\" \/>\n<meta name=\"twitter:label1\" content=\"Escrito por\" \/>\n\t<meta name=\"twitter:data1\" content=\"Ded\u00e9 Mesquita\" \/>\n\t<meta name=\"twitter:label2\" content=\"Est. tempo de leitura\" \/>\n\t<meta name=\"twitter:data2\" content=\"3 minutos\" \/>\n<script type=\"application\/ld+json\" class=\"yoast-schema-graph\">{\"@context\":\"https:\/\/schema.org\",\"@graph\":[{\"@type\":\"WebPage\",\"@id\":\"https:\/\/dedemesquita.com.br\/?p=1585\",\"url\":\"https:\/\/dedemesquita.com.br\/?p=1585\",\"name\":\"Mudan\u00e7as nas reda\u00e7\u00f5es e a chegada da 'jornalistazinha' Laura - Ded\u00e9 Mesquita\",\"isPartOf\":{\"@id\":\"https:\/\/dedemesquita.com.br\/#website\"},\"datePublished\":\"2021-06-01T23:22:27+00:00\",\"dateModified\":\"2021-06-02T01:16:39+00:00\",\"author\":{\"@id\":\"https:\/\/dedemesquita.com.br\/#\/schema\/person\/36571f81dd2d76dc3ab37231542c9e24\"},\"breadcrumb\":{\"@id\":\"https:\/\/dedemesquita.com.br\/?p=1585#breadcrumb\"},\"inLanguage\":\"pt-BR\",\"potentialAction\":[{\"@type\":\"ReadAction\",\"target\":[\"https:\/\/dedemesquita.com.br\/?p=1585\"]}]},{\"@type\":\"BreadcrumbList\",\"@id\":\"https:\/\/dedemesquita.com.br\/?p=1585#breadcrumb\",\"itemListElement\":[{\"@type\":\"ListItem\",\"position\":1,\"name\":\"In\u00edcio\",\"item\":\"https:\/\/dedemesquita.com.br\/\"},{\"@type\":\"ListItem\",\"position\":2,\"name\":\"Mudan\u00e7as nas reda\u00e7\u00f5es e a chegada da &#8216;jornalistazinha&#8217; Laura\"}]},{\"@type\":\"WebSite\",\"@id\":\"https:\/\/dedemesquita.com.br\/#website\",\"url\":\"https:\/\/dedemesquita.com.br\/\",\"name\":\"Ded\u00e9 Mesquita\",\"description\":\"Um site que mostra os bastidores da imprensa no estado do Par\u00e1 e em Bel\u00e9m\",\"potentialAction\":[{\"@type\":\"SearchAction\",\"target\":{\"@type\":\"EntryPoint\",\"urlTemplate\":\"https:\/\/dedemesquita.com.br\/?s={search_term_string}\"},\"query-input\":\"required name=search_term_string\"}],\"inLanguage\":\"pt-BR\"},{\"@type\":\"Person\",\"@id\":\"https:\/\/dedemesquita.com.br\/#\/schema\/person\/36571f81dd2d76dc3ab37231542c9e24\",\"name\":\"Ded\u00e9 Mesquita\",\"image\":{\"@type\":\"ImageObject\",\"inLanguage\":\"pt-BR\",\"@id\":\"https:\/\/dedemesquita.com.br\/#\/schema\/person\/image\/\",\"url\":\"https:\/\/dedemesquita.com.br\/wp-content\/uploads\/2021\/02\/foto_perfil-150x150.jpg\",\"contentUrl\":\"https:\/\/dedemesquita.com.br\/wp-content\/uploads\/2021\/02\/foto_perfil-150x150.jpg\",\"caption\":\"Ded\u00e9 Mesquita\"},\"sameAs\":[\"https:\/\/dedemesquita.com.br\"]}]}<\/script>\n<!-- \/ Yoast SEO plugin. -->","yoast_head_json":{"title":"Mudan\u00e7as nas reda\u00e7\u00f5es e a chegada da 'jornalistazinha' Laura - Ded\u00e9 Mesquita","robots":{"index":"index","follow":"follow","max-snippet":"max-snippet:-1","max-image-preview":"max-image-preview:large","max-video-preview":"max-video-preview:-1"},"canonical":"https:\/\/dedemesquita.com.br\/?p=1585","og_locale":"pt_BR","og_type":"article","og_title":"Mudan\u00e7as nas reda\u00e7\u00f5es e a chegada da 'jornalistazinha' Laura - Ded\u00e9 Mesquita","og_description":"Estamos com novidades na reda\u00e7\u00f5es e tamb\u00e9m com a alegria da chegada de mais uma jornalistazinha. E vamos \u00e0s not\u00edcias: R\u00e1dio Clube &#8211; Novidades pela reda\u00e7\u00e3o da R\u00e1dio Clube do Par\u00e1, do grupo RBA. Willi Coelho \u00e9 a nova contrata\u00e7\u00e3o para o time do jornalismo, coordenado pelo jornalista Gleydson Souza. Ela \u00e9 respons\u00e1vel pela produ\u00e7\u00e3o [&hellip;]","og_url":"https:\/\/dedemesquita.com.br\/?p=1585","og_site_name":"Ded\u00e9 Mesquita","article_publisher":"https:\/\/www.facebook.com\/dede.mesquita","article_published_time":"2021-06-01T23:22:27+00:00","article_modified_time":"2021-06-02T01:16:39+00:00","og_image":[{"width":1000,"height":589,"url":"https:\/\/dedemesquita.com.br\/wp-content\/uploads\/2021\/06\/CHRISTIAN_EMANOEL-1.jpg","type":"image\/jpeg"}],"author":"Ded\u00e9 Mesquita","twitter_card":"summary_large_image","twitter_creator":"@dedemesquita","twitter_site":"@dedemesquita","twitter_misc":{"Escrito por":"Ded\u00e9 Mesquita","Est. tempo de leitura":"3 minutos"},"schema":{"@context":"https:\/\/schema.org","@graph":[{"@type":"WebPage","@id":"https:\/\/dedemesquita.com.br\/?p=1585","url":"https:\/\/dedemesquita.com.br\/?p=1585","name":"Mudan\u00e7as nas reda\u00e7\u00f5es e a chegada da 'jornalistazinha' Laura - Ded\u00e9 Mesquita","isPartOf":{"@id":"https:\/\/dedemesquita.com.br\/#website"},"datePublished":"2021-06-01T23:22:27+00:00","dateModified":"2021-06-02T01:16:39+00:00","author":{"@id":"https:\/\/dedemesquita.com.br\/#\/schema\/person\/36571f81dd2d76dc3ab37231542c9e24"},"breadcrumb":{"@id":"https:\/\/dedemesquita.com.br\/?p=1585#breadcrumb"},"inLanguage":"pt-BR","potentialAction":[{"@type":"ReadAction","target":["https:\/\/dedemesquita.com.br\/?p=1585"]}]},{"@type":"BreadcrumbList","@id":"https:\/\/dedemesquita.com.br\/?p=1585#breadcrumb","itemListElement":[{"@type":"ListItem","position":1,"name":"In\u00edcio","item":"https:\/\/dedemesquita.com.br\/"},{"@type":"ListItem","position":2,"name":"Mudan\u00e7as nas reda\u00e7\u00f5es e a chegada da &#8216;jornalistazinha&#8217; Laura"}]},{"@type":"WebSite","@id":"https:\/\/dedemesquita.com.br\/#website","url":"https:\/\/dedemesquita.com.br\/","name":"Ded\u00e9 Mesquita","description":"Um site que mostra os bastidores da imprensa no estado do Par\u00e1 e em Bel\u00e9m","potentialAction":[{"@type":"SearchAction","target":{"@type":"EntryPoint","urlTemplate":"https:\/\/dedemesquita.com.br\/?s={search_term_string}"},"query-input":"required name=search_term_string"}],"inLanguage":"pt-BR"},{"@type":"Person","@id":"https:\/\/dedemesquita.com.br\/#\/schema\/person\/36571f81dd2d76dc3ab37231542c9e24","name":"Ded\u00e9 Mesquita","image":{"@type":"ImageObject","inLanguage":"pt-BR","@id":"https:\/\/dedemesquita.com.br\/#\/schema\/person\/image\/","url":"https:\/\/dedemesquita.com.br\/wp-content\/uploads\/2021\/02\/foto_perfil-150x150.jpg","contentUrl":"https:\/\/dedemesquita.com.br\/wp-content\/uploads\/2021\/02\/foto_perfil-150x150.jpg","caption":"Ded\u00e9 Mesquita"},"sameAs":["https:\/\/dedemesquita.com.br"]}]}},"_links":{"self":[{"href":"https:\/\/dedemesquita.com.br\/index.php?rest_route=\/wp\/v2\/posts\/1585"}],"collection":[{"href":"https:\/\/dedemesquita.com.br\/index.php?rest_route=\/wp\/v2\/posts"}],"about":[{"href":"https:\/\/dedemesquita.com.br\/index.php?rest_route=\/wp\/v2\/types\/post"}],"author":[{"embeddable":true,"href":"https:\/\/dedemesquita.com.br\/index.php?rest_route=\/wp\/v2\/users\/2"}],"replies":[{"embeddable":true,"href":"https:\/\/dedemesquita.com.br\/index.php?rest_route=%2Fwp%2Fv2%2Fcomments&post=1585"}],"version-history":[{"count":2,"href":"https:\/\/dedemesquita.com.br\/index.php?rest_route=\/wp\/v2\/posts\/1585\/revisions"}],"predecessor-version":[{"id":1595,"href":"https:\/\/dedemesquita.com.br\/index.php?rest_route=\/wp\/v2\/posts\/1585\/revisions\/1595"}],"wp:featuredmedia":[{"embeddable":true,"href":"https:\/\/dedemesquita.com.br\/index.php?rest_route=\/wp\/v2\/media\/1592"}],"wp:attachment":[{"href":"https:\/\/dedemesquita.com.br\/index.php?rest_route=%2Fwp%2Fv2%2Fmedia&parent=1585"}],"wp:term":[{"taxonomy":"category","embeddable":true,"href":"https:\/\/dedemesquita.com.br\/index.php?rest_route=%2Fwp%2Fv2%2Fcategories&post=1585"},{"taxonomy":"post_tag","embeddable":true,"href":"https:\/\/dedemesquita.com.br\/index.php?rest_route=%2Fwp%2Fv2%2Ftags&post=1585"}],"curies":[{"name":"wp","href":"https:\/\/api.w.org\/{rel}","templated":true}]}}