{"id":15620,"date":"2026-05-01T11:22:27","date_gmt":"2026-05-01T14:22:27","guid":{"rendered":"https:\/\/dedemesquita.com.br\/?p=15620"},"modified":"2026-05-01T11:43:59","modified_gmt":"2026-05-01T14:43:59","slug":"jornalistas-da-tv-liberal-trabalham-dobrado-na-semana-de-aniversario-da-emissora-nas-reportagens-sobre-morte-da-presidente-do-grupo-mas-ainda-nao-receberam-salarios","status":"publish","type":"post","link":"https:\/\/dedemesquita.com.br\/?p=15620","title":{"rendered":"Jornalistas da TV Liberal trabalham dobrado na semana de anivers\u00e1rio da emissora, nas reportagens sobre morte da presidente do grupo, mas ainda n\u00e3o receberam sal\u00e1rios"},"content":{"rendered":"\n<p><strong>Bel\u00e9m, 1 de maio de 2026 &#8211; <\/strong>A presidente do grupo de comunica\u00e7\u00e3o O Liberal, <strong>Lucid\u00e9a Batista Maiorana<\/strong>, faleceu na <strong>noite de quinta-feira, 30, aos 91 anos, em S\u00e3o Paulo<\/strong>, onde morava h\u00e1 alguns anos. A morte ocorreu \u00e0s 22h05 e foi confirmada pela fam\u00edlia. \u00c0 frente de um dos maiores conglomerados de comunica\u00e7\u00e3o da Amaz\u00f4nia, <strong>dona D\u00e9a<\/strong>, como era mais conhecida, foi uma das pessoas mais influentes da sociedade paraense. <\/p>\n\n\n\n<p>Vi\u00fava do jornalista e empres\u00e1rio <strong>Romulo Maiorana<\/strong>, que <strong>faleceu h\u00e1 exatos 40 anos<\/strong>, ela assumiu a presid\u00eancia das empresas <strong>em 1986<\/strong>, ap\u00f3s a morte do marido, tornando-se o principal elo da fam\u00edlia nos neg\u00f3cios. O casal teve sete filhos, <strong>Rosana, Romulo, Ros\u00e2ngela, \u00c2ngela, Rose, Roberta <\/strong>e<strong> Ronaldo<\/strong>.<\/p>\n\n\n\n<p>Acometida pelo <strong>Mal de Alzheimer<\/strong>, dona D\u00e9a morava em S\u00e3o Paulo com a <strong>filha Roberta<\/strong>, que reside tamb\u00e9m na cidade. Com o passar do tempo, a matriarca foi passando pelas consequ\u00eancias da doen\u00e7a, at\u00e9 que faleceu na noite de quinta-feira, 30.<\/p>\n\n\n\n<p>O falecimento de dona D\u00e9a foi noticiado no <strong>Jornal da Globo<\/strong>, da <strong>TV Globo<\/strong>, durante a madrugada esta sexta-feira, 1, pela apresentadora <strong>Renata Lo Prete<\/strong>.<\/p>\n\n\n<div class=\"wp-block-image\">\n<figure class=\"aligncenter size-full\"><img loading=\"lazy\" decoding=\"async\" width=\"546\" height=\"750\" src=\"https:\/\/dedemesquita.com.br\/wp-content\/uploads\/2026\/05\/WhatsApp-Image-2026-05-01-at-03.52.09.jpeg\" alt=\"\" class=\"wp-image-15627\"\/><figcaption class=\"wp-element-caption\">Cerim\u00f4nia de adeus \u00e0 dona D\u00e9a Maiorana <\/figcaption><\/figure><\/div>\n\n\n<p>O corpo de dona D\u00e9a <strong>come\u00e7ou a velado, na quinta-feira, 1, \u00e0s 11 horas<\/strong>, no Cemit\u00e9rio e Cremat\u00f3rio Horto da Paz, em Itapecirica da Serra, Grande S\u00e3o Paulo. <strong>\u00c0s 16 horas, ocorre a cerim\u00f4nia de crema\u00e7\u00e3o<\/strong> e, a seguir, as cinzas v\u00eam para Bel\u00e9m.<\/p>\n\n\n<div class=\"wp-block-image\">\n<figure class=\"aligncenter size-full\"><img loading=\"lazy\" decoding=\"async\" width=\"625\" height=\"700\" src=\"https:\/\/dedemesquita.com.br\/wp-content\/uploads\/2026\/05\/WhatsApp-Image-2026-05-01-at-11.16.53.jpeg\" alt=\"\" class=\"wp-image-15621\"\/><figcaption class=\"wp-element-caption\">Dona D\u00e9a era muito cat\u00f3lica e devota de Nossa Senhora de Nazar\u00e9 <\/figcaption><\/figure><\/div>\n\n\n<p><strong>Mas por outro lado &#8211;<\/strong> O site lamenta profundamente a morte de dona D\u00e9a, mas tem um ponto a falar, porque aqui neste ve\u00edculo, n\u00f3s <strong>tomamos o lado dos coleguinhas<\/strong>.<\/p>\n\n\n\n<p><strong>Den\u00fancias<\/strong> chegaram por aqui mostrando que em plena semana em que se comemorou os <strong>50 anos da TV Liberal,<\/strong> em pleno <strong>Dia Internacional do Trabalho<\/strong>, os coleguinhas contam que na segunda-feira, 27, dia do anivers\u00e1rio, o pessoal da <strong>TV Liberal<\/strong> n\u00e3o teve nada na sede da empresa no bairro de Nazar\u00e9, ou seja, nada de celebra\u00e7\u00e3o.<\/p>\n\n\n\n<p>N\u00e3o houve nem um <em>\u201cmuito obrigado\u201d<\/em> para os jornalistas que se mataram para entregar v\u00e1rios conte\u00fados em programas especiais, sem receber nada a mais por isso. <em>\u201cChegou o fim do m\u00eas de abril e ningu\u00e9m recebeu o sal\u00e1rio cujo limite era o \u00faltimo dia \u00fatil do m\u00eas. A situa\u00e7\u00e3o est\u00e1 cada vez pior, e s\u00f3 o pessoal do jornal recebeu. Na TV, nada\u201d<\/em>, disse uma fonte.<\/p>\n\n\n\n<p>Outra fonte do site contou: <em>\u201cNa semana de 50 anos da TV Liberal, os jornalistas ficaram sem receber. Se o sal\u00e1rio n\u00e3o cair no s\u00e1bado, 2, s\u00f3 na segunda-feira, 4. O grupo O Liberal n\u00e3o pagou a TV liberal, s\u00f3 os jornais e as r\u00e1dios, na quinta-feira, 30. Todos na emissora est\u00e3o muito chateados, porque est\u00e3o trabalhando dobrado em um feriado, dando conta da morte da matriarca, e zero dinheiro na conta\u201d<\/em>, complementa.<\/p>\n\n\n\n<p><\/p>\n\n\n\n<h2 class=\"wp-block-heading has-text-align-center\">NOTA DA REDA\u00c7\u00c3O<\/h2>\n\n\n\n<p><strong><em>Este espa\u00e7o continua sempre aberto para manifesta\u00e7\u00e3o de quem quiser informar sua posi\u00e7\u00e3o sobre os assuntos relatados nesta postagem. Acha que precisa de um Direito de Resposta? \u00c9 s\u00f3 mandar.<\/em><\/strong><\/p>\n\n\n\n<p><\/p>\n","protected":false},"excerpt":{"rendered":"<p>Bel\u00e9m, 1 de maio de 2026 &#8211; A presidente do grupo de comunica\u00e7\u00e3o O Liberal, Lucid\u00e9a Batista Maiorana, faleceu na noite de quinta-feira, 30, aos 91 anos, em S\u00e3o Paulo, onde morava h\u00e1 alguns anos. A morte ocorreu \u00e0s 22h05 e foi confirmada pela fam\u00edlia. \u00c0 frente de um dos maiores conglomerados de comunica\u00e7\u00e3o da [&hellip;]<\/p>\n","protected":false},"author":2,"featured_media":15622,"comment_status":"open","ping_status":"open","sticky":false,"template":"","format":"standard","meta":{"footnotes":""},"categories":[51,14,29],"tags":[1238,265,119,120,1240,900,1239,137],"class_list":["post-15620","post","type-post","status-publish","format-standard","has-post-thumbnail","hentry","category-destaque","category-imprensa","category-jornalismo","tag-dea-maiorana","tag-grupo-o-liberal","tag-jornalismo","tag-jornalistas-paraenses-em-acao","tag-roberta-maiorana","tag-ronaldo-maiorana","tag-rose-maiorana","tag-tv-liberal"],"yoast_head":"<!-- This site is optimized with the Yoast SEO plugin v19.10 - https:\/\/yoast.com\/wordpress\/plugins\/seo\/ -->\n<title>Jornalistas da TV Liberal trabalham dobrado na semana de anivers\u00e1rio da emissora, nas reportagens sobre morte da presidente do grupo, mas ainda n\u00e3o receberam sal\u00e1rios - Ded\u00e9 Mesquita<\/title>\n<meta name=\"robots\" content=\"index, follow, max-snippet:-1, max-image-preview:large, max-video-preview:-1\" \/>\n<link rel=\"canonical\" href=\"https:\/\/dedemesquita.com.br\/?p=15620\" \/>\n<meta property=\"og:locale\" content=\"pt_BR\" \/>\n<meta property=\"og:type\" content=\"article\" \/>\n<meta property=\"og:title\" content=\"Jornalistas da TV Liberal trabalham dobrado na semana de anivers\u00e1rio da emissora, nas reportagens sobre morte da presidente do grupo, mas ainda n\u00e3o receberam sal\u00e1rios - Ded\u00e9 Mesquita\" \/>\n<meta property=\"og:description\" content=\"Bel\u00e9m, 1 de maio de 2026 &#8211; A presidente do grupo de comunica\u00e7\u00e3o O Liberal, Lucid\u00e9a Batista Maiorana, faleceu na noite de quinta-feira, 30, aos 91 anos, em S\u00e3o Paulo, onde morava h\u00e1 alguns anos. A morte ocorreu \u00e0s 22h05 e foi confirmada pela fam\u00edlia. \u00c0 frente de um dos maiores conglomerados de comunica\u00e7\u00e3o da [&hellip;]\" \/>\n<meta property=\"og:url\" content=\"https:\/\/dedemesquita.com.br\/?p=15620\" \/>\n<meta property=\"og:site_name\" content=\"Ded\u00e9 Mesquita\" \/>\n<meta property=\"article:publisher\" content=\"https:\/\/www.facebook.com\/dede.mesquita\" \/>\n<meta property=\"article:published_time\" content=\"2026-05-01T14:22:27+00:00\" \/>\n<meta property=\"article:modified_time\" content=\"2026-05-01T14:43:59+00:00\" \/>\n<meta property=\"og:image\" content=\"https:\/\/dedemesquita.com.br\/wp-content\/uploads\/2026\/05\/dea.jpg\" \/>\n\t<meta property=\"og:image:width\" content=\"950\" \/>\n\t<meta property=\"og:image:height\" content=\"534\" \/>\n\t<meta property=\"og:image:type\" content=\"image\/jpeg\" \/>\n<meta name=\"author\" content=\"Ded\u00e9 Mesquita\" \/>\n<meta name=\"twitter:card\" content=\"summary_large_image\" \/>\n<meta name=\"twitter:creator\" content=\"@dedemesquita\" \/>\n<meta name=\"twitter:site\" content=\"@dedemesquita\" \/>\n<meta name=\"twitter:label1\" content=\"Escrito por\" \/>\n\t<meta name=\"twitter:data1\" content=\"Ded\u00e9 Mesquita\" \/>\n\t<meta name=\"twitter:label2\" content=\"Est. tempo de leitura\" \/>\n\t<meta name=\"twitter:data2\" content=\"4 minutos\" \/>\n<script type=\"application\/ld+json\" class=\"yoast-schema-graph\">{\"@context\":\"https:\/\/schema.org\",\"@graph\":[{\"@type\":\"WebPage\",\"@id\":\"https:\/\/dedemesquita.com.br\/?p=15620\",\"url\":\"https:\/\/dedemesquita.com.br\/?p=15620\",\"name\":\"Jornalistas da TV Liberal trabalham dobrado na semana de anivers\u00e1rio da emissora, nas reportagens sobre morte da presidente do grupo, mas ainda n\u00e3o receberam sal\u00e1rios - Ded\u00e9 Mesquita\",\"isPartOf\":{\"@id\":\"https:\/\/dedemesquita.com.br\/#website\"},\"datePublished\":\"2026-05-01T14:22:27+00:00\",\"dateModified\":\"2026-05-01T14:43:59+00:00\",\"author\":{\"@id\":\"https:\/\/dedemesquita.com.br\/#\/schema\/person\/36571f81dd2d76dc3ab37231542c9e24\"},\"breadcrumb\":{\"@id\":\"https:\/\/dedemesquita.com.br\/?p=15620#breadcrumb\"},\"inLanguage\":\"pt-BR\",\"potentialAction\":[{\"@type\":\"ReadAction\",\"target\":[\"https:\/\/dedemesquita.com.br\/?p=15620\"]}]},{\"@type\":\"BreadcrumbList\",\"@id\":\"https:\/\/dedemesquita.com.br\/?p=15620#breadcrumb\",\"itemListElement\":[{\"@type\":\"ListItem\",\"position\":1,\"name\":\"In\u00edcio\",\"item\":\"https:\/\/dedemesquita.com.br\/\"},{\"@type\":\"ListItem\",\"position\":2,\"name\":\"Jornalistas da TV Liberal trabalham dobrado na semana de anivers\u00e1rio da emissora, nas reportagens sobre morte da presidente do grupo, mas ainda n\u00e3o receberam sal\u00e1rios\"}]},{\"@type\":\"WebSite\",\"@id\":\"https:\/\/dedemesquita.com.br\/#website\",\"url\":\"https:\/\/dedemesquita.com.br\/\",\"name\":\"Ded\u00e9 Mesquita\",\"description\":\"Um site que mostra os bastidores da imprensa no estado do Par\u00e1 e em Bel\u00e9m\",\"potentialAction\":[{\"@type\":\"SearchAction\",\"target\":{\"@type\":\"EntryPoint\",\"urlTemplate\":\"https:\/\/dedemesquita.com.br\/?s={search_term_string}\"},\"query-input\":\"required name=search_term_string\"}],\"inLanguage\":\"pt-BR\"},{\"@type\":\"Person\",\"@id\":\"https:\/\/dedemesquita.com.br\/#\/schema\/person\/36571f81dd2d76dc3ab37231542c9e24\",\"name\":\"Ded\u00e9 Mesquita\",\"image\":{\"@type\":\"ImageObject\",\"inLanguage\":\"pt-BR\",\"@id\":\"https:\/\/dedemesquita.com.br\/#\/schema\/person\/image\/\",\"url\":\"https:\/\/dedemesquita.com.br\/wp-content\/uploads\/2021\/02\/foto_perfil-150x150.jpg\",\"contentUrl\":\"https:\/\/dedemesquita.com.br\/wp-content\/uploads\/2021\/02\/foto_perfil-150x150.jpg\",\"caption\":\"Ded\u00e9 Mesquita\"},\"sameAs\":[\"https:\/\/dedemesquita.com.br\"]}]}<\/script>\n<!-- \/ Yoast SEO plugin. -->","yoast_head_json":{"title":"Jornalistas da TV Liberal trabalham dobrado na semana de anivers\u00e1rio da emissora, nas reportagens sobre morte da presidente do grupo, mas ainda n\u00e3o receberam sal\u00e1rios - Ded\u00e9 Mesquita","robots":{"index":"index","follow":"follow","max-snippet":"max-snippet:-1","max-image-preview":"max-image-preview:large","max-video-preview":"max-video-preview:-1"},"canonical":"https:\/\/dedemesquita.com.br\/?p=15620","og_locale":"pt_BR","og_type":"article","og_title":"Jornalistas da TV Liberal trabalham dobrado na semana de anivers\u00e1rio da emissora, nas reportagens sobre morte da presidente do grupo, mas ainda n\u00e3o receberam sal\u00e1rios - Ded\u00e9 Mesquita","og_description":"Bel\u00e9m, 1 de maio de 2026 &#8211; A presidente do grupo de comunica\u00e7\u00e3o O Liberal, Lucid\u00e9a Batista Maiorana, faleceu na noite de quinta-feira, 30, aos 91 anos, em S\u00e3o Paulo, onde morava h\u00e1 alguns anos. A morte ocorreu \u00e0s 22h05 e foi confirmada pela fam\u00edlia. \u00c0 frente de um dos maiores conglomerados de comunica\u00e7\u00e3o da [&hellip;]","og_url":"https:\/\/dedemesquita.com.br\/?p=15620","og_site_name":"Ded\u00e9 Mesquita","article_publisher":"https:\/\/www.facebook.com\/dede.mesquita","article_published_time":"2026-05-01T14:22:27+00:00","article_modified_time":"2026-05-01T14:43:59+00:00","og_image":[{"width":950,"height":534,"url":"https:\/\/dedemesquita.com.br\/wp-content\/uploads\/2026\/05\/dea.jpg","type":"image\/jpeg"}],"author":"Ded\u00e9 Mesquita","twitter_card":"summary_large_image","twitter_creator":"@dedemesquita","twitter_site":"@dedemesquita","twitter_misc":{"Escrito por":"Ded\u00e9 Mesquita","Est. tempo de leitura":"4 minutos"},"schema":{"@context":"https:\/\/schema.org","@graph":[{"@type":"WebPage","@id":"https:\/\/dedemesquita.com.br\/?p=15620","url":"https:\/\/dedemesquita.com.br\/?p=15620","name":"Jornalistas da TV Liberal trabalham dobrado na semana de anivers\u00e1rio da emissora, nas reportagens sobre morte da presidente do grupo, mas ainda n\u00e3o receberam sal\u00e1rios - Ded\u00e9 Mesquita","isPartOf":{"@id":"https:\/\/dedemesquita.com.br\/#website"},"datePublished":"2026-05-01T14:22:27+00:00","dateModified":"2026-05-01T14:43:59+00:00","author":{"@id":"https:\/\/dedemesquita.com.br\/#\/schema\/person\/36571f81dd2d76dc3ab37231542c9e24"},"breadcrumb":{"@id":"https:\/\/dedemesquita.com.br\/?p=15620#breadcrumb"},"inLanguage":"pt-BR","potentialAction":[{"@type":"ReadAction","target":["https:\/\/dedemesquita.com.br\/?p=15620"]}]},{"@type":"BreadcrumbList","@id":"https:\/\/dedemesquita.com.br\/?p=15620#breadcrumb","itemListElement":[{"@type":"ListItem","position":1,"name":"In\u00edcio","item":"https:\/\/dedemesquita.com.br\/"},{"@type":"ListItem","position":2,"name":"Jornalistas da TV Liberal trabalham dobrado na semana de anivers\u00e1rio da emissora, nas reportagens sobre morte da presidente do grupo, mas ainda n\u00e3o receberam sal\u00e1rios"}]},{"@type":"WebSite","@id":"https:\/\/dedemesquita.com.br\/#website","url":"https:\/\/dedemesquita.com.br\/","name":"Ded\u00e9 Mesquita","description":"Um site que mostra os bastidores da imprensa no estado do Par\u00e1 e em Bel\u00e9m","potentialAction":[{"@type":"SearchAction","target":{"@type":"EntryPoint","urlTemplate":"https:\/\/dedemesquita.com.br\/?s={search_term_string}"},"query-input":"required name=search_term_string"}],"inLanguage":"pt-BR"},{"@type":"Person","@id":"https:\/\/dedemesquita.com.br\/#\/schema\/person\/36571f81dd2d76dc3ab37231542c9e24","name":"Ded\u00e9 Mesquita","image":{"@type":"ImageObject","inLanguage":"pt-BR","@id":"https:\/\/dedemesquita.com.br\/#\/schema\/person\/image\/","url":"https:\/\/dedemesquita.com.br\/wp-content\/uploads\/2021\/02\/foto_perfil-150x150.jpg","contentUrl":"https:\/\/dedemesquita.com.br\/wp-content\/uploads\/2021\/02\/foto_perfil-150x150.jpg","caption":"Ded\u00e9 Mesquita"},"sameAs":["https:\/\/dedemesquita.com.br"]}]}},"_links":{"self":[{"href":"https:\/\/dedemesquita.com.br\/index.php?rest_route=\/wp\/v2\/posts\/15620"}],"collection":[{"href":"https:\/\/dedemesquita.com.br\/index.php?rest_route=\/wp\/v2\/posts"}],"about":[{"href":"https:\/\/dedemesquita.com.br\/index.php?rest_route=\/wp\/v2\/types\/post"}],"author":[{"embeddable":true,"href":"https:\/\/dedemesquita.com.br\/index.php?rest_route=\/wp\/v2\/users\/2"}],"replies":[{"embeddable":true,"href":"https:\/\/dedemesquita.com.br\/index.php?rest_route=%2Fwp%2Fv2%2Fcomments&post=15620"}],"version-history":[{"count":4,"href":"https:\/\/dedemesquita.com.br\/index.php?rest_route=\/wp\/v2\/posts\/15620\/revisions"}],"predecessor-version":[{"id":15628,"href":"https:\/\/dedemesquita.com.br\/index.php?rest_route=\/wp\/v2\/posts\/15620\/revisions\/15628"}],"wp:featuredmedia":[{"embeddable":true,"href":"https:\/\/dedemesquita.com.br\/index.php?rest_route=\/wp\/v2\/media\/15622"}],"wp:attachment":[{"href":"https:\/\/dedemesquita.com.br\/index.php?rest_route=%2Fwp%2Fv2%2Fmedia&parent=15620"}],"wp:term":[{"taxonomy":"category","embeddable":true,"href":"https:\/\/dedemesquita.com.br\/index.php?rest_route=%2Fwp%2Fv2%2Fcategories&post=15620"},{"taxonomy":"post_tag","embeddable":true,"href":"https:\/\/dedemesquita.com.br\/index.php?rest_route=%2Fwp%2Fv2%2Ftags&post=15620"}],"curies":[{"name":"wp","href":"https:\/\/api.w.org\/{rel}","templated":true}]}}