{"id":15550,"date":"2026-04-28T14:22:17","date_gmt":"2026-04-28T17:22:17","guid":{"rendered":"https:\/\/dedemesquita.com.br\/?p=15550"},"modified":"2026-04-28T17:38:37","modified_gmt":"2026-04-28T20:38:37","slug":"tv-liberal-celebra-50-anos-tutu-apronta-de-novo-e-barbie-fake-e-pega-no-pulo-e-prefeitura-de-belem-e-campea-de-cancelar-pautas","status":"publish","type":"post","link":"https:\/\/dedemesquita.com.br\/?p=15550","title":{"rendered":"TV Liberal celebra 50 anos, Tutu apronta de novo, Barbie Fake \u00e9 pega &#8220;no pulo&#8221; e Prefeitura de Bel\u00e9m \u00e9 campe\u00e3 de cancelar pautas"},"content":{"rendered":"\n<p><strong>Bel\u00e9m, 28 de abril de 2026 &#8211;<\/strong> Se na semana passada, o site est\u00e1 bem <strong><em>light<\/em><\/strong>, mas n\u00e3o posso dizer a mesma coisa desta ter\u00e7a-feira. Espero que aproveitem&#8230;<\/p>\n\n\n\n<h2 class=\"wp-block-heading has-text-align-center\">Mudan\u00e7as nas reda\u00e7\u00f5es<\/h2>\n\n\n\n<p><strong>Borges cheio de &#8216;moral&#8217; &#8211; <\/strong>Como o site j\u00e1 divulgou, <strong>\u00c1lvaro Borges<\/strong> come\u00e7ou em novo desafio e assumiu a&nbsp;dire\u00e7\u00e3o de Jornalismo do <strong>grupo RBA<\/strong>&nbsp;e tem a miss\u00e3o de&nbsp;integrar, ainda mais, as reda\u00e7\u00f5es dos v\u00e1rios ve\u00edculos que comp\u00f5em essa empresa. Borges tem o aval dos&nbsp;acionistas,&nbsp;ao presidente do&nbsp;grupo&nbsp;<strong>Camilo&nbsp;Centeno<\/strong>.&nbsp;&nbsp;<\/p>\n\n\n<div class=\"wp-block-image\">\n<figure class=\"aligncenter size-full\"><img loading=\"lazy\" decoding=\"async\" width=\"700\" height=\"592\" src=\"https:\/\/dedemesquita.com.br\/wp-content\/uploads\/2026\/04\/Screenshot_2026-04-24-13-04-19-367_com.instagram.android.jpg\" alt=\"\" class=\"wp-image-15552\"\/><figcaption class=\"wp-element-caption\">\u00c1lvaro Borges est\u00e1 com a &#8220;bola toda&#8221;<\/figcaption><\/figure><\/div>\n\n\n<p><strong>Demiss\u00e3o &#8211; <\/strong>Os ve\u00edculos e seus funcion\u00e1rios est\u00e3o passando pela avalia\u00e7\u00e3o de Borges e outras mudan\u00e7as podem acontecer. Por exemplo, na semana passado, o fotojornalista <strong>Ricardo&nbsp;Amanaj\u00e1s<\/strong>&nbsp;foi desligado do jornal Di\u00e1rio do Par\u00e1. Segundo chegou por aqui, a<strong> R\u00e1dio Clube <\/strong>est\u00e1 sendo <em>\u201colhada com muito&nbsp;carinho\u201d<\/em>&#8230;<\/p>\n\n\n<div class=\"wp-block-image\">\n<figure class=\"aligncenter size-full\"><img loading=\"lazy\" decoding=\"async\" width=\"592\" height=\"600\" src=\"https:\/\/dedemesquita.com.br\/wp-content\/uploads\/2026\/04\/Ricardo-Amanajas.jpeg\" alt=\"\" class=\"wp-image-15553\"\/><figcaption class=\"wp-element-caption\">Amanaj\u00e1s deixou o jornal Di\u00e1rio do Par\u00e1<\/figcaption><\/figure><\/div>\n\n\n<h2 class=\"wp-block-heading has-text-align-center\">Festa para os 50 anos da Lili<\/h2>\n\n\n\n<p><strong>TV Liberal &#8211;<\/strong> A <strong>TV Liberal<\/strong> celebrou na segunda-feira, 27, os 50 anos de funda\u00e7\u00e3o. Durante a semana, houve programas especiais e antigos apresentadores da emissora fizeram participa\u00e7\u00f5es especiais nos telejornais da emissora com o<strong> JL 2<\/strong> e o <strong>Bom Dia Par<\/strong>\u00e1. Na quarta-feira, 22, teve a pr\u00e9-estreia do document\u00e1rios sobre a emissora, no <strong>Cine L\u00edbero Luxardo<\/strong>, do Centur.<\/p>\n\n\n<div class=\"wp-block-image\">\n<figure class=\"aligncenter size-full\"><img loading=\"lazy\" decoding=\"async\" width=\"800\" height=\"590\" src=\"https:\/\/dedemesquita.com.br\/wp-content\/uploads\/2026\/04\/Screenshot_2026-04-27-19-43-05-903_com.instagram.android.jpg\" alt=\"\" class=\"wp-image-15577\" srcset=\"https:\/\/dedemesquita.com.br\/wp-content\/uploads\/2026\/04\/Screenshot_2026-04-27-19-43-05-903_com.instagram.android.jpg 800w, https:\/\/dedemesquita.com.br\/wp-content\/uploads\/2026\/04\/Screenshot_2026-04-27-19-43-05-903_com.instagram.android-768x566.jpg 768w\" sizes=\"(max-width: 800px) 100vw, 800px\" \/><figcaption class=\"wp-element-caption\">L\u00e9o Nunes, \u00e0 direita, com Francisco Cesar e Vera Cascaes, alguns dos primeiros apresentadores da TV Liberal <\/figcaption><\/figure><\/div>\n\n<div class=\"wp-block-image\">\n<figure class=\"aligncenter size-full\"><img loading=\"lazy\" decoding=\"async\" width=\"684\" height=\"800\" src=\"https:\/\/dedemesquita.com.br\/wp-content\/uploads\/2026\/04\/Screenshot_2026-04-27-13-08-06-826_com.instagram.android.jpg\" alt=\"\" class=\"wp-image-15578\"\/><figcaption class=\"wp-element-caption\">Fabia Sepeda, do Bom Dia Par\u00e1, foi ao Veropa comemorar o anivers\u00e1rio da TV Liberal<\/figcaption><\/figure><\/div>\n\n<div class=\"wp-block-image\">\n<figure class=\"aligncenter size-full\"><img loading=\"lazy\" decoding=\"async\" width=\"781\" height=\"800\" src=\"https:\/\/dedemesquita.com.br\/wp-content\/uploads\/2026\/04\/Screenshot_2026-04-27-13-07-58-874_com.instagram.android.jpg\" alt=\"\" class=\"wp-image-15579\" srcset=\"https:\/\/dedemesquita.com.br\/wp-content\/uploads\/2026\/04\/Screenshot_2026-04-27-13-07-58-874_com.instagram.android.jpg 781w, https:\/\/dedemesquita.com.br\/wp-content\/uploads\/2026\/04\/Screenshot_2026-04-27-13-07-58-874_com.instagram.android-768x787.jpg 768w\" sizes=\"(max-width: 781px) 100vw, 781px\" \/><figcaption class=\"wp-element-caption\">F\u00e1bia tamb\u00e9m recebeu Linomar Bahia, que foi um dos primeiros apresentadores do Bom Dia Par\u00e1<\/figcaption><\/figure><\/div>\n\n<div class=\"wp-block-image\">\n<figure class=\"aligncenter size-full\"><img loading=\"lazy\" decoding=\"async\" width=\"750\" height=\"519\" src=\"https:\/\/dedemesquita.com.br\/wp-content\/uploads\/2026\/04\/Screenshot_2026-04-24-21-50-48-954_com.instagram.android.jpg\" alt=\"\" class=\"wp-image-15580\"\/><figcaption class=\"wp-element-caption\">Arc\u00e2ngela Sena foi diretora do \u00c9 do Par\u00e1 por muito tempo. Na foto, ela e Vin\u00edcius Macedo, produtora da TV Liberal<\/figcaption><\/figure><\/div>\n\n<div class=\"wp-block-image\">\n<figure class=\"aligncenter size-full\"><img loading=\"lazy\" decoding=\"async\" width=\"750\" height=\"513\" src=\"https:\/\/dedemesquita.com.br\/wp-content\/uploads\/2026\/04\/Screenshot_2026-04-24-21-50-35-948_com.instagram.android.jpg\" alt=\"\" class=\"wp-image-15581\"\/><figcaption class=\"wp-element-caption\">Vin\u00edcius e Marza Mendon\u00e7a, apresentadora da TV Liberal<\/figcaption><\/figure><\/div>\n\n<div class=\"wp-block-image\">\n<figure class=\"aligncenter size-full\"><img loading=\"lazy\" decoding=\"async\" width=\"800\" height=\"555\" src=\"https:\/\/dedemesquita.com.br\/wp-content\/uploads\/2026\/04\/Screenshot_2026-04-24-21-50-44-549_com.instagram.android.jpg\" alt=\"\" class=\"wp-image-15582\" srcset=\"https:\/\/dedemesquita.com.br\/wp-content\/uploads\/2026\/04\/Screenshot_2026-04-24-21-50-44-549_com.instagram.android.jpg 800w, https:\/\/dedemesquita.com.br\/wp-content\/uploads\/2026\/04\/Screenshot_2026-04-24-21-50-44-549_com.instagram.android-768x533.jpg 768w\" sizes=\"(max-width: 800px) 100vw, 800px\" \/><figcaption class=\"wp-element-caption\">Equipe do JL 2, Jo\u00e3o Jadson e Marza Mendon\u00e7a<\/figcaption><\/figure><\/div>\n\n<div class=\"wp-block-image\">\n<figure class=\"aligncenter size-full\"><img loading=\"lazy\" decoding=\"async\" width=\"750\" height=\"523\" src=\"https:\/\/dedemesquita.com.br\/wp-content\/uploads\/2026\/04\/Screenshot_2026-04-23-19-53-38-001_com.instagram.android.jpg\" alt=\"\" class=\"wp-image-15583\"\/><figcaption class=\"wp-element-caption\">Jo\u00e3o Jadson recebeu Ney Messias Jr. no JL 2<\/figcaption><\/figure><\/div>\n\n<div class=\"wp-block-image\">\n<figure class=\"aligncenter size-full\"><img loading=\"lazy\" decoding=\"async\" width=\"750\" height=\"503\" src=\"https:\/\/dedemesquita.com.br\/wp-content\/uploads\/2026\/04\/Screenshot_2026-04-22-19-08-53-713_com.instagram.android.jpg\" alt=\"\" class=\"wp-image-15584\"\/><figcaption class=\"wp-element-caption\">Jo\u00e3o recebeu no JL 2 Salom\u00e3o Mendes, que tamb\u00e9m foi apresentador na TV Liberal<\/figcaption><\/figure><\/div>\n\n<div class=\"wp-block-image\">\n<figure class=\"aligncenter size-full\"><img loading=\"lazy\" decoding=\"async\" width=\"446\" height=\"750\" src=\"https:\/\/dedemesquita.com.br\/wp-content\/uploads\/2026\/04\/Screenshot_2026-04-22-00-07-36-071_com.instagram.android.jpg\" alt=\"\" class=\"wp-image-15585\"\/><figcaption class=\"wp-element-caption\">Jo\u00e3o Jadson e N\u00e9lia Ruffeil <\/figcaption><\/figure><\/div>\n\n<div class=\"wp-block-image\">\n<figure class=\"aligncenter size-full\"><img loading=\"lazy\" decoding=\"async\" width=\"750\" height=\"646\" src=\"https:\/\/dedemesquita.com.br\/wp-content\/uploads\/2026\/04\/Screenshot_2026-04-22-00-23-19-129_com.facebook.katana.jpg\" alt=\"\" class=\"wp-image-15586\"\/><figcaption class=\"wp-element-caption\">N\u00e9lia e Daniela <\/figcaption><\/figure><\/div>\n\n<div class=\"wp-block-image\">\n<figure class=\"aligncenter size-full\"><img loading=\"lazy\" decoding=\"async\" width=\"613\" height=\"750\" src=\"https:\/\/dedemesquita.com.br\/wp-content\/uploads\/2026\/04\/Screenshot_2026-04-22-00-07-22-705_com.instagram.android.jpg\" alt=\"\" class=\"wp-image-15587\"\/><figcaption class=\"wp-element-caption\">N\u00e9lia e Vin\u00edcius<\/figcaption><\/figure><\/div>\n\n<div class=\"wp-block-image\">\n<figure class=\"aligncenter size-full\"><img loading=\"lazy\" decoding=\"async\" width=\"800\" height=\"554\" src=\"https:\/\/dedemesquita.com.br\/wp-content\/uploads\/2026\/04\/Screenshot_2026-04-22-00-07-47-682_com.instagram.android.jpg\" alt=\"\" class=\"wp-image-15588\" srcset=\"https:\/\/dedemesquita.com.br\/wp-content\/uploads\/2026\/04\/Screenshot_2026-04-22-00-07-47-682_com.instagram.android.jpg 800w, https:\/\/dedemesquita.com.br\/wp-content\/uploads\/2026\/04\/Screenshot_2026-04-22-00-07-47-682_com.instagram.android-768x532.jpg 768w\" sizes=\"(max-width: 800px) 100vw, 800px\" \/><figcaption class=\"wp-element-caption\">N\u00e9lia, Jo\u00e3o Jadson e a equipe do JL 2<\/figcaption><\/figure><\/div>\n\n<div class=\"wp-block-image\">\n<figure class=\"aligncenter size-full\"><img loading=\"lazy\" decoding=\"async\" width=\"750\" height=\"556\" src=\"https:\/\/dedemesquita.com.br\/wp-content\/uploads\/2026\/04\/Screenshot_2026-04-24-17-49-27-471_com.instagram.android.jpg\" alt=\"\" class=\"wp-image-15591\"\/><figcaption class=\"wp-element-caption\">L\u00e9o Nunes durante o lan\u00e7amento do document\u00e1rio sobre os 50 anos da TV Liberal, no cine L\u00edbero Luxardo<\/figcaption><\/figure><\/div>\n\n<div class=\"wp-block-image\">\n<figure class=\"aligncenter size-full\"><img loading=\"lazy\" decoding=\"async\" width=\"613\" height=\"800\" src=\"https:\/\/dedemesquita.com.br\/wp-content\/uploads\/2026\/04\/Screenshot_2026-04-24-01-07-42-269_com.instagram.android.jpg\" alt=\"\" class=\"wp-image-15592\"\/><figcaption class=\"wp-element-caption\">Turma da TV Liberal comemorando o document\u00e1rio<\/figcaption><\/figure><\/div>\n\n<div class=\"wp-block-image\">\n<figure class=\"aligncenter size-full\"><img loading=\"lazy\" decoding=\"async\" width=\"750\" height=\"533\" src=\"https:\/\/dedemesquita.com.br\/wp-content\/uploads\/2026\/04\/Screenshot_2026-04-24-02-18-04-712_com.instagram.android.jpg\" alt=\"\" class=\"wp-image-15593\"\/><figcaption class=\"wp-element-caption\">Jal\u00edlia Messias e Jo\u00e3o Pedro preparando o programa especial que foi ao ar no s\u00e1bado, dia 25, \u00e0 tarde<\/figcaption><\/figure><\/div>\n\n\n<h2 class=\"wp-block-heading has-text-align-center\">E mais not\u00edcias<\/h2>\n\n\n\n<p><strong>Adriano de volta &#8211; <\/strong>O <strong>Instagram <\/strong>reativou na segunda-feira, 27,&nbsp;a conta do jornalista <strong>Adriano&nbsp;Wilkson<\/strong>, que estava suspensa desde o \u00faltimo dia 16 de abril,&nbsp;reconheceu que houve um erro no bloqueio do perfil e pediu desculpas formais pelo transtorno causado ao profissional.&nbsp;A suspens\u00e3o ocorreu ap\u00f3s a rede social receber uma onda de <strong>den\u00fancias em massa<\/strong> alegando supostas viola\u00e7\u00f5es de direitos autorais. Na ocasi\u00e3o,&nbsp;Wilkson&nbsp;contestou a medida afirmando que utilizava apenas materiais de autoria pr\u00f3pria, documentos p\u00fablicos e registros de figuras pol\u00edticas.&nbsp;O <strong>Sindicato dos Jornalistas do Par\u00e1&nbsp;&#8211;&nbsp;Sinjor-PA<\/strong> acompanhou o caso&nbsp;no qual&nbsp;enxergou&nbsp;riscos diretos \u00e0 liberdade de imprensa.<\/p>\n\n\n<div class=\"wp-block-image\">\n<figure class=\"aligncenter size-full\"><img loading=\"lazy\" decoding=\"async\" width=\"700\" height=\"521\" src=\"https:\/\/dedemesquita.com.br\/wp-content\/uploads\/2026\/04\/YOUTUBE-ADUFPA-3.png\" alt=\"\" class=\"wp-image-15557\"\/><figcaption class=\"wp-element-caption\">V\u00e1rias entidades prestaram solidariedade a Adriano <\/figcaption><\/figure><\/div>\n\n\n<p><strong>Beb\u00ea a bordo &#8211; Jamyla Magno<\/strong>, da Troika Comunica\u00e7\u00e3o, est\u00e1 gravida do primeiro filho, um menino que vai se chamar <strong>Vicente<\/strong>. Parab\u00e9ns ao casal Jamyla e <strong>Carlos Shikama<\/strong>. <\/p>\n\n\n<div class=\"wp-block-image\">\n<figure class=\"aligncenter size-full\"><img loading=\"lazy\" decoding=\"async\" width=\"575\" height=\"750\" src=\"https:\/\/dedemesquita.com.br\/wp-content\/uploads\/2026\/04\/Screenshot_2026-04-26-22-25-08-967_com.instagram.android.jpg\" alt=\"\" class=\"wp-image-15612\"\/><figcaption class=\"wp-element-caption\">Uma futura mam\u00e3e dessas, bicho! Felicidades!<\/figcaption><\/figure><\/div>\n\n\n<p><strong>Ch\u00e1 de Canela &#8211; <\/strong>A estreia da nova temporada do podcast <strong>Ch\u00e1 de Canela<\/strong>,&nbsp;de&nbsp;<strong>Ana Carolina Gomes<\/strong> e <strong>Bruna Lima<\/strong>,&nbsp;marcada para ter\u00e7a-feira, 7,&nbsp;<strong>teve um rev\u00eas<\/strong>.&nbsp;Ap\u00f3s semanas de alinhamento, confirma\u00e7\u00f5es e at\u00e9 material de divulga\u00e7\u00e3o&nbsp;nas redes, a prefeita de Marituba, <strong>Patr\u00edcia Alencar<\/strong>, cancelou a participa\u00e7\u00e3o poucas horas antes da grava\u00e7\u00e3o. Segundo a assessoria, a decis\u00e3o ocorreu devido&nbsp;\u00e0s&nbsp;fortes chuvas que atingiram&nbsp;o munic\u00edpio.&nbsp;Mas&nbsp;nesta ter\u00e7a-feira, 28, a convidada \u00e9&nbsp;<strong>Carol&nbsp;Resque<\/strong>, ex-primeira dama de M\u00e3e do Rio, que fala&nbsp;sobre&nbsp;direito, a vida p\u00fablica e os bastidores de ser mulher em espa\u00e7os de poder.&nbsp;H\u00e1 poucos meses, chegou a&nbsp;p\u00fablico que Patr\u00edcia teria sido o piv\u00f4 da separa\u00e7\u00e3o de Carol e&nbsp;o ex-marido, <strong>Bruno Rabelo<\/strong>, prefeito de <strong>M\u00e3e do Rio<\/strong>. Depois da repercuss\u00e3o do caso, Carol ganhou mais de 70 mil novos seguidores nas redes sociais e se filiou ao&nbsp;PSB. <strong><em>A entrevista \u00e9 \u00e0s 20h, ao vivo, no YouTube da TV&nbsp;Nova Bel\u00e9m e do Ch\u00e1 de Canela.&nbsp;&nbsp;<\/em><\/strong><\/p>\n\n\n<div class=\"wp-block-image\">\n<figure class=\"aligncenter size-full\"><img loading=\"lazy\" decoding=\"async\" width=\"549\" height=\"650\" src=\"https:\/\/dedemesquita.com.br\/wp-content\/uploads\/2026\/04\/WhatsApp-Image-2026-04-28-at-13.00.53.jpeg\" alt=\"\" class=\"wp-image-15558\"\/><figcaption class=\"wp-element-caption\">Carol Resque \u00e9 a convidada desta ter\u00e7a-feira, 28<\/figcaption><\/figure><\/div>\n\n\n<p><strong>Reconhecimento &#8211; M\u00f4nica Alvarez<\/strong>, gerente de comunica\u00e7\u00e3o corporativa da&nbsp;Alubar&nbsp;Global Management, em Barcarena, no Par\u00e1, recebeu uma&nbsp;placa de&nbsp;reconhecimento&nbsp;da iniciativa <strong>Aberje para os 20 Comunicadores&nbsp;para Seguir&nbsp;em&nbsp;2026<\/strong>.&nbsp;<\/p>\n\n\n<div class=\"wp-block-image\">\n<figure class=\"aligncenter size-full\"><img loading=\"lazy\" decoding=\"async\" width=\"590\" height=\"700\" src=\"https:\/\/dedemesquita.com.br\/wp-content\/uploads\/2026\/04\/Monica-Alvarez.jpg\" alt=\"\" class=\"wp-image-15559\"\/><figcaption class=\"wp-element-caption\">Reconhecimento para M\u00f4nica<\/figcaption><\/figure><\/div>\n\n\n<p><strong>Novo programa &#8211; <\/strong>Na segunda-feira, 4 de maio, estreia o&nbsp;\u201cAl\u00f4 Par\u00e1\u201d&nbsp;na&nbsp;TV A Cr\u00edtica Par\u00e1 &#8211;&nbsp;TVC Par\u00e1.&nbsp;Apresentado por <strong>Renatinha Rocha&nbsp;<\/strong>&#8211;&nbsp;sim, ela mesma &#8211; ser\u00e1 \u201cum programa leve, din\u00e2mico e cheio de conte\u00fado, com bate-papo, cultura, informa\u00e7\u00e3o e tudo que movimenta o estado&nbsp;do Par\u00e1\u201d.&nbsp;&nbsp;<\/p>\n\n\n<div class=\"wp-block-image\">\n<figure class=\"aligncenter size-full\"><img loading=\"lazy\" decoding=\"async\" width=\"700\" height=\"381\" src=\"https:\/\/dedemesquita.com.br\/wp-content\/uploads\/2026\/04\/WhatsApp-Image-2026-04-28-at-13.13.33.jpeg\" alt=\"\" class=\"wp-image-15564\"\/><figcaption class=\"wp-element-caption\">O novo programa j\u00e1 est\u00e1 pronto para estrear <\/figcaption><\/figure><\/div>\n\n\n<p><strong>Vibe antiga &#8211; <\/strong>Ali\u00e1s, Renatinha n\u00e3o perde essa&nbsp;vibe&nbsp;de&nbsp;<strong><em>mamacita<\/em><\/strong>&nbsp;que j\u00e1 trouxe da <strong>Rede TV<\/strong>. H\u00e1 pouco tempo, ela, chefe de reportagem e \u201cempolgada\u201d com&nbsp;a chegada de um novo rep\u00f3rter na TVC Par\u00e1, \u201cencheu\u201d&nbsp;o&nbsp;rapaz de muitas pautas, em um \u00fanico turno, mesmo tendo outros coleguinhas&nbsp;\u00e0 disposi\u00e7\u00e3o&nbsp;para trabalhar. <strong>O rapaz at\u00e9 fez as&nbsp;pautas,&nbsp;mas&nbsp;foi embora e nunca mais voltou.&nbsp;&nbsp;&nbsp;<\/strong><\/p>\n\n\n<div class=\"wp-block-image\">\n<figure class=\"aligncenter size-full\"><img loading=\"lazy\" decoding=\"async\" width=\"383\" height=\"448\" src=\"https:\/\/dedemesquita.com.br\/wp-content\/uploads\/2026\/04\/WhatsApp-Image-2026-04-28-at-13.11.35-1.jpeg\" alt=\"\" class=\"wp-image-15565\"\/><figcaption class=\"wp-element-caption\">N\u00e3o te esconde, n\u00e3o&#8230;<\/figcaption><\/figure><\/div>\n\n\n<p><strong>Nasci para ser Dercy &#8211; <\/strong>Os jornalistas <strong>Cl\u00e9o Soares<\/strong>, CEO da ag\u00eancia&nbsp;Comunicare, e <strong>Jeferson&nbsp;H\u00f6enisch<\/strong>&nbsp;estiveram com a atriz e comediante <strong>Grace&nbsp;Gianouka<\/strong>s, que retornou a Bel\u00e9m com o mon\u00f3logo <strong>\u201cNasci para ser Dercy\u201d<\/strong>. O espet\u00e1culo, exibido&nbsp;no&nbsp;Theatro&nbsp;da Paz, \u00e9 inspirado na trajet\u00f3ria de&nbsp;comediante&nbsp;Dercy Gon\u00e7alves, teve produ\u00e7\u00e3o local da <strong>Imagin\u00e1ria Entretenimentos<\/strong>, com atendimento \u00e0 imprensa realizado pela&nbsp;<strong>Comunicare<\/strong>.&nbsp;<\/p>\n\n\n<div class=\"wp-block-image\">\n<figure class=\"aligncenter size-full\"><img loading=\"lazy\" decoding=\"async\" width=\"634\" height=\"750\" src=\"https:\/\/dedemesquita.com.br\/wp-content\/uploads\/2026\/04\/WhatsApp-Image-2026-04-28-at-10.44.43.jpeg\" alt=\"\" class=\"wp-image-15569\"\/><figcaption class=\"wp-element-caption\">Cl\u00e9o e Jeferson, da Comunicare, e a atriz Grace&nbsp;Gianoukas<\/figcaption><\/figure><\/div>\n\n<div class=\"wp-block-image\">\n<figure class=\"aligncenter size-full\"><img loading=\"lazy\" decoding=\"async\" width=\"549\" height=\"750\" src=\"https:\/\/dedemesquita.com.br\/wp-content\/uploads\/2026\/04\/WhatsApp-Image-2026-04-28-at-11.06.15.jpeg\" alt=\"\" class=\"wp-image-15570\"\/><figcaption class=\"wp-element-caption\">Sergio Manoel e Grace<\/figcaption><\/figure><\/div>\n\n<div class=\"wp-block-image\">\n<figure class=\"aligncenter size-full\"><img loading=\"lazy\" decoding=\"async\" width=\"800\" height=\"656\" src=\"https:\/\/dedemesquita.com.br\/wp-content\/uploads\/2026\/04\/WhatsApp-Image-2026-04-28-at-10.48.51.jpeg\" alt=\"\" class=\"wp-image-15571\" srcset=\"https:\/\/dedemesquita.com.br\/wp-content\/uploads\/2026\/04\/WhatsApp-Image-2026-04-28-at-10.48.51.jpeg 800w, https:\/\/dedemesquita.com.br\/wp-content\/uploads\/2026\/04\/WhatsApp-Image-2026-04-28-at-10.48.51-768x630.jpeg 768w\" sizes=\"(max-width: 800px) 100vw, 800px\" \/><figcaption class=\"wp-element-caption\">Grace no JL 1, com Priscilla Castro<\/figcaption><\/figure><\/div>\n\n<div class=\"wp-block-image\">\n<figure class=\"aligncenter size-full\"><img loading=\"lazy\" decoding=\"async\" width=\"661\" height=\"750\" src=\"https:\/\/dedemesquita.com.br\/wp-content\/uploads\/2026\/04\/WhatsApp-Image-2026-04-28-at-10.48.50.jpeg\" alt=\"\" class=\"wp-image-15572\"\/><figcaption class=\"wp-element-caption\">Diogo Martins, produtor da TV Liberal, e atriz Grace Gianoukas<\/figcaption><\/figure><\/div>\n\n<div class=\"wp-block-image\">\n<figure class=\"aligncenter size-full\"><img loading=\"lazy\" decoding=\"async\" width=\"596\" height=\"800\" src=\"https:\/\/dedemesquita.com.br\/wp-content\/uploads\/2026\/04\/WhatsApp-Image-2026-04-28-at-10.51.14.jpeg\" alt=\"\" class=\"wp-image-15573\"\/><figcaption class=\"wp-element-caption\">Vinicius Volpi, diretor de programa\u00e7\u00e3o da TV Liberal, ao lado da atriz Grace Gianoukas<\/figcaption><\/figure><\/div>\n\n<div class=\"wp-block-image\">\n<figure class=\"aligncenter size-full\"><img loading=\"lazy\" decoding=\"async\" width=\"687\" height=\"750\" src=\"https:\/\/dedemesquita.com.br\/wp-content\/uploads\/2026\/04\/WhatsApp-Image-2026-04-28-at-11.10.00.jpeg\" alt=\"\" class=\"wp-image-15574\"\/><figcaption class=\"wp-element-caption\">Cl\u00e9o Soares e Jeferson H\u00f6enisch reuniram coleguinhas da imprensa para um encontro com Grace Gianoukas, no Santa Org\u00e2nica, em Bel\u00e9m<\/figcaption><\/figure><\/div>\n\n<div class=\"wp-block-image\">\n<figure class=\"aligncenter size-full\"><img loading=\"lazy\" decoding=\"async\" width=\"667\" height=\"700\" src=\"https:\/\/dedemesquita.com.br\/wp-content\/uploads\/2026\/04\/WhatsApp-Image-2026-04-28-at-11.11.34.jpeg\" alt=\"\" class=\"wp-image-15575\"\/><figcaption class=\"wp-element-caption\">O jornalista Wallace Ferreira, do portal Estante Cultural, ao lado de Grace Gianoukas<\/figcaption><\/figure><\/div>\n\n<div class=\"wp-block-image\">\n<figure class=\"aligncenter size-full\"><img loading=\"lazy\" decoding=\"async\" width=\"750\" height=\"547\" src=\"https:\/\/dedemesquita.com.br\/wp-content\/uploads\/2026\/04\/Screenshot_2026-04-23-22-36-25-426_com.instagram.android.jpg\" alt=\"\" class=\"wp-image-15589\"\/><figcaption class=\"wp-element-caption\">Grace e Sergio Manoel<\/figcaption><\/figure><\/div>\n\n<div class=\"wp-block-image\">\n<figure class=\"aligncenter size-full\"><img loading=\"lazy\" decoding=\"async\" width=\"628\" height=\"750\" src=\"https:\/\/dedemesquita.com.br\/wp-content\/uploads\/2026\/04\/Screenshot_2026-04-23-22-36-40-819_com.instagram.android.jpg\" alt=\"\" class=\"wp-image-15590\"\/><figcaption class=\"wp-element-caption\">Sergio, Cleo e Jeferson<\/figcaption><\/figure><\/div>\n\n\n<p><strong>Sucesso &#8211; <\/strong>O&nbsp;<a href=\"http:\/\/oliberal.com\"><strong>http:\/\/oliberal.com<\/strong><\/a>&nbsp;fez alarde para dizer que&nbsp;conecta mais de <strong>65 milh\u00f5es de pessoas&nbsp;<\/strong>nas&nbsp;plataformas digitais&nbsp;dele, entre portal, redes sociais e YouTube.&nbsp;Um slogan foi adotado \u201cUm portal do tamanho da Amaz\u00f4nia.&nbsp;Uma audi\u00eancia do tamanho do Brasil\u201d.&nbsp;A informa\u00e7\u00e3o tem como fonte o&nbsp;<a href=\"http:\/\/similarweb.com\"><strong>similarweb.com<\/strong><\/a><\/p>\n\n\n<div class=\"wp-block-image\">\n<figure class=\"aligncenter size-full\"><img loading=\"lazy\" decoding=\"async\" width=\"527\" height=\"600\" src=\"https:\/\/dedemesquita.com.br\/wp-content\/uploads\/2026\/04\/WhatsApp-Image-2026-04-27-at-16.03.08.jpeg\" alt=\"\" class=\"wp-image-15560\"\/><figcaption class=\"wp-element-caption\">oliberal.com comemora sucesso nas redes sociais <\/figcaption><\/figure><\/div>\n\n\n<h2 class=\"wp-block-heading has-text-align-center\">O site \u00e9 membro do grupo Fofoca Clube<\/h2>\n\n\n\n<p><strong>Mas assim &#8211; <\/strong>O grupo de <strong>jornalistas&nbsp;do WhatsApp<\/strong>, criado e mantido pela comunica\u00e7\u00e3o da Prefeitura de Bel\u00e9m, se tornou alvo de <strong>goza\u00e7\u00f5es pesadas entre os jornalistas<\/strong>. A cada pauta anunciada oficialmente pela&nbsp;aquela&nbsp;Secretaria de Comunica\u00e7\u00e3o, todos no grupo ficam \u00e0 espera do desdobramento: <strong>a pauta \u00e9 cancelada, quase sempre<\/strong>. Muitas das vezes, s\u00e3o pautas de bastante relev\u00e2ncia, mas que s\u00e3o canceladas, sem maiores explica\u00e7\u00f5es. O que parece \u00e9 que n\u00e3o est\u00e1 havendo uma comunica\u00e7\u00e3o mais afinada entre a comunica\u00e7\u00e3o, gabinete do prefeito e secretarias. A galera do jornalismo grupo &#8211; &#8220;que nem \u00e9 gente&#8221; &#8211; j\u00e1 est\u00e1 pensando em fazer <strong>um bol\u00e3o sobre em que tempo as pautas ser\u00e3o canceladas<\/strong>. <\/p>\n\n\n<div class=\"wp-block-image\">\n<figure class=\"aligncenter size-full\"><img loading=\"lazy\" decoding=\"async\" width=\"674\" height=\"700\" src=\"https:\/\/dedemesquita.com.br\/wp-content\/uploads\/2026\/04\/WhatsApp-Image-2026-04-25-at-01.18.08-1.jpeg\" alt=\"\" class=\"wp-image-15596\"\/><figcaption class=\"wp-element-caption\">N\u00e3o foi a primeira&#8230;<\/figcaption><\/figure><\/div>\n\n<div class=\"wp-block-image\">\n<figure class=\"aligncenter size-full\"><img loading=\"lazy\" decoding=\"async\" width=\"660\" height=\"700\" src=\"https:\/\/dedemesquita.com.br\/wp-content\/uploads\/2026\/04\/WhatsApp-Image-2026-04-25-at-01.18.21-1.jpeg\" alt=\"\" class=\"wp-image-15597\"\/><figcaption class=\"wp-element-caption\">&#8230; nem a segunda pauta&#8230;<\/figcaption><\/figure><\/div>\n\n<div class=\"wp-block-image\">\n<figure class=\"aligncenter size-full\"><img loading=\"lazy\" decoding=\"async\" width=\"415\" height=\"622\" src=\"https:\/\/dedemesquita.com.br\/wp-content\/uploads\/2026\/04\/WhatsApp-Image-2026-04-25-at-01.18.33.jpeg\" alt=\"\" class=\"wp-image-15598\"\/><figcaption class=\"wp-element-caption\">&#8230; muito menos a terceira pauta cancelada pela Prefeitura de Bel\u00e9m, por meio da Secom Bel\u00e9m. <\/figcaption><\/figure><\/div>\n\n\n<p><strong>De novo &#8211; <\/strong>E <strong>Tutu<\/strong>, hein, gente?&nbsp;<strong>Wesley Costa Jr<\/strong>., autointitulado \u201ctubar\u00e3o da not\u00edcia\u201d ou <strong>Tutu<\/strong>, como \u00e9 mais conhecido, tem credibilidade t\u00e3o curta quanto a vis\u00e3o do predador marinho. Na semana passada,&nbsp;divulgou que o <strong>ex-prefeito de Ananindeua, Daniel Santos<\/strong>, <em>\u201cestava em viagem ao exterior com a fam\u00edlia enquanto Ananindeua enfrentava os alagamentos\u201d<\/em>.&nbsp;A&nbsp;assessoria do pr\u00e9-candidato entrou em contato com Tutu para informar que Daniel Santos havia viajado, sim, <strong>mas a&nbsp;Bras\u00edlia<\/strong>, onde foi buscar ajuda, junto com o prefeito <strong>Hugo Athayde<\/strong>, para ajudar as fam\u00edlias afetadas pelos alagamentos e recuperar as \u00e1reas de Ananindeua&nbsp;atingidas&nbsp;pelas chuvas.&nbsp;Pedidos foram feitos para que Tutu publicasse a verdade, mas, ele&nbsp;se&nbsp;negou.&nbsp;<strong>Agora, a mentira vai&nbsp;para&nbsp;a Justi\u00e7a, em mais uma&nbsp;a\u00e7\u00e3o contra as mentiras&nbsp;e fake&nbsp;news&nbsp;de Tutu.&nbsp;<\/strong><\/p>\n\n\n<div class=\"wp-block-image\">\n<figure class=\"aligncenter size-full\"><img loading=\"lazy\" decoding=\"async\" width=\"800\" height=\"418\" src=\"https:\/\/dedemesquita.com.br\/wp-content\/uploads\/2026\/04\/WhatsApp-Image-2026-04-28-at-12.54.50.jpeg\" alt=\"\" class=\"wp-image-15556\" srcset=\"https:\/\/dedemesquita.com.br\/wp-content\/uploads\/2026\/04\/WhatsApp-Image-2026-04-28-at-12.54.50.jpeg 800w, https:\/\/dedemesquita.com.br\/wp-content\/uploads\/2026\/04\/WhatsApp-Image-2026-04-28-at-12.54.50-768x401.jpeg 768w\" sizes=\"(max-width: 800px) 100vw, 800px\" \/><figcaption class=\"wp-element-caption\">Mesmo com a fake news sendo desmentida, Tutu n\u00e3o retirou a postagem do ar, que continua postada no perfil dele no Instagram <\/figcaption><\/figure><\/div>\n\n\n<p><strong>E toma-te Direito de Resposta &#8211; <\/strong>Dias antes a postagem sobre Daniel Santos, <strong>Tutu<\/strong> teve que publicar um Direito de Resposta do deputado estadual&nbsp;<strong>Renato Oliveira<\/strong>. O \u201cjornalista\u201d publicou <strong>not\u00edcia inver\u00eddica<\/strong> sobre Oliveira, que recorreu \u00e0 Justi\u00e7a&nbsp;para obter o direito. No texto, Tutu diz: \u201c<em>esclare\u00e7o ao p\u00fablico que existe senten\u00e7a de 1\u00aa inst\u00e2ncia na a\u00e7\u00e3o de improbidade administrativa,&nbsp;contudo, desde&nbsp;3 de dezembro de 2025, a&nbsp;senten\u00e7a est\u00e1&nbsp;sob&nbsp;efeitos suspensos, porque a apela\u00e7\u00e3o foi recebida no duplo efeito.&nbsp;N\u00e3o h\u00e1 inelegibilidade em vigor decorrente da senten\u00e7a,&nbsp;enquanto persistir a suspens\u00e3o de seus efeitos<\/em>\u201d.&nbsp;E complementa: <em>\u201cO&nbsp;esclarecimento \u00e9 prestado para corrigir informa\u00e7\u00e3o incompleta que induziu o p\u00fablico a erro\u201d<\/em>.&nbsp;Nas redes sociais, o coment\u00e1rio que a retrata\u00e7\u00e3o de Tutu est\u00e1 incompleta, porque o deputado j\u00e1&nbsp;possui senten\u00e7a final e favor\u00e1vel&nbsp;ao parlamentar.&nbsp;&nbsp;<\/p>\n\n\n<div class=\"wp-block-image\">\n<figure class=\"aligncenter size-full\"><img loading=\"lazy\" decoding=\"async\" width=\"632\" height=\"437\" src=\"https:\/\/dedemesquita.com.br\/wp-content\/uploads\/2026\/04\/WhatsApp-Image-2026-04-28-at-10.53.48-1.jpeg\" alt=\"\" class=\"wp-image-15554\"\/><figcaption class=\"wp-element-caption\">O print, como sabemos, \u00e9 eterno e para sempre <\/figcaption><\/figure><\/div>\n\n\n<p><strong>Barbie em maus len\u00e7\u00f3is &#8211; <\/strong>E hoje, o site est\u00e1 relembrando os \u201cqueridos\u201d aqui do espa\u00e7o. Voc\u00eas se lembram de <strong>Barbie Fake<\/strong>? Ent\u00e3o, a mo\u00e7a aprontou de novo.\u00a0Volta e meia, Barbie <strong>\u201cmete\u201d atestados para justificar as faltas dela<\/strong>. A situa\u00e7\u00e3o mais recente foi que os <strong>atestados se juntavam aos dias de f\u00e9rias da \u201cdiva\u201d.<\/strong> O\u00a0RH\u00a0do grupo RBA resolveu dar uma investigada e\u00a0descobriu que\u00a0os atestados\u00a0foram, na\u00a0verdade, <strong>emitidos pelo pr\u00f3prio pai dela, que \u00e9 m\u00e9dico\u00a0&#8211; pasmem! &#8211; em Ribeir\u00e3o Preto, interior de S\u00e3o Paulo<\/strong>.\u00a0Checando mais a fundo, descobriram que todos os atestados foram emitidos pelo pai da Barbie, <strong>desde que ela\u00a0voltou \u00e0 RBA TV<\/strong>.\u00a0A situa\u00e7\u00e3o\u00a0foi comunicada ao gerente de jornalismo do grupo, <strong>\u00c1lvaro Borges<\/strong>, ele teve que dar\u00a0uma \u201cenquadrada\u201d na bonita, que arrumou mais uma desculpa\u00a0&#8211; <em>\u201co est\u00fadio do programa causa a ela uma rinite cr\u00f4nica\u201d<\/em>. E todos est\u00e3o de olho nela.\u00a0\u00a0<\/p>\n\n\n<div class=\"wp-block-image\">\n<figure class=\"aligncenter size-full\"><img loading=\"lazy\" decoding=\"async\" width=\"600\" height=\"600\" src=\"https:\/\/dedemesquita.com.br\/wp-content\/uploads\/2026\/04\/WhatsApp-Image-2026-04-28-at-13.09.03.jpeg\" alt=\"\" class=\"wp-image-15562\" srcset=\"https:\/\/dedemesquita.com.br\/wp-content\/uploads\/2026\/04\/WhatsApp-Image-2026-04-28-at-13.09.03.jpeg 600w, https:\/\/dedemesquita.com.br\/wp-content\/uploads\/2026\/04\/WhatsApp-Image-2026-04-28-at-13.09.03-150x150.jpeg 150w\" sizes=\"(max-width: 600px) 100vw, 600px\" \/><figcaption class=\"wp-element-caption\">A &#8220;rinite cr\u00f4nica&#8221; de Barbie Fake est\u00e1 <em>&#8220;dando para o dela&#8221;<\/em><\/figcaption><\/figure><\/div>\n\n\n<h2 class=\"wp-block-heading has-text-align-center\">Fotos da semana<\/h2>\n\n\n\n<p><strong>Show da banda Guns N&#8217; Roses em Bel\u00e9m, no s\u00e1bado, 25, no Mangueir\u00e3o<\/strong>: <\/p>\n\n\n<div class=\"wp-block-image\">\n<figure class=\"aligncenter size-full\"><img loading=\"lazy\" decoding=\"async\" width=\"750\" height=\"569\" src=\"https:\/\/dedemesquita.com.br\/wp-content\/uploads\/2026\/04\/Screenshot_2026-04-26-10-02-41-235_com.instagram.android.jpg\" alt=\"\" class=\"wp-image-15600\"\/><figcaption class=\"wp-element-caption\">Christian Emanoel e T\u00e2nia <\/figcaption><\/figure><\/div>\n\n<div class=\"wp-block-image\">\n<figure class=\"aligncenter size-full\"><img loading=\"lazy\" decoding=\"async\" width=\"750\" height=\"672\" src=\"https:\/\/dedemesquita.com.br\/wp-content\/uploads\/2026\/04\/Screenshot_2026-04-26-04-14-28-656_com.instagram.android.jpg\" alt=\"\" class=\"wp-image-15601\"\/><figcaption class=\"wp-element-caption\">Edyr Falc\u00e3o, dubl\u00ea de jornalista do MPPA e roqueiro convicto<\/figcaption><\/figure><\/div>\n\n<div class=\"wp-block-image\">\n<figure class=\"aligncenter size-full\"><img loading=\"lazy\" decoding=\"async\" width=\"750\" height=\"558\" src=\"https:\/\/dedemesquita.com.br\/wp-content\/uploads\/2026\/04\/Screenshot_2026-04-26-10-02-35-495_com.instagram.android.jpg\" alt=\"\" class=\"wp-image-15602\"\/><figcaption class=\"wp-element-caption\">Christian e Val\u00e9ria Barros<\/figcaption><\/figure><\/div>\n\n<div class=\"wp-block-image\">\n<figure class=\"aligncenter size-full\"><img loading=\"lazy\" decoding=\"async\" width=\"700\" height=\"486\" src=\"https:\/\/dedemesquita.com.br\/wp-content\/uploads\/2026\/04\/Screenshot_2026-04-26-04-12-53-111_com.instagram.android.jpg\" alt=\"\" class=\"wp-image-15603\"\/><figcaption class=\"wp-element-caption\">Nara Bandeira \u00e9 do rock doido<\/figcaption><\/figure><\/div>\n\n<div class=\"wp-block-image\">\n<figure class=\"aligncenter size-full\"><img loading=\"lazy\" decoding=\"async\" width=\"750\" height=\"528\" src=\"https:\/\/dedemesquita.com.br\/wp-content\/uploads\/2026\/04\/Screenshot_2026-04-26-04-07-50-440_com.instagram.android.jpg\" alt=\"\" class=\"wp-image-15604\"\/><figcaption class=\"wp-element-caption\">Lena Nery e o filho, e Ana Danin<\/figcaption><\/figure><\/div>\n\n<div class=\"wp-block-image\">\n<figure class=\"aligncenter size-full\"><img loading=\"lazy\" decoding=\"async\" width=\"494\" height=\"700\" src=\"https:\/\/dedemesquita.com.br\/wp-content\/uploads\/2026\/04\/Screenshot_2026-04-26-04-06-56-647_com.instagram.android.jpg\" alt=\"\" class=\"wp-image-15605\"\/><figcaption class=\"wp-element-caption\">Lucas Contente<\/figcaption><\/figure><\/div>\n\n<div class=\"wp-block-image\">\n<figure class=\"aligncenter size-full\"><img loading=\"lazy\" decoding=\"async\" width=\"450\" height=\"800\" src=\"https:\/\/dedemesquita.com.br\/wp-content\/uploads\/2026\/04\/Screenshot_2026-04-26-04-06-17-345_com.instagram.android.jpg\" alt=\"\" class=\"wp-image-15606\"\/><figcaption class=\"wp-element-caption\">Filipe Faraon, de assessor e fot\u00f3grafo da PF e de roqueiro<\/figcaption><\/figure><\/div>\n\n<div class=\"wp-block-image\">\n<figure class=\"aligncenter size-full\"><img loading=\"lazy\" decoding=\"async\" width=\"568\" height=\"750\" src=\"https:\/\/dedemesquita.com.br\/wp-content\/uploads\/2026\/04\/Screenshot_2026-04-26-04-01-42-045_com.instagram.android.jpg\" alt=\"\" class=\"wp-image-15607\"\/><figcaption class=\"wp-element-caption\">Filipe Bispo e Ana Carolina Gomes<\/figcaption><\/figure><\/div>\n\n<div class=\"wp-block-image\">\n<figure class=\"aligncenter size-full\"><img loading=\"lazy\" decoding=\"async\" width=\"519\" height=\"750\" src=\"https:\/\/dedemesquita.com.br\/wp-content\/uploads\/2026\/04\/Screenshot_2026-04-26-04-00-32-374_com.instagram.android.jpg\" alt=\"\" class=\"wp-image-15608\"\/><figcaption class=\"wp-element-caption\">Filipe Bispo e Marx Vasconcelos<\/figcaption><\/figure><\/div>\n\n<div class=\"wp-block-image\">\n<figure class=\"aligncenter size-full\"><img loading=\"lazy\" decoding=\"async\" width=\"580\" height=\"750\" src=\"https:\/\/dedemesquita.com.br\/wp-content\/uploads\/2026\/04\/Screenshot_2026-04-26-03-59-55-176_com.instagram.android.jpg\" alt=\"\" class=\"wp-image-15609\"\/><figcaption class=\"wp-element-caption\">Bruno Carachesti e o filho Pietro no rock<\/figcaption><\/figure><\/div>\n\n<div class=\"wp-block-image\">\n<figure class=\"aligncenter size-full\"><img loading=\"lazy\" decoding=\"async\" width=\"750\" height=\"522\" src=\"https:\/\/dedemesquita.com.br\/wp-content\/uploads\/2026\/04\/Screenshot_2026-04-26-03-57-07-324_com.instagram.android.jpg\" alt=\"\" class=\"wp-image-15610\"\/><figcaption class=\"wp-element-caption\">Christian e Elielson<\/figcaption><\/figure><\/div>\n\n<div class=\"wp-block-image\">\n<figure class=\"aligncenter size-full\"><img loading=\"lazy\" decoding=\"async\" width=\"445\" height=\"700\" src=\"https:\/\/dedemesquita.com.br\/wp-content\/uploads\/2026\/04\/Screenshot_2026-04-26-03-57-00-609_com.instagram.android.jpg\" alt=\"\" class=\"wp-image-15611\"\/><figcaption class=\"wp-element-caption\">Elielson trabalhando no show do Guns <\/figcaption><\/figure><\/div>\n\n\n<p><strong>Outras fotos:<\/strong><\/p>\n\n\n<div class=\"wp-block-image\">\n<figure class=\"aligncenter size-full\"><img loading=\"lazy\" decoding=\"async\" width=\"557\" height=\"640\" src=\"https:\/\/dedemesquita.com.br\/wp-content\/uploads\/2026\/04\/WhatsApp-Image-2026-04-28-at-07.22.50.jpeg\" alt=\"\" class=\"wp-image-15613\"\/><figcaption class=\"wp-element-caption\">Sergio Manoel, da TVC Par\u00e1, em pauta do Festival do Chocolate, no Hangar<\/figcaption><\/figure><\/div>\n\n<div class=\"wp-block-image\">\n<figure class=\"aligncenter size-full\"><img loading=\"lazy\" decoding=\"async\" width=\"750\" height=\"573\" src=\"https:\/\/dedemesquita.com.br\/wp-content\/uploads\/2026\/04\/Screenshot_2026-04-27-08-13-49-963_com.instagram.android-1.jpg\" alt=\"\" class=\"wp-image-15614\"\/><figcaption class=\"wp-element-caption\">Ursula, Alexandre e Maria Christina no Pinhole Day, da Fotoativa, no domingo, 26<\/figcaption><\/figure><\/div>\n\n<div class=\"wp-block-image\">\n<figure class=\"aligncenter size-full\"><img loading=\"lazy\" decoding=\"async\" width=\"700\" height=\"579\" src=\"https:\/\/dedemesquita.com.br\/wp-content\/uploads\/2026\/04\/Screenshot_2026-04-27-08-13-49-963_com.instagram.android.jpg\" alt=\"\" class=\"wp-image-15615\"\/><figcaption class=\"wp-element-caption\">O fot\u00f3grafo e historiador Michel Pinho no Pinhole Day <\/figcaption><\/figure><\/div>\n\n\n<p><\/p>\n\n\n\n<h2 class=\"wp-block-heading has-text-align-center\">NOTA DA REDA\u00c7\u00c3O<\/h2>\n\n\n\n<p><br><strong><em>Este espa\u00e7o continua sempre aberto para manifesta\u00e7\u00e3o de quem quiser informar sua posi\u00e7\u00e3o sobre os assuntos relatados nesta postagem. Acha que precisa de um Direito de Resposta? \u00c9 s\u00f3 mandar.<\/em><\/strong><\/p>\n","protected":false},"excerpt":{"rendered":"<p>Bel\u00e9m, 28 de abril de 2026 &#8211; Se na semana passada, o site est\u00e1 bem light, mas n\u00e3o posso dizer a mesma coisa desta ter\u00e7a-feira. Espero que aproveitem&#8230; Mudan\u00e7as nas reda\u00e7\u00f5es Borges cheio de &#8216;moral&#8217; &#8211; Como o site j\u00e1 divulgou, \u00c1lvaro Borges come\u00e7ou em novo desafio e assumiu a&nbsp;dire\u00e7\u00e3o de Jornalismo do grupo RBA&nbsp;e [&hellip;]<\/p>\n","protected":false},"author":2,"featured_media":15567,"comment_status":"open","ping_status":"open","sticky":false,"template":"","format":"standard","meta":{"footnotes":""},"categories":[51,14,29],"tags":[475,1051,713,617,1127,181,1237,119,120,74,165,212,1178,130,1136],"class_list":["post-15550","post","type-post","status-publish","format-standard","has-post-thumbnail","hentry","category-destaque","category-imprensa","category-jornalismo","tag-aberje","tag-adriano-wilkinson","tag-alubar","tag-cha-de-canela","tag-comunicare","tag-diario-do-para","tag-instagram","tag-jornalismo","tag-jornalistas-paraenses-em-acao","tag-prefeitura-de-belem","tag-radio-clube","tag-rba-tv","tag-secom-belem-3","tag-sinjor-pa","tag-tvc-para"],"yoast_head":"<!-- This site is optimized with the Yoast SEO plugin v19.10 - https:\/\/yoast.com\/wordpress\/plugins\/seo\/ -->\n<title>TV Liberal celebra 50 anos, Tutu apronta de novo, Barbie Fake \u00e9 pega &quot;no pulo&quot; e Prefeitura de Bel\u00e9m \u00e9 campe\u00e3 de cancelar pautas - Ded\u00e9 Mesquita<\/title>\n<meta name=\"robots\" content=\"index, follow, max-snippet:-1, max-image-preview:large, max-video-preview:-1\" \/>\n<link rel=\"canonical\" href=\"https:\/\/dedemesquita.com.br\/?p=15550\" \/>\n<meta property=\"og:locale\" content=\"pt_BR\" \/>\n<meta property=\"og:type\" content=\"article\" \/>\n<meta property=\"og:title\" content=\"TV Liberal celebra 50 anos, Tutu apronta de novo, Barbie Fake \u00e9 pega &quot;no pulo&quot; e Prefeitura de Bel\u00e9m \u00e9 campe\u00e3 de cancelar pautas - Ded\u00e9 Mesquita\" \/>\n<meta property=\"og:description\" content=\"Bel\u00e9m, 28 de abril de 2026 &#8211; Se na semana passada, o site est\u00e1 bem light, mas n\u00e3o posso dizer a mesma coisa desta ter\u00e7a-feira. Espero que aproveitem&#8230; Mudan\u00e7as nas reda\u00e7\u00f5es Borges cheio de &#8216;moral&#8217; &#8211; Como o site j\u00e1 divulgou, \u00c1lvaro Borges come\u00e7ou em novo desafio e assumiu a&nbsp;dire\u00e7\u00e3o de Jornalismo do grupo RBA&nbsp;e [&hellip;]\" \/>\n<meta property=\"og:url\" content=\"https:\/\/dedemesquita.com.br\/?p=15550\" \/>\n<meta property=\"og:site_name\" content=\"Ded\u00e9 Mesquita\" \/>\n<meta property=\"article:publisher\" content=\"https:\/\/www.facebook.com\/dede.mesquita\" \/>\n<meta property=\"article:published_time\" content=\"2026-04-28T17:22:17+00:00\" \/>\n<meta property=\"article:modified_time\" content=\"2026-04-28T20:38:37+00:00\" \/>\n<meta property=\"og:image\" content=\"https:\/\/dedemesquita.com.br\/wp-content\/uploads\/2026\/04\/CAPA1.jpg\" \/>\n\t<meta property=\"og:image:width\" content=\"950\" \/>\n\t<meta property=\"og:image:height\" content=\"595\" \/>\n\t<meta property=\"og:image:type\" content=\"image\/jpeg\" \/>\n<meta name=\"author\" content=\"Ded\u00e9 Mesquita\" \/>\n<meta name=\"twitter:card\" content=\"summary_large_image\" \/>\n<meta name=\"twitter:creator\" content=\"@dedemesquita\" \/>\n<meta name=\"twitter:site\" content=\"@dedemesquita\" \/>\n<meta name=\"twitter:label1\" content=\"Escrito por\" \/>\n\t<meta name=\"twitter:data1\" content=\"Ded\u00e9 Mesquita\" \/>\n\t<meta name=\"twitter:label2\" content=\"Est. tempo de leitura\" \/>\n\t<meta name=\"twitter:data2\" content=\"21 minutos\" \/>\n<script type=\"application\/ld+json\" class=\"yoast-schema-graph\">{\"@context\":\"https:\/\/schema.org\",\"@graph\":[{\"@type\":\"WebPage\",\"@id\":\"https:\/\/dedemesquita.com.br\/?p=15550\",\"url\":\"https:\/\/dedemesquita.com.br\/?p=15550\",\"name\":\"TV Liberal celebra 50 anos, Tutu apronta de novo, Barbie Fake \u00e9 pega \\\"no pulo\\\" e Prefeitura de Bel\u00e9m \u00e9 campe\u00e3 de cancelar pautas - Ded\u00e9 Mesquita\",\"isPartOf\":{\"@id\":\"https:\/\/dedemesquita.com.br\/#website\"},\"datePublished\":\"2026-04-28T17:22:17+00:00\",\"dateModified\":\"2026-04-28T20:38:37+00:00\",\"author\":{\"@id\":\"https:\/\/dedemesquita.com.br\/#\/schema\/person\/36571f81dd2d76dc3ab37231542c9e24\"},\"breadcrumb\":{\"@id\":\"https:\/\/dedemesquita.com.br\/?p=15550#breadcrumb\"},\"inLanguage\":\"pt-BR\",\"potentialAction\":[{\"@type\":\"ReadAction\",\"target\":[\"https:\/\/dedemesquita.com.br\/?p=15550\"]}]},{\"@type\":\"BreadcrumbList\",\"@id\":\"https:\/\/dedemesquita.com.br\/?p=15550#breadcrumb\",\"itemListElement\":[{\"@type\":\"ListItem\",\"position\":1,\"name\":\"In\u00edcio\",\"item\":\"https:\/\/dedemesquita.com.br\/\"},{\"@type\":\"ListItem\",\"position\":2,\"name\":\"TV Liberal celebra 50 anos, Tutu apronta de novo, Barbie Fake \u00e9 pega &#8220;no pulo&#8221; e Prefeitura de Bel\u00e9m \u00e9 campe\u00e3 de cancelar pautas\"}]},{\"@type\":\"WebSite\",\"@id\":\"https:\/\/dedemesquita.com.br\/#website\",\"url\":\"https:\/\/dedemesquita.com.br\/\",\"name\":\"Ded\u00e9 Mesquita\",\"description\":\"Um site que mostra os bastidores da imprensa no estado do Par\u00e1 e em Bel\u00e9m\",\"potentialAction\":[{\"@type\":\"SearchAction\",\"target\":{\"@type\":\"EntryPoint\",\"urlTemplate\":\"https:\/\/dedemesquita.com.br\/?s={search_term_string}\"},\"query-input\":\"required name=search_term_string\"}],\"inLanguage\":\"pt-BR\"},{\"@type\":\"Person\",\"@id\":\"https:\/\/dedemesquita.com.br\/#\/schema\/person\/36571f81dd2d76dc3ab37231542c9e24\",\"name\":\"Ded\u00e9 Mesquita\",\"image\":{\"@type\":\"ImageObject\",\"inLanguage\":\"pt-BR\",\"@id\":\"https:\/\/dedemesquita.com.br\/#\/schema\/person\/image\/\",\"url\":\"https:\/\/dedemesquita.com.br\/wp-content\/uploads\/2021\/02\/foto_perfil-150x150.jpg\",\"contentUrl\":\"https:\/\/dedemesquita.com.br\/wp-content\/uploads\/2021\/02\/foto_perfil-150x150.jpg\",\"caption\":\"Ded\u00e9 Mesquita\"},\"sameAs\":[\"https:\/\/dedemesquita.com.br\"]}]}<\/script>\n<!-- \/ Yoast SEO plugin. -->","yoast_head_json":{"title":"TV Liberal celebra 50 anos, Tutu apronta de novo, Barbie Fake \u00e9 pega \"no pulo\" e Prefeitura de Bel\u00e9m \u00e9 campe\u00e3 de cancelar pautas - Ded\u00e9 Mesquita","robots":{"index":"index","follow":"follow","max-snippet":"max-snippet:-1","max-image-preview":"max-image-preview:large","max-video-preview":"max-video-preview:-1"},"canonical":"https:\/\/dedemesquita.com.br\/?p=15550","og_locale":"pt_BR","og_type":"article","og_title":"TV Liberal celebra 50 anos, Tutu apronta de novo, Barbie Fake \u00e9 pega \"no pulo\" e Prefeitura de Bel\u00e9m \u00e9 campe\u00e3 de cancelar pautas - Ded\u00e9 Mesquita","og_description":"Bel\u00e9m, 28 de abril de 2026 &#8211; Se na semana passada, o site est\u00e1 bem light, mas n\u00e3o posso dizer a mesma coisa desta ter\u00e7a-feira. Espero que aproveitem&#8230; Mudan\u00e7as nas reda\u00e7\u00f5es Borges cheio de &#8216;moral&#8217; &#8211; Como o site j\u00e1 divulgou, \u00c1lvaro Borges come\u00e7ou em novo desafio e assumiu a&nbsp;dire\u00e7\u00e3o de Jornalismo do grupo RBA&nbsp;e [&hellip;]","og_url":"https:\/\/dedemesquita.com.br\/?p=15550","og_site_name":"Ded\u00e9 Mesquita","article_publisher":"https:\/\/www.facebook.com\/dede.mesquita","article_published_time":"2026-04-28T17:22:17+00:00","article_modified_time":"2026-04-28T20:38:37+00:00","og_image":[{"width":950,"height":595,"url":"https:\/\/dedemesquita.com.br\/wp-content\/uploads\/2026\/04\/CAPA1.jpg","type":"image\/jpeg"}],"author":"Ded\u00e9 Mesquita","twitter_card":"summary_large_image","twitter_creator":"@dedemesquita","twitter_site":"@dedemesquita","twitter_misc":{"Escrito por":"Ded\u00e9 Mesquita","Est. tempo de leitura":"21 minutos"},"schema":{"@context":"https:\/\/schema.org","@graph":[{"@type":"WebPage","@id":"https:\/\/dedemesquita.com.br\/?p=15550","url":"https:\/\/dedemesquita.com.br\/?p=15550","name":"TV Liberal celebra 50 anos, Tutu apronta de novo, Barbie Fake \u00e9 pega \"no pulo\" e Prefeitura de Bel\u00e9m \u00e9 campe\u00e3 de cancelar pautas - Ded\u00e9 Mesquita","isPartOf":{"@id":"https:\/\/dedemesquita.com.br\/#website"},"datePublished":"2026-04-28T17:22:17+00:00","dateModified":"2026-04-28T20:38:37+00:00","author":{"@id":"https:\/\/dedemesquita.com.br\/#\/schema\/person\/36571f81dd2d76dc3ab37231542c9e24"},"breadcrumb":{"@id":"https:\/\/dedemesquita.com.br\/?p=15550#breadcrumb"},"inLanguage":"pt-BR","potentialAction":[{"@type":"ReadAction","target":["https:\/\/dedemesquita.com.br\/?p=15550"]}]},{"@type":"BreadcrumbList","@id":"https:\/\/dedemesquita.com.br\/?p=15550#breadcrumb","itemListElement":[{"@type":"ListItem","position":1,"name":"In\u00edcio","item":"https:\/\/dedemesquita.com.br\/"},{"@type":"ListItem","position":2,"name":"TV Liberal celebra 50 anos, Tutu apronta de novo, Barbie Fake \u00e9 pega &#8220;no pulo&#8221; e Prefeitura de Bel\u00e9m \u00e9 campe\u00e3 de cancelar pautas"}]},{"@type":"WebSite","@id":"https:\/\/dedemesquita.com.br\/#website","url":"https:\/\/dedemesquita.com.br\/","name":"Ded\u00e9 Mesquita","description":"Um site que mostra os bastidores da imprensa no estado do Par\u00e1 e em Bel\u00e9m","potentialAction":[{"@type":"SearchAction","target":{"@type":"EntryPoint","urlTemplate":"https:\/\/dedemesquita.com.br\/?s={search_term_string}"},"query-input":"required name=search_term_string"}],"inLanguage":"pt-BR"},{"@type":"Person","@id":"https:\/\/dedemesquita.com.br\/#\/schema\/person\/36571f81dd2d76dc3ab37231542c9e24","name":"Ded\u00e9 Mesquita","image":{"@type":"ImageObject","inLanguage":"pt-BR","@id":"https:\/\/dedemesquita.com.br\/#\/schema\/person\/image\/","url":"https:\/\/dedemesquita.com.br\/wp-content\/uploads\/2021\/02\/foto_perfil-150x150.jpg","contentUrl":"https:\/\/dedemesquita.com.br\/wp-content\/uploads\/2021\/02\/foto_perfil-150x150.jpg","caption":"Ded\u00e9 Mesquita"},"sameAs":["https:\/\/dedemesquita.com.br"]}]}},"_links":{"self":[{"href":"https:\/\/dedemesquita.com.br\/index.php?rest_route=\/wp\/v2\/posts\/15550"}],"collection":[{"href":"https:\/\/dedemesquita.com.br\/index.php?rest_route=\/wp\/v2\/posts"}],"about":[{"href":"https:\/\/dedemesquita.com.br\/index.php?rest_route=\/wp\/v2\/types\/post"}],"author":[{"embeddable":true,"href":"https:\/\/dedemesquita.com.br\/index.php?rest_route=\/wp\/v2\/users\/2"}],"replies":[{"embeddable":true,"href":"https:\/\/dedemesquita.com.br\/index.php?rest_route=%2Fwp%2Fv2%2Fcomments&post=15550"}],"version-history":[{"count":10,"href":"https:\/\/dedemesquita.com.br\/index.php?rest_route=\/wp\/v2\/posts\/15550\/revisions"}],"predecessor-version":[{"id":15618,"href":"https:\/\/dedemesquita.com.br\/index.php?rest_route=\/wp\/v2\/posts\/15550\/revisions\/15618"}],"wp:featuredmedia":[{"embeddable":true,"href":"https:\/\/dedemesquita.com.br\/index.php?rest_route=\/wp\/v2\/media\/15567"}],"wp:attachment":[{"href":"https:\/\/dedemesquita.com.br\/index.php?rest_route=%2Fwp%2Fv2%2Fmedia&parent=15550"}],"wp:term":[{"taxonomy":"category","embeddable":true,"href":"https:\/\/dedemesquita.com.br\/index.php?rest_route=%2Fwp%2Fv2%2Fcategories&post=15550"},{"taxonomy":"post_tag","embeddable":true,"href":"https:\/\/dedemesquita.com.br\/index.php?rest_route=%2Fwp%2Fv2%2Ftags&post=15550"}],"curies":[{"name":"wp","href":"https:\/\/api.w.org\/{rel}","templated":true}]}}