{"id":15147,"date":"2026-03-17T12:48:02","date_gmt":"2026-03-17T15:48:02","guid":{"rendered":"https:\/\/dedemesquita.com.br\/?p=15147"},"modified":"2026-03-17T13:18:09","modified_gmt":"2026-03-17T16:18:09","slug":"tv-norte-sbt-para-tem-nova-programacao-bienal-das-amazonias-de-volta-em-belem-e-fpf-trata-documentos-pessoais-de-jornalistas-como-se-fosse-lixo","status":"publish","type":"post","link":"https:\/\/dedemesquita.com.br\/?p=15147","title":{"rendered":"TV Norte SBT Par\u00e1 tem nova programa\u00e7\u00e3o, Bienal das Amaz\u00f4nias de volta em Bel\u00e9m e FPF trata documentos pessoais de jornalistas como se fosse lixo"},"content":{"rendered":"\n<p><strong>Bel\u00e9m, 17 de mar\u00e7o de 2026 &#8211; Daqueles dias chuvosos <\/strong>que s\u00f3 Bel\u00e9m tem. Mas temos muitas not\u00edcias por aqui.<\/p>\n\n\n\n<h2 class=\"wp-block-heading has-text-align-center\">Mudan\u00e7as nas reda\u00e7\u00f5es<\/h2>\n\n\n\n<p><strong>Sampaio &#8211; Johann Sampaio<\/strong> come\u00e7ou&nbsp;no cargo de&nbsp;editor na&nbsp;<strong>TV&nbsp;Record Bel\u00e9m<\/strong>, mas ele avisa que&nbsp;esse&nbsp;\u00e9 um&nbsp;importante passo para chegar no cargo de editor-chefe,&nbsp;o&nbsp;que&nbsp;ele&nbsp;almeja.&nbsp;&nbsp;<\/p>\n\n\n<div class=\"wp-block-image\">\n<figure class=\"aligncenter size-full\"><img loading=\"lazy\" decoding=\"async\" width=\"442\" height=\"450\" src=\"https:\/\/dedemesquita.com.br\/wp-content\/uploads\/2026\/03\/WhatsApp-Image-2026-03-17-at-10.13.11.jpeg\" alt=\"\" class=\"wp-image-15151\"\/><\/figure><\/div>\n\n\n<p><strong>M\u00f4nica Maia &#8211;<\/strong>&nbsp;<strong>M\u00f4nica Maia<\/strong> deixou a&nbsp;da&nbsp;Temple&nbsp;Comunica\u00e7\u00e3o&nbsp;para ingressar na<strong> FSB Holding,<\/strong>&nbsp;e ir\u00e1&nbsp;coordenar&nbsp;a atendimento&nbsp;ao cliente <strong>\u00c1guas do Par<\/strong>\u00e1, no&nbsp;escrit\u00f3rio da \u00c1guas,&nbsp;em Bel\u00e9m.&nbsp;&nbsp;<\/p>\n\n\n<div class=\"wp-block-image\">\n<figure class=\"aligncenter size-full\"><img loading=\"lazy\" decoding=\"async\" width=\"525\" height=\"535\" src=\"https:\/\/dedemesquita.com.br\/wp-content\/uploads\/2026\/03\/WhatsApp-Image-2026-03-17-at-11.26.45.jpeg\" alt=\"\" class=\"wp-image-15163\"\/><figcaption class=\"wp-element-caption\">M\u00f4nica Maia, agora, est\u00e1 na comunica\u00e7\u00e3o da \u00c1guas do Par\u00e1 <\/figcaption><\/figure><\/div>\n\n\n<p><strong>CIIR &#8211; <\/strong>A assessoria de&nbsp;comunica\u00e7\u00e3o do&nbsp;<strong>Centro Integrado de Inclus\u00e3o e Reabilita\u00e7\u00e3o &#8211;&nbsp;CIIR<\/strong> segue com a jornalista <strong>Danielle Carvalh<\/strong>o, no <strong>91 98405-6509<\/strong> e e-mail&nbsp;<a href=\"mailto:comunicacao.ciir@indsh.org.br\" target=\"_blank\" rel=\"noreferrer noopener\"><strong>comunicacao.ciir@indsh.org.br<\/strong><\/a>, e o publicit\u00e1rio <strong>Jackson Lobato<\/strong> para atendimento \u00e0s demandas de imprensa.&nbsp;<\/p>\n\n\n<div class=\"wp-block-image\">\n<figure class=\"aligncenter size-full\"><img loading=\"lazy\" decoding=\"async\" width=\"512\" height=\"546\" src=\"https:\/\/dedemesquita.com.br\/wp-content\/uploads\/2026\/03\/WhatsApp-Image-2026-03-17-at-13.03.50.jpeg\" alt=\"\" class=\"wp-image-15195\"\/><figcaption class=\"wp-element-caption\">O publicit\u00e1rio Jackson Lobato <\/figcaption><\/figure><\/div>\n\n\n<p><strong>Audi\u00eancia &#8211;<\/strong> Bel\u00e9m tem dessas coisas: o embate pelo segundo lugar na audi\u00eancia do almo\u00e7o, j\u00e1 que o primeiro posto \u00e9 da <strong>TV Liberal<\/strong>, com 11,7 pontos.&nbsp;O JL1 disparou na lideran\u00e7a a segunda-feira, 16; o&nbsp;<strong>Balan\u00e7o Geral PA<\/strong>, da <strong>Record<\/strong>,&nbsp;apareceu em segundo, com 3,4 pontos, enquanto o <strong>Bora Cidad<\/strong>e, da <strong>RBA&nbsp;TV<\/strong>,&nbsp;tamb\u00e9m marcou presen\u00e7a na disputa pela audi\u00eancia, com 2,4 pontos, e <strong>TV Norte  SBT Pa<\/strong>r\u00e1, com 0,72, perdendo para a <strong>TV Cultur<\/strong>a, com 0,80.<\/p>\n\n\n<div class=\"wp-block-image\">\n<figure class=\"aligncenter size-full\"><img loading=\"lazy\" decoding=\"async\" width=\"566\" height=\"700\" src=\"https:\/\/dedemesquita.com.br\/wp-content\/uploads\/2026\/03\/WhatsApp-Image-2026-03-17-at-12.04.52.jpeg\" alt=\"\" class=\"wp-image-15164\"\/><\/figure><\/div>\n\n\n<p><strong>Programa\u00e7\u00e3o nova &#8211; <\/strong>A segunda-feira, 16, trouxe a novidade da estreia da nova programa\u00e7\u00e3o da <strong>TV Norte\/ SBT Par\u00e1<\/strong>,\u00a0incluindo o\u00a0programa <strong>\u201cComando Policial\u201d<\/strong>, com apresenta\u00e7\u00e3o de <strong>Tutu,<\/strong> no\u00a0final da manh\u00e3.\u00a0A TV Norte\/ SBT Par\u00e1, que durante anos conquistou o p\u00fablico no hor\u00e1rio do almo\u00e7o, iniciou transmiss\u00f5es no per\u00edodo noturno, em\u00a0mudan\u00e7a\u00a0que\u00a0marca\u00a0a\u00a0nova fase para\u00a0os telejornais\u00a0locais. A nova programa\u00e7\u00e3o \u00e9 esta: de <strong>segunda \u00e0 sexta-feira<\/strong>, \u00e0s 7h, <strong>NC Brasi<\/strong>l, com Thais Magalh\u00e3es; \u00e0s 10h45, <strong>Comando Policial<\/strong>; ao meio dia, <strong>O Povo na TV<\/strong>, com Marcio Lins; \u00e0s 13h, <strong>NC Esporte<\/strong>s, com Giordana Krumpanzer; \u00e0s 18h15, <strong>SBT Par\u00e1<\/strong>, com Adriana Martins. \u00c0 meia noite e meia, \u00e0s <strong>segundas-feiras, Pod Pensar<\/strong>, com Samira Benoliel. Aos <strong>s\u00e1bados<\/strong>, a programa\u00e7\u00e3o muda: \u00e0s 9h30, <strong>Roma Business<\/strong>, com Romulo Netto; \u00e0s 18h05, <strong>Norte Investiga\u00e7\u00e3o<\/strong>, com Cardinot. E aos <strong>domingo<\/strong>s, \u00e0s 9h, <strong>NC Agro<\/strong>, com Carol Brazil, e \u00e0s 10h, <strong>T\u00f4 Indo<\/strong>, com C\u00e9lia Pinho.  <\/p>\n\n\n<div class=\"wp-block-image\">\n<figure class=\"aligncenter size-full\"><img loading=\"lazy\" decoding=\"async\" width=\"692\" height=\"800\" src=\"https:\/\/dedemesquita.com.br\/wp-content\/uploads\/2026\/03\/Screenshot_2026-03-11-21-42-55-802_com.instagram.android.jpg\" alt=\"\" class=\"wp-image-15161\"\/><figcaption class=\"wp-element-caption\">Grava\u00e7\u00e3o no Ver-o-Rio do novo programa de C\u00e9lia Pinho, do &#8220;T\u00f4 Indo&#8221;, para o SBT Par\u00e1<\/figcaption><\/figure><\/div>\n\n\n<h2 class=\"wp-block-heading has-text-align-center\">FPF pisando na bola <\/h2>\n\n\n\n<p><strong>Na quinta-feira, 12<\/strong>, teve o jogo do Remo x Fluminense, pelo Brasileir\u00e3o S\u00e9rie A, no Mangueir\u00e3o. A imprensa, como sempre,&nbsp;estava presente, <strong>credenciada&nbsp;pela&nbsp;CBF<\/strong>, como apoio local da F<strong>edera\u00e7\u00e3o Paraense de Futebol &#8211; FPF.<\/strong> O que foi relatado ao site \u00e9 que um rapaz, de <strong>prenome&nbsp;Bruno, da&nbsp;FPF<\/strong>, acabou provocando um tumulto com os colegas jornalistas. A Federa\u00e7\u00e3o adotou de <strong>reter&nbsp;documentos de identifica\u00e7\u00e3o de todos <\/strong>&#8211; como RG,&nbsp;crach\u00e1, carteira da ACLEP,&nbsp;carteira de motorista e outros &#8211; <strong>em troca dos coletes usados pelos profissionais, \u00e0 beira do gramado<\/strong>. A confus\u00e3o toda \u00e9 porque&nbsp;esses documentos s\u00e3o jogados&nbsp;dentro de uma sacola pl\u00e1stica ou de papel\u00e3o,&nbsp;do tipo daquelas&nbsp;utilizadas&nbsp;em lojas. No&nbsp;final&nbsp;dos&nbsp;jogos,&nbsp;com a pressa de voltar,&nbsp;h\u00e1 uma&nbsp;grande&nbsp;demora&nbsp;para encontrar os documentos, que s\u00e3o deixados&nbsp;dentro da tal sacola,&nbsp;em cima de uma&nbsp;mesa,&nbsp;<strong>e \u00e9 cada um por si.<\/strong>&nbsp;No jogo citado, os documentos estavam em uma&nbsp;sacola de papel. Um dos profissionais reclamou que&nbsp;estava dif\u00edcil de encontrar&nbsp;o RG dele dentro da sacola. Ent\u00e3o, a virou&nbsp;sobre a mesa.&nbsp;Bruno,<strong> bastante alterado<\/strong>,&nbsp;reclamou da \u201cavacalha\u00e7\u00e3o\u201d e emendou: \u201c<em>Tu&nbsp;queres que eu organize tudo em uma&nbsp;pasta pra&nbsp;ti,&nbsp;s\u00f3&nbsp;porque&nbsp;tu \u00e9s o bacana?\u201d<\/em>. Ao que foi retrucado que deveria deixar os documentos organizados, <em>\u201cpois \u00e9 o trabalho dele\u201d<\/em>.&nbsp;Come\u00e7ou&nbsp;<strong>um&nbsp;bate-boca&nbsp;e&nbsp;quase todos v\u00e3o \u00e0s vias de fato<\/strong>. Bruno disse&nbsp;ainda: <em>\u201cVoc\u00eas v\u00e3o ver o&nbsp;que eu vou fazer no pr\u00f3ximo jogo\u201d<\/em>, e, em tom de amea\u00e7a, disse que <strong>n\u00e3o daria os coletes aos jornalistas.<\/strong>&nbsp;<strong>Al\u00f4, FPF, quem deu esses poderes todos ao rapaz, hein?<\/strong> E mais, documentos pessoais s\u00e3o importantes e n\u00e3o deveriam ser tratados assim. <strong>Que tal encontrar um local seguro e acess\u00edvel onde todos possam reaver os documentos com&nbsp;mais&nbsp;tranquilidade? Os coletes, por algum acaso, s\u00e3o propriedade desse Bruno?&nbsp;<\/strong>E vamos ficar de olho, porque no domingo, 22, tem&nbsp;<strong>Clube&nbsp;Remo x Bahia<\/strong>, no Mangueir\u00e3o, \u00e0s&nbsp;16 horas.&nbsp;Acho de muito bom tom esse Bruno a\u00ed se acalmar e a FPF arranjar um lugar digno <strong>para guardar os documentos dos coleguinhas da imprensa.&nbsp;&nbsp;<\/strong><\/p>\n\n\n<div class=\"wp-block-image\">\n<figure class=\"aligncenter size-full\"><img loading=\"lazy\" decoding=\"async\" width=\"691\" height=\"750\" src=\"https:\/\/dedemesquita.com.br\/wp-content\/uploads\/2026\/03\/Screenshot_2026-03-13-00-16-31-113_com.instagram.android.jpg\" alt=\"\" class=\"wp-image-15162\"\/><figcaption class=\"wp-element-caption\">Coletes como esse que o Filipe Bispo usou no jogo Remo X Fluminense est\u00e3o dando confus\u00e3o no Mangueir\u00e3o &#8211;<strong> FOTO meramente ilustrativa.<\/strong><\/figcaption><\/figure><\/div>\n\n\n<h2 class=\"wp-block-heading has-text-align-center\">Outras not\u00edcias<\/h2>\n\n\n\n<p><strong>Professor vaidoso &#8211;<\/strong> O <strong>Sicredi<\/strong> preparou um&nbsp;encontro com a&nbsp;imprensa de Bel\u00e9m,&nbsp;na&nbsp;noite de&nbsp;sexta-feira, 13, com <strong>palestra de Dado Schneider<\/strong>, doutor em Comunica\u00e7\u00e3o, pesquisador e refer\u00eancia nacional&nbsp;em&nbsp;comportamento, gera\u00e7\u00f5es e futuro dos neg\u00f3cios. A <strong>Jambo Comunica\u00e7\u00e3o<\/strong>, respons\u00e1vel pelo atendimento de imprensa do Sicredi,&nbsp;convidou coleguinhas e&nbsp;foi representada pelas jornalistas <strong>Luana Vidal<\/strong> e <strong>Ivana Oliveir<\/strong>a.&nbsp;Antes de Schneider,&nbsp;outros&nbsp;executivos fizeram curtas exposi\u00e7\u00f5es. O ambiente era informal, com os convidados circulando&nbsp;e&nbsp;alguns ficaram&nbsp;de p\u00e9.&nbsp;Schneider se apresentou<strong>, j\u00e1 advertindo que n\u00e3o permitiria&nbsp;interrup\u00e7\u00f5es<\/strong>. A&nbsp;palestra, ent\u00e3o, foi&nbsp;marcada pelo&nbsp;estalar de dedos de <strong>Schneider<\/strong>,&nbsp;chamando a aten\u00e7\u00e3o da plateia para que olhasse para ele, pedindo fotos e posando para elas com seus slides.&nbsp;<strong>N\u00e3o satisfeito em estalar&nbsp;os&nbsp;dedos<\/strong>, ele,&nbsp;por v\u00e1rias vezes reclamou&nbsp;que&nbsp;a jornalista&nbsp;Ivana Oliveira n\u00e3o parava de falar e&nbsp;<strong>todo mundo olhou para ela, que ficou constrangida<\/strong>.&nbsp;Ivana&nbsp;<strong>\u00e9&nbsp;s\u00f3cia da&nbsp;Jambo Comunica\u00e7\u00e3o<\/strong>,&nbsp;motivo pelo qual precisava interagir com as pessoas.&nbsp;A jornalista <strong>Franssinete Florenzano<\/strong>, presente ao evento, quer propor&nbsp;aos empres\u00e1rios da&nbsp;regi\u00e3o uma reflex\u00e3o acerca da escolha de palestrantes, <strong>porque o&nbsp;Par\u00e1 tem intelectuais, com n\u00edvel de excel\u00eancia superior, vasta experi\u00eancia e profundo&nbsp;conhecimento t\u00e9cnico, com o diferencial da viv\u00eancia no mercado amaz\u00f4nico<\/strong>, e melhor seria valorizar a \u201cprata da casa\u201d. Ainda bem que os coleguinhas aproveitaram bem <strong>o p\u00f3s-palestra<\/strong><\/p>\n\n\n<div class=\"wp-block-image\">\n<figure class=\"aligncenter size-full\"><img loading=\"lazy\" decoding=\"async\" width=\"800\" height=\"742\" src=\"https:\/\/dedemesquita.com.br\/wp-content\/uploads\/2026\/03\/WhatsApp-Image-2026-03-14-at-18.11.48.jpeg\" alt=\"\" class=\"wp-image-15152\" srcset=\"https:\/\/dedemesquita.com.br\/wp-content\/uploads\/2026\/03\/WhatsApp-Image-2026-03-14-at-18.11.48.jpeg 800w, https:\/\/dedemesquita.com.br\/wp-content\/uploads\/2026\/03\/WhatsApp-Image-2026-03-14-at-18.11.48-768x712.jpeg 768w\" sizes=\"(max-width: 800px) 100vw, 800px\" \/><figcaption class=\"wp-element-caption\">Os coleguinhas convidados<\/figcaption><\/figure><\/div>\n\n<div class=\"wp-block-image\">\n<figure class=\"aligncenter size-full\"><img loading=\"lazy\" decoding=\"async\" width=\"800\" height=\"622\" src=\"https:\/\/dedemesquita.com.br\/wp-content\/uploads\/2026\/03\/WhatsApp-Image-2026-03-14-at-18.11.47.jpeg\" alt=\"\" class=\"wp-image-15153\" srcset=\"https:\/\/dedemesquita.com.br\/wp-content\/uploads\/2026\/03\/WhatsApp-Image-2026-03-14-at-18.11.47.jpeg 800w, https:\/\/dedemesquita.com.br\/wp-content\/uploads\/2026\/03\/WhatsApp-Image-2026-03-14-at-18.11.47-768x597.jpeg 768w\" sizes=\"(max-width: 800px) 100vw, 800px\" \/><figcaption class=\"wp-element-caption\">Mais momentos dessa turma animada <\/figcaption><\/figure><\/div>\n\n<div class=\"wp-block-image\">\n<figure class=\"aligncenter size-full\"><img loading=\"lazy\" decoding=\"async\" width=\"750\" height=\"633\" src=\"https:\/\/dedemesquita.com.br\/wp-content\/uploads\/2026\/03\/WhatsApp-Image-2026-03-14-at-18.11.47-1.jpeg\" alt=\"\" class=\"wp-image-15155\"\/><figcaption class=\"wp-element-caption\">Raquel Costa, Ivana Oliveira e Luiz\u00e3o<\/figcaption><\/figure><\/div>\n\n<div class=\"wp-block-image\">\n<figure class=\"aligncenter size-full\"><img loading=\"lazy\" decoding=\"async\" width=\"750\" height=\"672\" src=\"https:\/\/dedemesquita.com.br\/wp-content\/uploads\/2026\/03\/Screenshot_2026-03-14-21-45-45-296_com.instagram.android.jpg\" alt=\"\" class=\"wp-image-15156\"\/><figcaption class=\"wp-element-caption\">Franssinete Florenzano e Matheus Freire <\/figcaption><\/figure><\/div>\n\n\n<p><strong>Mestra &#8211; <\/strong>A jornalista paraense <strong>Larissa Noguchi&nbsp;<\/strong>finalizou, na semana passada, o&nbsp;curso de Mestrado na institui\u00e7\u00e3o de ensino <strong>FGV Comunica\u00e7\u00e3o Rio&nbsp;de Janeiro<\/strong>.&nbsp;&nbsp;<\/p>\n\n\n<div class=\"wp-block-image\">\n<figure class=\"aligncenter size-full\"><img loading=\"lazy\" decoding=\"async\" width=\"595\" height=\"750\" src=\"https:\/\/dedemesquita.com.br\/wp-content\/uploads\/2026\/03\/Screenshot_2026-03-13-14-41-50-914_com.instagram.android.jpg\" alt=\"\" class=\"wp-image-15158\"\/><figcaption class=\"wp-element-caption\">Larissa no dia da defesa da tese de Mestrado na FGV <\/figcaption><\/figure><\/div>\n\n\n<p><strong>Atriz &#8211; <\/strong>A jornalista&nbsp;<strong>Elck&nbsp;Oliveira<\/strong>, que trabalha na Secom Par\u00e1, voltou a atuar no teatro paraense, na pe\u00e7a&nbsp;<strong>&#8220;O&nbsp;Estranho&nbsp;Mundo de Jack<\/strong>&#8220;.&nbsp;<\/p>\n\n\n<div class=\"wp-block-image\">\n<figure class=\"aligncenter size-full\"><img loading=\"lazy\" decoding=\"async\" width=\"700\" height=\"558\" src=\"https:\/\/dedemesquita.com.br\/wp-content\/uploads\/2026\/03\/WhatsApp-Image-2026-03-17-at-08.52.51.jpeg\" alt=\"\" class=\"wp-image-15159\"\/><figcaption class=\"wp-element-caption\">Elck est\u00e1 de volta aos palcos paraenses <\/figcaption><\/figure><\/div>\n\n\n<p><strong>TV JC &#8211; <\/strong>A&nbsp;temporada 2026 da <strong>TV JC<\/strong>, de Santar\u00e9m, come\u00e7ou&nbsp;na&nbsp;quinta-feira, 12,&nbsp;com a grava\u00e7\u00e3o de dois programas: um com o&nbsp;cientista pol\u00edtico e p\u00f3s-doutor em sociologia V\u00e1lber de Almeida Pires &#8211; que tamb\u00e9m \u00e9 colunista do&nbsp;portal&nbsp;JC; e&nbsp;Jarsen&nbsp;Guimar\u00e3es, economista, professor da&nbsp;Ufopa, que lan\u00e7ou&nbsp;o livro &#8220;Teoria do Crime: aspectos te\u00f3ricos e pr\u00e1ticos&#8221;, em coautoria com&nbsp;quatro&nbsp;pesquisadores da \u00e1rea de criminologia&nbsp;em Santar\u00e9m.&nbsp;A \u00edntegra de todos os programas, que s\u00e3o apresentados pelo jornalista Jeso Carneiro, ser\u00e1&nbsp;disponibilizada&nbsp;no canal do JC no <strong>YouTube<\/strong>, com cortes postados nas redes sociais.&nbsp;<\/p>\n\n\n<div class=\"wp-block-image\">\n<figure class=\"aligncenter size-full\"><img loading=\"lazy\" decoding=\"async\" width=\"467\" height=\"461\" src=\"https:\/\/dedemesquita.com.br\/wp-content\/uploads\/2026\/03\/WhatsApp-Image-2026-03-17-at-12.49.32.jpeg\" alt=\"\" class=\"wp-image-15191\"\/><figcaption class=\"wp-element-caption\">Jornalista Jeso Carneiro <\/figcaption><\/figure><\/div>\n\n\n<p><strong>Exposi\u00e7\u00f5es &#8211; <\/strong>Na noite de segunda-feira, 16, o <strong>Sistema FIEPA promoveu<\/strong>, na casa SESI Ind\u00fastria Criativa, a abertura das exposi\u00e7\u00f5es <strong>\u201cTodas e Todos por Elas: Vozes por&nbsp;Geordana\u201d<\/strong> e <strong>\u201cM\u00e3os de Mulher\u201d<\/strong>,&nbsp;que&nbsp;prop\u00f5em reflex\u00f5es sobre diferentes viv\u00eancias das mulheres no Brasil, reunindo obras e narrativas que abordam tanto a urg\u00eancia do enfrentamento \u00e0 viol\u00eancia de g\u00eanero quanto a valoriza\u00e7\u00e3o do trabalho e da pot\u00eancia feminina na Amaz\u00f4nia.&nbsp;<\/p>\n\n\n<div class=\"wp-block-image\">\n<figure class=\"aligncenter size-full\"><img loading=\"lazy\" decoding=\"async\" width=\"599\" height=\"800\" src=\"https:\/\/dedemesquita.com.br\/wp-content\/uploads\/2026\/03\/casa1.jpg\" alt=\"\" class=\"wp-image-15160\"\/><figcaption class=\"wp-element-caption\">Equipe de comunica\u00e7\u00e3o do Sistema FIEPA na abertura das exposi\u00e7\u00f5es <\/figcaption><\/figure><\/div>\n\n\n<h2 class=\"wp-block-heading has-text-align-center\">Fotos da semana<\/h2>\n\n\n\n<p><strong>Bienal das Amaz\u00f4nias de volta \u00e0s atividades &#8211;<\/strong> Na quinta-feira, 12, a Bienal das Amaz\u00f4nias voltou \u00e0s atividades com duas exposi\u00e7\u00f5es: a individual de Emmanuel Nassar, <strong>\u201cMeu Tema Sou Eu<\/strong>\u201d, e \u201cA Vida n\u00e3o \u00e9 Paisagem\u201d, de Nay Jinknss e Bruno Jungmann. Imprensa toda esteve por l\u00e1.<\/p>\n\n\n<div class=\"wp-block-image\">\n<figure class=\"aligncenter size-full\"><img loading=\"lazy\" decoding=\"async\" width=\"800\" height=\"554\" src=\"https:\/\/dedemesquita.com.br\/wp-content\/uploads\/2026\/03\/Screenshot_2026-03-15-09-27-19-753_com.instagram.android.jpg\" alt=\"\" class=\"wp-image-15167\" srcset=\"https:\/\/dedemesquita.com.br\/wp-content\/uploads\/2026\/03\/Screenshot_2026-03-15-09-27-19-753_com.instagram.android.jpg 800w, https:\/\/dedemesquita.com.br\/wp-content\/uploads\/2026\/03\/Screenshot_2026-03-15-09-27-19-753_com.instagram.android-768x532.jpg 768w\" sizes=\"(max-width: 800px) 100vw, 800px\" \/><figcaption class=\"wp-element-caption\">Equipe de comunica\u00e7\u00e3o da Bienal das Amaz\u00f4nias \u00e9 feita pela Jambo Comunica\u00e7\u00e3o<\/figcaption><\/figure><\/div>\n\n<div class=\"wp-block-image\">\n<figure class=\"aligncenter size-full\"><img loading=\"lazy\" decoding=\"async\" width=\"800\" height=\"561\" src=\"https:\/\/dedemesquita.com.br\/wp-content\/uploads\/2026\/03\/Screenshot_2026-03-15-09-27-19-753_com.instagram.android-1.jpg\" alt=\"\" class=\"wp-image-15168\" srcset=\"https:\/\/dedemesquita.com.br\/wp-content\/uploads\/2026\/03\/Screenshot_2026-03-15-09-27-19-753_com.instagram.android-1.jpg 800w, https:\/\/dedemesquita.com.br\/wp-content\/uploads\/2026\/03\/Screenshot_2026-03-15-09-27-19-753_com.instagram.android-1-768x539.jpg 768w\" sizes=\"(max-width: 800px) 100vw, 800px\" \/><figcaption class=\"wp-element-caption\">A mulherada da Jambo mais o Luiz<\/figcaption><\/figure><\/div>\n\n<div class=\"wp-block-image\">\n<figure class=\"aligncenter size-full\"><img loading=\"lazy\" decoding=\"async\" width=\"505\" height=\"750\" src=\"https:\/\/dedemesquita.com.br\/wp-content\/uploads\/2026\/03\/Screenshot_2026-03-13-18-27-32-511_com.instagram.android.jpg\" alt=\"\" class=\"wp-image-15169\"\/><figcaption class=\"wp-element-caption\">Andreia Teixeira e as irm\u00e3s Mendon\u00e7a<\/figcaption><\/figure><\/div>\n\n<div class=\"wp-block-image\">\n<figure class=\"aligncenter size-full\"><img loading=\"lazy\" decoding=\"async\" width=\"543\" height=\"800\" src=\"https:\/\/dedemesquita.com.br\/wp-content\/uploads\/2026\/03\/Screenshot_2026-03-13-00-16-04-513_com.instagram.android.jpg\" alt=\"\" class=\"wp-image-15170\"\/><figcaption class=\"wp-element-caption\">Christian Emanoel e Emmanuel Nassar<\/figcaption><\/figure><\/div>\n\n\n<p><strong>Cerimonial &#8211; <\/strong>Na sexta-feira, houve uma celebra\u00e7\u00e3o em homenagem a <strong>M\u00e1rcio Souza Cru<\/strong>z, que faleceu na semana passada, no bar Igreja do Rock<\/p>\n\n\n<div class=\"wp-block-image\">\n<figure class=\"aligncenter size-full\"><img loading=\"lazy\" decoding=\"async\" width=\"800\" height=\"579\" src=\"https:\/\/dedemesquita.com.br\/wp-content\/uploads\/2026\/03\/Screenshot_2026-03-14-13-53-43-562_com.instagram.android.jpg\" alt=\"\" class=\"wp-image-15171\" srcset=\"https:\/\/dedemesquita.com.br\/wp-content\/uploads\/2026\/03\/Screenshot_2026-03-14-13-53-43-562_com.instagram.android.jpg 800w, https:\/\/dedemesquita.com.br\/wp-content\/uploads\/2026\/03\/Screenshot_2026-03-14-13-53-43-562_com.instagram.android-768x556.jpg 768w\" sizes=\"(max-width: 800px) 100vw, 800px\" \/><figcaption class=\"wp-element-caption\">Amigos de M\u00e1rcio, na maioria de jornalistas, homenagearam o amigo <\/figcaption><\/figure><\/div>\n\n<div class=\"wp-block-image\">\n<figure class=\"aligncenter size-full\"><img loading=\"lazy\" decoding=\"async\" width=\"800\" height=\"560\" src=\"https:\/\/dedemesquita.com.br\/wp-content\/uploads\/2026\/03\/Screenshot_2026-03-14-07-49-14-675_com.instagram.android.jpg\" alt=\"\" class=\"wp-image-15172\" srcset=\"https:\/\/dedemesquita.com.br\/wp-content\/uploads\/2026\/03\/Screenshot_2026-03-14-07-49-14-675_com.instagram.android.jpg 800w, https:\/\/dedemesquita.com.br\/wp-content\/uploads\/2026\/03\/Screenshot_2026-03-14-07-49-14-675_com.instagram.android-768x538.jpg 768w\" sizes=\"(max-width: 800px) 100vw, 800px\" \/><figcaption class=\"wp-element-caption\">Mais da turma no bar Igreja do Rock<\/figcaption><\/figure><\/div>\n\n<div class=\"wp-block-image\">\n<figure class=\"aligncenter size-full\"><img loading=\"lazy\" decoding=\"async\" width=\"800\" height=\"559\" src=\"https:\/\/dedemesquita.com.br\/wp-content\/uploads\/2026\/03\/Screenshot_2026-03-14-07-49-18-563_com.instagram.android.jpg\" alt=\"\" class=\"wp-image-15173\" srcset=\"https:\/\/dedemesquita.com.br\/wp-content\/uploads\/2026\/03\/Screenshot_2026-03-14-07-49-18-563_com.instagram.android.jpg 800w, https:\/\/dedemesquita.com.br\/wp-content\/uploads\/2026\/03\/Screenshot_2026-03-14-07-49-18-563_com.instagram.android-768x537.jpg 768w\" sizes=\"(max-width: 800px) 100vw, 800px\" \/><figcaption class=\"wp-element-caption\">Dani Franco, Yanna Tally e uma amiga<\/figcaption><\/figure><\/div>\n\n\n<p><strong>Evento do ICCA &#8211;<\/strong> Come\u00e7aram em Bel\u00e9m as oficinas do Tor\u00f3 das Artes, encontros criativos e formativos nas \u00e1reas de fotografia, audiovisual e gastronomia, realiza\u00e7\u00e3o do Instituto Cultural Amaz\u00f4nia do Amanh\u00e3 &#8211; ICCA, por meio da Lei de Incentivo \u00e0 Cultura &#8211; Rouanet e patroc\u00ednio do BTG Pactual. <\/p>\n\n\n<div class=\"wp-block-image\">\n<figure class=\"aligncenter size-full\"><img loading=\"lazy\" decoding=\"async\" width=\"776\" height=\"800\" src=\"https:\/\/dedemesquita.com.br\/wp-content\/uploads\/2026\/03\/Screenshot_2026-03-12-01-22-38-624_com.instagram.android.jpg\" alt=\"\" class=\"wp-image-15174\" srcset=\"https:\/\/dedemesquita.com.br\/wp-content\/uploads\/2026\/03\/Screenshot_2026-03-12-01-22-38-624_com.instagram.android.jpg 776w, https:\/\/dedemesquita.com.br\/wp-content\/uploads\/2026\/03\/Screenshot_2026-03-12-01-22-38-624_com.instagram.android-768x792.jpg 768w\" sizes=\"(max-width: 776px) 100vw, 776px\" \/><figcaption class=\"wp-element-caption\">Hugo Tomkiwtz e J\u00fanior na oficina de fotografia e v\u00eddeo para celular<\/figcaption><\/figure><\/div>\n\n<div class=\"wp-block-image\">\n<figure class=\"aligncenter size-full\"><img loading=\"lazy\" decoding=\"async\" width=\"800\" height=\"605\" src=\"https:\/\/dedemesquita.com.br\/wp-content\/uploads\/2026\/03\/Screenshot_2026-03-11-21-58-49-167_com.instagram.android.jpg\" alt=\"\" class=\"wp-image-15175\" srcset=\"https:\/\/dedemesquita.com.br\/wp-content\/uploads\/2026\/03\/Screenshot_2026-03-11-21-58-49-167_com.instagram.android.jpg 800w, https:\/\/dedemesquita.com.br\/wp-content\/uploads\/2026\/03\/Screenshot_2026-03-11-21-58-49-167_com.instagram.android-768x581.jpg 768w\" sizes=\"(max-width: 800px) 100vw, 800px\" \/><figcaption class=\"wp-element-caption\">Equipe do ICCA <\/figcaption><\/figure><\/div>\n\n<div class=\"wp-block-image\">\n<figure class=\"aligncenter size-full\"><img loading=\"lazy\" decoding=\"async\" width=\"800\" height=\"599\" src=\"https:\/\/dedemesquita.com.br\/wp-content\/uploads\/2026\/03\/Screenshot_2026-03-11-21-58-49-167_com.instagram.android-1.jpg\" alt=\"\" class=\"wp-image-15176\" srcset=\"https:\/\/dedemesquita.com.br\/wp-content\/uploads\/2026\/03\/Screenshot_2026-03-11-21-58-49-167_com.instagram.android-1.jpg 800w, https:\/\/dedemesquita.com.br\/wp-content\/uploads\/2026\/03\/Screenshot_2026-03-11-21-58-49-167_com.instagram.android-1-768x575.jpg 768w\" sizes=\"(max-width: 800px) 100vw, 800px\" \/><figcaption class=\"wp-element-caption\">Equipe do ICCA e da Gaby Comunica\u00e7\u00e3o que faz a comunica\u00e7\u00e3o do Tor\u00f3 das Artes<\/figcaption><\/figure><\/div>\n\n<div class=\"wp-block-image\">\n<figure class=\"aligncenter size-full\"><img loading=\"lazy\" decoding=\"async\" width=\"750\" height=\"472\" src=\"https:\/\/dedemesquita.com.br\/wp-content\/uploads\/2026\/03\/CAPA2.jpg\" alt=\"\" class=\"wp-image-15177\"\/><figcaption class=\"wp-element-caption\">O ator de jornalista Claudio Marinho, Simone Batos, Marcia e Enize Vidigal no lan\u00e7amento dos filmes de Simone em Bel\u00e9m, alguns deles com atua\u00e7\u00e3o de Marinho <\/figcaption><\/figure><\/div>\n\n<div class=\"wp-block-image\">\n<figure class=\"aligncenter size-full\"><img loading=\"lazy\" decoding=\"async\" width=\"573\" height=\"750\" src=\"https:\/\/dedemesquita.com.br\/wp-content\/uploads\/2026\/03\/Screenshot_2026-03-15-13-07-22-008_com.instagram.android.jpg\" alt=\"\" class=\"wp-image-15178\"\/><figcaption class=\"wp-element-caption\">Enize e Claudio que foram colegas de turma de Jornalismo na UFPA<\/figcaption><\/figure><\/div>\n\n<div class=\"wp-block-image\">\n<figure class=\"aligncenter size-full\"><img loading=\"lazy\" decoding=\"async\" width=\"750\" height=\"525\" src=\"https:\/\/dedemesquita.com.br\/wp-content\/uploads\/2026\/03\/Screenshot_2026-03-13-15-06-11-441_com.instagram.android.jpg\" alt=\"\" class=\"wp-image-15179\"\/><figcaption class=\"wp-element-caption\">Cl\u00e1udio, Ismaelino Pinto e Simone<\/figcaption><\/figure><\/div>\n\n<div class=\"wp-block-image\">\n<figure class=\"aligncenter size-full\"><img loading=\"lazy\" decoding=\"async\" width=\"523\" height=\"800\" src=\"https:\/\/dedemesquita.com.br\/wp-content\/uploads\/2026\/03\/Screenshot_2026-03-16-19-15-21-162_com.instagram.android.jpg\" alt=\"\" class=\"wp-image-15180\"\/><figcaption class=\"wp-element-caption\">Equipe da TV Liberal em pauta em Paragominas<\/figcaption><\/figure><\/div>\n\n<div class=\"wp-block-image\">\n<figure class=\"aligncenter size-full\"><img loading=\"lazy\" decoding=\"async\" width=\"509\" height=\"800\" src=\"https:\/\/dedemesquita.com.br\/wp-content\/uploads\/2026\/03\/Screenshot_2026-03-15-11-29-48-829_com.instagram.android.jpg\" alt=\"\" class=\"wp-image-15181\"\/><figcaption class=\"wp-element-caption\">Carmem Oliveira, da comunica\u00e7\u00e3o da mineradora Vale, na Corrida das Esta\u00e7\u00f5es em Belo Horizonte<\/figcaption><\/figure><\/div>\n\n<div class=\"wp-block-image\">\n<figure class=\"aligncenter size-full\"><img loading=\"lazy\" decoding=\"async\" width=\"800\" height=\"633\" src=\"https:\/\/dedemesquita.com.br\/wp-content\/uploads\/2026\/03\/Screenshot_2026-03-16-17-43-25-279_com.instagram.android.jpg\" alt=\"\" class=\"wp-image-15182\" srcset=\"https:\/\/dedemesquita.com.br\/wp-content\/uploads\/2026\/03\/Screenshot_2026-03-16-17-43-25-279_com.instagram.android.jpg 800w, https:\/\/dedemesquita.com.br\/wp-content\/uploads\/2026\/03\/Screenshot_2026-03-16-17-43-25-279_com.instagram.android-768x608.jpg 768w\" sizes=\"(max-width: 800px) 100vw, 800px\" \/><figcaption class=\"wp-element-caption\">Equipe de debatedores sobre o Oscar 2026, no domingo, 156, na Reda\u00e7\u00e3o Integrada O Liberal e YouTube<\/figcaption><\/figure><\/div>\n\n<div class=\"wp-block-image\">\n<figure class=\"aligncenter size-full\"><img loading=\"lazy\" decoding=\"async\" width=\"800\" height=\"767\" src=\"https:\/\/dedemesquita.com.br\/wp-content\/uploads\/2026\/03\/Screenshot_2026-03-16-17-43-03-103_com.instagram.android.jpg\" alt=\"\" class=\"wp-image-15193\" srcset=\"https:\/\/dedemesquita.com.br\/wp-content\/uploads\/2026\/03\/Screenshot_2026-03-16-17-43-03-103_com.instagram.android.jpg 800w, https:\/\/dedemesquita.com.br\/wp-content\/uploads\/2026\/03\/Screenshot_2026-03-16-17-43-03-103_com.instagram.android-768x736.jpg 768w\" sizes=\"(max-width: 800px) 100vw, 800px\" \/><figcaption class=\"wp-element-caption\">A turma que comanda a transmiss\u00e3o da festa do Oscar pela Reda\u00e7\u00e3o Integrada O Liberal <\/figcaption><\/figure><\/div>\n\n<div class=\"wp-block-image\">\n<figure class=\"aligncenter size-full\"><img loading=\"lazy\" decoding=\"async\" width=\"623\" height=\"800\" src=\"https:\/\/dedemesquita.com.br\/wp-content\/uploads\/2026\/03\/Screenshot_2026-03-13-17-29-12-113_com.instagram.android.jpg\" alt=\"\" class=\"wp-image-15183\"\/><figcaption class=\"wp-element-caption\">Nas reportagens do dia a dia, com Wagner Santana<\/figcaption><\/figure><\/div>\n\n<div class=\"wp-block-image\">\n<figure class=\"aligncenter size-full\"><img loading=\"lazy\" decoding=\"async\" width=\"800\" height=\"632\" src=\"https:\/\/dedemesquita.com.br\/wp-content\/uploads\/2026\/03\/Screenshot_2026-03-12-21-05-16-906_com.instagram.android.jpg\" alt=\"\" class=\"wp-image-15185\" srcset=\"https:\/\/dedemesquita.com.br\/wp-content\/uploads\/2026\/03\/Screenshot_2026-03-12-21-05-16-906_com.instagram.android.jpg 800w, https:\/\/dedemesquita.com.br\/wp-content\/uploads\/2026\/03\/Screenshot_2026-03-12-21-05-16-906_com.instagram.android-768x607.jpg 768w\" sizes=\"(max-width: 800px) 100vw, 800px\" \/><figcaption class=\"wp-element-caption\">Entrevista no Sem Censura sobre os 40 anos da Funda\u00e7\u00e3o Cultural do Par\u00e1 <\/figcaption><\/figure><\/div>\n\n<div class=\"wp-block-image\">\n<figure class=\"aligncenter size-full\"><img loading=\"lazy\" decoding=\"async\" width=\"717\" height=\"800\" src=\"https:\/\/dedemesquita.com.br\/wp-content\/uploads\/2026\/03\/Screenshot_2026-03-12-05-56-28-472_com.instagram.android.jpg\" alt=\"\" class=\"wp-image-15186\"\/><figcaption class=\"wp-element-caption\">O m\u00e9dico paraense Arthur Freitas Forte, filho do fotojornalista Oswaldo Fortes, \u00e0 esquerda, concedeu entrevista \u00e0 Ize Sena, na r\u00e1dio CNN Bel\u00e9m, sobre o uso da polilaminina, da qual, Arthur \u00e9 um dos pesquisadores pela UFRJ <\/figcaption><\/figure><\/div>\n\n<div class=\"wp-block-image\">\n<figure class=\"aligncenter size-full\"><img loading=\"lazy\" decoding=\"async\" width=\"551\" height=\"750\" src=\"https:\/\/dedemesquita.com.br\/wp-content\/uploads\/2026\/03\/Screenshot_2026-03-13-15-06-36-605_com.instagram.android.jpg\" alt=\"\" class=\"wp-image-15184\"\/><figcaption class=\"wp-element-caption\">Ismaelino Pinto e a cantora Iza Felipe, em show em Bel\u00e9m, no Espa\u00e7o Tuy, na quinta-feira, 12<\/figcaption><\/figure><\/div>\n\n<div class=\"wp-block-image\">\n<figure class=\"aligncenter size-full\"><img loading=\"lazy\" decoding=\"async\" width=\"800\" height=\"520\" src=\"https:\/\/dedemesquita.com.br\/wp-content\/uploads\/2026\/03\/Screenshot_2026-03-11-23-41-23-628_com.instagram.android.jpg\" alt=\"\" class=\"wp-image-15187\" srcset=\"https:\/\/dedemesquita.com.br\/wp-content\/uploads\/2026\/03\/Screenshot_2026-03-11-23-41-23-628_com.instagram.android.jpg 800w, https:\/\/dedemesquita.com.br\/wp-content\/uploads\/2026\/03\/Screenshot_2026-03-11-23-41-23-628_com.instagram.android-768x499.jpg 768w\" sizes=\"(max-width: 800px) 100vw, 800px\" \/><figcaption class=\"wp-element-caption\">Inaugura\u00e7\u00e3o do loja da Phebo em Bel\u00e9m, no Boulevard Shopping<\/figcaption><\/figure><\/div>\n\n<div class=\"wp-block-image\">\n<figure class=\"aligncenter size-full\"><img loading=\"lazy\" decoding=\"async\" width=\"750\" height=\"515\" src=\"https:\/\/dedemesquita.com.br\/wp-content\/uploads\/2026\/03\/Screenshot_2026-03-11-06-51-25-742_com.instagram.android.jpg\" alt=\"\" class=\"wp-image-15188\"\/><figcaption class=\"wp-element-caption\">Bianca Teixeira, do SBT Par\u00e1, come\u00e7ou as entrevistas sobre a elei\u00e7\u00e3o geral de 2026<\/figcaption><\/figure><\/div>\n\n<div class=\"wp-block-image\">\n<figure class=\"aligncenter size-full\"><img loading=\"lazy\" decoding=\"async\" width=\"672\" height=\"750\" src=\"https:\/\/dedemesquita.com.br\/wp-content\/uploads\/2026\/03\/Screenshot_2026-03-09-22-48-58-017_com.instagram.android.jpg\" alt=\"\" class=\"wp-image-15189\"\/><figcaption class=\"wp-element-caption\">Ang\u00e9lica Freitas entrevistou Petterson Farias no SBT Marab\u00e1<\/figcaption><\/figure><\/div>\n\n\n<p><\/p>\n\n\n\n<h2 class=\"wp-block-heading has-text-align-center\">NOTA DA REDA\u00c7\u00c3O<\/h2>\n\n\n\n<p><strong><em>Este espa\u00e7o continua sempre aberto para manifesta\u00e7\u00e3o de quem quiser informar sua posi\u00e7\u00e3o sobre os assuntos relatados nesta postagem. Acha que precisa de um Direito de Resposta? \u00c9 s\u00f3 mandar.<\/em><\/strong><\/p>\n","protected":false},"excerpt":{"rendered":"<p>Bel\u00e9m, 17 de mar\u00e7o de 2026 &#8211; Daqueles dias chuvosos que s\u00f3 Bel\u00e9m tem. Mas temos muitas not\u00edcias por aqui. Mudan\u00e7as nas reda\u00e7\u00f5es Sampaio &#8211; Johann Sampaio come\u00e7ou&nbsp;no cargo de&nbsp;editor na&nbsp;TV&nbsp;Record Bel\u00e9m, mas ele avisa que&nbsp;esse&nbsp;\u00e9 um&nbsp;importante passo para chegar no cargo de editor-chefe,&nbsp;o&nbsp;que&nbsp;ele&nbsp;almeja.&nbsp;&nbsp; M\u00f4nica Maia &#8211;&nbsp;M\u00f4nica Maia deixou a&nbsp;da&nbsp;Temple&nbsp;Comunica\u00e7\u00e3o&nbsp;para ingressar na FSB Holding,&nbsp;e ir\u00e1&nbsp;coordenar&nbsp;a [&hellip;]<\/p>\n","protected":false},"author":2,"featured_media":15165,"comment_status":"open","ping_status":"open","sticky":false,"template":"","format":"standard","meta":{"footnotes":""},"categories":[51,14,29],"tags":[1071,439,985,1102,455,119,120,1219,145,138,1217,1218,137,1131],"class_list":["post-15147","post","type-post","status-publish","format-standard","has-post-thumbnail","hentry","category-destaque","category-imprensa","category-jornalismo","tag-aguas-do-para","tag-fiepa","tag-fsb","tag-fsb-holding","tag-jambo-comunicacao","tag-jornalismo","tag-jornalistas-paraenses-em-acao","tag-portal-do-jeso-carneiro","tag-rbatv","tag-record-belem","tag-sicredi","tag-tv-jc","tag-tv-liberal","tag-tv-norte-sbt-para"],"yoast_head":"<!-- This site is optimized with the Yoast SEO plugin v19.10 - https:\/\/yoast.com\/wordpress\/plugins\/seo\/ -->\n<title>TV Norte SBT Par\u00e1 tem nova programa\u00e7\u00e3o, Bienal das Amaz\u00f4nias de volta em Bel\u00e9m e FPF trata documentos pessoais de jornalistas como se fosse lixo - Ded\u00e9 Mesquita<\/title>\n<meta name=\"robots\" content=\"index, follow, max-snippet:-1, max-image-preview:large, max-video-preview:-1\" \/>\n<link rel=\"canonical\" href=\"https:\/\/dedemesquita.com.br\/?p=15147\" \/>\n<meta property=\"og:locale\" content=\"pt_BR\" \/>\n<meta property=\"og:type\" content=\"article\" \/>\n<meta property=\"og:title\" content=\"TV Norte SBT Par\u00e1 tem nova programa\u00e7\u00e3o, Bienal das Amaz\u00f4nias de volta em Bel\u00e9m e FPF trata documentos pessoais de jornalistas como se fosse lixo - Ded\u00e9 Mesquita\" \/>\n<meta property=\"og:description\" content=\"Bel\u00e9m, 17 de mar\u00e7o de 2026 &#8211; Daqueles dias chuvosos que s\u00f3 Bel\u00e9m tem. Mas temos muitas not\u00edcias por aqui. Mudan\u00e7as nas reda\u00e7\u00f5es Sampaio &#8211; Johann Sampaio come\u00e7ou&nbsp;no cargo de&nbsp;editor na&nbsp;TV&nbsp;Record Bel\u00e9m, mas ele avisa que&nbsp;esse&nbsp;\u00e9 um&nbsp;importante passo para chegar no cargo de editor-chefe,&nbsp;o&nbsp;que&nbsp;ele&nbsp;almeja.&nbsp;&nbsp; M\u00f4nica Maia &#8211;&nbsp;M\u00f4nica Maia deixou a&nbsp;da&nbsp;Temple&nbsp;Comunica\u00e7\u00e3o&nbsp;para ingressar na FSB Holding,&nbsp;e ir\u00e1&nbsp;coordenar&nbsp;a [&hellip;]\" \/>\n<meta property=\"og:url\" content=\"https:\/\/dedemesquita.com.br\/?p=15147\" \/>\n<meta property=\"og:site_name\" content=\"Ded\u00e9 Mesquita\" \/>\n<meta property=\"article:publisher\" content=\"https:\/\/www.facebook.com\/dede.mesquita\" \/>\n<meta property=\"article:published_time\" content=\"2026-03-17T15:48:02+00:00\" \/>\n<meta property=\"article:modified_time\" content=\"2026-03-17T16:18:09+00:00\" \/>\n<meta property=\"og:image\" content=\"https:\/\/dedemesquita.com.br\/wp-content\/uploads\/2026\/03\/CAPA.jpg\" \/>\n\t<meta property=\"og:image:width\" content=\"950\" \/>\n\t<meta property=\"og:image:height\" content=\"671\" \/>\n\t<meta property=\"og:image:type\" content=\"image\/jpeg\" \/>\n<meta name=\"author\" content=\"Ded\u00e9 Mesquita\" \/>\n<meta name=\"twitter:card\" content=\"summary_large_image\" \/>\n<meta name=\"twitter:creator\" content=\"@dedemesquita\" \/>\n<meta name=\"twitter:site\" content=\"@dedemesquita\" \/>\n<meta name=\"twitter:label1\" content=\"Escrito por\" \/>\n\t<meta name=\"twitter:data1\" content=\"Ded\u00e9 Mesquita\" \/>\n\t<meta name=\"twitter:label2\" content=\"Est. tempo de leitura\" \/>\n\t<meta name=\"twitter:data2\" content=\"17 minutos\" \/>\n<script type=\"application\/ld+json\" class=\"yoast-schema-graph\">{\"@context\":\"https:\/\/schema.org\",\"@graph\":[{\"@type\":\"WebPage\",\"@id\":\"https:\/\/dedemesquita.com.br\/?p=15147\",\"url\":\"https:\/\/dedemesquita.com.br\/?p=15147\",\"name\":\"TV Norte SBT Par\u00e1 tem nova programa\u00e7\u00e3o, Bienal das Amaz\u00f4nias de volta em Bel\u00e9m e FPF trata documentos pessoais de jornalistas como se fosse lixo - Ded\u00e9 Mesquita\",\"isPartOf\":{\"@id\":\"https:\/\/dedemesquita.com.br\/#website\"},\"datePublished\":\"2026-03-17T15:48:02+00:00\",\"dateModified\":\"2026-03-17T16:18:09+00:00\",\"author\":{\"@id\":\"https:\/\/dedemesquita.com.br\/#\/schema\/person\/36571f81dd2d76dc3ab37231542c9e24\"},\"breadcrumb\":{\"@id\":\"https:\/\/dedemesquita.com.br\/?p=15147#breadcrumb\"},\"inLanguage\":\"pt-BR\",\"potentialAction\":[{\"@type\":\"ReadAction\",\"target\":[\"https:\/\/dedemesquita.com.br\/?p=15147\"]}]},{\"@type\":\"BreadcrumbList\",\"@id\":\"https:\/\/dedemesquita.com.br\/?p=15147#breadcrumb\",\"itemListElement\":[{\"@type\":\"ListItem\",\"position\":1,\"name\":\"In\u00edcio\",\"item\":\"https:\/\/dedemesquita.com.br\/\"},{\"@type\":\"ListItem\",\"position\":2,\"name\":\"TV Norte SBT Par\u00e1 tem nova programa\u00e7\u00e3o, Bienal das Amaz\u00f4nias de volta em Bel\u00e9m e FPF trata documentos pessoais de jornalistas como se fosse lixo\"}]},{\"@type\":\"WebSite\",\"@id\":\"https:\/\/dedemesquita.com.br\/#website\",\"url\":\"https:\/\/dedemesquita.com.br\/\",\"name\":\"Ded\u00e9 Mesquita\",\"description\":\"Um site que mostra os bastidores da imprensa no estado do Par\u00e1 e em Bel\u00e9m\",\"potentialAction\":[{\"@type\":\"SearchAction\",\"target\":{\"@type\":\"EntryPoint\",\"urlTemplate\":\"https:\/\/dedemesquita.com.br\/?s={search_term_string}\"},\"query-input\":\"required name=search_term_string\"}],\"inLanguage\":\"pt-BR\"},{\"@type\":\"Person\",\"@id\":\"https:\/\/dedemesquita.com.br\/#\/schema\/person\/36571f81dd2d76dc3ab37231542c9e24\",\"name\":\"Ded\u00e9 Mesquita\",\"image\":{\"@type\":\"ImageObject\",\"inLanguage\":\"pt-BR\",\"@id\":\"https:\/\/dedemesquita.com.br\/#\/schema\/person\/image\/\",\"url\":\"https:\/\/dedemesquita.com.br\/wp-content\/uploads\/2021\/02\/foto_perfil-150x150.jpg\",\"contentUrl\":\"https:\/\/dedemesquita.com.br\/wp-content\/uploads\/2021\/02\/foto_perfil-150x150.jpg\",\"caption\":\"Ded\u00e9 Mesquita\"},\"sameAs\":[\"https:\/\/dedemesquita.com.br\"]}]}<\/script>\n<!-- \/ Yoast SEO plugin. -->","yoast_head_json":{"title":"TV Norte SBT Par\u00e1 tem nova programa\u00e7\u00e3o, Bienal das Amaz\u00f4nias de volta em Bel\u00e9m e FPF trata documentos pessoais de jornalistas como se fosse lixo - Ded\u00e9 Mesquita","robots":{"index":"index","follow":"follow","max-snippet":"max-snippet:-1","max-image-preview":"max-image-preview:large","max-video-preview":"max-video-preview:-1"},"canonical":"https:\/\/dedemesquita.com.br\/?p=15147","og_locale":"pt_BR","og_type":"article","og_title":"TV Norte SBT Par\u00e1 tem nova programa\u00e7\u00e3o, Bienal das Amaz\u00f4nias de volta em Bel\u00e9m e FPF trata documentos pessoais de jornalistas como se fosse lixo - Ded\u00e9 Mesquita","og_description":"Bel\u00e9m, 17 de mar\u00e7o de 2026 &#8211; Daqueles dias chuvosos que s\u00f3 Bel\u00e9m tem. Mas temos muitas not\u00edcias por aqui. Mudan\u00e7as nas reda\u00e7\u00f5es Sampaio &#8211; Johann Sampaio come\u00e7ou&nbsp;no cargo de&nbsp;editor na&nbsp;TV&nbsp;Record Bel\u00e9m, mas ele avisa que&nbsp;esse&nbsp;\u00e9 um&nbsp;importante passo para chegar no cargo de editor-chefe,&nbsp;o&nbsp;que&nbsp;ele&nbsp;almeja.&nbsp;&nbsp; M\u00f4nica Maia &#8211;&nbsp;M\u00f4nica Maia deixou a&nbsp;da&nbsp;Temple&nbsp;Comunica\u00e7\u00e3o&nbsp;para ingressar na FSB Holding,&nbsp;e ir\u00e1&nbsp;coordenar&nbsp;a [&hellip;]","og_url":"https:\/\/dedemesquita.com.br\/?p=15147","og_site_name":"Ded\u00e9 Mesquita","article_publisher":"https:\/\/www.facebook.com\/dede.mesquita","article_published_time":"2026-03-17T15:48:02+00:00","article_modified_time":"2026-03-17T16:18:09+00:00","og_image":[{"width":950,"height":671,"url":"https:\/\/dedemesquita.com.br\/wp-content\/uploads\/2026\/03\/CAPA.jpg","type":"image\/jpeg"}],"author":"Ded\u00e9 Mesquita","twitter_card":"summary_large_image","twitter_creator":"@dedemesquita","twitter_site":"@dedemesquita","twitter_misc":{"Escrito por":"Ded\u00e9 Mesquita","Est. tempo de leitura":"17 minutos"},"schema":{"@context":"https:\/\/schema.org","@graph":[{"@type":"WebPage","@id":"https:\/\/dedemesquita.com.br\/?p=15147","url":"https:\/\/dedemesquita.com.br\/?p=15147","name":"TV Norte SBT Par\u00e1 tem nova programa\u00e7\u00e3o, Bienal das Amaz\u00f4nias de volta em Bel\u00e9m e FPF trata documentos pessoais de jornalistas como se fosse lixo - Ded\u00e9 Mesquita","isPartOf":{"@id":"https:\/\/dedemesquita.com.br\/#website"},"datePublished":"2026-03-17T15:48:02+00:00","dateModified":"2026-03-17T16:18:09+00:00","author":{"@id":"https:\/\/dedemesquita.com.br\/#\/schema\/person\/36571f81dd2d76dc3ab37231542c9e24"},"breadcrumb":{"@id":"https:\/\/dedemesquita.com.br\/?p=15147#breadcrumb"},"inLanguage":"pt-BR","potentialAction":[{"@type":"ReadAction","target":["https:\/\/dedemesquita.com.br\/?p=15147"]}]},{"@type":"BreadcrumbList","@id":"https:\/\/dedemesquita.com.br\/?p=15147#breadcrumb","itemListElement":[{"@type":"ListItem","position":1,"name":"In\u00edcio","item":"https:\/\/dedemesquita.com.br\/"},{"@type":"ListItem","position":2,"name":"TV Norte SBT Par\u00e1 tem nova programa\u00e7\u00e3o, Bienal das Amaz\u00f4nias de volta em Bel\u00e9m e FPF trata documentos pessoais de jornalistas como se fosse lixo"}]},{"@type":"WebSite","@id":"https:\/\/dedemesquita.com.br\/#website","url":"https:\/\/dedemesquita.com.br\/","name":"Ded\u00e9 Mesquita","description":"Um site que mostra os bastidores da imprensa no estado do Par\u00e1 e em Bel\u00e9m","potentialAction":[{"@type":"SearchAction","target":{"@type":"EntryPoint","urlTemplate":"https:\/\/dedemesquita.com.br\/?s={search_term_string}"},"query-input":"required name=search_term_string"}],"inLanguage":"pt-BR"},{"@type":"Person","@id":"https:\/\/dedemesquita.com.br\/#\/schema\/person\/36571f81dd2d76dc3ab37231542c9e24","name":"Ded\u00e9 Mesquita","image":{"@type":"ImageObject","inLanguage":"pt-BR","@id":"https:\/\/dedemesquita.com.br\/#\/schema\/person\/image\/","url":"https:\/\/dedemesquita.com.br\/wp-content\/uploads\/2021\/02\/foto_perfil-150x150.jpg","contentUrl":"https:\/\/dedemesquita.com.br\/wp-content\/uploads\/2021\/02\/foto_perfil-150x150.jpg","caption":"Ded\u00e9 Mesquita"},"sameAs":["https:\/\/dedemesquita.com.br"]}]}},"_links":{"self":[{"href":"https:\/\/dedemesquita.com.br\/index.php?rest_route=\/wp\/v2\/posts\/15147"}],"collection":[{"href":"https:\/\/dedemesquita.com.br\/index.php?rest_route=\/wp\/v2\/posts"}],"about":[{"href":"https:\/\/dedemesquita.com.br\/index.php?rest_route=\/wp\/v2\/types\/post"}],"author":[{"embeddable":true,"href":"https:\/\/dedemesquita.com.br\/index.php?rest_route=\/wp\/v2\/users\/2"}],"replies":[{"embeddable":true,"href":"https:\/\/dedemesquita.com.br\/index.php?rest_route=%2Fwp%2Fv2%2Fcomments&post=15147"}],"version-history":[{"count":10,"href":"https:\/\/dedemesquita.com.br\/index.php?rest_route=\/wp\/v2\/posts\/15147\/revisions"}],"predecessor-version":[{"id":15199,"href":"https:\/\/dedemesquita.com.br\/index.php?rest_route=\/wp\/v2\/posts\/15147\/revisions\/15199"}],"wp:featuredmedia":[{"embeddable":true,"href":"https:\/\/dedemesquita.com.br\/index.php?rest_route=\/wp\/v2\/media\/15165"}],"wp:attachment":[{"href":"https:\/\/dedemesquita.com.br\/index.php?rest_route=%2Fwp%2Fv2%2Fmedia&parent=15147"}],"wp:term":[{"taxonomy":"category","embeddable":true,"href":"https:\/\/dedemesquita.com.br\/index.php?rest_route=%2Fwp%2Fv2%2Fcategories&post=15147"},{"taxonomy":"post_tag","embeddable":true,"href":"https:\/\/dedemesquita.com.br\/index.php?rest_route=%2Fwp%2Fv2%2Ftags&post=15147"}],"curies":[{"name":"wp","href":"https:\/\/api.w.org\/{rel}","templated":true}]}}