{"id":15133,"date":"2026-03-13T09:49:24","date_gmt":"2026-03-13T12:49:24","guid":{"rendered":"https:\/\/dedemesquita.com.br\/?p=15133"},"modified":"2026-03-13T09:49:53","modified_gmt":"2026-03-13T12:49:53","slug":"jornalista-marcio-sousa-cruz-recebe-homenagens-de-amigos-nesta-sexta-feira-13","status":"publish","type":"post","link":"https:\/\/dedemesquita.com.br\/?p=15133","title":{"rendered":"Jornalista M\u00e1rcio Sousa Cruz recebe homenagens de amigos e familiares nesta sexta-feira, 13"},"content":{"rendered":"\n<p><strong>Bel\u00e9m, 13 de mar\u00e7o de 2026 &#8211; <\/strong>Se tem uma coisa que o site n\u00e3o faz a menor quest\u00e3o de divulgar \u00e9 sobre <strong>a partida de nossos colegas de imprensa<\/strong>. Infelizmente, o ciclo da vida traz tamb\u00e9m a ida de alguns, uns mais cedo, outros mais tarde.<\/p>\n\n\n\n<p>Nas duas \u00faltimas semanas, <strong>perdemos dois jornalistas<\/strong>: <strong>L\u00edvia Amaral,<\/strong> no s\u00e1bado, 28 de fevereiro, em Paris, onde ela morava, e <strong>M\u00e1rcio Sousa Cruz<\/strong>, no s\u00e1bado, dia 7, \u00e0 noite, em Bel\u00e9m.<\/p>\n\n\n\n<p>P<strong>ara M\u00e1rcio &#8211;<\/strong> M\u00e1rcio tinha acabado de fazer 52 anos. A morte dele deixou uma consterna\u00e7\u00e3o profunda em todos os colegas. Nesta sexta-feira, 13, ser\u00e1 feita uma homenagem a ele no evento <strong>&#8220;Memorial de M\u00e1rcio Val\u00e9rio Sousa Cruz&#8221;<\/strong>, a partir das 19h39, no bar Igreja do Rock, que ele era quase s\u00f3cio-propriet\u00e1rio. O bar fica na esquina da avenida Tamandar\u00e9 com rua 16 de Novembro, no bairro da Cidade Velha. <\/p>\n\n\n\n<p>Antes, na igreja de <strong>Nossa Senhora da Trindade<\/strong>, no bairro da Campina, \u00e0s 18h30, ser\u00e1 celebrada a <strong>Missa de S\u00e9timo Dia<\/strong>. Ap\u00f3s a missa, ser\u00e1 realizado o memorial \u00e0s 19h30, na Igreja do Rock. A fam\u00edlia dele conta com a presen\u00e7a e as ora\u00e7\u00f5es de todos que amaram e fizeram parte da vida do M\u00e1rcio.<\/p>\n\n\n\n<p><strong>No convite est\u00e1: <\/strong>&#8220;M\u00e1rcio seguiu viagem, provavelmente j\u00e1 encontrando velhos amigos, puxando conversa e rindo alto em algum canto do universo. N\u00f3s, que ficamos por aqui, vamos fazer o que ele certamente aprovaria: nos reunir, lembrar hist\u00f3rias, trocar abra\u00e7os, rir um pouco &#8211; porque ele merece &#8211; e brindar \u00e0 vida que ele viveu, intensa, cheia de encontros e amizades. Que seja um encontro de saudade, mem\u00f3ria e afeto, do jeito que as boas amizades pedem&#8221;.<\/p>\n\n\n\n<p><strong>\u201cErgamos um brinde aos amigos ausentes, amores perdidos, velhos deuses e \u00e0 Esta\u00e7\u00e3o das Brumas, e que cada um de n\u00f3s sempre conceda ao diabo o que lhe \u00e9 merecido\u201d.<\/strong><\/p>\n\n\n<div class=\"wp-block-image\">\n<figure class=\"aligncenter size-full\"><img loading=\"lazy\" decoding=\"async\" width=\"650\" height=\"650\" src=\"https:\/\/dedemesquita.com.br\/wp-content\/uploads\/2026\/03\/WhatsApp-Image-2026-03-12-at-13.36.42-1.jpeg\" alt=\"\" class=\"wp-image-15141\" srcset=\"https:\/\/dedemesquita.com.br\/wp-content\/uploads\/2026\/03\/WhatsApp-Image-2026-03-12-at-13.36.42-1.jpeg 650w, https:\/\/dedemesquita.com.br\/wp-content\/uploads\/2026\/03\/WhatsApp-Image-2026-03-12-at-13.36.42-1-150x150.jpeg 150w\" sizes=\"(max-width: 650px) 100vw, 650px\" \/><figcaption class=\"wp-element-caption\">Convite para a homenagem a M\u00e1rcio, nesta sexta-feira, 13, a partir das 19h30<\/figcaption><\/figure><\/div>\n\n\n<p><strong>Pesar &#8211; <\/strong>O <strong>Sindicato dos Jornalistas do Par\u00e1 &#8211; Sinjor-PA<\/strong> publicou <strong>Notas de Pesar<\/strong> pela partida dos dois colegas. <\/p>\n\n\n<div class=\"wp-block-image\">\n<figure class=\"aligncenter size-full\"><img loading=\"lazy\" decoding=\"async\" width=\"538\" height=\"650\" src=\"https:\/\/dedemesquita.com.br\/wp-content\/uploads\/2026\/03\/Marcio-Sousa_morte-1.jpeg\" alt=\"\" class=\"wp-image-15137\"\/><figcaption class=\"wp-element-caption\">Adeus a M\u00e1rcio<\/figcaption><\/figure><\/div>\n\n<div class=\"wp-block-image\">\n<figure class=\"aligncenter size-full\"><img loading=\"lazy\" decoding=\"async\" width=\"541\" height=\"650\" src=\"https:\/\/dedemesquita.com.br\/wp-content\/uploads\/2026\/03\/WhatsApp-Image-2026-03-13-at-09.31.00.jpeg\" alt=\"\" class=\"wp-image-15138\"\/><figcaption class=\"wp-element-caption\">L\u00edvia Amaral <\/figcaption><\/figure><\/div>\n\n\n<p><\/p>\n","protected":false},"excerpt":{"rendered":"<p>Bel\u00e9m, 13 de mar\u00e7o de 2026 &#8211; Se tem uma coisa que o site n\u00e3o faz a menor quest\u00e3o de divulgar \u00e9 sobre a partida de nossos colegas de imprensa. Infelizmente, o ciclo da vida traz tamb\u00e9m a ida de alguns, uns mais cedo, outros mais tarde. Nas duas \u00faltimas semanas, perdemos dois jornalistas: L\u00edvia [&hellip;]<\/p>\n","protected":false},"author":2,"featured_media":15144,"comment_status":"open","ping_status":"open","sticky":false,"template":"","format":"standard","meta":{"footnotes":""},"categories":[51,14,29],"tags":[119,120],"class_list":["post-15133","post","type-post","status-publish","format-standard","has-post-thumbnail","hentry","category-destaque","category-imprensa","category-jornalismo","tag-jornalismo","tag-jornalistas-paraenses-em-acao"],"yoast_head":"<!-- This site is optimized with the Yoast SEO plugin v19.10 - https:\/\/yoast.com\/wordpress\/plugins\/seo\/ -->\n<title>Jornalista M\u00e1rcio Sousa Cruz recebe homenagens de amigos e familiares nesta sexta-feira, 13 - Ded\u00e9 Mesquita<\/title>\n<meta name=\"robots\" content=\"index, follow, max-snippet:-1, max-image-preview:large, max-video-preview:-1\" \/>\n<link rel=\"canonical\" href=\"https:\/\/dedemesquita.com.br\/?p=15133\" \/>\n<meta property=\"og:locale\" content=\"pt_BR\" \/>\n<meta property=\"og:type\" content=\"article\" \/>\n<meta property=\"og:title\" content=\"Jornalista M\u00e1rcio Sousa Cruz recebe homenagens de amigos e familiares nesta sexta-feira, 13 - Ded\u00e9 Mesquita\" \/>\n<meta property=\"og:description\" content=\"Bel\u00e9m, 13 de mar\u00e7o de 2026 &#8211; Se tem uma coisa que o site n\u00e3o faz a menor quest\u00e3o de divulgar \u00e9 sobre a partida de nossos colegas de imprensa. Infelizmente, o ciclo da vida traz tamb\u00e9m a ida de alguns, uns mais cedo, outros mais tarde. Nas duas \u00faltimas semanas, perdemos dois jornalistas: L\u00edvia [&hellip;]\" \/>\n<meta property=\"og:url\" content=\"https:\/\/dedemesquita.com.br\/?p=15133\" \/>\n<meta property=\"og:site_name\" content=\"Ded\u00e9 Mesquita\" \/>\n<meta property=\"article:publisher\" content=\"https:\/\/www.facebook.com\/dede.mesquita\" \/>\n<meta property=\"article:published_time\" content=\"2026-03-13T12:49:24+00:00\" \/>\n<meta property=\"article:modified_time\" content=\"2026-03-13T12:49:53+00:00\" \/>\n<meta property=\"og:image\" content=\"https:\/\/dedemesquita.com.br\/wp-content\/uploads\/2026\/03\/marc1.png\" \/>\n\t<meta property=\"og:image:width\" content=\"950\" \/>\n\t<meta property=\"og:image:height\" content=\"512\" \/>\n\t<meta property=\"og:image:type\" content=\"image\/png\" \/>\n<meta name=\"author\" content=\"Ded\u00e9 Mesquita\" \/>\n<meta name=\"twitter:card\" content=\"summary_large_image\" \/>\n<meta name=\"twitter:creator\" content=\"@dedemesquita\" \/>\n<meta name=\"twitter:site\" content=\"@dedemesquita\" \/>\n<meta name=\"twitter:label1\" content=\"Escrito por\" \/>\n\t<meta name=\"twitter:data1\" content=\"Ded\u00e9 Mesquita\" \/>\n\t<meta name=\"twitter:label2\" content=\"Est. tempo de leitura\" \/>\n\t<meta name=\"twitter:data2\" content=\"3 minutos\" \/>\n<script type=\"application\/ld+json\" class=\"yoast-schema-graph\">{\"@context\":\"https:\/\/schema.org\",\"@graph\":[{\"@type\":\"WebPage\",\"@id\":\"https:\/\/dedemesquita.com.br\/?p=15133\",\"url\":\"https:\/\/dedemesquita.com.br\/?p=15133\",\"name\":\"Jornalista M\u00e1rcio Sousa Cruz recebe homenagens de amigos e familiares nesta sexta-feira, 13 - Ded\u00e9 Mesquita\",\"isPartOf\":{\"@id\":\"https:\/\/dedemesquita.com.br\/#website\"},\"datePublished\":\"2026-03-13T12:49:24+00:00\",\"dateModified\":\"2026-03-13T12:49:53+00:00\",\"author\":{\"@id\":\"https:\/\/dedemesquita.com.br\/#\/schema\/person\/36571f81dd2d76dc3ab37231542c9e24\"},\"breadcrumb\":{\"@id\":\"https:\/\/dedemesquita.com.br\/?p=15133#breadcrumb\"},\"inLanguage\":\"pt-BR\",\"potentialAction\":[{\"@type\":\"ReadAction\",\"target\":[\"https:\/\/dedemesquita.com.br\/?p=15133\"]}]},{\"@type\":\"BreadcrumbList\",\"@id\":\"https:\/\/dedemesquita.com.br\/?p=15133#breadcrumb\",\"itemListElement\":[{\"@type\":\"ListItem\",\"position\":1,\"name\":\"In\u00edcio\",\"item\":\"https:\/\/dedemesquita.com.br\/\"},{\"@type\":\"ListItem\",\"position\":2,\"name\":\"Jornalista M\u00e1rcio Sousa Cruz recebe homenagens de amigos e familiares nesta sexta-feira, 13\"}]},{\"@type\":\"WebSite\",\"@id\":\"https:\/\/dedemesquita.com.br\/#website\",\"url\":\"https:\/\/dedemesquita.com.br\/\",\"name\":\"Ded\u00e9 Mesquita\",\"description\":\"Um site que mostra os bastidores da imprensa no estado do Par\u00e1 e em Bel\u00e9m\",\"potentialAction\":[{\"@type\":\"SearchAction\",\"target\":{\"@type\":\"EntryPoint\",\"urlTemplate\":\"https:\/\/dedemesquita.com.br\/?s={search_term_string}\"},\"query-input\":\"required name=search_term_string\"}],\"inLanguage\":\"pt-BR\"},{\"@type\":\"Person\",\"@id\":\"https:\/\/dedemesquita.com.br\/#\/schema\/person\/36571f81dd2d76dc3ab37231542c9e24\",\"name\":\"Ded\u00e9 Mesquita\",\"image\":{\"@type\":\"ImageObject\",\"inLanguage\":\"pt-BR\",\"@id\":\"https:\/\/dedemesquita.com.br\/#\/schema\/person\/image\/\",\"url\":\"https:\/\/dedemesquita.com.br\/wp-content\/uploads\/2021\/02\/foto_perfil-150x150.jpg\",\"contentUrl\":\"https:\/\/dedemesquita.com.br\/wp-content\/uploads\/2021\/02\/foto_perfil-150x150.jpg\",\"caption\":\"Ded\u00e9 Mesquita\"},\"sameAs\":[\"https:\/\/dedemesquita.com.br\"]}]}<\/script>\n<!-- \/ Yoast SEO plugin. -->","yoast_head_json":{"title":"Jornalista M\u00e1rcio Sousa Cruz recebe homenagens de amigos e familiares nesta sexta-feira, 13 - Ded\u00e9 Mesquita","robots":{"index":"index","follow":"follow","max-snippet":"max-snippet:-1","max-image-preview":"max-image-preview:large","max-video-preview":"max-video-preview:-1"},"canonical":"https:\/\/dedemesquita.com.br\/?p=15133","og_locale":"pt_BR","og_type":"article","og_title":"Jornalista M\u00e1rcio Sousa Cruz recebe homenagens de amigos e familiares nesta sexta-feira, 13 - Ded\u00e9 Mesquita","og_description":"Bel\u00e9m, 13 de mar\u00e7o de 2026 &#8211; Se tem uma coisa que o site n\u00e3o faz a menor quest\u00e3o de divulgar \u00e9 sobre a partida de nossos colegas de imprensa. Infelizmente, o ciclo da vida traz tamb\u00e9m a ida de alguns, uns mais cedo, outros mais tarde. Nas duas \u00faltimas semanas, perdemos dois jornalistas: L\u00edvia [&hellip;]","og_url":"https:\/\/dedemesquita.com.br\/?p=15133","og_site_name":"Ded\u00e9 Mesquita","article_publisher":"https:\/\/www.facebook.com\/dede.mesquita","article_published_time":"2026-03-13T12:49:24+00:00","article_modified_time":"2026-03-13T12:49:53+00:00","og_image":[{"width":950,"height":512,"url":"https:\/\/dedemesquita.com.br\/wp-content\/uploads\/2026\/03\/marc1.png","type":"image\/png"}],"author":"Ded\u00e9 Mesquita","twitter_card":"summary_large_image","twitter_creator":"@dedemesquita","twitter_site":"@dedemesquita","twitter_misc":{"Escrito por":"Ded\u00e9 Mesquita","Est. tempo de leitura":"3 minutos"},"schema":{"@context":"https:\/\/schema.org","@graph":[{"@type":"WebPage","@id":"https:\/\/dedemesquita.com.br\/?p=15133","url":"https:\/\/dedemesquita.com.br\/?p=15133","name":"Jornalista M\u00e1rcio Sousa Cruz recebe homenagens de amigos e familiares nesta sexta-feira, 13 - Ded\u00e9 Mesquita","isPartOf":{"@id":"https:\/\/dedemesquita.com.br\/#website"},"datePublished":"2026-03-13T12:49:24+00:00","dateModified":"2026-03-13T12:49:53+00:00","author":{"@id":"https:\/\/dedemesquita.com.br\/#\/schema\/person\/36571f81dd2d76dc3ab37231542c9e24"},"breadcrumb":{"@id":"https:\/\/dedemesquita.com.br\/?p=15133#breadcrumb"},"inLanguage":"pt-BR","potentialAction":[{"@type":"ReadAction","target":["https:\/\/dedemesquita.com.br\/?p=15133"]}]},{"@type":"BreadcrumbList","@id":"https:\/\/dedemesquita.com.br\/?p=15133#breadcrumb","itemListElement":[{"@type":"ListItem","position":1,"name":"In\u00edcio","item":"https:\/\/dedemesquita.com.br\/"},{"@type":"ListItem","position":2,"name":"Jornalista M\u00e1rcio Sousa Cruz recebe homenagens de amigos e familiares nesta sexta-feira, 13"}]},{"@type":"WebSite","@id":"https:\/\/dedemesquita.com.br\/#website","url":"https:\/\/dedemesquita.com.br\/","name":"Ded\u00e9 Mesquita","description":"Um site que mostra os bastidores da imprensa no estado do Par\u00e1 e em Bel\u00e9m","potentialAction":[{"@type":"SearchAction","target":{"@type":"EntryPoint","urlTemplate":"https:\/\/dedemesquita.com.br\/?s={search_term_string}"},"query-input":"required name=search_term_string"}],"inLanguage":"pt-BR"},{"@type":"Person","@id":"https:\/\/dedemesquita.com.br\/#\/schema\/person\/36571f81dd2d76dc3ab37231542c9e24","name":"Ded\u00e9 Mesquita","image":{"@type":"ImageObject","inLanguage":"pt-BR","@id":"https:\/\/dedemesquita.com.br\/#\/schema\/person\/image\/","url":"https:\/\/dedemesquita.com.br\/wp-content\/uploads\/2021\/02\/foto_perfil-150x150.jpg","contentUrl":"https:\/\/dedemesquita.com.br\/wp-content\/uploads\/2021\/02\/foto_perfil-150x150.jpg","caption":"Ded\u00e9 Mesquita"},"sameAs":["https:\/\/dedemesquita.com.br"]}]}},"_links":{"self":[{"href":"https:\/\/dedemesquita.com.br\/index.php?rest_route=\/wp\/v2\/posts\/15133"}],"collection":[{"href":"https:\/\/dedemesquita.com.br\/index.php?rest_route=\/wp\/v2\/posts"}],"about":[{"href":"https:\/\/dedemesquita.com.br\/index.php?rest_route=\/wp\/v2\/types\/post"}],"author":[{"embeddable":true,"href":"https:\/\/dedemesquita.com.br\/index.php?rest_route=\/wp\/v2\/users\/2"}],"replies":[{"embeddable":true,"href":"https:\/\/dedemesquita.com.br\/index.php?rest_route=%2Fwp%2Fv2%2Fcomments&post=15133"}],"version-history":[{"count":8,"href":"https:\/\/dedemesquita.com.br\/index.php?rest_route=\/wp\/v2\/posts\/15133\/revisions"}],"predecessor-version":[{"id":15146,"href":"https:\/\/dedemesquita.com.br\/index.php?rest_route=\/wp\/v2\/posts\/15133\/revisions\/15146"}],"wp:featuredmedia":[{"embeddable":true,"href":"https:\/\/dedemesquita.com.br\/index.php?rest_route=\/wp\/v2\/media\/15144"}],"wp:attachment":[{"href":"https:\/\/dedemesquita.com.br\/index.php?rest_route=%2Fwp%2Fv2%2Fmedia&parent=15133"}],"wp:term":[{"taxonomy":"category","embeddable":true,"href":"https:\/\/dedemesquita.com.br\/index.php?rest_route=%2Fwp%2Fv2%2Fcategories&post=15133"},{"taxonomy":"post_tag","embeddable":true,"href":"https:\/\/dedemesquita.com.br\/index.php?rest_route=%2Fwp%2Fv2%2Ftags&post=15133"}],"curies":[{"name":"wp","href":"https:\/\/api.w.org\/{rel}","templated":true}]}}