{"id":14259,"date":"2025-12-09T15:19:40","date_gmt":"2025-12-09T18:19:40","guid":{"rendered":"https:\/\/dedemesquita.com.br\/?p=14259"},"modified":"2025-12-09T17:58:40","modified_gmt":"2025-12-09T20:58:40","slug":"imprensa-no-cirio-de-caraparu-inscricoes-para-o-premio-sicredi-de-comunicacao-e-premiacoes-para-os-jornalistas","status":"publish","type":"post","link":"https:\/\/dedemesquita.com.br\/?p=14259","title":{"rendered":"Imprensa no C\u00edrio de Caraparu, inscri\u00e7\u00f5es para o Pr\u00eamio Sicredi de Comunica\u00e7\u00e3o em Rede e premia\u00e7\u00f5es para os jornalistas"},"content":{"rendered":"\n<p><strong>Bel\u00e9m, 9 de dezembro de 2025 &#8211;<\/strong> J\u00e1 estamos na <strong>reta final do ano<\/strong>, mas as <strong>novidades <\/strong>n\u00e3o deixam de chegar. Ent\u00e3o, vamos a elas.<\/p>\n\n\n\n<p><strong>Caraparu&nbsp;\u2013<\/strong> Na segunda-feira, 8, foi realizada mais uma edi\u00e7\u00e3o do <strong>C\u00edrio de&nbsp;Caraparu<\/strong>, na cidade de <strong>Santa Isabel do Par\u00e1<\/strong>, um dos mais tradicionais do Estado, no qual, a imagem de Nossa Senhora \u00e9 conduzida em uma <strong>canoa<\/strong>, seguida por <strong>outras canoas<\/strong> tamb\u00e9m. A <strong>imprensa sempre&nbsp;est\u00e1 presente<\/strong> na cobertura do evento.&nbsp;&nbsp;&nbsp;<\/p>\n\n\n<div class=\"wp-block-image\">\n<figure class=\"aligncenter size-full\"><img loading=\"lazy\" decoding=\"async\" width=\"800\" height=\"533\" src=\"https:\/\/dedemesquita.com.br\/wp-content\/uploads\/2025\/12\/WhatsApp-Image-2025-12-08-at-19.32.01.jpeg\" alt=\"\" class=\"wp-image-14261\" srcset=\"https:\/\/dedemesquita.com.br\/wp-content\/uploads\/2025\/12\/WhatsApp-Image-2025-12-08-at-19.32.01.jpeg 800w, https:\/\/dedemesquita.com.br\/wp-content\/uploads\/2025\/12\/WhatsApp-Image-2025-12-08-at-19.32.01-768x512.jpeg 768w\" sizes=\"(max-width: 800px) 100vw, 800px\" \/><figcaption class=\"wp-element-caption\">C\u00edrio de Caraparu, com Wagner Almeida e Irlaine N\u00f3brega, do jornal Di\u00e1rio do Par\u00e1 &#8211; foto de Wagner Santana<\/figcaption><\/figure><\/div>\n\n<div class=\"wp-block-image\">\n<figure class=\"aligncenter size-full\"><img loading=\"lazy\" decoding=\"async\" width=\"800\" height=\"533\" src=\"https:\/\/dedemesquita.com.br\/wp-content\/uploads\/2025\/12\/WhatsApp-Image-2025-12-08-at-19.32.01-1.jpeg\" alt=\"\" class=\"wp-image-14262\" srcset=\"https:\/\/dedemesquita.com.br\/wp-content\/uploads\/2025\/12\/WhatsApp-Image-2025-12-08-at-19.32.01-1.jpeg 800w, https:\/\/dedemesquita.com.br\/wp-content\/uploads\/2025\/12\/WhatsApp-Image-2025-12-08-at-19.32.01-1-768x512.jpeg 768w\" sizes=\"(max-width: 800px) 100vw, 800px\" \/><figcaption class=\"wp-element-caption\">Turma da imprensa foi recebida pelos moradores do rio Caraparu &#8211; foto de Wagner Santana <\/figcaption><\/figure><\/div>\n\n<div class=\"wp-block-image\">\n<figure class=\"aligncenter size-full\"><img loading=\"lazy\" decoding=\"async\" width=\"800\" height=\"499\" src=\"https:\/\/dedemesquita.com.br\/wp-content\/uploads\/2025\/12\/WhatsApp-Image-2025-12-08-at-19.33.09.jpeg\" alt=\"\" class=\"wp-image-14263\" srcset=\"https:\/\/dedemesquita.com.br\/wp-content\/uploads\/2025\/12\/WhatsApp-Image-2025-12-08-at-19.33.09.jpeg 800w, https:\/\/dedemesquita.com.br\/wp-content\/uploads\/2025\/12\/WhatsApp-Image-2025-12-08-at-19.33.09-768x479.jpeg 768w\" sizes=\"(max-width: 800px) 100vw, 800px\" \/><figcaption class=\"wp-element-caption\">Wagner Santana em foto de Wagner Almeida <\/figcaption><\/figure><\/div>\n\n<div class=\"wp-block-image\">\n<figure class=\"aligncenter size-full\"><img loading=\"lazy\" decoding=\"async\" width=\"750\" height=\"499\" src=\"https:\/\/dedemesquita.com.br\/wp-content\/uploads\/2025\/12\/WhatsApp-Image-2025-12-08-at-19.33.09-1.jpeg\" alt=\"\" class=\"wp-image-14264\" srcset=\"https:\/\/dedemesquita.com.br\/wp-content\/uploads\/2025\/12\/WhatsApp-Image-2025-12-08-at-19.33.09-1.jpeg 750w, https:\/\/dedemesquita.com.br\/wp-content\/uploads\/2025\/12\/WhatsApp-Image-2025-12-08-at-19.33.09-1-600x398.jpeg 600w\" sizes=\"(max-width: 750px) 100vw, 750px\" \/><figcaption class=\"wp-element-caption\">Wagner Santana, em foto de Wagner Almeida, n\u00e3o perde a foto por nada <\/figcaption><\/figure><\/div>\n\n<div class=\"wp-block-image\">\n<figure class=\"aligncenter size-full\"><img loading=\"lazy\" decoding=\"async\" width=\"637\" height=\"800\" src=\"https:\/\/dedemesquita.com.br\/wp-content\/uploads\/2025\/12\/WhatsApp-Image-2025-12-08-at-19.34.37.jpeg\" alt=\"\" class=\"wp-image-14265\"\/><figcaption class=\"wp-element-caption\">Equipe da Reda\u00e7\u00e3o Integrada O Liberal com Wagner Santana e Bruno Roberto &#8211; foto de Wagner Santana<\/figcaption><\/figure><\/div>\n\n\n<p><strong>Amaz\u00f4nia Vox premiada &#8211; <\/strong>A plataforma&nbsp;<strong>Amaz\u00f4nia Vox<\/strong>&nbsp;foi&nbsp;a&nbsp;vencedora&nbsp;da categoria <strong>M\u00eddia do Ano &#8211; M\u00eddia Regional do 51\u00ba Pr\u00eamio Aberje &#8211; Associa\u00e7\u00e3o Brasileira de Comunica\u00e7\u00e3o Empresarial<\/strong>.&nbsp;A cerim\u00f4nia da&nbsp;Aberje&nbsp;foi&nbsp;na segunda-feira, dia&nbsp;8,&nbsp;em S\u00e3o Paulo, e <strong>Daniel&nbsp;Nardin<\/strong>, editor-chefe da plataforma, recebeu a premia\u00e7\u00e3o.&nbsp;<\/p>\n\n\n<div class=\"wp-block-image\">\n<figure class=\"aligncenter size-full\"><img loading=\"lazy\" decoding=\"async\" width=\"669\" height=\"800\" src=\"https:\/\/dedemesquita.com.br\/wp-content\/uploads\/2025\/12\/Screenshot_2025-12-08-22-11-07-250_com.instagram.android.jpg\" alt=\"\" class=\"wp-image-14266\"\/><figcaption class=\"wp-element-caption\">Daniel Nardin foi acompanhada da cerim\u00f4nia do Pr\u00eamio Aberje pela m\u00e3e dele, S\u00edlvia Nardin <\/figcaption><\/figure><\/div>\n\n\n<p><strong>Pr\u00eamio Sicredi &#8211;&nbsp;<\/strong>Est\u00e3o&nbsp;abertas&nbsp;as inscri\u00e7\u00f5es&nbsp;para a primeira edi\u00e7\u00e3o do <strong>Pr\u00eamio Sicredi Comunica\u00e7\u00e3o em Rede<\/strong>, que ir\u00e1 reconhecer e premiar <strong>jornalistas<\/strong> e <strong>criadores de conte\u00fado<\/strong> que publicam materiais sobre o <strong>cooperativismo de cr\u00e9dito<\/strong> no pa\u00eds. O lan\u00e7amento do Pr\u00eamio faz parte do movimento da marca em alus\u00e3o ao <strong>Ano Internacional das Cooperativas,&nbsp;2025<\/strong>, institu\u00eddo pela <strong>Organiza\u00e7\u00e3o das Na\u00e7\u00f5es Unidas&nbsp;&#8211;&nbsp;ONU<\/strong>.&nbsp;Com premia\u00e7\u00e3o total de <strong>R$ 220 mil<\/strong>, o concurso est\u00e1 dividido em: <strong>Jornalistas Profissionais<\/strong>&nbsp;&#8211;&nbsp;texto, \u00e1udio e audiovisual, nos \u00e2mbitos nacional, regional e local&nbsp;&#8211;&nbsp;e <strong>Comunicadores em Rede&nbsp;<\/strong>&#8211;&nbsp;criadores de conte\u00fado digital com projetos multim\u00eddia. No total ser\u00e3o <strong>11 pr\u00eamios de R$ 20 mil<\/strong>. Os tr\u00eas finalistas de cada categoria, formato e abrang\u00eancia participar\u00e3o da <strong>vota\u00e7\u00e3o popular pela internet<\/strong>, tamb\u00e9m com premia\u00e7\u00e3o <strong>de R$ 20 mil<\/strong>.&nbsp;Jornalistas profissionais,&nbsp;autores de mat\u00e9rias publicadas em ve\u00edculos da imprensa brasileira, em l\u00edngua portuguesa, <strong>entre 7 de outubro de 2025 a 30 de junho de 2026<\/strong>;&nbsp;criadores de conte\u00fado digital,&nbsp;autores de conte\u00fados originais sobre cooperativismo de cr\u00e9dito, publicados em blogs, m\u00eddias sociais, podcasts, servi\u00e7os de streaming ou outras plataformas digitais.&nbsp;Como requisito, o participante deve possuir um m\u00ednimo de 5&nbsp;mil&nbsp;seguidores em pelo menos um \u00fanico perfil de rede social.&nbsp;<strong>As inscri\u00e7\u00f5es devem ser feitas at\u00e9 30 de junho de 2026<\/strong>, exclusivamente pelo site&nbsp;<strong><a href=\"https:\/\/www.sicredi.com.br\/premio-comunicacao-em-rede\" target=\"_blank\" rel=\"noreferrer noopener\">www.sicredi.com.br\/premio-comunicacao-em-rede<\/a>&nbsp;<\/strong>onde tamb\u00e9m est\u00e1 dispon\u00edvel <strong>o regulamento<\/strong>.&nbsp;<\/p>\n\n\n<div class=\"wp-block-image\">\n<figure class=\"aligncenter size-full\"><img loading=\"lazy\" decoding=\"async\" width=\"650\" height=\"437\" src=\"https:\/\/dedemesquita.com.br\/wp-content\/uploads\/2025\/12\/sicredi.jpg\" alt=\"\" class=\"wp-image-14272\"\/><figcaption class=\"wp-element-caption\">O Pr\u00eamio Sicredi Comunica\u00e7\u00e3o em Rede est\u00e1 com inscri\u00e7\u00f5es abertas que seguem at\u00e9 o dia 30 de junho de 2026<\/figcaption><\/figure><\/div>\n\n\n<p><strong>Jambo &amp; Meta &#8211; <\/strong>A&nbsp;ag\u00eancia&nbsp;<strong>Jambo Comunica\u00e7\u00e3o<\/strong> marcou presen\u00e7a no \u00faltimo treinamento da <strong>Meta<\/strong>,&nbsp;realizado em S\u00e3o Paulo, voltado ao uso estrat\u00e9gico do <strong>WhatsApp<\/strong>. A ag\u00eancia foi a \u00fanica representante do Par\u00e1 no encontro, refor\u00e7ando o compromisso em acompanhar de perto as tend\u00eancias que movimentam o universo digital.&nbsp;Quem assumiu essa miss\u00e3o foi<strong>&nbsp;Gisa&nbsp;Smith<\/strong>, coordenadora de M\u00eddias Digitais da Jambo, que participou de uma imers\u00e3o intensa sobre as novas funcionalidades e possibilidades da plataforma.&nbsp;&nbsp;<\/p>\n\n\n<div class=\"wp-block-image\">\n<figure class=\"aligncenter size-full\"><img loading=\"lazy\" decoding=\"async\" width=\"750\" height=\"718\" src=\"https:\/\/dedemesquita.com.br\/wp-content\/uploads\/2025\/12\/WhatsApp-Image-2025-12-08-at-10.28.20.jpeg\" alt=\"\" class=\"wp-image-14267\"\/><figcaption class=\"wp-element-caption\">Gisa Smith, da Jambo Comunica\u00e7\u00e3o, participou de evento da Meta em S\u00e3o Paulo <\/figcaption><\/figure><\/div>\n\n\n<p><strong>Falecimento &#8211; <\/strong>O&nbsp;jornalista <strong>Donato Cardoso de Souza<\/strong>, fundador da <strong>Academia Paraense de Jornalismo&nbsp;\u2013 APJ<\/strong>, faleceu na sexta-feira, 5, aos 89 anos.&nbsp;Foi Donato Cardoso quem concebeu e materializou a cria\u00e7\u00e3o da APJ,&nbsp;<strong>inaugurada&nbsp;em 26 de outubro de 1994<\/strong>, ap\u00f3s consultar e convidar colegas de profiss\u00e3o para integrar o quadro de membros fundadores.&nbsp;A Academia Paraense de Jornalismo <strong>rendeu&nbsp;homenagens <\/strong>ao seu fundador, reconhecendo sua coragem intelectual, sua dedica\u00e7\u00e3o \u00e0 classe e seu compromisso com a entidade.&nbsp;&nbsp;<\/p>\n\n\n<div class=\"wp-block-image\">\n<figure class=\"aligncenter size-full\"><img loading=\"lazy\" decoding=\"async\" width=\"543\" height=\"572\" src=\"https:\/\/dedemesquita.com.br\/wp-content\/uploads\/2025\/12\/WhatsApp-Image-2025-12-09-at-13.00.14.jpeg\" alt=\"\" class=\"wp-image-14268\"\/><figcaption class=\"wp-element-caption\">A morte de Donato Cardoso foi muito lamentada entre a classe jornal\u00edstica do Par\u00e1 <\/figcaption><\/figure><\/div>\n\n\n<h2 class=\"wp-block-heading has-text-align-center\">Social<\/h2>\n\n\n\n<p><strong>Victor se casou &#8211; <\/strong>O jornalista <strong>Victor Furtado<\/strong>, que atuou, at\u00e9 recentemente, na comunica\u00e7\u00e3o do Instituto Tecnol\u00f3gico Vale &#8211; ITV, se casou com a professora e mestre <strong>Caroline Dominguez<\/strong> na quarta-feira, dia 3. <strong>Felicidades!!\u00a0<\/strong><\/p>\n\n\n<div class=\"wp-block-image\">\n<figure class=\"aligncenter size-full\"><img loading=\"lazy\" decoding=\"async\" width=\"720\" height=\"505\" src=\"https:\/\/dedemesquita.com.br\/wp-content\/uploads\/2025\/12\/WhatsApp-Image-2025-12-09-at-13.17.58.jpeg\" alt=\"\" class=\"wp-image-14269\"\/><figcaption class=\"wp-element-caption\">Caroline e Victor muito felizes<\/figcaption><\/figure><\/div>\n\n<div class=\"wp-block-image\">\n<figure class=\"aligncenter size-full\"><img loading=\"lazy\" decoding=\"async\" width=\"606\" height=\"800\" src=\"https:\/\/dedemesquita.com.br\/wp-content\/uploads\/2025\/12\/Screenshot_2025-12-04-10-10-32-648_com.instagram.android.jpg\" alt=\"\" class=\"wp-image-14270\"\/><figcaption class=\"wp-element-caption\">Coleguinhas, como o Gabriel Pires, prestigiaram o casamento de Victor e Caroline <\/figcaption><\/figure><\/div>\n\n\n<h2 class=\"wp-block-heading has-text-align-center\">Os sem cadeiras<\/h2>\n\n\n\n<p><strong>Absurdo &#8211; <\/strong>Os coleguinhas da <strong>Reda\u00e7\u00e3o Integrada&nbsp;O Liberal <\/strong>est\u00e3o&nbsp;<strong>pedindo socorro <\/strong>e uma <strong>provid\u00eancia urgente<\/strong> por conta da&nbsp;<strong>falta de&nbsp;cadeiras<\/strong>&nbsp;para&nbsp;trabalhar&nbsp;dentro da&nbsp;reda\u00e7\u00e3o. Uma fonte conta que&nbsp;por l\u00e1&nbsp;est\u00e1&nbsp;parece aquela brincadeira:&nbsp;<strong>um&nbsp;\u2018roubando\u2019&nbsp;a cadeira do outro<\/strong>, porque&nbsp;as cadeiras que n\u00e3o&nbsp;est\u00e3o&nbsp;quebradas est\u00e3o&nbsp;t\u00e3o <em>\u2018pirentas\u2019<\/em>&nbsp;que d\u00e1&nbsp;at\u00e9&nbsp;nojo de&nbsp;se&nbsp;sentar.<strong> Um horror!&nbsp;<\/strong>Gente, cadeira para&nbsp;sentar-se&nbsp;e trabalhar \u00e9 b\u00e1sico. <strong>Vamos dar uma olhada nisso.&nbsp;<\/strong>&nbsp;<\/p>\n\n\n<div class=\"wp-block-image\">\n<figure class=\"aligncenter size-full\"><img loading=\"lazy\" decoding=\"async\" width=\"500\" height=\"500\" src=\"https:\/\/dedemesquita.com.br\/wp-content\/uploads\/2025\/12\/cadaeu-1.png\" alt=\"\" class=\"wp-image-14275\" srcset=\"https:\/\/dedemesquita.com.br\/wp-content\/uploads\/2025\/12\/cadaeu-1.png 500w, https:\/\/dedemesquita.com.br\/wp-content\/uploads\/2025\/12\/cadaeu-1-150x150.png 150w\" sizes=\"(max-width: 500px) 100vw, 500px\" \/><figcaption class=\"wp-element-caption\">O pessoal do LIB diz que uma cadeiras dessas j\u00e1 quebraria o maior galho por l\u00e1 &#8211;<strong> Imagem meramente ilustrativa<\/strong><\/figcaption><\/figure><\/div>\n\n\n<h2 class=\"wp-block-heading has-text-align-center\">Fotos da semana<\/h2>\n\n\n\n<p><strong>Pr\u00eamio AMPLA de Jornalismo &#8211; <\/strong>Na quinta-feira, 4, com festa no restaurante Manjar das Gar\u00e7as, foi realizada da entrega do <strong>Pr\u00eamio AMPLA de Jornalista 2025<\/strong>, em sua <strong>segunda edi\u00e7\u00e3o.<\/strong> <\/p>\n\n\n<div class=\"wp-block-image\">\n<figure class=\"aligncenter size-full\"><img loading=\"lazy\" decoding=\"async\" width=\"800\" height=\"533\" src=\"https:\/\/dedemesquita.com.br\/wp-content\/uploads\/2025\/12\/Ronaldo-Brasiliense-e-Giuliana-Morrone.jpeg\" alt=\"\" class=\"wp-image-14277\" srcset=\"https:\/\/dedemesquita.com.br\/wp-content\/uploads\/2025\/12\/Ronaldo-Brasiliense-e-Giuliana-Morrone.jpeg 800w, https:\/\/dedemesquita.com.br\/wp-content\/uploads\/2025\/12\/Ronaldo-Brasiliense-e-Giuliana-Morrone-768x512.jpeg 768w\" sizes=\"(max-width: 800px) 100vw, 800px\" \/><figcaption class=\"wp-element-caption\">Ronaldo Brasiliense, do jornal O Liberal, recebeu o trof\u00e9u das m\u00e3os de Giuliana Morrone <\/figcaption><\/figure><\/div>\n\n<div class=\"wp-block-image\">\n<figure class=\"aligncenter size-full\"><img loading=\"lazy\" decoding=\"async\" width=\"689\" height=\"700\" src=\"https:\/\/dedemesquita.com.br\/wp-content\/uploads\/2025\/12\/Screenshot_2025-12-04-22-35-32-210_com.instagram.android-1.jpg\" alt=\"\" class=\"wp-image-14297\"\/><figcaption class=\"wp-element-caption\">Daniel Nardin recebeu os dois trof\u00e9us que o Amaz\u00f4nia Vox ganhou <\/figcaption><\/figure><\/div>\n\n<div class=\"wp-block-image\">\n<figure class=\"aligncenter size-full\"><img loading=\"lazy\" decoding=\"async\" width=\"800\" height=\"761\" src=\"https:\/\/dedemesquita.com.br\/wp-content\/uploads\/2025\/12\/Screenshot_2025-12-04-22-11-53-180_com.instagram.android.jpg\" alt=\"\" class=\"wp-image-14279\" srcset=\"https:\/\/dedemesquita.com.br\/wp-content\/uploads\/2025\/12\/Screenshot_2025-12-04-22-11-53-180_com.instagram.android.jpg 800w, https:\/\/dedemesquita.com.br\/wp-content\/uploads\/2025\/12\/Screenshot_2025-12-04-22-11-53-180_com.instagram.android-768x731.jpg 768w\" sizes=\"(max-width: 800px) 100vw, 800px\" \/><figcaption class=\"wp-element-caption\">A premiada na categoria Nacional, Jal\u00edlia Messias, e Vin\u00edcius Macedo, ambos da TV Liberal <\/figcaption><\/figure><\/div>\n\n<div class=\"wp-block-image\">\n<figure class=\"aligncenter size-full\"><img loading=\"lazy\" decoding=\"async\" width=\"800\" height=\"554\" src=\"https:\/\/dedemesquita.com.br\/wp-content\/uploads\/2025\/12\/Screenshot_2025-12-04-19-15-28-428_com.instagram.android.jpg\" alt=\"\" class=\"wp-image-14280\" srcset=\"https:\/\/dedemesquita.com.br\/wp-content\/uploads\/2025\/12\/Screenshot_2025-12-04-19-15-28-428_com.instagram.android.jpg 800w, https:\/\/dedemesquita.com.br\/wp-content\/uploads\/2025\/12\/Screenshot_2025-12-04-19-15-28-428_com.instagram.android-768x532.jpg 768w\" sizes=\"(max-width: 800px) 100vw, 800px\" \/><figcaption class=\"wp-element-caption\">Christian Emanoel, Jeferson H\u00f6enisch, Elielson Almeida, Luiz\u00e3o, Andreia Esp\u00edrito Santos, Tarso Sarraf, Daniel Nardin e Rita Soares em pose especial no AMPLA<\/figcaption><\/figure><\/div>\n\n<div class=\"wp-block-image\">\n<figure class=\"aligncenter size-full\"><img loading=\"lazy\" decoding=\"async\" width=\"699\" height=\"800\" src=\"https:\/\/dedemesquita.com.br\/wp-content\/uploads\/2025\/12\/Screenshot_2025-12-04-19-15-24-140_com.instagram.android.jpg\" alt=\"\" class=\"wp-image-14281\"\/><figcaption class=\"wp-element-caption\">Jal\u00edlia Messias e Christian Emanoel <\/figcaption><\/figure><\/div>\n\n<div class=\"wp-block-image\">\n<figure class=\"aligncenter size-full\"><img loading=\"lazy\" decoding=\"async\" width=\"800\" height=\"556\" src=\"https:\/\/dedemesquita.com.br\/wp-content\/uploads\/2025\/12\/Screenshot_2025-12-04-19-15-12-194_com.instagram.android.jpg\" alt=\"\" class=\"wp-image-14282\" srcset=\"https:\/\/dedemesquita.com.br\/wp-content\/uploads\/2025\/12\/Screenshot_2025-12-04-19-15-12-194_com.instagram.android.jpg 800w, https:\/\/dedemesquita.com.br\/wp-content\/uploads\/2025\/12\/Screenshot_2025-12-04-19-15-12-194_com.instagram.android-768x534.jpg 768w\" sizes=\"(max-width: 800px) 100vw, 800px\" \/><figcaption class=\"wp-element-caption\">Christian Emanoel e as rep\u00f3rteres premiadas da TV Liberal, Jal\u00edlia Messias, F\u00e1bia Sep\u00eada e La\u00eds Nunes<\/figcaption><\/figure><\/div>\n\n<div class=\"wp-block-image\">\n<figure class=\"aligncenter size-full\"><img loading=\"lazy\" decoding=\"async\" width=\"750\" height=\"582\" src=\"https:\/\/dedemesquita.com.br\/wp-content\/uploads\/2025\/12\/Screenshot_2025-12-04-16-56-49-013_com.instagram.android.jpg\" alt=\"\" class=\"wp-image-14283\"\/><figcaption class=\"wp-element-caption\">Fernanda Cabral no Pr\u00eamio AMPLA<\/figcaption><\/figure><\/div>\n\n<div class=\"wp-block-image\">\n<figure class=\"aligncenter size-full\"><img loading=\"lazy\" decoding=\"async\" width=\"575\" height=\"800\" src=\"https:\/\/dedemesquita.com.br\/wp-content\/uploads\/2025\/12\/Screenshot_2025-12-04-13-53-07-799_com.instagram.android.jpg\" alt=\"\" class=\"wp-image-14284\"\/><figcaption class=\"wp-element-caption\">F\u00e1bia Sep\u00eada foi primeiro lugar na categorial Estadual <\/figcaption><\/figure><\/div>\n\n<div class=\"wp-block-image\">\n<figure class=\"aligncenter size-full\"><img loading=\"lazy\" decoding=\"async\" width=\"517\" height=\"800\" src=\"https:\/\/dedemesquita.com.br\/wp-content\/uploads\/2025\/12\/Screenshot_2025-12-04-13-52-38-720_com.instagram.android.jpg\" alt=\"\" class=\"wp-image-14285\"\/><figcaption class=\"wp-element-caption\">Marx Vasconcelos foi um dos premiados na categoria Fotografia <\/figcaption><\/figure><\/div>\n\n<div class=\"wp-block-image\">\n<figure class=\"aligncenter size-full\"><img loading=\"lazy\" decoding=\"async\" width=\"670\" height=\"800\" src=\"https:\/\/dedemesquita.com.br\/wp-content\/uploads\/2025\/12\/Screenshot_2025-12-04-13-52-15-693_com.instagram.android.jpg\" alt=\"\" class=\"wp-image-14286\"\/><figcaption class=\"wp-element-caption\">Turma do Amaz\u00f4nia Vox recebeu a premia\u00e7\u00e3o <\/figcaption><\/figure><\/div>\n\n<div class=\"wp-block-image\">\n<figure class=\"aligncenter size-full\"><img loading=\"lazy\" decoding=\"async\" width=\"560\" height=\"750\" src=\"https:\/\/dedemesquita.com.br\/wp-content\/uploads\/2025\/12\/Screenshot_2025-12-04-13-51-04-696_com.instagram.android.jpg\" alt=\"\" class=\"wp-image-14287\"\/><figcaption class=\"wp-element-caption\">Elielson Almeida e La\u00eds Nunes <\/figcaption><\/figure><\/div>\n\n<div class=\"wp-block-image\">\n<figure class=\"aligncenter size-full\"><img loading=\"lazy\" decoding=\"async\" width=\"760\" height=\"591\" src=\"https:\/\/dedemesquita.com.br\/wp-content\/uploads\/2025\/12\/Screenshot_2025-12-04-13-50-09-808_com.instagram.android.jpg\" alt=\"\" class=\"wp-image-14288\"\/><figcaption class=\"wp-element-caption\">Andreia Teixeira e N\u00e1tia Ney, da TV Cultura<\/figcaption><\/figure><\/div>\n\n<div class=\"wp-block-image\">\n<figure class=\"aligncenter size-full\"><img loading=\"lazy\" decoding=\"async\" width=\"800\" height=\"557\" src=\"https:\/\/dedemesquita.com.br\/wp-content\/uploads\/2025\/12\/Screenshot_2025-12-04-13-49-56-537_com.instagram.android.jpg\" alt=\"\" class=\"wp-image-14289\" srcset=\"https:\/\/dedemesquita.com.br\/wp-content\/uploads\/2025\/12\/Screenshot_2025-12-04-13-49-56-537_com.instagram.android.jpg 800w, https:\/\/dedemesquita.com.br\/wp-content\/uploads\/2025\/12\/Screenshot_2025-12-04-13-49-56-537_com.instagram.android-768x535.jpg 768w\" sizes=\"(max-width: 800px) 100vw, 800px\" \/><figcaption class=\"wp-element-caption\">Turma das emissoras Funtelpa no Pr\u00eamio AMPLA<\/figcaption><\/figure><\/div>\n\n\n<p><strong>Outras:<\/strong><\/p>\n\n\n<div class=\"wp-block-image\">\n<figure class=\"aligncenter size-full\"><img loading=\"lazy\" decoding=\"async\" width=\"784\" height=\"800\" src=\"https:\/\/dedemesquita.com.br\/wp-content\/uploads\/2025\/12\/Screenshot_2025-12-04-22-11-26-683_com.instagram.android.jpg\" alt=\"\" class=\"wp-image-14290\" srcset=\"https:\/\/dedemesquita.com.br\/wp-content\/uploads\/2025\/12\/Screenshot_2025-12-04-22-11-26-683_com.instagram.android.jpg 784w, https:\/\/dedemesquita.com.br\/wp-content\/uploads\/2025\/12\/Screenshot_2025-12-04-22-11-26-683_com.instagram.android-768x784.jpg 768w\" sizes=\"(max-width: 784px) 100vw, 784px\" \/><figcaption class=\"wp-element-caption\">A rep\u00f3rter C\u00edntia Magno, do jornal Di\u00e1rio do Par\u00e1, foi escolhida como Jornalista Parceira do Empreendedorismo Pequenos Neg\u00f3cios e COP30 pelo Sebrae, em premia\u00e7\u00e3o em Bras\u00edlia, na quinta-feira, 4<\/figcaption><\/figure><\/div>\n\n<div class=\"wp-block-image\">\n<figure class=\"aligncenter size-full\"><img loading=\"lazy\" decoding=\"async\" width=\"616\" height=\"750\" src=\"https:\/\/dedemesquita.com.br\/wp-content\/uploads\/2025\/12\/luiu.jpeg\" alt=\"\" class=\"wp-image-14293\"\/><figcaption class=\"wp-element-caption\">O jornalista paraense Luiz Augusto Andrade foi um dos finalistas nacionais, na categoria \u00c1udio, do Pr\u00eamio Sebrae de Jornalismo <\/figcaption><\/figure><\/div>\n\n<div class=\"wp-block-image\">\n<figure class=\"aligncenter size-full\"><img loading=\"lazy\" decoding=\"async\" width=\"616\" height=\"750\" src=\"https:\/\/dedemesquita.com.br\/wp-content\/uploads\/2025\/12\/Screenshot_2025-12-02-18-23-18-667_com.instagram.android.jpg\" alt=\"\" class=\"wp-image-14291\"\/><figcaption class=\"wp-element-caption\">Carlos Brito, Jos\u00e9 Caet\u00e9 e Isis Vieira no evento LED &#8211; Luz na Educa\u00e7\u00e3o, promovido pelo segundo ano em Bel\u00e9m, na Esta\u00e7\u00e3o das Docas, na capital paraense  <\/figcaption><\/figure><\/div>","protected":false},"excerpt":{"rendered":"<p>Bel\u00e9m, 9 de dezembro de 2025 &#8211; J\u00e1 estamos na reta final do ano, mas as novidades n\u00e3o deixam de chegar. Ent\u00e3o, vamos a elas. Caraparu&nbsp;\u2013 Na segunda-feira, 8, foi realizada mais uma edi\u00e7\u00e3o do C\u00edrio de&nbsp;Caraparu, na cidade de Santa Isabel do Par\u00e1, um dos mais tradicionais do Estado, no qual, a imagem de [&hellip;]<\/p>\n","protected":false},"author":2,"featured_media":14260,"comment_status":"open","ping_status":"open","sticky":false,"template":"","format":"standard","meta":{"footnotes":""},"categories":[51,14,29],"tags":[475,254,377,1031,1088,455,119,120,1157,1156,1158],"class_list":["post-14259","post","type-post","status-publish","format-standard","has-post-thumbnail","hentry","category-destaque","category-imprensa","category-jornalismo","tag-aberje","tag-academia-paraense-de-jornalismo","tag-amazonia-vox","tag-cirio-2025","tag-itv","tag-jambo-comunicacao","tag-jornalismo","tag-jornalistas-paraenses-em-acao","tag-meta","tag-premio-sicredi-de-comunicacao","tag-whatsapp"],"yoast_head":"<!-- This site is optimized with the Yoast SEO plugin v19.10 - https:\/\/yoast.com\/wordpress\/plugins\/seo\/ -->\n<title>Imprensa no C\u00edrio de Caraparu, inscri\u00e7\u00f5es para o Pr\u00eamio Sicredi de Comunica\u00e7\u00e3o em Rede e premia\u00e7\u00f5es para os jornalistas - Ded\u00e9 Mesquita<\/title>\n<meta name=\"robots\" content=\"index, follow, max-snippet:-1, max-image-preview:large, max-video-preview:-1\" \/>\n<link rel=\"canonical\" href=\"https:\/\/dedemesquita.com.br\/?p=14259\" \/>\n<meta property=\"og:locale\" content=\"pt_BR\" \/>\n<meta property=\"og:type\" content=\"article\" \/>\n<meta property=\"og:title\" content=\"Imprensa no C\u00edrio de Caraparu, inscri\u00e7\u00f5es para o Pr\u00eamio Sicredi de Comunica\u00e7\u00e3o em Rede e premia\u00e7\u00f5es para os jornalistas - Ded\u00e9 Mesquita\" \/>\n<meta property=\"og:description\" content=\"Bel\u00e9m, 9 de dezembro de 2025 &#8211; J\u00e1 estamos na reta final do ano, mas as novidades n\u00e3o deixam de chegar. Ent\u00e3o, vamos a elas. Caraparu&nbsp;\u2013 Na segunda-feira, 8, foi realizada mais uma edi\u00e7\u00e3o do C\u00edrio de&nbsp;Caraparu, na cidade de Santa Isabel do Par\u00e1, um dos mais tradicionais do Estado, no qual, a imagem de [&hellip;]\" \/>\n<meta property=\"og:url\" content=\"https:\/\/dedemesquita.com.br\/?p=14259\" \/>\n<meta property=\"og:site_name\" content=\"Ded\u00e9 Mesquita\" \/>\n<meta property=\"article:publisher\" content=\"https:\/\/www.facebook.com\/dede.mesquita\" \/>\n<meta property=\"article:published_time\" content=\"2025-12-09T18:19:40+00:00\" \/>\n<meta property=\"article:modified_time\" content=\"2025-12-09T20:58:40+00:00\" \/>\n<meta property=\"og:image\" content=\"https:\/\/dedemesquita.com.br\/wp-content\/uploads\/2025\/12\/WhatsApp-Image-2025-12-08-at-19.32.02.jpeg\" \/>\n\t<meta property=\"og:image:width\" content=\"950\" \/>\n\t<meta property=\"og:image:height\" content=\"598\" \/>\n\t<meta property=\"og:image:type\" content=\"image\/jpeg\" \/>\n<meta name=\"author\" content=\"Ded\u00e9 Mesquita\" \/>\n<meta name=\"twitter:card\" content=\"summary_large_image\" \/>\n<meta name=\"twitter:creator\" content=\"@dedemesquita\" \/>\n<meta name=\"twitter:site\" content=\"@dedemesquita\" \/>\n<meta name=\"twitter:label1\" content=\"Escrito por\" \/>\n\t<meta name=\"twitter:data1\" content=\"Ded\u00e9 Mesquita\" \/>\n\t<meta name=\"twitter:label2\" content=\"Est. tempo de leitura\" \/>\n\t<meta name=\"twitter:data2\" content=\"12 minutos\" \/>\n<script type=\"application\/ld+json\" class=\"yoast-schema-graph\">{\"@context\":\"https:\/\/schema.org\",\"@graph\":[{\"@type\":\"WebPage\",\"@id\":\"https:\/\/dedemesquita.com.br\/?p=14259\",\"url\":\"https:\/\/dedemesquita.com.br\/?p=14259\",\"name\":\"Imprensa no C\u00edrio de Caraparu, inscri\u00e7\u00f5es para o Pr\u00eamio Sicredi de Comunica\u00e7\u00e3o em Rede e premia\u00e7\u00f5es para os jornalistas - Ded\u00e9 Mesquita\",\"isPartOf\":{\"@id\":\"https:\/\/dedemesquita.com.br\/#website\"},\"datePublished\":\"2025-12-09T18:19:40+00:00\",\"dateModified\":\"2025-12-09T20:58:40+00:00\",\"author\":{\"@id\":\"https:\/\/dedemesquita.com.br\/#\/schema\/person\/36571f81dd2d76dc3ab37231542c9e24\"},\"breadcrumb\":{\"@id\":\"https:\/\/dedemesquita.com.br\/?p=14259#breadcrumb\"},\"inLanguage\":\"pt-BR\",\"potentialAction\":[{\"@type\":\"ReadAction\",\"target\":[\"https:\/\/dedemesquita.com.br\/?p=14259\"]}]},{\"@type\":\"BreadcrumbList\",\"@id\":\"https:\/\/dedemesquita.com.br\/?p=14259#breadcrumb\",\"itemListElement\":[{\"@type\":\"ListItem\",\"position\":1,\"name\":\"In\u00edcio\",\"item\":\"https:\/\/dedemesquita.com.br\/\"},{\"@type\":\"ListItem\",\"position\":2,\"name\":\"Imprensa no C\u00edrio de Caraparu, inscri\u00e7\u00f5es para o Pr\u00eamio Sicredi de Comunica\u00e7\u00e3o em Rede e premia\u00e7\u00f5es para os jornalistas\"}]},{\"@type\":\"WebSite\",\"@id\":\"https:\/\/dedemesquita.com.br\/#website\",\"url\":\"https:\/\/dedemesquita.com.br\/\",\"name\":\"Ded\u00e9 Mesquita\",\"description\":\"Um site que mostra os bastidores da imprensa no estado do Par\u00e1 e em Bel\u00e9m\",\"potentialAction\":[{\"@type\":\"SearchAction\",\"target\":{\"@type\":\"EntryPoint\",\"urlTemplate\":\"https:\/\/dedemesquita.com.br\/?s={search_term_string}\"},\"query-input\":\"required name=search_term_string\"}],\"inLanguage\":\"pt-BR\"},{\"@type\":\"Person\",\"@id\":\"https:\/\/dedemesquita.com.br\/#\/schema\/person\/36571f81dd2d76dc3ab37231542c9e24\",\"name\":\"Ded\u00e9 Mesquita\",\"image\":{\"@type\":\"ImageObject\",\"inLanguage\":\"pt-BR\",\"@id\":\"https:\/\/dedemesquita.com.br\/#\/schema\/person\/image\/\",\"url\":\"https:\/\/dedemesquita.com.br\/wp-content\/uploads\/2021\/02\/foto_perfil-150x150.jpg\",\"contentUrl\":\"https:\/\/dedemesquita.com.br\/wp-content\/uploads\/2021\/02\/foto_perfil-150x150.jpg\",\"caption\":\"Ded\u00e9 Mesquita\"},\"sameAs\":[\"https:\/\/dedemesquita.com.br\"]}]}<\/script>\n<!-- \/ Yoast SEO plugin. -->","yoast_head_json":{"title":"Imprensa no C\u00edrio de Caraparu, inscri\u00e7\u00f5es para o Pr\u00eamio Sicredi de Comunica\u00e7\u00e3o em Rede e premia\u00e7\u00f5es para os jornalistas - Ded\u00e9 Mesquita","robots":{"index":"index","follow":"follow","max-snippet":"max-snippet:-1","max-image-preview":"max-image-preview:large","max-video-preview":"max-video-preview:-1"},"canonical":"https:\/\/dedemesquita.com.br\/?p=14259","og_locale":"pt_BR","og_type":"article","og_title":"Imprensa no C\u00edrio de Caraparu, inscri\u00e7\u00f5es para o Pr\u00eamio Sicredi de Comunica\u00e7\u00e3o em Rede e premia\u00e7\u00f5es para os jornalistas - Ded\u00e9 Mesquita","og_description":"Bel\u00e9m, 9 de dezembro de 2025 &#8211; J\u00e1 estamos na reta final do ano, mas as novidades n\u00e3o deixam de chegar. Ent\u00e3o, vamos a elas. Caraparu&nbsp;\u2013 Na segunda-feira, 8, foi realizada mais uma edi\u00e7\u00e3o do C\u00edrio de&nbsp;Caraparu, na cidade de Santa Isabel do Par\u00e1, um dos mais tradicionais do Estado, no qual, a imagem de [&hellip;]","og_url":"https:\/\/dedemesquita.com.br\/?p=14259","og_site_name":"Ded\u00e9 Mesquita","article_publisher":"https:\/\/www.facebook.com\/dede.mesquita","article_published_time":"2025-12-09T18:19:40+00:00","article_modified_time":"2025-12-09T20:58:40+00:00","og_image":[{"width":950,"height":598,"url":"https:\/\/dedemesquita.com.br\/wp-content\/uploads\/2025\/12\/WhatsApp-Image-2025-12-08-at-19.32.02.jpeg","type":"image\/jpeg"}],"author":"Ded\u00e9 Mesquita","twitter_card":"summary_large_image","twitter_creator":"@dedemesquita","twitter_site":"@dedemesquita","twitter_misc":{"Escrito por":"Ded\u00e9 Mesquita","Est. tempo de leitura":"12 minutos"},"schema":{"@context":"https:\/\/schema.org","@graph":[{"@type":"WebPage","@id":"https:\/\/dedemesquita.com.br\/?p=14259","url":"https:\/\/dedemesquita.com.br\/?p=14259","name":"Imprensa no C\u00edrio de Caraparu, inscri\u00e7\u00f5es para o Pr\u00eamio Sicredi de Comunica\u00e7\u00e3o em Rede e premia\u00e7\u00f5es para os jornalistas - Ded\u00e9 Mesquita","isPartOf":{"@id":"https:\/\/dedemesquita.com.br\/#website"},"datePublished":"2025-12-09T18:19:40+00:00","dateModified":"2025-12-09T20:58:40+00:00","author":{"@id":"https:\/\/dedemesquita.com.br\/#\/schema\/person\/36571f81dd2d76dc3ab37231542c9e24"},"breadcrumb":{"@id":"https:\/\/dedemesquita.com.br\/?p=14259#breadcrumb"},"inLanguage":"pt-BR","potentialAction":[{"@type":"ReadAction","target":["https:\/\/dedemesquita.com.br\/?p=14259"]}]},{"@type":"BreadcrumbList","@id":"https:\/\/dedemesquita.com.br\/?p=14259#breadcrumb","itemListElement":[{"@type":"ListItem","position":1,"name":"In\u00edcio","item":"https:\/\/dedemesquita.com.br\/"},{"@type":"ListItem","position":2,"name":"Imprensa no C\u00edrio de Caraparu, inscri\u00e7\u00f5es para o Pr\u00eamio Sicredi de Comunica\u00e7\u00e3o em Rede e premia\u00e7\u00f5es para os jornalistas"}]},{"@type":"WebSite","@id":"https:\/\/dedemesquita.com.br\/#website","url":"https:\/\/dedemesquita.com.br\/","name":"Ded\u00e9 Mesquita","description":"Um site que mostra os bastidores da imprensa no estado do Par\u00e1 e em Bel\u00e9m","potentialAction":[{"@type":"SearchAction","target":{"@type":"EntryPoint","urlTemplate":"https:\/\/dedemesquita.com.br\/?s={search_term_string}"},"query-input":"required name=search_term_string"}],"inLanguage":"pt-BR"},{"@type":"Person","@id":"https:\/\/dedemesquita.com.br\/#\/schema\/person\/36571f81dd2d76dc3ab37231542c9e24","name":"Ded\u00e9 Mesquita","image":{"@type":"ImageObject","inLanguage":"pt-BR","@id":"https:\/\/dedemesquita.com.br\/#\/schema\/person\/image\/","url":"https:\/\/dedemesquita.com.br\/wp-content\/uploads\/2021\/02\/foto_perfil-150x150.jpg","contentUrl":"https:\/\/dedemesquita.com.br\/wp-content\/uploads\/2021\/02\/foto_perfil-150x150.jpg","caption":"Ded\u00e9 Mesquita"},"sameAs":["https:\/\/dedemesquita.com.br"]}]}},"_links":{"self":[{"href":"https:\/\/dedemesquita.com.br\/index.php?rest_route=\/wp\/v2\/posts\/14259"}],"collection":[{"href":"https:\/\/dedemesquita.com.br\/index.php?rest_route=\/wp\/v2\/posts"}],"about":[{"href":"https:\/\/dedemesquita.com.br\/index.php?rest_route=\/wp\/v2\/types\/post"}],"author":[{"embeddable":true,"href":"https:\/\/dedemesquita.com.br\/index.php?rest_route=\/wp\/v2\/users\/2"}],"replies":[{"embeddable":true,"href":"https:\/\/dedemesquita.com.br\/index.php?rest_route=%2Fwp%2Fv2%2Fcomments&post=14259"}],"version-history":[{"count":10,"href":"https:\/\/dedemesquita.com.br\/index.php?rest_route=\/wp\/v2\/posts\/14259\/revisions"}],"predecessor-version":[{"id":14300,"href":"https:\/\/dedemesquita.com.br\/index.php?rest_route=\/wp\/v2\/posts\/14259\/revisions\/14300"}],"wp:featuredmedia":[{"embeddable":true,"href":"https:\/\/dedemesquita.com.br\/index.php?rest_route=\/wp\/v2\/media\/14260"}],"wp:attachment":[{"href":"https:\/\/dedemesquita.com.br\/index.php?rest_route=%2Fwp%2Fv2%2Fmedia&parent=14259"}],"wp:term":[{"taxonomy":"category","embeddable":true,"href":"https:\/\/dedemesquita.com.br\/index.php?rest_route=%2Fwp%2Fv2%2Fcategories&post=14259"},{"taxonomy":"post_tag","embeddable":true,"href":"https:\/\/dedemesquita.com.br\/index.php?rest_route=%2Fwp%2Fv2%2Ftags&post=14259"}],"curies":[{"name":"wp","href":"https:\/\/api.w.org\/{rel}","templated":true}]}}