{"id":1377,"date":"2021-04-29T20:32:01","date_gmt":"2021-04-29T23:32:01","guid":{"rendered":"https:\/\/dedemesquita.com.br\/?p=1377"},"modified":"2021-04-29T20:32:02","modified_gmt":"2021-04-29T23:32:02","slug":"record-belem-nao-repassa-lista-de-jornalistas-para-vacinacao-contra-covid-19","status":"publish","type":"post","link":"https:\/\/dedemesquita.com.br\/?p=1377","title":{"rendered":"Record Bel\u00e9m n\u00e3o repassa lista de jornalistas para vacina\u00e7\u00e3o contra Covid-19"},"content":{"rendered":"\n<p>Na \u00faltima segunda-feira, 19, representantes do Sindicato de Jornalistas do Par\u00e1 (Sinjor-PA) iniciaram di\u00e1logo com o governador do Par\u00e1, H\u00e9lder Barbalho, para a inclus\u00e3o de profissionais da comunica\u00e7\u00e3o no grupo priorit\u00e1rio de vacina\u00e7\u00e3o contra a Covid-19.<\/p>\n\n\n\n<div class=\"wp-block-image\"><figure class=\"aligncenter size-large\"><img loading=\"lazy\" decoding=\"async\" width=\"850\" height=\"479\" src=\"https:\/\/dedemesquita.com.br\/wp-content\/uploads\/2021\/04\/record.jpg\" alt=\"\" class=\"wp-image-1378\" srcset=\"https:\/\/dedemesquita.com.br\/wp-content\/uploads\/2021\/04\/record.jpg 850w, https:\/\/dedemesquita.com.br\/wp-content\/uploads\/2021\/04\/record-768x433.jpg 768w\" sizes=\"(max-width: 850px) 100vw, 850px\" \/><figcaption>Sede da Record Bel\u00e9m, na rua dos Tamoios, em Bel\u00e9m <\/figcaption><\/figure><\/div>\n\n\n\n<p>A reivindica\u00e7\u00e3o \u00e9 para trabalhadoras e trabalhadores da linha de frente, que exercem uma atividade essencial e est\u00e3o na cobertura di\u00e1ria e direta da pandemia, mais expostos ao risco de cont\u00e1gio pelo v\u00edrus, para levar not\u00edcias confi\u00e1veis \u00e0 popula\u00e7\u00e3o paraense e combater as fake news.<\/p>\n\n\n\n<p>O governador apoiou a luta pela antecipa\u00e7\u00e3o da vacina e se comprometeu a discutir a imuniza\u00e7\u00e3o da categoria com a Secretaria Estadual de Sa\u00fade (Sespa).<\/p>\n\n\n\n<p>Tamb\u00e9m participaram da audi\u00eancia a vice-presidente do Sinjor-PA, Rose Gomes, o integrante do Conselho Fiscal, Carlos Bou\u00e7\u00e3o, a secret\u00e1ria de Comunica\u00e7\u00e3o do Estado, Vera Oliveira, e a diretora de jornalismo da Secom, Nath\u00e1lia Kahwage.<\/p>\n\n\n\n<p><strong>Record TV &#8211;<\/strong> Pelo que parece, a Record Bel\u00e9m foi a \u00fanica emissora na capital paraense que n\u00e3o liberou a lista com os nomes dos trabalhadores da empresa para que fosse repassada ao Governo do Par\u00e1 para eles serem vacinados. Os jornalistas da Record est\u00e3o sem entender porque a empresa n\u00e3o teria autorizado passar a lista de funcion\u00e1rios. <\/p>\n","protected":false},"excerpt":{"rendered":"<p>Na \u00faltima segunda-feira, 19, representantes do Sindicato de Jornalistas do Par\u00e1 (Sinjor-PA) iniciaram di\u00e1logo com o governador do Par\u00e1, H\u00e9lder Barbalho, para a inclus\u00e3o de profissionais da comunica\u00e7\u00e3o no grupo priorit\u00e1rio de vacina\u00e7\u00e3o contra a Covid-19. A reivindica\u00e7\u00e3o \u00e9 para trabalhadoras e trabalhadores da linha de frente, que exercem uma atividade essencial e est\u00e3o na [&hellip;]<\/p>\n","protected":false},"author":2,"featured_media":1379,"comment_status":"open","ping_status":"open","sticky":false,"template":"","format":"standard","meta":{"footnotes":""},"categories":[51,14,29],"tags":[119,120,138,130,139],"class_list":["post-1377","post","type-post","status-publish","format-standard","has-post-thumbnail","hentry","category-destaque","category-imprensa","category-jornalismo","tag-jornalismo","tag-jornalistas-paraenses-em-acao","tag-record-belem","tag-sinjor-pa","tag-vacinacao"],"yoast_head":"<!-- This site is optimized with the Yoast SEO plugin v19.10 - https:\/\/yoast.com\/wordpress\/plugins\/seo\/ -->\n<title>Record Bel\u00e9m n\u00e3o repassa lista de jornalistas para vacina\u00e7\u00e3o contra Covid-19 - Ded\u00e9 Mesquita<\/title>\n<meta name=\"robots\" content=\"index, follow, max-snippet:-1, max-image-preview:large, max-video-preview:-1\" \/>\n<link rel=\"canonical\" href=\"https:\/\/dedemesquita.com.br\/?p=1377\" \/>\n<meta property=\"og:locale\" content=\"pt_BR\" \/>\n<meta property=\"og:type\" content=\"article\" \/>\n<meta property=\"og:title\" content=\"Record Bel\u00e9m n\u00e3o repassa lista de jornalistas para vacina\u00e7\u00e3o contra Covid-19 - Ded\u00e9 Mesquita\" \/>\n<meta property=\"og:description\" content=\"Na \u00faltima segunda-feira, 19, representantes do Sindicato de Jornalistas do Par\u00e1 (Sinjor-PA) iniciaram di\u00e1logo com o governador do Par\u00e1, H\u00e9lder Barbalho, para a inclus\u00e3o de profissionais da comunica\u00e7\u00e3o no grupo priorit\u00e1rio de vacina\u00e7\u00e3o contra a Covid-19. A reivindica\u00e7\u00e3o \u00e9 para trabalhadoras e trabalhadores da linha de frente, que exercem uma atividade essencial e est\u00e3o na [&hellip;]\" \/>\n<meta property=\"og:url\" content=\"https:\/\/dedemesquita.com.br\/?p=1377\" \/>\n<meta property=\"og:site_name\" content=\"Ded\u00e9 Mesquita\" \/>\n<meta property=\"article:publisher\" content=\"https:\/\/www.facebook.com\/dede.mesquita\" \/>\n<meta property=\"article:published_time\" content=\"2021-04-29T23:32:01+00:00\" \/>\n<meta property=\"article:modified_time\" content=\"2021-04-29T23:32:02+00:00\" \/>\n<meta property=\"og:image\" content=\"https:\/\/dedemesquita.com.br\/wp-content\/uploads\/2021\/04\/record2.jpg\" \/>\n\t<meta property=\"og:image:width\" content=\"1000\" \/>\n\t<meta property=\"og:image:height\" content=\"562\" \/>\n\t<meta property=\"og:image:type\" content=\"image\/jpeg\" \/>\n<meta name=\"author\" content=\"Ded\u00e9 Mesquita\" \/>\n<meta name=\"twitter:card\" content=\"summary_large_image\" \/>\n<meta name=\"twitter:creator\" content=\"@dedemesquita\" \/>\n<meta name=\"twitter:site\" content=\"@dedemesquita\" \/>\n<meta name=\"twitter:label1\" content=\"Escrito por\" \/>\n\t<meta name=\"twitter:data1\" content=\"Ded\u00e9 Mesquita\" \/>\n\t<meta name=\"twitter:label2\" content=\"Est. tempo de leitura\" \/>\n\t<meta name=\"twitter:data2\" content=\"2 minutos\" \/>\n<script type=\"application\/ld+json\" class=\"yoast-schema-graph\">{\"@context\":\"https:\/\/schema.org\",\"@graph\":[{\"@type\":\"WebPage\",\"@id\":\"https:\/\/dedemesquita.com.br\/?p=1377\",\"url\":\"https:\/\/dedemesquita.com.br\/?p=1377\",\"name\":\"Record Bel\u00e9m n\u00e3o repassa lista de jornalistas para vacina\u00e7\u00e3o contra Covid-19 - Ded\u00e9 Mesquita\",\"isPartOf\":{\"@id\":\"https:\/\/dedemesquita.com.br\/#website\"},\"datePublished\":\"2021-04-29T23:32:01+00:00\",\"dateModified\":\"2021-04-29T23:32:02+00:00\",\"author\":{\"@id\":\"https:\/\/dedemesquita.com.br\/#\/schema\/person\/36571f81dd2d76dc3ab37231542c9e24\"},\"breadcrumb\":{\"@id\":\"https:\/\/dedemesquita.com.br\/?p=1377#breadcrumb\"},\"inLanguage\":\"pt-BR\",\"potentialAction\":[{\"@type\":\"ReadAction\",\"target\":[\"https:\/\/dedemesquita.com.br\/?p=1377\"]}]},{\"@type\":\"BreadcrumbList\",\"@id\":\"https:\/\/dedemesquita.com.br\/?p=1377#breadcrumb\",\"itemListElement\":[{\"@type\":\"ListItem\",\"position\":1,\"name\":\"In\u00edcio\",\"item\":\"https:\/\/dedemesquita.com.br\/\"},{\"@type\":\"ListItem\",\"position\":2,\"name\":\"Record Bel\u00e9m n\u00e3o repassa lista de jornalistas para vacina\u00e7\u00e3o contra Covid-19\"}]},{\"@type\":\"WebSite\",\"@id\":\"https:\/\/dedemesquita.com.br\/#website\",\"url\":\"https:\/\/dedemesquita.com.br\/\",\"name\":\"Ded\u00e9 Mesquita\",\"description\":\"Um site que mostra os bastidores da imprensa no estado do Par\u00e1 e em Bel\u00e9m\",\"potentialAction\":[{\"@type\":\"SearchAction\",\"target\":{\"@type\":\"EntryPoint\",\"urlTemplate\":\"https:\/\/dedemesquita.com.br\/?s={search_term_string}\"},\"query-input\":\"required name=search_term_string\"}],\"inLanguage\":\"pt-BR\"},{\"@type\":\"Person\",\"@id\":\"https:\/\/dedemesquita.com.br\/#\/schema\/person\/36571f81dd2d76dc3ab37231542c9e24\",\"name\":\"Ded\u00e9 Mesquita\",\"image\":{\"@type\":\"ImageObject\",\"inLanguage\":\"pt-BR\",\"@id\":\"https:\/\/dedemesquita.com.br\/#\/schema\/person\/image\/\",\"url\":\"https:\/\/dedemesquita.com.br\/wp-content\/uploads\/2021\/02\/foto_perfil-150x150.jpg\",\"contentUrl\":\"https:\/\/dedemesquita.com.br\/wp-content\/uploads\/2021\/02\/foto_perfil-150x150.jpg\",\"caption\":\"Ded\u00e9 Mesquita\"},\"sameAs\":[\"https:\/\/dedemesquita.com.br\"]}]}<\/script>\n<!-- \/ Yoast SEO plugin. -->","yoast_head_json":{"title":"Record Bel\u00e9m n\u00e3o repassa lista de jornalistas para vacina\u00e7\u00e3o contra Covid-19 - Ded\u00e9 Mesquita","robots":{"index":"index","follow":"follow","max-snippet":"max-snippet:-1","max-image-preview":"max-image-preview:large","max-video-preview":"max-video-preview:-1"},"canonical":"https:\/\/dedemesquita.com.br\/?p=1377","og_locale":"pt_BR","og_type":"article","og_title":"Record Bel\u00e9m n\u00e3o repassa lista de jornalistas para vacina\u00e7\u00e3o contra Covid-19 - Ded\u00e9 Mesquita","og_description":"Na \u00faltima segunda-feira, 19, representantes do Sindicato de Jornalistas do Par\u00e1 (Sinjor-PA) iniciaram di\u00e1logo com o governador do Par\u00e1, H\u00e9lder Barbalho, para a inclus\u00e3o de profissionais da comunica\u00e7\u00e3o no grupo priorit\u00e1rio de vacina\u00e7\u00e3o contra a Covid-19. A reivindica\u00e7\u00e3o \u00e9 para trabalhadoras e trabalhadores da linha de frente, que exercem uma atividade essencial e est\u00e3o na [&hellip;]","og_url":"https:\/\/dedemesquita.com.br\/?p=1377","og_site_name":"Ded\u00e9 Mesquita","article_publisher":"https:\/\/www.facebook.com\/dede.mesquita","article_published_time":"2021-04-29T23:32:01+00:00","article_modified_time":"2021-04-29T23:32:02+00:00","og_image":[{"width":1000,"height":562,"url":"https:\/\/dedemesquita.com.br\/wp-content\/uploads\/2021\/04\/record2.jpg","type":"image\/jpeg"}],"author":"Ded\u00e9 Mesquita","twitter_card":"summary_large_image","twitter_creator":"@dedemesquita","twitter_site":"@dedemesquita","twitter_misc":{"Escrito por":"Ded\u00e9 Mesquita","Est. tempo de leitura":"2 minutos"},"schema":{"@context":"https:\/\/schema.org","@graph":[{"@type":"WebPage","@id":"https:\/\/dedemesquita.com.br\/?p=1377","url":"https:\/\/dedemesquita.com.br\/?p=1377","name":"Record Bel\u00e9m n\u00e3o repassa lista de jornalistas para vacina\u00e7\u00e3o contra Covid-19 - Ded\u00e9 Mesquita","isPartOf":{"@id":"https:\/\/dedemesquita.com.br\/#website"},"datePublished":"2021-04-29T23:32:01+00:00","dateModified":"2021-04-29T23:32:02+00:00","author":{"@id":"https:\/\/dedemesquita.com.br\/#\/schema\/person\/36571f81dd2d76dc3ab37231542c9e24"},"breadcrumb":{"@id":"https:\/\/dedemesquita.com.br\/?p=1377#breadcrumb"},"inLanguage":"pt-BR","potentialAction":[{"@type":"ReadAction","target":["https:\/\/dedemesquita.com.br\/?p=1377"]}]},{"@type":"BreadcrumbList","@id":"https:\/\/dedemesquita.com.br\/?p=1377#breadcrumb","itemListElement":[{"@type":"ListItem","position":1,"name":"In\u00edcio","item":"https:\/\/dedemesquita.com.br\/"},{"@type":"ListItem","position":2,"name":"Record Bel\u00e9m n\u00e3o repassa lista de jornalistas para vacina\u00e7\u00e3o contra Covid-19"}]},{"@type":"WebSite","@id":"https:\/\/dedemesquita.com.br\/#website","url":"https:\/\/dedemesquita.com.br\/","name":"Ded\u00e9 Mesquita","description":"Um site que mostra os bastidores da imprensa no estado do Par\u00e1 e em Bel\u00e9m","potentialAction":[{"@type":"SearchAction","target":{"@type":"EntryPoint","urlTemplate":"https:\/\/dedemesquita.com.br\/?s={search_term_string}"},"query-input":"required name=search_term_string"}],"inLanguage":"pt-BR"},{"@type":"Person","@id":"https:\/\/dedemesquita.com.br\/#\/schema\/person\/36571f81dd2d76dc3ab37231542c9e24","name":"Ded\u00e9 Mesquita","image":{"@type":"ImageObject","inLanguage":"pt-BR","@id":"https:\/\/dedemesquita.com.br\/#\/schema\/person\/image\/","url":"https:\/\/dedemesquita.com.br\/wp-content\/uploads\/2021\/02\/foto_perfil-150x150.jpg","contentUrl":"https:\/\/dedemesquita.com.br\/wp-content\/uploads\/2021\/02\/foto_perfil-150x150.jpg","caption":"Ded\u00e9 Mesquita"},"sameAs":["https:\/\/dedemesquita.com.br"]}]}},"_links":{"self":[{"href":"https:\/\/dedemesquita.com.br\/index.php?rest_route=\/wp\/v2\/posts\/1377"}],"collection":[{"href":"https:\/\/dedemesquita.com.br\/index.php?rest_route=\/wp\/v2\/posts"}],"about":[{"href":"https:\/\/dedemesquita.com.br\/index.php?rest_route=\/wp\/v2\/types\/post"}],"author":[{"embeddable":true,"href":"https:\/\/dedemesquita.com.br\/index.php?rest_route=\/wp\/v2\/users\/2"}],"replies":[{"embeddable":true,"href":"https:\/\/dedemesquita.com.br\/index.php?rest_route=%2Fwp%2Fv2%2Fcomments&post=1377"}],"version-history":[{"count":1,"href":"https:\/\/dedemesquita.com.br\/index.php?rest_route=\/wp\/v2\/posts\/1377\/revisions"}],"predecessor-version":[{"id":1380,"href":"https:\/\/dedemesquita.com.br\/index.php?rest_route=\/wp\/v2\/posts\/1377\/revisions\/1380"}],"wp:featuredmedia":[{"embeddable":true,"href":"https:\/\/dedemesquita.com.br\/index.php?rest_route=\/wp\/v2\/media\/1379"}],"wp:attachment":[{"href":"https:\/\/dedemesquita.com.br\/index.php?rest_route=%2Fwp%2Fv2%2Fmedia&parent=1377"}],"wp:term":[{"taxonomy":"category","embeddable":true,"href":"https:\/\/dedemesquita.com.br\/index.php?rest_route=%2Fwp%2Fv2%2Fcategories&post=1377"},{"taxonomy":"post_tag","embeddable":true,"href":"https:\/\/dedemesquita.com.br\/index.php?rest_route=%2Fwp%2Fv2%2Ftags&post=1377"}],"curies":[{"name":"wp","href":"https:\/\/api.w.org\/{rel}","templated":true}]}}