{"id":13079,"date":"2025-08-12T16:00:01","date_gmt":"2025-08-12T19:00:01","guid":{"rendered":"https:\/\/dedemesquita.com.br\/?p=13079"},"modified":"2025-08-13T12:50:50","modified_gmt":"2025-08-13T15:50:50","slug":"redetv-belem-mesmo-com-muitos-processos-na-justica-trabalhista-nao-paga-ninguem-exercito-se-prepara-para-cop30-e-coleguinhas-se-divertem-em-churrasco","status":"publish","type":"post","link":"https:\/\/dedemesquita.com.br\/?p=13079","title":{"rendered":"RedeTV Bel\u00e9m, mesmo com muitos processos na Justi\u00e7a Trabalhista, n\u00e3o paga ningu\u00e9m; Ex\u00e9rcito se prepara para COP30 e coleguinhas se divertem em churrasco"},"content":{"rendered":"\n<p><strong>Bel\u00e9m, 12 de agosto de 2025 &#8211;<\/strong> Mais uma <strong>ter\u00e7a-feira <\/strong>de atualiza\u00e7\u00f5es por aqui. E aqui de sempre: quando se pensa que n\u00e3o h\u00e1, \u00e9 a\u00ed que surgem as novidades. <\/p>\n\n\n\n<p><strong>Sa\u00eddas da Secom-PA &#8211; <\/strong>A jornalista <strong>K\u00e9zia Carvalho<\/strong>, depois de cerca de cinco anos, deixou a Secom\/ Ag\u00eancia Par\u00e1, onde atuava na \u00e1rea de publicidade. Quem tamb\u00e9m se despediu daquela Secretaria foi <strong>Raiana Coelho<\/strong>, que tal qual K\u00e9zia, vai compor a equipe de comunica\u00e7\u00e3o da <strong>\u00c1guas do Par\u00e1<\/strong>, empresa que arrematou a Cosanpa. As contrata\u00e7\u00f5es s\u00e3o por meio da ag\u00eancia <strong>FSB Holding<\/strong>.<\/p>\n\n\n<div class=\"wp-block-image\">\n<figure class=\"aligncenter size-full\"><img loading=\"lazy\" decoding=\"async\" width=\"472\" height=\"677\" src=\"https:\/\/dedemesquita.com.br\/wp-content\/uploads\/2025\/08\/Kezia-Carvalho.jpeg\" alt=\"\" class=\"wp-image-13082\"\/><figcaption class=\"wp-element-caption\">K\u00e9zia Carvalho deixou Secom-PA<\/figcaption><\/figure><\/div>\n\n<div class=\"wp-block-image\">\n<figure class=\"aligncenter size-full\"><img loading=\"lazy\" decoding=\"async\" width=\"580\" height=\"700\" src=\"https:\/\/dedemesquita.com.br\/wp-content\/uploads\/2025\/08\/WhatsApp-Image-2025-08-12-at-09.40.16.jpeg\" alt=\"\" class=\"wp-image-13083\"\/><figcaption class=\"wp-element-caption\">Assim como Raiana Coelho <\/figcaption><\/figure><\/div>\n\n\n<p><strong>Jefferson Lima deixa a Povo FM &#8211; <\/strong>A situa\u00e7\u00e3o na r\u00e1dio <strong>Povo FM<\/strong>, antiga Metropolitana FM, est\u00e1 complicada. Depois de ficar tr\u00eas meses sem pagar os sal\u00e1rios dos funcion\u00e1rios, a emissora conseguiu, com a ajuda de amigos, quitar a maior parte da folha de pagamento, mas alguns preferiram deixar a r\u00e1dio, como <strong>Jefferson Lima<\/strong>, que foi para a Povo FM, depois que deixou a r\u00e1dio <strong>Liberal+<\/strong><\/p>\n\n\n<div class=\"wp-block-image\">\n<figure class=\"aligncenter size-full\"><img loading=\"lazy\" decoding=\"async\" width=\"426\" height=\"546\" src=\"https:\/\/dedemesquita.com.br\/wp-content\/uploads\/2025\/08\/Jeferson-Lima.jpeg\" alt=\"\" class=\"wp-image-13084\"\/><figcaption class=\"wp-element-caption\">Jefferson Lima agora est\u00e1 somente na TV dele<\/figcaption><\/figure><\/div>\n\n\n<p><strong>Professora &#8211; <\/strong>A jornalista <strong>Carolina Klautau<\/strong>, depois de dez anos em S\u00e3o Paulo, \u00e9 a nova professora na <strong>Universidade da Amaz\u00f4nia &#8211; Unama<\/strong>, onde ela se formou.<\/p>\n\n\n<div class=\"wp-block-image\">\n<figure class=\"aligncenter size-full\"><img loading=\"lazy\" decoding=\"async\" width=\"600\" height=\"622\" src=\"https:\/\/dedemesquita.com.br\/wp-content\/uploads\/2025\/08\/Carolina-Klautau.jpeg\" alt=\"\" class=\"wp-image-13085\"\/><figcaption class=\"wp-element-caption\">Carolina Klautau \u00e9 professora na Unama<\/figcaption><\/figure><\/div>\n\n\n<p><strong>Ex\u00e9rcito e a COP30 &#8211; <\/strong>O <strong>Comando Operacional Conjunto Marajoara<\/strong>, do <strong>Minist\u00e9rio da Defesa\/ For\u00e7as Armadas na COP 30<\/strong>, em Bel\u00e9m, promoveu mais um treinamento em Defesa Qu\u00edmica, Biol\u00f3gica, Radiol\u00f3gica e Nuclear. A capacita\u00e7\u00e3o contou com a participa\u00e7\u00e3o de agentes da Secretaria Estadual de Sa\u00fade P\u00fablica, do SAMU e de militares do Ex\u00e9rcito, de Bel\u00e9m e de Marab\u00e1, da Marinha do Brasil e da For\u00e7a A\u00e9rea Brasileira. O encerramento da capacita\u00e7\u00e3o foi na sexta-feira, dia 8, no 2\u00ba Batalh\u00e3o de Infantaria de Selva, <strong>com a presen\u00e7a da imprensa<\/strong> que pode acompanhar uma demonstra\u00e7\u00e3o simulando uma emerg\u00eancia sanit\u00e1ria com agente qu\u00edmico.<\/p>\n\n\n<div class=\"wp-block-image\">\n<figure class=\"aligncenter size-full\"><img loading=\"lazy\" decoding=\"async\" width=\"800\" height=\"617\" src=\"https:\/\/dedemesquita.com.br\/wp-content\/uploads\/2025\/08\/Screenshot_2025-08-08-19-42-22-256_com.instagram.android.jpg\" alt=\"\" class=\"wp-image-13086\" srcset=\"https:\/\/dedemesquita.com.br\/wp-content\/uploads\/2025\/08\/Screenshot_2025-08-08-19-42-22-256_com.instagram.android.jpg 800w, https:\/\/dedemesquita.com.br\/wp-content\/uploads\/2025\/08\/Screenshot_2025-08-08-19-42-22-256_com.instagram.android-768x592.jpg 768w\" sizes=\"(max-width: 800px) 100vw, 800px\" \/><figcaption class=\"wp-element-caption\">Equipe de comunica\u00e7\u00e3o do Ex\u00e9rcito em Bel\u00e9m <\/figcaption><\/figure><\/div>\n\n<div class=\"wp-block-image\">\n<figure class=\"aligncenter size-full\"><img loading=\"lazy\" decoding=\"async\" width=\"700\" height=\"411\" src=\"https:\/\/dedemesquita.com.br\/wp-content\/uploads\/2025\/08\/WhatsApp-Image-2025-08-11-at-11.58.30.jpeg\" alt=\"\" class=\"wp-image-13091\"\/><figcaption class=\"wp-element-caption\">Coletiva de imprensa com o comando do Ex\u00e9rcito<\/figcaption><\/figure><\/div>\n\n<div class=\"wp-block-image\">\n<figure class=\"aligncenter size-full\"><img loading=\"lazy\" decoding=\"async\" width=\"800\" height=\"453\" src=\"https:\/\/dedemesquita.com.br\/wp-content\/uploads\/2025\/08\/Screenshot_2025-08-08-19-41-52-099_com.instagram.android.jpg\" alt=\"\" class=\"wp-image-13092\" srcset=\"https:\/\/dedemesquita.com.br\/wp-content\/uploads\/2025\/08\/Screenshot_2025-08-08-19-41-52-099_com.instagram.android.jpg 800w, https:\/\/dedemesquita.com.br\/wp-content\/uploads\/2025\/08\/Screenshot_2025-08-08-19-41-52-099_com.instagram.android-768x435.jpg 768w\" sizes=\"(max-width: 800px) 100vw, 800px\" \/><figcaption class=\"wp-element-caption\">Mais explica\u00e7\u00f5es no evento do Ex\u00e9rcito<\/figcaption><\/figure><\/div>\n\n\n<p><strong>Amaz\u00f4nia Vox e Canal Futura juntos &#8211; <\/strong>O <strong>Amaz\u00f4nia Vox<\/strong> firmou mais uma parceria para ampliar o alcance e o p\u00fablico do conte\u00fado produzido sobre a regi\u00e3o amaz\u00f4nica. O<strong> Canal Futura<\/strong> ir\u00e1 exibir as produ\u00e7\u00f5es realizadas pela equipe de profissionais do <strong>Amaz\u00f4nia Vox<\/strong>, refor\u00e7ando, ainda mais, a diversidade de vozes e narrativas na programa\u00e7\u00e3o do canal, que integra o <strong>Grupo Globo<\/strong>. O conte\u00fado tamb\u00e9m estar\u00e1 dispon\u00edvel gratuitamente pelo GloboPlay, mesmo para n\u00e3o assinantes. Com vinheta pr\u00f3pria e espa\u00e7os na programa\u00e7\u00e3o que ser\u00e3o definidos, a divulga\u00e7\u00e3o vai mostrar iniciativas locais e vozes da Amaz\u00f4nia. Essa parceria \u00e9 mais um passo na estrat\u00e9gia de distribui\u00e7\u00e3o de conte\u00fado e alta visibilidade das produ\u00e7\u00f5es do Amaz\u00f4nia Vox, que mant\u00e9m as reportagens com acesso 100% gratuito. <strong>Mariana Seivalos<\/strong>, supervisora do Canal Futura, e <strong>Jo\u00e3o Alegria<\/strong>, secret\u00e1rio-geral da Funda\u00e7\u00e3o Roberto Marinho, estiveram em Bel\u00e9m, na semana passada, e fizeram a assinatura da parceira com <strong>Daniel Nardin<\/strong>, do Amaz\u00f4nia Vox. O Futura est\u00e1 presente nas principais operadoras de TV por assinatura no Brasil: Net e Claro TV, no 534 HD e 34; na Sky, no 434 HD e 34; na Vivo, no 68HD e 24 e fibra \u00f3tica; e na Oi TV, no 35.<\/p>\n\n\n<div class=\"wp-block-image\">\n<figure class=\"aligncenter size-full\"><img loading=\"lazy\" decoding=\"async\" width=\"446\" height=\"473\" src=\"https:\/\/dedemesquita.com.br\/wp-content\/uploads\/2025\/08\/Parceria_Futura_Amazonia-Vox.jpeg\" alt=\"\" class=\"wp-image-13087\"\/><figcaption class=\"wp-element-caption\">Mariana, Daniel e Jo\u00e3o: parceria entre Amaz\u00f4nia Vox e Canal Futura <\/figcaption><\/figure><\/div>\n\n\n<p><strong>Alerta para o C\u00edrio &#8211; <\/strong>A <strong>Prefeitura de Bel\u00e9m<\/strong> orienta aos <strong>ve\u00edculos de comunica\u00e7\u00e3o<\/strong>, que precisam montar estruturas e pratic\u00e1veis em vias p\u00fablicas para a cobertura do <strong>C\u00edrio de Nazar\u00e9 2025<\/strong>, que solicitem autoriza\u00e7\u00e3o por meio de of\u00edcio para a Secretaria Municipal de Seguran\u00e7a, Ordem P\u00fablica e Mobilidade Urbana &#8211; <strong>Segbel<\/strong>, para o e-mail: <a href=\"gabsegbel@segbel.com\"><strong>gabsegbel@segbel.com<\/strong><\/a><\/p>\n\n\n\n<p><strong>Seguro &#8211;<\/strong> Na semana passada, um evento da <strong>Casa do Seguro<\/strong>, em Bel\u00e9m, reuniu jornalistas que conheceram a proposta de trabalho do grupo, um dos pontos de discuss\u00e3o mais importantes na COP 30. O SBT Par\u00e1 foi representado por Bianca Teixeira, o gestor Carlos Amorim e o executivo Igor Aflalo.<\/p>\n\n\n<div class=\"wp-block-image\">\n<figure class=\"aligncenter size-full\"><img loading=\"lazy\" decoding=\"async\" width=\"801\" height=\"487\" src=\"https:\/\/dedemesquita.com.br\/wp-content\/uploads\/2025\/08\/Imprensa_evento-seguros.jpeg\" alt=\"\" class=\"wp-image-13088\" srcset=\"https:\/\/dedemesquita.com.br\/wp-content\/uploads\/2025\/08\/Imprensa_evento-seguros.jpeg 801w, https:\/\/dedemesquita.com.br\/wp-content\/uploads\/2025\/08\/Imprensa_evento-seguros-768x467.jpeg 768w\" sizes=\"(max-width: 801px) 100vw, 801px\" \/><figcaption class=\"wp-element-caption\">Equipe do DBT Par\u00e1 e outros jornalistas que participaram da palestra sobre seguros <\/figcaption><\/figure><\/div>\n\n\n<p><strong>Evento da Natura &#8211; <\/strong>A empresa de perfumaria <strong>Natura promoveu<\/strong> um grande evento em Bel\u00e9m, no Mercado de S\u00e3o Br\u00e1s, no qual foram lan\u00e7adas as novas fragr\u00e2ncias da marca. A imprensa foi convidada e compareceu em peso.<\/p>\n\n\n<div class=\"wp-block-image\">\n<figure class=\"aligncenter size-full\"><img loading=\"lazy\" decoding=\"async\" width=\"539\" height=\"800\" src=\"https:\/\/dedemesquita.com.br\/wp-content\/uploads\/2025\/08\/WhatsApp-Image-2025-08-11-at-19.12.48.jpeg\" alt=\"\" class=\"wp-image-13089\"\/><figcaption class=\"wp-element-caption\">Jeferson H\u00f6enisch, sempre por aqui no site, ao lado de sua conterr\u00e2nea, a atriz ga\u00facha e ex-BBB Vit\u00f3ria Strada, durante o lan\u00e7amento de uma linha de perfumaria da Natura em Bel\u00e9m<\/figcaption><\/figure><\/div>\n\n<div class=\"wp-block-image\">\n<figure class=\"aligncenter size-full\"><img loading=\"lazy\" decoding=\"async\" width=\"597\" height=\"750\" src=\"https:\/\/dedemesquita.com.br\/wp-content\/uploads\/2025\/08\/Screenshot_2025-08-07-20-22-48-437_com.instagram.android.jpg\" alt=\"\" class=\"wp-image-13090\"\/><figcaption class=\"wp-element-caption\">Helo\u00e1 Canali e Tain\u00e1 Dias no evento da Natura<\/figcaption><\/figure><\/div>\n\n<div class=\"wp-block-image\">\n<figure class=\"aligncenter size-full\"><img loading=\"lazy\" decoding=\"async\" width=\"800\" height=\"557\" src=\"https:\/\/dedemesquita.com.br\/wp-content\/uploads\/2025\/08\/Screenshot_2025-08-07-20-19-44-607_com.instagram.android.jpg\" alt=\"\" class=\"wp-image-13093\" srcset=\"https:\/\/dedemesquita.com.br\/wp-content\/uploads\/2025\/08\/Screenshot_2025-08-07-20-19-44-607_com.instagram.android.jpg 800w, https:\/\/dedemesquita.com.br\/wp-content\/uploads\/2025\/08\/Screenshot_2025-08-07-20-19-44-607_com.instagram.android-768x535.jpg 768w\" sizes=\"(max-width: 800px) 100vw, 800px\" \/><figcaption class=\"wp-element-caption\">Turma de jornalista do DOL e Di\u00e1rio do Par\u00e1 e a ex-BBB Isabelle Nogueira<\/figcaption><\/figure><\/div>\n\n<div class=\"wp-block-image\">\n<figure class=\"aligncenter size-full\"><img loading=\"lazy\" decoding=\"async\" width=\"681\" height=\"800\" src=\"https:\/\/dedemesquita.com.br\/wp-content\/uploads\/2025\/08\/Screenshot_2025-08-07-19-16-55-446_com.instagram.android.jpg\" alt=\"\" class=\"wp-image-13094\"\/><figcaption class=\"wp-element-caption\">Trisha Guimar\u00e3es, Amanda Pereira, M\u00e1rcio Lins e Jo\u00e3o Jadson na festa da Natura<\/figcaption><\/figure><\/div>\n\n<div class=\"wp-block-image\">\n<figure class=\"aligncenter size-full\"><img loading=\"lazy\" decoding=\"async\" width=\"750\" height=\"659\" src=\"https:\/\/dedemesquita.com.br\/wp-content\/uploads\/2025\/08\/Screenshot_2025-08-07-19-16-23-837_com.instagram.android.jpg\" alt=\"\" class=\"wp-image-13095\"\/><figcaption class=\"wp-element-caption\">Trisha Guimar\u00e3es, dona e propriet\u00e1ria do perfil no Instagram A Casa Como Ela \u00c9<\/figcaption><\/figure><\/div>\n\n<div class=\"wp-block-image\">\n<figure class=\"aligncenter size-full\"><img loading=\"lazy\" decoding=\"async\" width=\"612\" height=\"800\" src=\"https:\/\/dedemesquita.com.br\/wp-content\/uploads\/2025\/08\/Screenshot_2025-08-07-13-01-02-854_com.instagram.android.jpg\" alt=\"\" class=\"wp-image-13096\"\/><figcaption class=\"wp-element-caption\">Dona Onete fez um dos show da noites e as coleguinhas Andreia Teixeira, Priscilla Amaral e Danielle Dias aproveitaram para tietar  a Musa <\/figcaption><\/figure><\/div>\n\n<div class=\"wp-block-image\">\n<figure class=\"aligncenter size-full\"><img loading=\"lazy\" decoding=\"async\" width=\"750\" height=\"590\" src=\"https:\/\/dedemesquita.com.br\/wp-content\/uploads\/2025\/08\/Screenshot_2025-08-07-13-00-29-730_com.instagram.android.jpg\" alt=\"\" class=\"wp-image-13097\"\/><figcaption class=\"wp-element-caption\">Andreia Teixeira e a ex-BBB Alane Dias, uma das musas da festa da Natura <\/figcaption><\/figure><\/div>\n\n<div class=\"wp-block-image\">\n<figure class=\"aligncenter size-full\"><img loading=\"lazy\" decoding=\"async\" width=\"800\" height=\"682\" src=\"https:\/\/dedemesquita.com.br\/wp-content\/uploads\/2025\/08\/imprensa_evento_Natura.jpg\" alt=\"\" class=\"wp-image-13098\" srcset=\"https:\/\/dedemesquita.com.br\/wp-content\/uploads\/2025\/08\/imprensa_evento_Natura.jpg 800w, https:\/\/dedemesquita.com.br\/wp-content\/uploads\/2025\/08\/imprensa_evento_Natura-768x655.jpg 768w\" sizes=\"(max-width: 800px) 100vw, 800px\" \/><figcaption class=\"wp-element-caption\">Jornalistas de Bel\u00e9m na festa da Natura<\/figcaption><\/figure><\/div>\n\n<div class=\"wp-block-image\">\n<figure class=\"aligncenter size-full\"><img loading=\"lazy\" decoding=\"async\" width=\"750\" height=\"648\" src=\"https:\/\/dedemesquita.com.br\/wp-content\/uploads\/2025\/08\/WhatsApp-Image-2025-08-11-at-19.12.50.jpeg\" alt=\"\" class=\"wp-image-13100\"\/><figcaption class=\"wp-element-caption\">Lia Corpes, do portal Correio Paraense, e Jeferson na festa da Natura <\/figcaption><\/figure><\/div>\n\n\n<p><strong>SBT Par\u00e1 e ministro &#8211; <\/strong>O SBT Par\u00e1 recebeu o ministro da Sa\u00fade, <strong>Alexandre Padilha<\/strong>, m\u00e9dico infectologista, defensor do SUS e do Programa Nacional de Imuniza\u00e7\u00f5es, que foi recebido pelo diretor <strong>Carlos Amorim<\/strong> e pela jornalistas <strong>Bianca Teixeira<\/strong>, apresentadora e editora-chefe do Jornal SBT Par\u00e1.<\/p>\n\n\n<div class=\"wp-block-image\">\n<figure class=\"aligncenter size-full\"><img loading=\"lazy\" decoding=\"async\" width=\"672\" height=\"800\" src=\"https:\/\/dedemesquita.com.br\/wp-content\/uploads\/2025\/08\/ministro.jpeg\" alt=\"\" class=\"wp-image-13099\"\/><figcaption class=\"wp-element-caption\">Alexandre Padilha no SBT Par\u00e1<\/figcaption><\/figure><\/div>\n\n\n<p><strong>Churrasco para a galera &#8211; <\/strong>No s\u00e1bado, 9, o <strong>Marine Club<\/strong> recebeu a <strong>1\u00aa edi\u00e7\u00e3o do Festival BBQ Show<\/strong>, considerado o maior festival de open food do Norte e Nordeste. Apesar de um bafaf\u00e1 interno envolvendo produ\u00e7\u00f5es de festivais de churrasco com nomes semelhantes em Bel\u00e9m, o evento reuniu diversas atra\u00e7\u00f5es e contou com o atendimento \u00e0 imprensa realizado pela <strong>AV Comunica\u00e7\u00e3o<\/strong>, sob o comando de <strong>Anna Vieira<\/strong>. Marcaram presen\u00e7a no evento de comilan\u00e7a o jornalistas <strong>Matheus Viggo<\/strong>, <strong>Luiz Fl\u00e1vio Costa<\/strong> &#8211; o Luiz\u00e3o -, <strong>S\u00e9rgio Manoel<\/strong>,<strong> Sancha Luna<\/strong>, <strong>Karina S\u00e1<\/strong> e <strong>Jeferson H\u00f6enisch<\/strong>.<\/p>\n\n\n<div class=\"wp-block-image\">\n<figure class=\"aligncenter size-full is-resized\"><img loading=\"lazy\" decoding=\"async\" width=\"800\" height=\"600\" src=\"https:\/\/dedemesquita.com.br\/wp-content\/uploads\/2025\/08\/WhatsApp-Image-2025-08-12-at-14.01.37.jpeg\" alt=\"\" class=\"wp-image-13101\" style=\"width:800px;height:auto\" srcset=\"https:\/\/dedemesquita.com.br\/wp-content\/uploads\/2025\/08\/WhatsApp-Image-2025-08-12-at-14.01.37.jpeg 800w, https:\/\/dedemesquita.com.br\/wp-content\/uploads\/2025\/08\/WhatsApp-Image-2025-08-12-at-14.01.37-768x576.jpeg 768w\" sizes=\"(max-width: 800px) 100vw, 800px\" \/><figcaption class=\"wp-element-caption\">Karina S\u00e1, Sancha Luna, Matheus Viggo, Raquel, Luiz\u00e3o, S\u00e9rgio Manoel e Jeferson na churrascada BBQ Show<\/figcaption><\/figure><\/div>\n\n<div class=\"wp-block-image\">\n<figure class=\"aligncenter size-full\"><img loading=\"lazy\" decoding=\"async\" width=\"497\" height=\"800\" src=\"https:\/\/dedemesquita.com.br\/wp-content\/uploads\/2025\/08\/WhatsApp-Image-2025-08-11-at-19.03.15.jpeg\" alt=\"\" class=\"wp-image-13102\"\/><figcaption class=\"wp-element-caption\">Viggo e Karina, amorz\u00edneos <\/figcaption><\/figure><\/div>\n\n<div class=\"wp-block-image\">\n<figure class=\"aligncenter size-full\"><img loading=\"lazy\" decoding=\"async\" width=\"633\" height=\"800\" src=\"https:\/\/dedemesquita.com.br\/wp-content\/uploads\/2025\/08\/WhatsApp-Image-2025-08-11-at-19.09.35.jpeg\" alt=\"\" class=\"wp-image-13103\"\/><figcaption class=\"wp-element-caption\">Jeferson e o mascote do churrasco<\/figcaption><\/figure><\/div>\n\n<div class=\"wp-block-image\">\n<figure class=\"aligncenter size-full\"><img loading=\"lazy\" decoding=\"async\" width=\"589\" height=\"800\" src=\"https:\/\/dedemesquita.com.br\/wp-content\/uploads\/2025\/08\/WhatsApp-Image-2025-08-11-at-19.05.33.jpeg\" alt=\"\" class=\"wp-image-13104\"\/><figcaption class=\"wp-element-caption\">Raquel, esposa do Luiz\u00e3o e jornalista honor\u00e1ria, e Sancha<\/figcaption><\/figure><\/div>\n\n<div class=\"wp-block-image\">\n<figure class=\"aligncenter size-full\"><img loading=\"lazy\" decoding=\"async\" width=\"800\" height=\"629\" src=\"https:\/\/dedemesquita.com.br\/wp-content\/uploads\/2025\/08\/WhatsApp-Image-2025-08-11-at-19.03.55.jpeg\" alt=\"\" class=\"wp-image-13105\" srcset=\"https:\/\/dedemesquita.com.br\/wp-content\/uploads\/2025\/08\/WhatsApp-Image-2025-08-11-at-19.03.55.jpeg 800w, https:\/\/dedemesquita.com.br\/wp-content\/uploads\/2025\/08\/WhatsApp-Image-2025-08-11-at-19.03.55-768x604.jpeg 768w\" sizes=\"(max-width: 800px) 100vw, 800px\" \/><figcaption class=\"wp-element-caption\">Luiz\u00e3o, Raquel e Sancha <\/figcaption><\/figure><\/div>\n\n\n<p><strong>RedeTV Bel\u00e9m n\u00e3o paga ningu\u00e9m &#8211; <\/strong>A r\u00e1dio <strong>Jovem Pan Bel\u00e9m<\/strong> est\u00e1 operando no est\u00fadio da <strong>RedeTV Bel\u00e9m<\/strong>. O que todos querem saber \u00e9 quem est\u00e1 por tr\u00e1s dessa concess\u00e3o que, antes, estava com o empres\u00e1rio <strong>Ti\u00e3o Miranda<\/strong>, da cidade Marab\u00e1. Isso porque, os funcion\u00e1rios que sa\u00edram da RedeTV, h\u00e1 pelo menos dois anos, at\u00e9 agora n\u00e3o receberam o que lhes \u00e9 devido e apelaram \u00e0 Justi\u00e7a Trabalhista. O problema \u00e9 que mesmo vencido os processos, <strong>Bruno Rodrigues<\/strong>, o <strong>Brun\u00e3o<\/strong>, dono da RedeTV Bel\u00e9m alega que n\u00e3o tem como pagar a quem deve. O problema \u00e9 que por mais que fa\u00e7am dilig\u00eancias e busca, nada que tenha a ver com a emissora est\u00e1 em nome de Bruno e sim, da esposa dele, <strong>Aderyan Feitosa Ara\u00fajo<\/strong>, a representante legal da empresa. Apesar de todos os esfor\u00e7os envidados pelo ju\u00edzo, n\u00e3o foram localizados bens em nome da empresa ou de sua s\u00f3cia que viabilizassem a satisfa\u00e7\u00e3o do cr\u00e9dito devido. Um dos advogados aponta que: <em>\u201cN\u00e3o bastasse a inadimpl\u00eancia reiterada e o esvaziamento de bens em nome da empresa e de sua representante legal, Aderyan, h\u00e1 robustos ind\u00edcios de que a personalidade jur\u00eddica vem sendo utilizada como verdadeiro escudo para prote\u00e7\u00e3o do patrim\u00f4nio pessoal, frustrando a efetividade do cr\u00e9dito trabalhista\u201d<\/em>. O processo continua e \u00e9 sabido que a empresa de Brun\u00e3o tem patroc\u00ednio de <strong>verbas p\u00fablicas de publicidade<\/strong>, mas <strong><em>de alguma forma<\/em><\/strong>, esses pagamentos n\u00e3o aparecem quando s\u00e3o pesquisados. Enquanto isso, os ex-funcion\u00e1rios da RedeTV Bel\u00e9m ficam sem receber o \u00e9 de direito deles.<\/p>\n\n\n<div class=\"wp-block-image\">\n<figure class=\"aligncenter size-full\"><img loading=\"lazy\" decoding=\"async\" width=\"447\" height=\"534\" src=\"https:\/\/dedemesquita.com.br\/wp-content\/uploads\/2025\/08\/WhatsApp-Image-2025-08-12-at-15.57.23.jpeg\" alt=\"\" class=\"wp-image-13119\"\/><figcaption class=\"wp-element-caption\">Brun\u00e3o diz que n\u00e3o tem dinheiro para pagar causas trabalhistas, mas acolheu a Jovem Pan Bel\u00e9m no est\u00fadio da RedeTV Bel\u00e9m, que \u00e9 dele, mas est\u00e1 no nome da esposa dele, Aderyan <\/figcaption><\/figure><\/div>\n\n\n<p><strong>Morte de Bira &#8211; <\/strong>O jornalista <strong>Ubiratan Ferreira Filho<\/strong>, de 71 anos, faleceu na quinta-feira, dia 7. Com passagens por <strong>A Prov\u00edncia do Par\u00e1<\/strong>, <strong>Di\u00e1rio do Par\u00e1<\/strong>, <strong>Rede TV<\/strong>, ele se aposentou como diretor de telejornalismo da<strong> TV Record<\/strong>. Tamb\u00e9m foi assessor de comunica\u00e7\u00e3o da Vasp, e presidente da Associa\u00e7\u00e3o dos Cronistas e Locutores Esportivos do Estado do Par\u00e1 &#8211; Aclep. Em Tucuru\u00ed, criou o pr\u00f3prio jornal, &#8220;O Gafanhoto, e exerceu o cargo de chefe de gabinete da prefeitura municipal. Como rep\u00f3rter policial, ganhou da Seguran\u00e7a P\u00fablica do Estado, a carteira da Pol\u00edcia Civil, reconhecimento dado a poucos. Ubiratan tamb\u00e9m denunciou a viol\u00eancia sofrida pelos jornalistas no Par\u00e1, como ocorreu com um dos seus filhos, tamb\u00e9m jornalista, por um ex-prefeito de Tucuru\u00ed.<\/p>\n\n\n<div class=\"wp-block-image\">\n<figure class=\"aligncenter size-full\"><img loading=\"lazy\" decoding=\"async\" width=\"608\" height=\"415\" src=\"https:\/\/dedemesquita.com.br\/wp-content\/uploads\/2025\/08\/Ubiratan_morte.jpeg\" alt=\"\" class=\"wp-image-13106\"\/><figcaption class=\"wp-element-caption\">Ubiratan fez carreira no jornalista entre Bel\u00e9m e Tucuru\u00ed<\/figcaption><\/figure><\/div>\n\n\n<p><\/p>\n\n\n\n<p class=\"has-text-align-center\"><strong>FOTOS DA SEMANA<\/strong><\/p>\n\n\n\n<p class=\"has-text-align-left\"><strong> Xarque da Gaby &#8211;<\/strong> Na ter\u00e7a-feira, 5, exatamente uma semana atr\u00e1s, a Cidade Velha tremeu com a segunda vers\u00e3o da festa <strong>Xarque da Gaby<\/strong>, que celebra o anivers\u00e1rio da cantora <strong>Gaby Amarantos<\/strong>. Este ano de <strong>2025<\/strong>, at\u00e9 <strong>Maju Coutinho<\/strong>, apresentadora do &#8220;Fant\u00e1stico&#8221;, deu close por l\u00e1. Muitos coleguinhas tamb\u00e9m marcaram presen\u00e7a, assim como estrelas da m\u00fasica paraense e das redes sociais locais. Eu s\u00f3 sei e quero dizer que a festa foi babadeira. T\u00e3o babado que no <em>after<\/em> do regabofe <strong>teve uma situa\u00e7\u00e3o complicada com um coleguinha bem exaltadinho e com umas doses a mais, que gentilmente foi convidado a se retirar<\/strong>. <strong><em>N\u00e3o vou citar o nome do rapaz<\/em><\/strong>, mas <strong>quero<\/strong> e <strong>espero<\/strong> <strong>sinceramente <\/strong>que ele se comporte mais civilizadamente em eventos pr\u00f3ximos, porque como todo mundo est\u00e1 falando: &#8220;<strong><em>Manoooo, para que t\u00e1 feio. Fica direito!&#8221;<\/em><\/strong> E talvez da pr\u00f3xima vez &#8211; <em>e espero que n\u00e3o ocorra<\/em> &#8211; <strong>o meu dedo desliza e escreve o nome<\/strong> <strong>dele<\/strong>, n\u00e9? <\/p>\n\n\n<div class=\"wp-block-image\">\n<figure class=\"aligncenter size-full\"><img loading=\"lazy\" decoding=\"async\" width=\"634\" height=\"800\" src=\"https:\/\/dedemesquita.com.br\/wp-content\/uploads\/2025\/08\/Screenshot_2025-08-06-01-52-04-504_com.instagram.android.jpg\" alt=\"\" class=\"wp-image-13107\"\/><figcaption class=\"wp-element-caption\">Matheus Viggo e Maju Coutinho, que estava toda &#8220;soltinha&#8221; no Xarque da Gaby<\/figcaption><\/figure><\/div>\n\n<div class=\"wp-block-image\">\n<figure class=\"aligncenter size-full\"><img loading=\"lazy\" decoding=\"async\" width=\"574\" height=\"800\" src=\"https:\/\/dedemesquita.com.br\/wp-content\/uploads\/2025\/08\/Screenshot_2025-08-06-01-46-39-902_com.instagram.android.jpg\" alt=\"\" class=\"wp-image-13108\"\/><figcaption class=\"wp-element-caption\">Taym\u00e3 Carneiro, do G1 Par\u00e1<\/figcaption><\/figure><\/div>\n\n<div class=\"wp-block-image\">\n<figure class=\"aligncenter size-full\"><img loading=\"lazy\" decoding=\"async\" width=\"582\" height=\"800\" src=\"https:\/\/dedemesquita.com.br\/wp-content\/uploads\/2025\/08\/Screenshot_2025-08-06-01-44-18-835_com.instagram.android.jpg\" alt=\"\" class=\"wp-image-13109\"\/><figcaption class=\"wp-element-caption\">Christian Emanoel e Z\u00e9 na Rede<\/figcaption><\/figure><\/div>\n\n<div class=\"wp-block-image\">\n<figure class=\"aligncenter size-full\"><img loading=\"lazy\" decoding=\"async\" width=\"469\" height=\"800\" src=\"https:\/\/dedemesquita.com.br\/wp-content\/uploads\/2025\/08\/Screenshot_2025-08-06-01-41-57-413_com.instagram.android.jpg\" alt=\"\" class=\"wp-image-13110\"\/><figcaption class=\"wp-element-caption\">O casal, dono da Lambateria em Bel\u00e9m, o m\u00fasico Felix Robatto e a jornalista S\u00f4nia Ferro <\/figcaption><\/figure><\/div>\n\n<div class=\"wp-block-image\">\n<figure class=\"aligncenter size-full\"><img loading=\"lazy\" decoding=\"async\" width=\"462\" height=\"800\" src=\"https:\/\/dedemesquita.com.br\/wp-content\/uploads\/2025\/08\/Screenshot_2025-08-06-01-41-36-842_com.instagram.android.jpg\" alt=\"\" class=\"wp-image-13111\"\/><figcaption class=\"wp-element-caption\">Dani Filgueiras e essa ic\u00f4nica saia feita de faixas que anunciam festas de aparelhagem em Bel\u00e9m<\/figcaption><\/figure><\/div>\n\n<div class=\"wp-block-image\">\n<figure class=\"aligncenter size-full\"><img loading=\"lazy\" decoding=\"async\" width=\"800\" height=\"558\" src=\"https:\/\/dedemesquita.com.br\/wp-content\/uploads\/2025\/08\/Screenshot_2025-08-06-01-40-50-269_com.instagram.android.jpg\" alt=\"\" class=\"wp-image-13112\" srcset=\"https:\/\/dedemesquita.com.br\/wp-content\/uploads\/2025\/08\/Screenshot_2025-08-06-01-40-50-269_com.instagram.android.jpg 800w, https:\/\/dedemesquita.com.br\/wp-content\/uploads\/2025\/08\/Screenshot_2025-08-06-01-40-50-269_com.instagram.android-768x536.jpg 768w\" sizes=\"(max-width: 800px) 100vw, 800px\" \/><figcaption class=\"wp-element-caption\">Turma da imprensa de Bel\u00e9m no Xarque da Gaby <\/figcaption><\/figure><\/div>\n\n<div class=\"wp-block-image\">\n<figure class=\"aligncenter size-full\"><img loading=\"lazy\" decoding=\"async\" width=\"465\" height=\"624\" src=\"https:\/\/dedemesquita.com.br\/wp-content\/uploads\/2025\/08\/WhatsApp-Image-2025-08-06-at-11.54.23.jpeg\" alt=\"\" class=\"wp-image-13113\"\/><figcaption class=\"wp-element-caption\">Christian Emanoel, Gil S\u00f3ter e Taym\u00e3 Carneiro <\/figcaption><\/figure><\/div>\n\n\n<p class=\"has-text-align-center\"><strong>OUTRAS FOTOS<\/strong><\/p>\n\n\n<div class=\"wp-block-image\">\n<figure class=\"aligncenter size-full\"><img loading=\"lazy\" decoding=\"async\" width=\"800\" height=\"530\" src=\"https:\/\/dedemesquita.com.br\/wp-content\/uploads\/2025\/08\/Screenshot_2025-08-11-22-10-41-607_com.instagram.android.jpg\" alt=\"\" class=\"wp-image-13117\" srcset=\"https:\/\/dedemesquita.com.br\/wp-content\/uploads\/2025\/08\/Screenshot_2025-08-11-22-10-41-607_com.instagram.android.jpg 800w, https:\/\/dedemesquita.com.br\/wp-content\/uploads\/2025\/08\/Screenshot_2025-08-11-22-10-41-607_com.instagram.android-768x509.jpg 768w, https:\/\/dedemesquita.com.br\/wp-content\/uploads\/2025\/08\/Screenshot_2025-08-11-22-10-41-607_com.instagram.android-600x398.jpg 600w, https:\/\/dedemesquita.com.br\/wp-content\/uploads\/2025\/08\/Screenshot_2025-08-11-22-10-41-607_com.instagram.android-455x300.jpg 455w\" sizes=\"(max-width: 800px) 100vw, 800px\" \/><figcaption class=\"wp-element-caption\">Despedida de Gisa Smith &#8211; ao centro de \u00f3culos &#8211; dos colegas da Reda\u00e7\u00e3o Integrada O Liberal <\/figcaption><\/figure><\/div>\n\n<div class=\"wp-block-image\">\n<figure class=\"aligncenter size-full\"><img loading=\"lazy\" decoding=\"async\" width=\"700\" height=\"484\" src=\"https:\/\/dedemesquita.com.br\/wp-content\/uploads\/2025\/08\/Screenshot_2025-08-09-19-26-37-718_com.instagram.android.jpg\" alt=\"\" class=\"wp-image-13114\"\/><figcaption class=\"wp-element-caption\">Lidyane Albim est\u00e1 frilando no SBT Par\u00e1 <\/figcaption><\/figure><\/div>\n\n<div class=\"wp-block-image\">\n<figure class=\"aligncenter size-full\"><img loading=\"lazy\" decoding=\"async\" width=\"540\" height=\"800\" src=\"https:\/\/dedemesquita.com.br\/wp-content\/uploads\/2025\/08\/Screenshot_2025-08-07-20-47-23-584_com.instagram.android.jpg\" alt=\"\" class=\"wp-image-13115\"\/><figcaption class=\"wp-element-caption\">Imprensa trabalhando na abertura da feira Super Norte <\/figcaption><\/figure><\/div>\n\n<div class=\"wp-block-image\">\n<figure class=\"aligncenter size-full\"><img loading=\"lazy\" decoding=\"async\" width=\"599\" height=\"800\" src=\"https:\/\/dedemesquita.com.br\/wp-content\/uploads\/2025\/08\/WhatsApp-Image-2025-08-07-at-15.54.54.jpeg\" alt=\"\" class=\"wp-image-13116\"\/><figcaption class=\"wp-element-caption\">Jeferson H\u00f6enisch nas obras do Parque da Cidade <\/figcaption><\/figure><\/div>","protected":false},"excerpt":{"rendered":"<p>Bel\u00e9m, 12 de agosto de 2025 &#8211; Mais uma ter\u00e7a-feira de atualiza\u00e7\u00f5es por aqui. E aqui de sempre: quando se pensa que n\u00e3o h\u00e1, \u00e9 a\u00ed que surgem as novidades. Sa\u00eddas da Secom-PA &#8211; A jornalista K\u00e9zia Carvalho, depois de cerca de cinco anos, deixou a Secom\/ Ag\u00eancia Par\u00e1, onde atuava na \u00e1rea de publicidade. [&hellip;]<\/p>\n","protected":false},"author":2,"featured_media":13081,"comment_status":"open","ping_status":"open","sticky":false,"template":"","format":"standard","meta":{"footnotes":""},"categories":[51,14,29],"tags":[387,1071,377,830,1031,976,1095,351,1062,985,831,1096,1091,119,120,986,1094,1093,74,954,313,150,1092,312,1097],"class_list":["post-13079","post","type-post","status-publish","format-standard","has-post-thumbnail","hentry","category-destaque","category-imprensa","category-jornalismo","tag-aclep","tag-aguas-do-para","tag-amazonia-vox","tag-canal-futura","tag-cirio-2025","tag-cop30","tag-correio-paraense","tag-daniel-nardin","tag-exercito","tag-fsb","tag-fundacao-roberto-matinho","tag-gabi-amarantos","tag-globoplay","tag-jornalismo","tag-jornalistas-paraenses-em-acao","tag-jovem-pan-belem","tag-marine-club","tag-natura","tag-prefeitura-de-belem","tag-redetv","tag-sbt-para","tag-secom-pa","tag-segbel","tag-unama","tag-xarque-da-gaby"],"yoast_head":"<!-- This site is optimized with the Yoast SEO plugin v19.10 - https:\/\/yoast.com\/wordpress\/plugins\/seo\/ -->\n<title>RedeTV Bel\u00e9m, mesmo com muitos processos na Justi\u00e7a Trabalhista, n\u00e3o paga ningu\u00e9m; Ex\u00e9rcito se prepara para COP30 e coleguinhas se divertem em churrasco - Ded\u00e9 Mesquita<\/title>\n<meta name=\"robots\" content=\"index, follow, max-snippet:-1, max-image-preview:large, max-video-preview:-1\" \/>\n<link rel=\"canonical\" href=\"https:\/\/dedemesquita.com.br\/?p=13079\" \/>\n<meta property=\"og:locale\" content=\"pt_BR\" \/>\n<meta property=\"og:type\" content=\"article\" \/>\n<meta property=\"og:title\" content=\"RedeTV Bel\u00e9m, mesmo com muitos processos na Justi\u00e7a Trabalhista, n\u00e3o paga ningu\u00e9m; Ex\u00e9rcito se prepara para COP30 e coleguinhas se divertem em churrasco - Ded\u00e9 Mesquita\" \/>\n<meta property=\"og:description\" content=\"Bel\u00e9m, 12 de agosto de 2025 &#8211; Mais uma ter\u00e7a-feira de atualiza\u00e7\u00f5es por aqui. E aqui de sempre: quando se pensa que n\u00e3o h\u00e1, \u00e9 a\u00ed que surgem as novidades. Sa\u00eddas da Secom-PA &#8211; A jornalista K\u00e9zia Carvalho, depois de cerca de cinco anos, deixou a Secom\/ Ag\u00eancia Par\u00e1, onde atuava na \u00e1rea de publicidade. [&hellip;]\" \/>\n<meta property=\"og:url\" content=\"https:\/\/dedemesquita.com.br\/?p=13079\" \/>\n<meta property=\"og:site_name\" content=\"Ded\u00e9 Mesquita\" \/>\n<meta property=\"article:publisher\" content=\"https:\/\/www.facebook.com\/dede.mesquita\" \/>\n<meta property=\"article:published_time\" content=\"2025-08-12T19:00:01+00:00\" \/>\n<meta property=\"article:modified_time\" content=\"2025-08-13T15:50:50+00:00\" \/>\n<meta property=\"og:image\" content=\"https:\/\/dedemesquita.com.br\/wp-content\/uploads\/2025\/08\/capa.jpeg\" \/>\n\t<meta property=\"og:image:width\" content=\"960\" \/>\n\t<meta property=\"og:image:height\" content=\"594\" \/>\n\t<meta property=\"og:image:type\" content=\"image\/jpeg\" \/>\n<meta name=\"author\" content=\"Ded\u00e9 Mesquita\" \/>\n<meta name=\"twitter:card\" content=\"summary_large_image\" \/>\n<meta name=\"twitter:creator\" content=\"@dedemesquita\" \/>\n<meta name=\"twitter:site\" content=\"@dedemesquita\" \/>\n<meta name=\"twitter:label1\" content=\"Escrito por\" \/>\n\t<meta name=\"twitter:data1\" content=\"Ded\u00e9 Mesquita\" \/>\n\t<meta name=\"twitter:label2\" content=\"Est. tempo de leitura\" \/>\n\t<meta name=\"twitter:data2\" content=\"17 minutos\" \/>\n<script type=\"application\/ld+json\" class=\"yoast-schema-graph\">{\"@context\":\"https:\/\/schema.org\",\"@graph\":[{\"@type\":\"WebPage\",\"@id\":\"https:\/\/dedemesquita.com.br\/?p=13079\",\"url\":\"https:\/\/dedemesquita.com.br\/?p=13079\",\"name\":\"RedeTV Bel\u00e9m, mesmo com muitos processos na Justi\u00e7a Trabalhista, n\u00e3o paga ningu\u00e9m; Ex\u00e9rcito se prepara para COP30 e coleguinhas se divertem em churrasco - Ded\u00e9 Mesquita\",\"isPartOf\":{\"@id\":\"https:\/\/dedemesquita.com.br\/#website\"},\"datePublished\":\"2025-08-12T19:00:01+00:00\",\"dateModified\":\"2025-08-13T15:50:50+00:00\",\"author\":{\"@id\":\"https:\/\/dedemesquita.com.br\/#\/schema\/person\/36571f81dd2d76dc3ab37231542c9e24\"},\"breadcrumb\":{\"@id\":\"https:\/\/dedemesquita.com.br\/?p=13079#breadcrumb\"},\"inLanguage\":\"pt-BR\",\"potentialAction\":[{\"@type\":\"ReadAction\",\"target\":[\"https:\/\/dedemesquita.com.br\/?p=13079\"]}]},{\"@type\":\"BreadcrumbList\",\"@id\":\"https:\/\/dedemesquita.com.br\/?p=13079#breadcrumb\",\"itemListElement\":[{\"@type\":\"ListItem\",\"position\":1,\"name\":\"In\u00edcio\",\"item\":\"https:\/\/dedemesquita.com.br\/\"},{\"@type\":\"ListItem\",\"position\":2,\"name\":\"RedeTV Bel\u00e9m, mesmo com muitos processos na Justi\u00e7a Trabalhista, n\u00e3o paga ningu\u00e9m; Ex\u00e9rcito se prepara para COP30 e coleguinhas se divertem em churrasco\"}]},{\"@type\":\"WebSite\",\"@id\":\"https:\/\/dedemesquita.com.br\/#website\",\"url\":\"https:\/\/dedemesquita.com.br\/\",\"name\":\"Ded\u00e9 Mesquita\",\"description\":\"Um site que mostra os bastidores da imprensa no estado do Par\u00e1 e em Bel\u00e9m\",\"potentialAction\":[{\"@type\":\"SearchAction\",\"target\":{\"@type\":\"EntryPoint\",\"urlTemplate\":\"https:\/\/dedemesquita.com.br\/?s={search_term_string}\"},\"query-input\":\"required name=search_term_string\"}],\"inLanguage\":\"pt-BR\"},{\"@type\":\"Person\",\"@id\":\"https:\/\/dedemesquita.com.br\/#\/schema\/person\/36571f81dd2d76dc3ab37231542c9e24\",\"name\":\"Ded\u00e9 Mesquita\",\"image\":{\"@type\":\"ImageObject\",\"inLanguage\":\"pt-BR\",\"@id\":\"https:\/\/dedemesquita.com.br\/#\/schema\/person\/image\/\",\"url\":\"https:\/\/dedemesquita.com.br\/wp-content\/uploads\/2021\/02\/foto_perfil-150x150.jpg\",\"contentUrl\":\"https:\/\/dedemesquita.com.br\/wp-content\/uploads\/2021\/02\/foto_perfil-150x150.jpg\",\"caption\":\"Ded\u00e9 Mesquita\"},\"sameAs\":[\"https:\/\/dedemesquita.com.br\"]}]}<\/script>\n<!-- \/ Yoast SEO plugin. -->","yoast_head_json":{"title":"RedeTV Bel\u00e9m, mesmo com muitos processos na Justi\u00e7a Trabalhista, n\u00e3o paga ningu\u00e9m; Ex\u00e9rcito se prepara para COP30 e coleguinhas se divertem em churrasco - Ded\u00e9 Mesquita","robots":{"index":"index","follow":"follow","max-snippet":"max-snippet:-1","max-image-preview":"max-image-preview:large","max-video-preview":"max-video-preview:-1"},"canonical":"https:\/\/dedemesquita.com.br\/?p=13079","og_locale":"pt_BR","og_type":"article","og_title":"RedeTV Bel\u00e9m, mesmo com muitos processos na Justi\u00e7a Trabalhista, n\u00e3o paga ningu\u00e9m; Ex\u00e9rcito se prepara para COP30 e coleguinhas se divertem em churrasco - Ded\u00e9 Mesquita","og_description":"Bel\u00e9m, 12 de agosto de 2025 &#8211; Mais uma ter\u00e7a-feira de atualiza\u00e7\u00f5es por aqui. E aqui de sempre: quando se pensa que n\u00e3o h\u00e1, \u00e9 a\u00ed que surgem as novidades. Sa\u00eddas da Secom-PA &#8211; A jornalista K\u00e9zia Carvalho, depois de cerca de cinco anos, deixou a Secom\/ Ag\u00eancia Par\u00e1, onde atuava na \u00e1rea de publicidade. [&hellip;]","og_url":"https:\/\/dedemesquita.com.br\/?p=13079","og_site_name":"Ded\u00e9 Mesquita","article_publisher":"https:\/\/www.facebook.com\/dede.mesquita","article_published_time":"2025-08-12T19:00:01+00:00","article_modified_time":"2025-08-13T15:50:50+00:00","og_image":[{"width":960,"height":594,"url":"https:\/\/dedemesquita.com.br\/wp-content\/uploads\/2025\/08\/capa.jpeg","type":"image\/jpeg"}],"author":"Ded\u00e9 Mesquita","twitter_card":"summary_large_image","twitter_creator":"@dedemesquita","twitter_site":"@dedemesquita","twitter_misc":{"Escrito por":"Ded\u00e9 Mesquita","Est. tempo de leitura":"17 minutos"},"schema":{"@context":"https:\/\/schema.org","@graph":[{"@type":"WebPage","@id":"https:\/\/dedemesquita.com.br\/?p=13079","url":"https:\/\/dedemesquita.com.br\/?p=13079","name":"RedeTV Bel\u00e9m, mesmo com muitos processos na Justi\u00e7a Trabalhista, n\u00e3o paga ningu\u00e9m; Ex\u00e9rcito se prepara para COP30 e coleguinhas se divertem em churrasco - Ded\u00e9 Mesquita","isPartOf":{"@id":"https:\/\/dedemesquita.com.br\/#website"},"datePublished":"2025-08-12T19:00:01+00:00","dateModified":"2025-08-13T15:50:50+00:00","author":{"@id":"https:\/\/dedemesquita.com.br\/#\/schema\/person\/36571f81dd2d76dc3ab37231542c9e24"},"breadcrumb":{"@id":"https:\/\/dedemesquita.com.br\/?p=13079#breadcrumb"},"inLanguage":"pt-BR","potentialAction":[{"@type":"ReadAction","target":["https:\/\/dedemesquita.com.br\/?p=13079"]}]},{"@type":"BreadcrumbList","@id":"https:\/\/dedemesquita.com.br\/?p=13079#breadcrumb","itemListElement":[{"@type":"ListItem","position":1,"name":"In\u00edcio","item":"https:\/\/dedemesquita.com.br\/"},{"@type":"ListItem","position":2,"name":"RedeTV Bel\u00e9m, mesmo com muitos processos na Justi\u00e7a Trabalhista, n\u00e3o paga ningu\u00e9m; Ex\u00e9rcito se prepara para COP30 e coleguinhas se divertem em churrasco"}]},{"@type":"WebSite","@id":"https:\/\/dedemesquita.com.br\/#website","url":"https:\/\/dedemesquita.com.br\/","name":"Ded\u00e9 Mesquita","description":"Um site que mostra os bastidores da imprensa no estado do Par\u00e1 e em Bel\u00e9m","potentialAction":[{"@type":"SearchAction","target":{"@type":"EntryPoint","urlTemplate":"https:\/\/dedemesquita.com.br\/?s={search_term_string}"},"query-input":"required name=search_term_string"}],"inLanguage":"pt-BR"},{"@type":"Person","@id":"https:\/\/dedemesquita.com.br\/#\/schema\/person\/36571f81dd2d76dc3ab37231542c9e24","name":"Ded\u00e9 Mesquita","image":{"@type":"ImageObject","inLanguage":"pt-BR","@id":"https:\/\/dedemesquita.com.br\/#\/schema\/person\/image\/","url":"https:\/\/dedemesquita.com.br\/wp-content\/uploads\/2021\/02\/foto_perfil-150x150.jpg","contentUrl":"https:\/\/dedemesquita.com.br\/wp-content\/uploads\/2021\/02\/foto_perfil-150x150.jpg","caption":"Ded\u00e9 Mesquita"},"sameAs":["https:\/\/dedemesquita.com.br"]}]}},"_links":{"self":[{"href":"https:\/\/dedemesquita.com.br\/index.php?rest_route=\/wp\/v2\/posts\/13079"}],"collection":[{"href":"https:\/\/dedemesquita.com.br\/index.php?rest_route=\/wp\/v2\/posts"}],"about":[{"href":"https:\/\/dedemesquita.com.br\/index.php?rest_route=\/wp\/v2\/types\/post"}],"author":[{"embeddable":true,"href":"https:\/\/dedemesquita.com.br\/index.php?rest_route=\/wp\/v2\/users\/2"}],"replies":[{"embeddable":true,"href":"https:\/\/dedemesquita.com.br\/index.php?rest_route=%2Fwp%2Fv2%2Fcomments&post=13079"}],"version-history":[{"count":5,"href":"https:\/\/dedemesquita.com.br\/index.php?rest_route=\/wp\/v2\/posts\/13079\/revisions"}],"predecessor-version":[{"id":13123,"href":"https:\/\/dedemesquita.com.br\/index.php?rest_route=\/wp\/v2\/posts\/13079\/revisions\/13123"}],"wp:featuredmedia":[{"embeddable":true,"href":"https:\/\/dedemesquita.com.br\/index.php?rest_route=\/wp\/v2\/media\/13081"}],"wp:attachment":[{"href":"https:\/\/dedemesquita.com.br\/index.php?rest_route=%2Fwp%2Fv2%2Fmedia&parent=13079"}],"wp:term":[{"taxonomy":"category","embeddable":true,"href":"https:\/\/dedemesquita.com.br\/index.php?rest_route=%2Fwp%2Fv2%2Fcategories&post=13079"},{"taxonomy":"post_tag","embeddable":true,"href":"https:\/\/dedemesquita.com.br\/index.php?rest_route=%2Fwp%2Fv2%2Ftags&post=13079"}],"curies":[{"name":"wp","href":"https:\/\/api.w.org\/{rel}","templated":true}]}}