{"id":12965,"date":"2025-07-29T15:51:14","date_gmt":"2025-07-29T18:51:14","guid":{"rendered":"https:\/\/dedemesquita.com.br\/?p=12965"},"modified":"2025-07-29T22:28:17","modified_gmt":"2025-07-30T01:28:17","slug":"aberto-o-credenciamento-para-a-cupula-dos-povos-rumo-a-cop30-crise-na-tv-record-belem-leva-a-demissao-de-duas-jornalistas-e-o-principio-de-incendio-na-rba-tv-que-deu-o-que-falar","status":"publish","type":"post","link":"https:\/\/dedemesquita.com.br\/?p=12965","title":{"rendered":"Aberto o credenciamento para a C\u00fapula dos Povos rumo \u00e0 COP30, crise na TV Record Bel\u00e9m leva \u00e0 demiss\u00e3o de duas jornalistas e o princ\u00edpio de inc\u00eandio na RBA TV que deu o que falar"},"content":{"rendered":"\n<p><strong>Bel\u00e9m, 29 de julho de 2025 &#8211;<\/strong> E tu a\u00ed que j\u00e1 estavas triste porque teve <strong>postagem<\/strong>, ontem, 28, e achava que as &#8220;boas&#8221; da semana n\u00e3o iriam chegar&#8230; <strong><em>Te acalma, macho!<\/em><\/strong> Tem muita hist\u00f3ria para contar nesta ter\u00e7a-feira. <\/p>\n\n\n\n<p><strong>Record Bel\u00e9m de mal a pior \u2013<\/strong> A <strong>TV Record Bel\u00e9m<\/strong>, al\u00e9m de perder mais audi\u00eancia, dia a dia, tamb\u00e9m se d\u00e1 ao \u201cluxo\u201d de perder jornalistas. Ap\u00f3s <strong>Adriana Martins<\/strong> pedir demiss\u00e3o, depois que o programa que ela apresentava, <strong>\u201cPar\u00e1 Record\u201d<\/strong>, foi tirado da grade da programa\u00e7\u00e3o, agora foi a vez de <strong>C\u00e9lia Pinho<\/strong> \u201cpedir as contas\u201d, n\u00e3o ficar na emissora e ver o \u201cbarco afundar\u201d de vez. No final da semana passada, a emissora demitiu a editora <strong>Lena Nery<\/strong>, que estava h\u00e1 muitos anos por l\u00e1. Ela foi desligada, com a alega\u00e7\u00e3o da dire\u00e7\u00e3o de &#8220;corte de gastos&#8221;, no momento em que chegou para trabalhar na TV. Lena comentou: &#8220;Foi um ciclo que chegou ao fim e estou bem&#8221;, disse afirmativamente.  &nbsp;<\/p>\n\n\n<div class=\"wp-block-image\">\n<figure class=\"aligncenter size-full\"><img loading=\"lazy\" decoding=\"async\" width=\"650\" height=\"508\" src=\"https:\/\/dedemesquita.com.br\/wp-content\/uploads\/2025\/07\/WhatsApp-Image-2025-07-29-at-15.10.44.jpeg\" alt=\"\" class=\"wp-image-12979\"\/><figcaption class=\"wp-element-caption\">C\u00e9lia Pinho deixou a Record Bel\u00e9m<\/figcaption><\/figure><\/div>\n\n<div class=\"wp-block-image\">\n<figure class=\"aligncenter size-full\"><img loading=\"lazy\" decoding=\"async\" width=\"500\" height=\"478\" src=\"https:\/\/dedemesquita.com.br\/wp-content\/uploads\/2025\/07\/WhatsApp-Image-2025-07-29-at-15.13.03-1.jpeg\" alt=\"\" class=\"wp-image-12981\"\/><figcaption class=\"wp-element-caption\">Lena Nery foi demitida, sob alega\u00e7\u00e3o de &#8220;cortes de gastos&#8221;<\/figcaption><\/figure><\/div>\n\n\n<p><strong>Rafael &#8211; <\/strong>O jornalista <strong>Rafael Miyake<\/strong> deixou a assessoria de comunica\u00e7\u00e3o de cultura e turismo da <strong>Prefeitura de Bel\u00e9m<\/strong>, e preferiu ficar apenas no <strong>Di\u00e1rio on Line &#8211; DOL.<\/strong><\/p>\n\n\n<div class=\"wp-block-image\">\n<figure class=\"aligncenter size-full\"><img loading=\"lazy\" decoding=\"async\" width=\"515\" height=\"600\" src=\"https:\/\/dedemesquita.com.br\/wp-content\/uploads\/2025\/07\/WhatsApp-Image-2025-07-29-at-13.08.07.jpeg\" alt=\"\" class=\"wp-image-12966\"\/><figcaption class=\"wp-element-caption\">Rafael deixou a Prefeitura de Bel\u00e9m e ficou somente no DOL<\/figcaption><\/figure><\/div>\n\n\n<p><strong>Tamires &#8211;<\/strong> A jornalista <strong>Tamires Porteglio<\/strong> est\u00e1 de casa nova e trabalhando em Bragan\u00e7a, a assessoria de comunica\u00e7\u00e3o da <strong>Unama<\/strong>, naquela cidade. <\/p>\n\n\n<div class=\"wp-block-image\">\n<figure class=\"aligncenter size-full\"><img loading=\"lazy\" decoding=\"async\" width=\"562\" height=\"750\" src=\"https:\/\/dedemesquita.com.br\/wp-content\/uploads\/2025\/07\/Tamires-Porteglio-1.jpeg\" alt=\"\" class=\"wp-image-12978\"\/><figcaption class=\"wp-element-caption\">Tamires agora \u00e9 da Unama-Bragan\u00e7a<\/figcaption><\/figure><\/div>\n\n\n<p><strong>Globo Rep\u00f3rter no Par\u00e1 &#8211; <\/strong>O programa <strong>\u201cGlobo Rep\u00f3rter\u201d<\/strong>, da <strong>TV Globo<\/strong>, esteve no Par\u00e1, produzindo uma reportagem e passou pelas cidades de Mocajuba, Abaetetuba, Barcarena e Bel\u00e9m, onde a equipe captou imagens e hist\u00f3rias do Estado. Antes de voltar para o Rio de Janeiro, o grupo, liderado pela rep\u00f3rter <strong>L\u00edlia Teles<\/strong>, provou mais um pouquinho da culin\u00e1ria regional, em Barcarena, onde foi acompanhado pelo jornalista <strong>Evandro Santos<\/strong>. &nbsp;<\/p>\n\n\n<div class=\"wp-block-image\">\n<figure class=\"aligncenter size-full\"><img loading=\"lazy\" decoding=\"async\" width=\"800\" height=\"696\" src=\"https:\/\/dedemesquita.com.br\/wp-content\/uploads\/2025\/07\/Screenshot_2025-07-25-21-41-37-899_com.instagram.android.jpg\" alt=\"\" class=\"wp-image-12967\" srcset=\"https:\/\/dedemesquita.com.br\/wp-content\/uploads\/2025\/07\/Screenshot_2025-07-25-21-41-37-899_com.instagram.android.jpg 800w, https:\/\/dedemesquita.com.br\/wp-content\/uploads\/2025\/07\/Screenshot_2025-07-25-21-41-37-899_com.instagram.android-768x668.jpg 768w\" sizes=\"(max-width: 800px) 100vw, 800px\" \/><figcaption class=\"wp-element-caption\">Evandro Santos, ao centro, fez as &#8220;honras da casa&#8221; para a equipe de L\u00edlia Teles, de blusa branca, ao lado dele<\/figcaption><\/figure><\/div>\n\n\n<p><strong>M\u00e3os de Outubro &#8211; <\/strong>Estreou na segunda-feira, 28, \u00e0s 10 horas, o projeto <strong>M\u00e3os de Outubro<\/strong>, de <strong>V\u00edtor Souza Lima<\/strong>, dentro do programa <strong>\u201cBora pra Cima\u201d<\/strong>, programa apresentado por <strong>Pl\u00e1cido Ramos<\/strong> na R\u00e1dio Pariana. Acompanhe o programa no YouTube da emissora<strong> <a href=\"https:\/\/www.youtube.com\/@redepariana\" target=\"_blank\" rel=\"noreferrer noopener\">https:\/\/www.youtube.com\/@redepariana<\/a> <\/strong>&nbsp;<\/p>\n\n\n<div class=\"wp-block-image\">\n<figure class=\"aligncenter size-full\"><img loading=\"lazy\" decoding=\"async\" width=\"750\" height=\"455\" src=\"https:\/\/dedemesquita.com.br\/wp-content\/uploads\/2025\/07\/Screenshot_2025-07-27-13-22-10-314_com.instagram.android.jpg\" alt=\"\" class=\"wp-image-12968\"\/><figcaption class=\"wp-element-caption\">V\u00edtor Souza Lima come\u00e7ou a contar as hist\u00f3ria do projeto M\u00e3os de Outubro na r\u00e1dio Pariana <\/figcaption><\/figure><\/div>\n\n\n<p><strong>C\u00fapula dos Povos &#8211; <\/strong>Est\u00e3o abertas as inscri\u00e7\u00f5es para o credenciamento de comunicadores e imprensa para a <strong>C\u00fapula dos Povos rumo \u00e0 COP30<\/strong>, que ser\u00e1 realizada de 12 a 16 de novembro de 2025, em Bel\u00e9m, no Par\u00e1, em paralelo \u00e0 COP30. O evento reunir\u00e1 vozes das Amaz\u00f4nias e do mundo inteiro na luta por justi\u00e7a clim\u00e1tica. O credenciamento <strong>\u00e9 gratuito e obrigat\u00f3rio para acesso \u00e0 \u00e1rea de imprensa<\/strong>. As solicita\u00e7\u00f5es ser\u00e3o analisadas e a confirma\u00e7\u00e3o ser\u00e1 enviada por e-mail. As informa\u00e7\u00f5es fornecidas ser\u00e3o utilizadas exclusivamente para fins de credenciamento e comunica\u00e7\u00e3o institucional.&nbsp;D\u00favidas pelo e-mail <a href=\"mailto:comunicacaonacional@cupuladospovoscop30.org\" target=\"_blank\" rel=\"noreferrer noopener\"><strong>comunicacaonacional@cupuladospovoscop30.org<\/strong><\/a> &nbsp;e no site <a href=\"https:\/\/cupuladospovoscop30.org\/\" target=\"_blank\" rel=\"noreferrer noopener\"><strong>https:\/\/cupuladospovoscop30.org\/<\/strong><\/a>&nbsp;&nbsp;<\/p>\n\n\n<div class=\"wp-block-image\">\n<figure class=\"aligncenter size-full\"><img loading=\"lazy\" decoding=\"async\" width=\"750\" height=\"334\" src=\"https:\/\/dedemesquita.com.br\/wp-content\/uploads\/2025\/07\/WhatsApp-Image-2025-07-29-at-15.18.27.jpeg\" alt=\"\" class=\"wp-image-12982\"\/><figcaption class=\"wp-element-caption\">A C\u00fapula dos Povos vai ter muitas atividades em meio \u00e0 COP 30, em Bel\u00e9m <\/figcaption><\/figure><\/div>\n\n\n<p><strong>Novo e-mail &#8211; <\/strong>A <strong>Secretaria Municipal de Seguran\u00e7a, Ordem P\u00fablica e Mobilidade de Bel\u00e9m &#8211; Segbel<\/strong> tem um novo e-mail para atendimento \u00e0 imprensa: <a href=\"mailto:ascomsegbel@gmail.com\" target=\"_blank\" rel=\"noreferrer noopener\"><strong>ascomsegbel@gmail.com<\/strong>.<\/a> Entrevistas, solicita\u00e7\u00f5es de nota e demais demandas jornal\u00edsticas devem ser realizadas exclusivamente por meio desse novo canal da assessoria de comunica\u00e7\u00e3o.&nbsp;Com a mudan\u00e7a, os e-mails anteriormente utilizados pela equipe de comunica\u00e7\u00e3o da SeMOB &#8211; <a href=\"mailto:ascomsemob@gmail.com\" target=\"_blank\" rel=\"noreferrer noopener\">ascomsemob@gmail.com<\/a> &nbsp;e <a href=\"mailto:ascom.semob@gmail.com\" target=\"_blank\" rel=\"noreferrer noopener\">ascom.semob@gmail.com<\/a> &#8211; foram desativados e n\u00e3o devem mais ser utilizados.&nbsp;&nbsp;<\/p>\n\n\n\n<p><strong>Festival Gabo &#8211; <\/strong>Como parte da premia\u00e7\u00e3o do <strong>Pr\u00eamio Roche<\/strong>, vencido pelo <strong>Amaz\u00f4nia Vox<\/strong>, no ano passado, <strong>Daniel Nardin<\/strong> esteve no <strong>Festival Gabo,<\/strong> em Bogot\u00e1, na Col\u00f4mbia, na semana passada. \u201cPara firmar novas conex\u00f5es, mais aprendizados e caminhos para seguir trabalhando com prop\u00f3sito e dedica\u00e7\u00e3o\u201d, disse Nardin.&nbsp;<\/p>\n\n\n<div class=\"wp-block-image\">\n<figure class=\"aligncenter size-full\"><img loading=\"lazy\" decoding=\"async\" width=\"450\" height=\"547\" src=\"https:\/\/dedemesquita.com.br\/wp-content\/uploads\/2025\/07\/WhatsApp-Image-2025-07-29-at-13.44.23.jpeg\" alt=\"\" class=\"wp-image-12969\"\/><figcaption class=\"wp-element-caption\">Daniel Nardin participou, mais uma vez, do Festival Gabo, na Col\u00f4mbia <\/figcaption><\/figure><\/div>\n\n\n<p><strong>Pr\u00eamio para Par\u00e1 2000 &#8211; <\/strong>No domingo, 27, a <strong>OS Par\u00e1 2000<\/strong> marcou presen\u00e7a no pr\u00eamio L\u00edderes do Norte 2025, e foi representada pela coordenadora de marketing, <strong>Fernanda Scaramuzzini<\/strong>. A OS foi reconhecida pelo impacto e compromisso com a cultura e inova\u00e7\u00e3o na regi\u00e3o Norte. &nbsp;<\/p>\n\n\n<div class=\"wp-block-image\">\n<figure class=\"aligncenter size-full\"><img loading=\"lazy\" decoding=\"async\" width=\"521\" height=\"696\" src=\"https:\/\/dedemesquita.com.br\/wp-content\/uploads\/2025\/07\/WhatsApp-Image-2025-07-29-at-13.49.13.jpeg\" alt=\"\" class=\"wp-image-12970\"\/><figcaption class=\"wp-element-caption\">Fernanda Scaramuzzini representou a OS Par\u00e1 2000 na premia\u00e7\u00e3o <\/figcaption><\/figure><\/div>\n\n\n<p><strong>Let\u00edcia chegou &#8211;<\/strong> H\u00e1 uma semana nasceu <strong>Let\u00edcia<\/strong>, segunda filha do casal, o fot\u00f3grafo <strong>Fernando Torres<\/strong>, e a mentora de mulheres, <strong>Larissa Torres<\/strong>. O casal j\u00e1 \u00e9 pai de <strong>Louise<\/strong>. Felicidades!!!<\/p>\n\n\n<div class=\"wp-block-image\">\n<figure class=\"aligncenter size-full\"><img loading=\"lazy\" decoding=\"async\" width=\"609\" height=\"698\" src=\"https:\/\/dedemesquita.com.br\/wp-content\/uploads\/2025\/07\/WhatsApp-Image-2025-07-29-at-15.46.12.jpeg\" alt=\"\" class=\"wp-image-13004\"\/><figcaption class=\"wp-element-caption\">Let\u00edcia chegou para a alegria de Fernando e Larissa <\/figcaption><\/figure><\/div>\n\n\n<p><\/p>\n\n\n\n<p class=\"has-text-align-center\"><strong>As mais mais<\/strong> <\/p>\n\n\n\n<p><strong>O &#8220;gerente&#8221; ficou louco &#8211; <\/strong>No s\u00e1bado, 19, pela manh\u00e3, houve um <strong>princ\u00edpio de inc\u00eandio no est\u00fadio da RBA TV<\/strong>, devido a um curto-circuito em uma lumin\u00e1ria, que foi <strong>coibido em tempo<\/strong>, mas o cheiro de queimado ficou forte. O programa <strong>\u201cBora Cidade\u201d<\/strong> foi apresentado provisoriamente no est\u00fadio do Jornal RBA, que fica na reda\u00e7\u00e3o da emissora. O <strong>gerente de jornalismo<\/strong> foi acionado devido ao incidente, j\u00e1 que se precisaria dele como gestor para saber as decis\u00f5es a serem tomadas a respeito dos programas que iriam ao ar. O que chamou aten\u00e7\u00e3o foi que ele chegou do jeito que estava, <strong><em>\u201cde bermudinha e camiseta regata\u201d<\/em><\/strong>. O programa iria iniciar com uma divis\u00e3o de tela, mas o <strong>\u201cgerente\u201d <\/strong>entrou de repente no est\u00fadio e disse para que fosse em \u201ctela cheia\u201d. A respons\u00e1vel pela transmiss\u00e3o pediu&nbsp;calma a ele, dizendo que j\u00e1 havia <strong>\u201cacertado tudo com a editora\u201d<\/strong>. <strong>Ele surtou<\/strong> e disse: <em>\u201cFaz o que eu estou te mandando. O que importa \u00e9 o que eu estou te mandando, agora. Eu sou o chefe de jornalismo aqui!\u201d<\/em>, falou, todo alteradinho. A mo\u00e7a ficou constrangida e n\u00e3o falou nada na hora, mas o que se comenta \u00e9 que ela denunciou a situa\u00e7\u00e3o como ass\u00e9dio moral ao <strong>RH<\/strong> do<strong> grupo RBA<\/strong>. &nbsp;<\/p>\n\n\n<div class=\"wp-block-image\">\n<figure class=\"aligncenter size-full\"><img loading=\"lazy\" decoding=\"async\" width=\"750\" height=\"352\" src=\"https:\/\/dedemesquita.com.br\/wp-content\/uploads\/2025\/07\/WhatsApp-Image-2025-07-29-at-14.52.04.jpeg\" alt=\"\" class=\"wp-image-12974\"\/><figcaption class=\"wp-element-caption\">Imagem meramente ilustrativa &#8211; e antiga &#8211; dos est\u00fadio da RBA TV <\/figcaption><\/figure><\/div>\n\n\n<p><strong>Resposta atravessada &#8211; <\/strong>O que n\u00e3o \u00e9 &#8220;meramente ilustrativo&#8221; \u00e9 a verdadeira &#8220;guerra&#8221; entre o <strong>grupo RBA <\/strong>e a assessoria de comunica\u00e7\u00e3o da <strong>Prefeitura de Ananindeua<\/strong>. Na semana passada, teve mais um round dessa disputa, quando a comunica\u00e7\u00e3o da Rep\u00fablica, muito injuriada, mandou um recado <strong>desaforado<\/strong> para o programa <strong>&#8220;Bora Cidade&#8221;<\/strong>, o que deixou os apresentadores <strong><em>PAS SA DOS.<\/em><\/strong> Veja:<\/p>\n\n\n<div class=\"wp-block-image\">\n<figure class=\"aligncenter size-full\"><img loading=\"lazy\" decoding=\"async\" width=\"800\" height=\"455\" src=\"https:\/\/dedemesquita.com.br\/wp-content\/uploads\/2025\/07\/WhatsApp-Image-2025-07-21-at-13.47.54.jpeg\" alt=\"\" class=\"wp-image-12975\" srcset=\"https:\/\/dedemesquita.com.br\/wp-content\/uploads\/2025\/07\/WhatsApp-Image-2025-07-21-at-13.47.54.jpeg 800w, https:\/\/dedemesquita.com.br\/wp-content\/uploads\/2025\/07\/WhatsApp-Image-2025-07-21-at-13.47.54-768x437.jpeg 768w\" sizes=\"(max-width: 800px) 100vw, 800px\" \/><figcaption class=\"wp-element-caption\">&#8220;\u00c9 mentira desse &#8216;jornalismo&#8217; barato&#8221; foi a resposta da assessoria \u00e0 TV <\/figcaption><\/figure><\/div>\n\n\n<p><\/p>\n\n\n\n<p><strong>Sem a menor explica\u00e7\u00e3o &#8211; <\/strong>As <strong>assessorias de comunica\u00e7\u00e3o da Prefeituras de Bel\u00e9m<\/strong> e <strong>de Marituba<\/strong>, al\u00e9m da <strong>Secretaria de Pol\u00edticas P\u00fablicas e Bem-estar Social &#8211; Sepes<\/strong>, apesar de terem sido questionadas por ve\u00edculos de internet, este site, incluso, h\u00e1 duas semanas, n\u00e3o mandaram\/ responderam <strong>um \u201cai\u201d sobre a esdr\u00faxula situa\u00e7\u00e3o dos assessores Laiana Damasceno e Raphael Albuquerque<\/strong>, que, por meio de documentos enviados \u00e0s reda\u00e7\u00f5es que mostram que os <strong>dois constam na lista de nomeados, tanto na Prefeitura de Bel\u00e9m, quanto na de Marituba<\/strong>, o que se constitui em uma <strong>ilegalidade<\/strong>, uma vez que, os dois n\u00e3o poderiam estar em dois lugares ao mesmo tempo, mas recebem sal\u00e1rios que variam <strong>de R$ 3 mil a R$ 4 mil, cada um<\/strong>. A titular da Sepes, <strong>Bruna Lorrane<\/strong>, tamb\u00e9m n\u00e3o se manifestou sobre o assunto e assim, a ilegalidade continua. E um dado que se mostra mais urgente: <strong>Laiana<\/strong> anunciou nas redes sociais dela que <strong>est\u00e1 gr\u00e1vida do primeiro filho<\/strong>. E assim, ela n\u00e3o pode ser demitida\/ exonerada por conta da legisla\u00e7\u00e3o trabalhista do Brasil. <strong>Durma-se com um barulho desses<\/strong>.  E eu, <strong>pessoalmente<\/strong>, mandei mensagem <strong>&#8211; que foi visualizada &#8211; <\/strong>ao secret\u00e1rio de comunica\u00e7\u00e3o da Prefeitura de Bel\u00e9m, <strong>Mauro Neto<\/strong>, informando sobre o e-mail oficializando as perguntas, mas n\u00e3o houve resposta alguma. Apesar que, <strong>Mauro Neto<\/strong>, h\u00e1 cerca de 4 meses me disse, em entrevista, que <strong>as demandas \u00e0 assessoria de comunica\u00e7\u00e3o da Prefeitura de Bel\u00e9m, sob a gest\u00e3o dele, s\u00e3o respondidas em, no m\u00e1ximo, 24 horas<\/strong>. <em>Deve ser 24 horas de um rel\u00f3gio muito grande.<\/em>  <\/p>\n\n\n<div class=\"wp-block-image\">\n<figure class=\"aligncenter size-full\"><img loading=\"lazy\" decoding=\"async\" width=\"672\" height=\"800\" src=\"https:\/\/dedemesquita.com.br\/wp-content\/uploads\/2025\/07\/Screenshot_2025-07-16-11-35-34-521_com.instagram.android.jpg\" alt=\"\" class=\"wp-image-12971\"\/><figcaption class=\"wp-element-caption\">Postagem do perfil Folha do Par\u00e1 Oficial sobre o assunto<\/figcaption><\/figure><\/div>\n\n<div class=\"wp-block-image\">\n<figure class=\"aligncenter size-full\"><img loading=\"lazy\" decoding=\"async\" width=\"800\" height=\"779\" src=\"https:\/\/dedemesquita.com.br\/wp-content\/uploads\/2025\/07\/Screenshot_2025-07-16-11-35-27-374_com.instagram.android.jpg\" alt=\"\" class=\"wp-image-12972\" srcset=\"https:\/\/dedemesquita.com.br\/wp-content\/uploads\/2025\/07\/Screenshot_2025-07-16-11-35-27-374_com.instagram.android.jpg 800w, https:\/\/dedemesquita.com.br\/wp-content\/uploads\/2025\/07\/Screenshot_2025-07-16-11-35-27-374_com.instagram.android-768x748.jpg 768w\" sizes=\"(max-width: 800px) 100vw, 800px\" \/><figcaption class=\"wp-element-caption\">&#8220;N\u00e3o \u00e9 permitido o ac\u00famulo de mais de um fun\u00e7\u00e3o gratificada ou cumulativa com cargo de provimento em comiss\u00e3o&#8221;, o famoso D.A.S.  <\/figcaption><\/figure><\/div>\n\n<div class=\"wp-block-image\">\n<figure class=\"aligncenter size-full\"><img loading=\"lazy\" decoding=\"async\" width=\"700\" height=\"352\" src=\"https:\/\/dedemesquita.com.br\/wp-content\/uploads\/2025\/07\/WhatsApp-Image-2025-07-18-at-19.04.36.jpeg\" alt=\"\" class=\"wp-image-13010\"\/><figcaption class=\"wp-element-caption\">Rafael consta da folha de pagamento da SEMAD, da Prefeitura de Bel\u00e9m, mas presta servi\u00e7o \u00e0 SEDES&#8230;<\/figcaption><\/figure><\/div>\n\n<div class=\"wp-block-image\">\n<figure class=\"aligncenter size-full\"><img loading=\"lazy\" decoding=\"async\" width=\"556\" height=\"800\" src=\"https:\/\/dedemesquita.com.br\/wp-content\/uploads\/2025\/07\/WhatsApp-Image-2025-07-18-at-19.08.16.jpeg\" alt=\"\" class=\"wp-image-13012\"\/><figcaption class=\"wp-element-caption\">&#8230; e est\u00e1 nomeado para a assessoria de comunica\u00e7\u00e3o da Prefeitura de Marituba <\/figcaption><\/figure><\/div>\n\n\n<p><strong>Pol\u00edcia Cient\u00edfica erra e Tutu aproveita para se vangloriar &#8211; <\/strong>E <strong>Tutu<\/strong>, gente? <strong>Sempre ele<\/strong>. No final da semana passada, ap\u00f3s uma <strong>verdadeira lamban\u00e7a<\/strong> da assessoria de comunica\u00e7\u00e3o da <strong>Pol\u00edcia Cient\u00edfica do Par\u00e1<\/strong>\u00a0em uma nota oficial, quando o portal Roma News pediu informa\u00e7\u00f5es sobre se um rapaz que fora espancado no bairro da Pedreira havia morrido ou n\u00e3o, e a <strong><em>assessoria de comunica\u00e7\u00e3o confirmou a morte<\/em><\/strong>, mas usando dados de outro caso ocorrido no bairro da Sacramenta, Tutu, com aquela bo\u00e7alidade que lhe \u00e9 peculiar, resolveu dar <strong>\u201caulas de jornalismo\u201d a colegas<\/strong>, em um grupo de WhatsApp. N\u00e3o contente, ele printou a postagem do Roma News, que estava tentando resolver o engano, e postou na rede social dele como se fosse <strong><em>\u201cfake news\u201d do Roma<\/em><\/strong>, mas n\u00e3o fez o \u00f3bvio que era ouvir o portal sobre o que havia acontecido. O Roma News foi induzido ao erro pela <strong>\u201cpoderosa\u201d<\/strong> e <strong>\u201cbambamb\u00e3\u201d assessoria da Ag\u00eancia Par\u00e1<\/strong>, que n\u00e3o se deu ao pr\u00e9stimo de fazer uma errata, mostrando que o erro partiu da comunica\u00e7\u00e3o oficial. O fato \u00e9 que o Roma News acabou sendo seguido por outros ve\u00edculos e todos erraram. Na verdade, o <strong>rapaz espancado est\u00e1 vivo, em estado grave <\/strong>e quem morreu foi um homem que assaltou e agrediu uma mulher em uma lavanderia. Ambos os casos aconteceram na quinta-feira, 24, um no bairro da Pedreira e o outro na Sacramenta. E Tutu? Ah! Ele continua na escalada de ser <strong>\u201cmuito querido\u201d<\/strong> pelos coleguinhas <strong>#SQN<\/strong>.<\/p>\n\n\n<div class=\"wp-block-image\">\n<figure class=\"aligncenter size-full\"><img loading=\"lazy\" decoding=\"async\" width=\"800\" height=\"542\" src=\"https:\/\/dedemesquita.com.br\/wp-content\/uploads\/2025\/07\/WhatsApp-Image-2025-07-29-at-14.16.57.jpeg\" alt=\"\" class=\"wp-image-12973\" srcset=\"https:\/\/dedemesquita.com.br\/wp-content\/uploads\/2025\/07\/WhatsApp-Image-2025-07-29-at-14.16.57.jpeg 800w, https:\/\/dedemesquita.com.br\/wp-content\/uploads\/2025\/07\/WhatsApp-Image-2025-07-29-at-14.16.57-768x520.jpeg 768w\" sizes=\"(max-width: 800px) 100vw, 800px\" \/><figcaption class=\"wp-element-caption\">A \u00e9tica de Tutu, realmente, \u00e9 admir\u00e1vel, mas ele tem a quem &#8220;puxar&#8221; <\/figcaption><\/figure><\/div>\n\n\n<p><\/p>\n\n\n\n<p class=\"has-text-align-center\"><strong>FOTOS DA SEMANA:<\/strong><\/p>\n\n\n\n<p><strong>Global &#8211; <\/strong>O evento Global Citizen Amaz\u00f4nia foi realizado em Bel\u00e9m, na quinta-feira, 24, no teatro Maria Sylvia Nunes, da Esta\u00e7\u00e3o das Docas. Coleguinhas da imprensa compareceram, em peso, ao evento. <\/p>\n\n\n<div class=\"wp-block-image\">\n<figure class=\"aligncenter size-full\"><img loading=\"lazy\" decoding=\"async\" width=\"600\" height=\"800\" src=\"https:\/\/dedemesquita.com.br\/wp-content\/uploads\/2025\/07\/global-1.jpeg\" alt=\"\" class=\"wp-image-12986\"\/><figcaption class=\"wp-element-caption\">Gabi Gutierres comando o grupo de jornalistas no Global Citizen<\/figcaption><\/figure><\/div>\n\n<div class=\"wp-block-image\">\n<figure class=\"aligncenter size-full\"><img loading=\"lazy\" decoding=\"async\" width=\"672\" height=\"800\" src=\"https:\/\/dedemesquita.com.br\/wp-content\/uploads\/2025\/07\/Luiz-Augusto-CBN.jpeg\" alt=\"\" class=\"wp-image-12987\"\/><figcaption class=\"wp-element-caption\">Luiz Augusto, da r\u00e1dio CBN Bel\u00e9m<\/figcaption><\/figure><\/div>\n\n<div class=\"wp-block-image\">\n<figure class=\"aligncenter size-full\"><img loading=\"lazy\" decoding=\"async\" width=\"467\" height=\"630\" src=\"https:\/\/dedemesquita.com.br\/wp-content\/uploads\/2025\/07\/WhatsApp-Image-2025-07-24-at-17.39.42.jpeg\" alt=\"\" class=\"wp-image-12988\"\/><figcaption class=\"wp-element-caption\">M\u00f4nica Maia, da Temple Comunica\u00e7\u00e3o<\/figcaption><\/figure><\/div>\n\n<div class=\"wp-block-image\">\n<figure class=\"aligncenter size-full\"><img loading=\"lazy\" decoding=\"async\" width=\"800\" height=\"511\" src=\"https:\/\/dedemesquita.com.br\/wp-content\/uploads\/2025\/07\/Screenshot_2025-07-25-07-16-13-800_com.instagram.android.jpg\" alt=\"\" class=\"wp-image-12989\" srcset=\"https:\/\/dedemesquita.com.br\/wp-content\/uploads\/2025\/07\/Screenshot_2025-07-25-07-16-13-800_com.instagram.android.jpg 800w, https:\/\/dedemesquita.com.br\/wp-content\/uploads\/2025\/07\/Screenshot_2025-07-25-07-16-13-800_com.instagram.android-768x491.jpg 768w\" sizes=\"(max-width: 800px) 100vw, 800px\" \/><figcaption class=\"wp-element-caption\">Kelvin Souza, Layse Santos e Erika Siqueira<\/figcaption><\/figure><\/div>\n\n<div class=\"wp-block-image\">\n<figure class=\"aligncenter size-full\"><img loading=\"lazy\" decoding=\"async\" width=\"616\" height=\"800\" src=\"https:\/\/dedemesquita.com.br\/wp-content\/uploads\/2025\/07\/Screenshot_2025-07-25-04-06-26-073_com.facebook.katana.jpg\" alt=\"\" class=\"wp-image-12990\"\/><figcaption class=\"wp-element-caption\">Lais Menezes e Chris Portilho, da Temple Comunica\u00e7\u00e3o<\/figcaption><\/figure><\/div>\n\n<div class=\"wp-block-image\">\n<figure class=\"aligncenter size-full\"><img loading=\"lazy\" decoding=\"async\" width=\"800\" height=\"645\" src=\"https:\/\/dedemesquita.com.br\/wp-content\/uploads\/2025\/07\/Screenshot_2025-07-25-01-58-37-380_com.instagram.android.jpg\" alt=\"\" class=\"wp-image-12991\" srcset=\"https:\/\/dedemesquita.com.br\/wp-content\/uploads\/2025\/07\/Screenshot_2025-07-25-01-58-37-380_com.instagram.android.jpg 800w, https:\/\/dedemesquita.com.br\/wp-content\/uploads\/2025\/07\/Screenshot_2025-07-25-01-58-37-380_com.instagram.android-768x619.jpg 768w\" sizes=\"(max-width: 800px) 100vw, 800px\" \/><figcaption class=\"wp-element-caption\">Equipe da Jambo, liderada por Rita Soares, que fez a comunica\u00e7\u00e3o do Global Citizen <\/figcaption><\/figure><\/div>\n\n<div class=\"wp-block-image\">\n<figure class=\"aligncenter size-full\"><img loading=\"lazy\" decoding=\"async\" width=\"648\" height=\"800\" src=\"https:\/\/dedemesquita.com.br\/wp-content\/uploads\/2025\/07\/Screenshot_2025-07-25-01-31-49-773_com.instagram.android.jpg\" alt=\"\" class=\"wp-image-12992\"\/><figcaption class=\"wp-element-caption\">Carla Fischer, do Amaz\u00f4nia Vox<\/figcaption><\/figure><\/div>\n\n<div class=\"wp-block-image\">\n<figure class=\"aligncenter size-full\"><img loading=\"lazy\" decoding=\"async\" width=\"800\" height=\"562\" src=\"https:\/\/dedemesquita.com.br\/wp-content\/uploads\/2025\/07\/Screenshot_2025-07-25-01-23-11-730_com.instagram.android.jpg\" alt=\"\" class=\"wp-image-12993\" srcset=\"https:\/\/dedemesquita.com.br\/wp-content\/uploads\/2025\/07\/Screenshot_2025-07-25-01-23-11-730_com.instagram.android.jpg 800w, https:\/\/dedemesquita.com.br\/wp-content\/uploads\/2025\/07\/Screenshot_2025-07-25-01-23-11-730_com.instagram.android-768x540.jpg 768w\" sizes=\"(max-width: 800px) 100vw, 800px\" \/><figcaption class=\"wp-element-caption\">Arc\u00e2ngela Sena, Ivana Oliveira e \u00c9rika Siqueira<\/figcaption><\/figure><\/div>\n\n<div class=\"wp-block-image\">\n<figure class=\"aligncenter size-full\"><img loading=\"lazy\" decoding=\"async\" width=\"750\" height=\"522\" src=\"https:\/\/dedemesquita.com.br\/wp-content\/uploads\/2025\/07\/Screenshot_2025-07-25-01-22-28-873_com.instagram.android.jpg\" alt=\"\" class=\"wp-image-12994\"\/><figcaption class=\"wp-element-caption\">Erika Siqueira \u00e9 professora do curso de Jornalismo na Est\u00e1cio<\/figcaption><\/figure><\/div>\n\n<div class=\"wp-block-image\">\n<figure class=\"aligncenter size-full\"><img loading=\"lazy\" decoding=\"async\" width=\"498\" height=\"750\" src=\"https:\/\/dedemesquita.com.br\/wp-content\/uploads\/2025\/07\/Screenshot_2025-07-25-01-21-10-974_com.instagram.android.jpg\" alt=\"\" class=\"wp-image-12995\"\/><figcaption class=\"wp-element-caption\">Filipe Bispo e Fabyo Cruz<\/figcaption><\/figure><\/div>\n\n<div class=\"wp-block-image\">\n<figure class=\"aligncenter size-full\"><img loading=\"lazy\" decoding=\"async\" width=\"679\" height=\"800\" src=\"https:\/\/dedemesquita.com.br\/wp-content\/uploads\/2025\/07\/Screenshot_2025-07-25-01-17-31-235_com.instagram.android.jpg\" alt=\"\" class=\"wp-image-12996\"\/><figcaption class=\"wp-element-caption\">Matheus Viggo e Luiza Zveiter<\/figcaption><\/figure><\/div>\n\n<div class=\"wp-block-image\">\n<figure class=\"aligncenter size-full\"><img loading=\"lazy\" decoding=\"async\" width=\"629\" height=\"800\" src=\"https:\/\/dedemesquita.com.br\/wp-content\/uploads\/2025\/07\/Screenshot_2025-07-24-20-59-16-433_com.instagram.android.jpg\" alt=\"\" class=\"wp-image-12997\"\/><figcaption class=\"wp-element-caption\">Adelaide Oliveira, Fernando Segtowick e Rita Soares<\/figcaption><\/figure><\/div>\n\n\n<p><strong>Outras fotos:<\/strong><\/p>\n\n\n<div class=\"wp-block-image\">\n<figure class=\"aligncenter size-full\"><img loading=\"lazy\" decoding=\"async\" width=\"800\" height=\"675\" src=\"https:\/\/dedemesquita.com.br\/wp-content\/uploads\/2025\/07\/Screenshot_2025-07-24-19-58-31-193_com.instagram.android.jpg\" alt=\"\" class=\"wp-image-12998\" srcset=\"https:\/\/dedemesquita.com.br\/wp-content\/uploads\/2025\/07\/Screenshot_2025-07-24-19-58-31-193_com.instagram.android.jpg 800w, https:\/\/dedemesquita.com.br\/wp-content\/uploads\/2025\/07\/Screenshot_2025-07-24-19-58-31-193_com.instagram.android-768x648.jpg 768w\" sizes=\"(max-width: 800px) 100vw, 800px\" \/><figcaption class=\"wp-element-caption\">Fabyo Cruz na miss\u00e3o em foto de Sandro Barbosa<\/figcaption><\/figure><\/div>\n\n<div class=\"wp-block-image\">\n<figure class=\"aligncenter size-full\"><img loading=\"lazy\" decoding=\"async\" width=\"695\" height=\"800\" src=\"https:\/\/dedemesquita.com.br\/wp-content\/uploads\/2025\/07\/Screenshot_2025-07-22-19-45-11-349_com.instagram.android.jpg\" alt=\"\" class=\"wp-image-12999\"\/><figcaption class=\"wp-element-caption\">Equipe da R\u00e1dio Liberal +<\/figcaption><\/figure><\/div>\n\n<div class=\"wp-block-image\">\n<figure class=\"aligncenter size-full\"><img loading=\"lazy\" decoding=\"async\" width=\"553\" height=\"650\" src=\"https:\/\/dedemesquita.com.br\/wp-content\/uploads\/2025\/07\/WhatsApp-Image-2025-07-28-at-19.15.32-1.jpeg\" alt=\"\" class=\"wp-image-13006\"\/><figcaption class=\"wp-element-caption\">Euzinha na cobertura do lan\u00e7amento do Festival de Cinema de Gramado, no Rio de Janeiro<\/figcaption><\/figure><\/div>\n\n<div class=\"wp-block-image\">\n<figure class=\"aligncenter size-full\"><img loading=\"lazy\" decoding=\"async\" width=\"606\" height=\"800\" src=\"https:\/\/dedemesquita.com.br\/wp-content\/uploads\/2025\/07\/Screenshot_2025-07-24-18-10-32-884_com.instagram.android.jpg\" alt=\"\" class=\"wp-image-13001\"\/><figcaption class=\"wp-element-caption\">Oswaldo Forte em miss\u00e3o de reportagem em Outeiro &#8211; foto de Elielson Almeida<\/figcaption><\/figure><\/div>\n\n<div class=\"wp-block-image\">\n<figure class=\"aligncenter size-full\"><img loading=\"lazy\" decoding=\"async\" width=\"800\" height=\"539\" src=\"https:\/\/dedemesquita.com.br\/wp-content\/uploads\/2025\/07\/Screenshot_2025-07-23-19-24-34-224_com.instagram.android.jpg\" alt=\"\" class=\"wp-image-13002\" srcset=\"https:\/\/dedemesquita.com.br\/wp-content\/uploads\/2025\/07\/Screenshot_2025-07-23-19-24-34-224_com.instagram.android.jpg 800w, https:\/\/dedemesquita.com.br\/wp-content\/uploads\/2025\/07\/Screenshot_2025-07-23-19-24-34-224_com.instagram.android-768x517.jpg 768w\" sizes=\"(max-width: 800px) 100vw, 800px\" \/><figcaption class=\"wp-element-caption\">Jornalistas da Ag\u00eancia Par\u00e1 e da \u00c1guas do Par\u00e1 apresentaram a empresa ao grupo RBA<\/figcaption><\/figure><\/div>\n\n<div class=\"wp-block-image\">\n<figure class=\"aligncenter size-full\"><img loading=\"lazy\" decoding=\"async\" width=\"800\" height=\"496\" src=\"https:\/\/dedemesquita.com.br\/wp-content\/uploads\/2025\/07\/Screenshot_2025-07-23-19-24-16-155_com.instagram.android.jpg\" alt=\"\" class=\"wp-image-13003\" srcset=\"https:\/\/dedemesquita.com.br\/wp-content\/uploads\/2025\/07\/Screenshot_2025-07-23-19-24-16-155_com.instagram.android.jpg 800w, https:\/\/dedemesquita.com.br\/wp-content\/uploads\/2025\/07\/Screenshot_2025-07-23-19-24-16-155_com.instagram.android-768x476.jpg 768w\" sizes=\"(max-width: 800px) 100vw, 800px\" \/><figcaption class=\"wp-element-caption\">Assim como, a apresenta\u00e7\u00e3o da empresa \u00c1guas do Par\u00e1 foi feita tamb\u00e9m ao grupo O Liberal <\/figcaption><\/figure><\/div>\n\n\n<p> &nbsp;<\/p>\n\n\n\n<p><\/p>\n","protected":false},"excerpt":{"rendered":"<p>Bel\u00e9m, 29 de julho de 2025 &#8211; E tu a\u00ed que j\u00e1 estavas triste porque teve postagem, ontem, 28, e achava que as &#8220;boas&#8221; da semana n\u00e3o iriam chegar&#8230; Te acalma, macho! Tem muita hist\u00f3ria para contar nesta ter\u00e7a-feira. Record Bel\u00e9m de mal a pior \u2013 A TV Record Bel\u00e9m, al\u00e9m de perder mais audi\u00eancia, [&hellip;]<\/p>\n","protected":false},"author":2,"featured_media":12983,"comment_status":"open","ping_status":"open","sticky":false,"template":"","format":"standard","meta":{"footnotes":""},"categories":[51,14,29],"tags":[377,548,602,1082,184,653,495,119,120,1080,296,74,202,1081,212,138,1076,183,631,339],"class_list":["post-12965","post","type-post","status-publish","format-standard","has-post-thumbnail","hentry","category-destaque","category-imprensa","category-jornalismo","tag-amazonia-vox","tag-bora-pra-cima","tag-bruna-lorrane","tag-cupula-dos-povos","tag-dol","tag-fundacao-gabo","tag-grupo-rba","tag-jornalismo","tag-jornalistas-paraenses-em-acao","tag-maos-de-outubro","tag-os-para-2000","tag-prefeitura-de-belem","tag-prefeitura-de-marituba","tag-radio-pariana","tag-rba-tv","tag-record-belem","tag-roche","tag-roma-news","tag-tutu","tag-tv-globo"],"yoast_head":"<!-- This site is optimized with the Yoast SEO plugin v19.10 - https:\/\/yoast.com\/wordpress\/plugins\/seo\/ -->\n<title>Aberto o credenciamento para a C\u00fapula dos Povos rumo \u00e0 COP30, crise na TV Record Bel\u00e9m leva \u00e0 demiss\u00e3o de duas jornalistas e o princ\u00edpio de inc\u00eandio na RBA TV que deu o que falar - Ded\u00e9 Mesquita<\/title>\n<meta name=\"robots\" content=\"index, follow, max-snippet:-1, max-image-preview:large, max-video-preview:-1\" \/>\n<link rel=\"canonical\" href=\"https:\/\/dedemesquita.com.br\/?p=12965\" \/>\n<meta property=\"og:locale\" content=\"pt_BR\" \/>\n<meta property=\"og:type\" content=\"article\" \/>\n<meta property=\"og:title\" content=\"Aberto o credenciamento para a C\u00fapula dos Povos rumo \u00e0 COP30, crise na TV Record Bel\u00e9m leva \u00e0 demiss\u00e3o de duas jornalistas e o princ\u00edpio de inc\u00eandio na RBA TV que deu o que falar - Ded\u00e9 Mesquita\" \/>\n<meta property=\"og:description\" content=\"Bel\u00e9m, 29 de julho de 2025 &#8211; E tu a\u00ed que j\u00e1 estavas triste porque teve postagem, ontem, 28, e achava que as &#8220;boas&#8221; da semana n\u00e3o iriam chegar&#8230; Te acalma, macho! Tem muita hist\u00f3ria para contar nesta ter\u00e7a-feira. Record Bel\u00e9m de mal a pior \u2013 A TV Record Bel\u00e9m, al\u00e9m de perder mais audi\u00eancia, [&hellip;]\" \/>\n<meta property=\"og:url\" content=\"https:\/\/dedemesquita.com.br\/?p=12965\" \/>\n<meta property=\"og:site_name\" content=\"Ded\u00e9 Mesquita\" \/>\n<meta property=\"article:publisher\" content=\"https:\/\/www.facebook.com\/dede.mesquita\" \/>\n<meta property=\"article:published_time\" content=\"2025-07-29T18:51:14+00:00\" \/>\n<meta property=\"article:modified_time\" content=\"2025-07-30T01:28:17+00:00\" \/>\n<meta property=\"og:image\" content=\"https:\/\/dedemesquita.com.br\/wp-content\/uploads\/2025\/07\/WhatsApp-Image-2025-07-29-at-15.17.54-1.jpeg\" \/>\n\t<meta property=\"og:image:width\" content=\"950\" \/>\n\t<meta property=\"og:image:height\" content=\"387\" \/>\n\t<meta property=\"og:image:type\" content=\"image\/jpeg\" \/>\n<meta name=\"author\" content=\"Ded\u00e9 Mesquita\" \/>\n<meta name=\"twitter:card\" content=\"summary_large_image\" \/>\n<meta name=\"twitter:creator\" content=\"@dedemesquita\" \/>\n<meta name=\"twitter:site\" content=\"@dedemesquita\" \/>\n<meta name=\"twitter:label1\" content=\"Escrito por\" \/>\n\t<meta name=\"twitter:data1\" content=\"Ded\u00e9 Mesquita\" \/>\n\t<meta name=\"twitter:label2\" content=\"Est. tempo de leitura\" \/>\n\t<meta name=\"twitter:data2\" content=\"17 minutos\" \/>\n<script type=\"application\/ld+json\" class=\"yoast-schema-graph\">{\"@context\":\"https:\/\/schema.org\",\"@graph\":[{\"@type\":\"WebPage\",\"@id\":\"https:\/\/dedemesquita.com.br\/?p=12965\",\"url\":\"https:\/\/dedemesquita.com.br\/?p=12965\",\"name\":\"Aberto o credenciamento para a C\u00fapula dos Povos rumo \u00e0 COP30, crise na TV Record Bel\u00e9m leva \u00e0 demiss\u00e3o de duas jornalistas e o princ\u00edpio de inc\u00eandio na RBA TV que deu o que falar - Ded\u00e9 Mesquita\",\"isPartOf\":{\"@id\":\"https:\/\/dedemesquita.com.br\/#website\"},\"datePublished\":\"2025-07-29T18:51:14+00:00\",\"dateModified\":\"2025-07-30T01:28:17+00:00\",\"author\":{\"@id\":\"https:\/\/dedemesquita.com.br\/#\/schema\/person\/36571f81dd2d76dc3ab37231542c9e24\"},\"breadcrumb\":{\"@id\":\"https:\/\/dedemesquita.com.br\/?p=12965#breadcrumb\"},\"inLanguage\":\"pt-BR\",\"potentialAction\":[{\"@type\":\"ReadAction\",\"target\":[\"https:\/\/dedemesquita.com.br\/?p=12965\"]}]},{\"@type\":\"BreadcrumbList\",\"@id\":\"https:\/\/dedemesquita.com.br\/?p=12965#breadcrumb\",\"itemListElement\":[{\"@type\":\"ListItem\",\"position\":1,\"name\":\"In\u00edcio\",\"item\":\"https:\/\/dedemesquita.com.br\/\"},{\"@type\":\"ListItem\",\"position\":2,\"name\":\"Aberto o credenciamento para a C\u00fapula dos Povos rumo \u00e0 COP30, crise na TV Record Bel\u00e9m leva \u00e0 demiss\u00e3o de duas jornalistas e o princ\u00edpio de inc\u00eandio na RBA TV que deu o que falar\"}]},{\"@type\":\"WebSite\",\"@id\":\"https:\/\/dedemesquita.com.br\/#website\",\"url\":\"https:\/\/dedemesquita.com.br\/\",\"name\":\"Ded\u00e9 Mesquita\",\"description\":\"Um site que mostra os bastidores da imprensa no estado do Par\u00e1 e em Bel\u00e9m\",\"potentialAction\":[{\"@type\":\"SearchAction\",\"target\":{\"@type\":\"EntryPoint\",\"urlTemplate\":\"https:\/\/dedemesquita.com.br\/?s={search_term_string}\"},\"query-input\":\"required name=search_term_string\"}],\"inLanguage\":\"pt-BR\"},{\"@type\":\"Person\",\"@id\":\"https:\/\/dedemesquita.com.br\/#\/schema\/person\/36571f81dd2d76dc3ab37231542c9e24\",\"name\":\"Ded\u00e9 Mesquita\",\"image\":{\"@type\":\"ImageObject\",\"inLanguage\":\"pt-BR\",\"@id\":\"https:\/\/dedemesquita.com.br\/#\/schema\/person\/image\/\",\"url\":\"https:\/\/dedemesquita.com.br\/wp-content\/uploads\/2021\/02\/foto_perfil-150x150.jpg\",\"contentUrl\":\"https:\/\/dedemesquita.com.br\/wp-content\/uploads\/2021\/02\/foto_perfil-150x150.jpg\",\"caption\":\"Ded\u00e9 Mesquita\"},\"sameAs\":[\"https:\/\/dedemesquita.com.br\"]}]}<\/script>\n<!-- \/ Yoast SEO plugin. -->","yoast_head_json":{"title":"Aberto o credenciamento para a C\u00fapula dos Povos rumo \u00e0 COP30, crise na TV Record Bel\u00e9m leva \u00e0 demiss\u00e3o de duas jornalistas e o princ\u00edpio de inc\u00eandio na RBA TV que deu o que falar - Ded\u00e9 Mesquita","robots":{"index":"index","follow":"follow","max-snippet":"max-snippet:-1","max-image-preview":"max-image-preview:large","max-video-preview":"max-video-preview:-1"},"canonical":"https:\/\/dedemesquita.com.br\/?p=12965","og_locale":"pt_BR","og_type":"article","og_title":"Aberto o credenciamento para a C\u00fapula dos Povos rumo \u00e0 COP30, crise na TV Record Bel\u00e9m leva \u00e0 demiss\u00e3o de duas jornalistas e o princ\u00edpio de inc\u00eandio na RBA TV que deu o que falar - Ded\u00e9 Mesquita","og_description":"Bel\u00e9m, 29 de julho de 2025 &#8211; E tu a\u00ed que j\u00e1 estavas triste porque teve postagem, ontem, 28, e achava que as &#8220;boas&#8221; da semana n\u00e3o iriam chegar&#8230; Te acalma, macho! Tem muita hist\u00f3ria para contar nesta ter\u00e7a-feira. Record Bel\u00e9m de mal a pior \u2013 A TV Record Bel\u00e9m, al\u00e9m de perder mais audi\u00eancia, [&hellip;]","og_url":"https:\/\/dedemesquita.com.br\/?p=12965","og_site_name":"Ded\u00e9 Mesquita","article_publisher":"https:\/\/www.facebook.com\/dede.mesquita","article_published_time":"2025-07-29T18:51:14+00:00","article_modified_time":"2025-07-30T01:28:17+00:00","og_image":[{"width":950,"height":387,"url":"https:\/\/dedemesquita.com.br\/wp-content\/uploads\/2025\/07\/WhatsApp-Image-2025-07-29-at-15.17.54-1.jpeg","type":"image\/jpeg"}],"author":"Ded\u00e9 Mesquita","twitter_card":"summary_large_image","twitter_creator":"@dedemesquita","twitter_site":"@dedemesquita","twitter_misc":{"Escrito por":"Ded\u00e9 Mesquita","Est. tempo de leitura":"17 minutos"},"schema":{"@context":"https:\/\/schema.org","@graph":[{"@type":"WebPage","@id":"https:\/\/dedemesquita.com.br\/?p=12965","url":"https:\/\/dedemesquita.com.br\/?p=12965","name":"Aberto o credenciamento para a C\u00fapula dos Povos rumo \u00e0 COP30, crise na TV Record Bel\u00e9m leva \u00e0 demiss\u00e3o de duas jornalistas e o princ\u00edpio de inc\u00eandio na RBA TV que deu o que falar - Ded\u00e9 Mesquita","isPartOf":{"@id":"https:\/\/dedemesquita.com.br\/#website"},"datePublished":"2025-07-29T18:51:14+00:00","dateModified":"2025-07-30T01:28:17+00:00","author":{"@id":"https:\/\/dedemesquita.com.br\/#\/schema\/person\/36571f81dd2d76dc3ab37231542c9e24"},"breadcrumb":{"@id":"https:\/\/dedemesquita.com.br\/?p=12965#breadcrumb"},"inLanguage":"pt-BR","potentialAction":[{"@type":"ReadAction","target":["https:\/\/dedemesquita.com.br\/?p=12965"]}]},{"@type":"BreadcrumbList","@id":"https:\/\/dedemesquita.com.br\/?p=12965#breadcrumb","itemListElement":[{"@type":"ListItem","position":1,"name":"In\u00edcio","item":"https:\/\/dedemesquita.com.br\/"},{"@type":"ListItem","position":2,"name":"Aberto o credenciamento para a C\u00fapula dos Povos rumo \u00e0 COP30, crise na TV Record Bel\u00e9m leva \u00e0 demiss\u00e3o de duas jornalistas e o princ\u00edpio de inc\u00eandio na RBA TV que deu o que falar"}]},{"@type":"WebSite","@id":"https:\/\/dedemesquita.com.br\/#website","url":"https:\/\/dedemesquita.com.br\/","name":"Ded\u00e9 Mesquita","description":"Um site que mostra os bastidores da imprensa no estado do Par\u00e1 e em Bel\u00e9m","potentialAction":[{"@type":"SearchAction","target":{"@type":"EntryPoint","urlTemplate":"https:\/\/dedemesquita.com.br\/?s={search_term_string}"},"query-input":"required name=search_term_string"}],"inLanguage":"pt-BR"},{"@type":"Person","@id":"https:\/\/dedemesquita.com.br\/#\/schema\/person\/36571f81dd2d76dc3ab37231542c9e24","name":"Ded\u00e9 Mesquita","image":{"@type":"ImageObject","inLanguage":"pt-BR","@id":"https:\/\/dedemesquita.com.br\/#\/schema\/person\/image\/","url":"https:\/\/dedemesquita.com.br\/wp-content\/uploads\/2021\/02\/foto_perfil-150x150.jpg","contentUrl":"https:\/\/dedemesquita.com.br\/wp-content\/uploads\/2021\/02\/foto_perfil-150x150.jpg","caption":"Ded\u00e9 Mesquita"},"sameAs":["https:\/\/dedemesquita.com.br"]}]}},"_links":{"self":[{"href":"https:\/\/dedemesquita.com.br\/index.php?rest_route=\/wp\/v2\/posts\/12965"}],"collection":[{"href":"https:\/\/dedemesquita.com.br\/index.php?rest_route=\/wp\/v2\/posts"}],"about":[{"href":"https:\/\/dedemesquita.com.br\/index.php?rest_route=\/wp\/v2\/types\/post"}],"author":[{"embeddable":true,"href":"https:\/\/dedemesquita.com.br\/index.php?rest_route=\/wp\/v2\/users\/2"}],"replies":[{"embeddable":true,"href":"https:\/\/dedemesquita.com.br\/index.php?rest_route=%2Fwp%2Fv2%2Fcomments&post=12965"}],"version-history":[{"count":9,"href":"https:\/\/dedemesquita.com.br\/index.php?rest_route=\/wp\/v2\/posts\/12965\/revisions"}],"predecessor-version":[{"id":13020,"href":"https:\/\/dedemesquita.com.br\/index.php?rest_route=\/wp\/v2\/posts\/12965\/revisions\/13020"}],"wp:featuredmedia":[{"embeddable":true,"href":"https:\/\/dedemesquita.com.br\/index.php?rest_route=\/wp\/v2\/media\/12983"}],"wp:attachment":[{"href":"https:\/\/dedemesquita.com.br\/index.php?rest_route=%2Fwp%2Fv2%2Fmedia&parent=12965"}],"wp:term":[{"taxonomy":"category","embeddable":true,"href":"https:\/\/dedemesquita.com.br\/index.php?rest_route=%2Fwp%2Fv2%2Fcategories&post=12965"},{"taxonomy":"post_tag","embeddable":true,"href":"https:\/\/dedemesquita.com.br\/index.php?rest_route=%2Fwp%2Fv2%2Ftags&post=12965"}],"curies":[{"name":"wp","href":"https:\/\/api.w.org\/{rel}","templated":true}]}}