{"id":12441,"date":"2025-06-10T12:33:38","date_gmt":"2025-06-10T15:33:38","guid":{"rendered":"https:\/\/dedemesquita.com.br\/?p=12441"},"modified":"2025-06-17T17:43:38","modified_gmt":"2025-06-17T20:43:38","slug":"academia-paraense-de-jornalismo-elege-oito-novos-membros-marcus-pimenta-se-despede-da-record-belem-e-outras-noticias-quentes","status":"publish","type":"post","link":"https:\/\/dedemesquita.com.br\/?p=12441","title":{"rendered":"Academia Paraense de Jornalismo elege oito novos membros, Marcus Pimenta se despede da Record Bel\u00e9m e outras not\u00edcias quentes"},"content":{"rendered":"\n<p><strong>Bel\u00e9m, 10 de junho de 2025 &#8211; <\/strong>Voc\u00ea piscou e j\u00e1 estamos no <strong>meio do ano<\/strong>. Que coisa! E mais assustador \u00e9 que, como dizia Cazuza &#8220;O tempo n\u00e3o para&#8221;, e j\u00e1 estamos aqui na <em>bat<\/em> ter\u00e7a-feira, atualizando o site.<\/p>\n\n\n\n<p><strong>Novos acad\u00eamicos da APJ &#8211; <\/strong>A <strong>Academia Paraense de Jornalismo \u2013 APJ<\/strong> elegeu oito novos membros para ocupar as cadeiras vagas em seu quadro. A elei\u00e7\u00e3o, realizada de forma on-line entre os dias 5 e 6 de junho, contou com a participa\u00e7\u00e3o de 24 dos 32 acad\u00eamicos aptos a votar. O pleito foi conduzido pela Comiss\u00e3o Eleitoral formada pelos acad\u00eamicos <strong>T\u00e2nia Monteiro<\/strong>, <strong>Roberta Vilanova<\/strong> e <strong>Douglas Dinelly<\/strong>. A apura\u00e7\u00e3o dos votos foi conclu\u00edda em reuni\u00e3o realizada no s\u00e1bado, 7, sendo eleitos os seguintes jornalistas: <strong>Rodolfo Marques<\/strong> \u2013 cadeira 5, patrono Roberto Jares Martins; <strong>Gabriella Florenzano<\/strong> &#8211; cadeira 36, patrono Edgard Proen\u00e7a; <strong>Sula Maciel<\/strong> &#8211; cadeira 2, patrono Porf\u00edrio da Rocha; <strong>Edna Lima<\/strong> &#8211; cadeira 3, patrono Ivan Maranh\u00e3o; <strong>Isa Arnour<\/strong> &#8211; cadeira 9, patrono Carlos Augusto Mendon\u00e7a; <strong>Ros\u00e2ngela Aguiar &#8211;<\/strong> cadeira 34, patrono Thomaz Nunes; <strong>Ana Prado &#8211;<\/strong> cadeira 6, patrono El\u00e1dio Malato; e<strong> Ivana Oliveira &#8211; <\/strong>cadeira 8, patrono Ant\u00f4nio Tavernard. Fundada em 26 de outubro de 1994, a APJ \u00e9 um dos mais importantes espa\u00e7os de reconhecimento e valoriza\u00e7\u00e3o da imprensa na regi\u00e3o Norte, reunindo profissionais que marcaram e continuam a marcar a comunica\u00e7\u00e3o no Par\u00e1.&nbsp;<\/p>\n\n\n<div class=\"wp-block-image\">\n<figure class=\"aligncenter size-full\"><img loading=\"lazy\" decoding=\"async\" width=\"700\" height=\"413\" src=\"https:\/\/dedemesquita.com.br\/wp-content\/uploads\/2025\/06\/WhatsApp-Image-2025-06-10-at-11.34.07.jpeg\" alt=\"\" class=\"wp-image-12456\"\/><figcaption class=\"wp-element-caption\">Ivana Oliveira e Rodolfo Marques s\u00e3o jornalistas e professores na Unama<\/figcaption><\/figure><\/div>\n\n<div class=\"wp-block-image\">\n<figure class=\"aligncenter size-full\"><img loading=\"lazy\" decoding=\"async\" width=\"700\" height=\"501\" src=\"https:\/\/dedemesquita.com.br\/wp-content\/uploads\/2025\/06\/WhatsApp-Image-2025-06-10-at-11.33.51.jpeg\" alt=\"\" class=\"wp-image-12457\"\/><figcaption class=\"wp-element-caption\">Ros\u00e2ngela Aguiar \u00e9 rela\u00e7\u00f5es p\u00fablicas na Associa\u00e7\u00e3o de Peritos Oficiais do Par\u00e1, e Sula Maciel trabalhou na Secretaria de Comunica\u00e7\u00e3o do Par\u00e1 <\/figcaption><\/figure><\/div>\n\n<div class=\"wp-block-image\">\n<figure class=\"aligncenter size-full\"><img loading=\"lazy\" decoding=\"async\" width=\"700\" height=\"468\" src=\"https:\/\/dedemesquita.com.br\/wp-content\/uploads\/2025\/06\/WhatsApp-Image-2025-06-10-at-11.33.30.jpeg\" alt=\"\" class=\"wp-image-12458\"\/><figcaption class=\"wp-element-caption\">Ana Prado \u00e9 professora na UFPA e Isa Arnour \u00e9 da Abrajet Par\u00e1<\/figcaption><\/figure><\/div>\n\n<div class=\"wp-block-image\">\n<figure class=\"aligncenter size-full\"><img loading=\"lazy\" decoding=\"async\" width=\"700\" height=\"433\" src=\"https:\/\/dedemesquita.com.br\/wp-content\/uploads\/2025\/06\/WhatsApp-Image-2025-06-10-at-11.33.16.jpeg\" alt=\"\" class=\"wp-image-12459\"\/><figcaption class=\"wp-element-caption\">Gabriella Florenzano mora em Portugal e \u00e9 jornalista no Portal Uru\u00e1-Tapera e Edna Lima h\u00e1 muito atua na comunica\u00e7\u00e3o da \u00e1rea de sa\u00fade em Bel\u00e9m <\/figcaption><\/figure><\/div>\n\n\n<p><\/p>\n\n\n\n<p class=\"has-text-align-center\"><strong>PR\u00caMIO E LIVRO<\/strong><\/p>\n\n\n\n<p class=\"has-text-align-left\"><strong>S\u00f4nia &#8211;<\/strong> A jornalista e escritora <strong>S\u00f4nia Zaghetto<\/strong>, que \u00e9 do Amap\u00e1, mas se formou jornalista no Par\u00e1, lan\u00e7ou o primeiro romance dela <strong>&#8220;Hist\u00f3rias Escritas na \u00c1gua&#8221;<\/strong>, em uma livraria-sebo na rua das Laranjeiras, no <strong>Rio de Janeiro<\/strong>. No in\u00edcio do m\u00eas, o lan\u00e7amento foi em S\u00e3o Paulo. E tem mais compromissos liter\u00e1rios: na quarta-feira, 11, \u00e0s 11 horas, ela concede entrevista no<strong> YouTube sobre Literatura &amp; Contemporaneidade<\/strong>; no s\u00e1bado, 14, ela estar\u00e1 na <strong>Feira do Livro do Pacaembu<\/strong>, em S\u00e3o Paulo, \u00e0s 16h; e na segunda-feira, 16, \u00e0s 17h, lan\u00e7amento do livro na <strong>Biblioteca Nacional de Bras\u00edlia<\/strong>. <\/p>\n\n\n<div class=\"wp-block-image\">\n<figure class=\"aligncenter size-full\"><img loading=\"lazy\" decoding=\"async\" width=\"652\" height=\"800\" src=\"https:\/\/dedemesquita.com.br\/wp-content\/uploads\/2025\/06\/WhatsApp-Image-2025-06-10-at-13.17.37.jpeg\" alt=\"\" class=\"wp-image-12477\"\/><figcaption class=\"wp-element-caption\">S\u00f4nia autografando o livro no Rio de Janeiro &#8211; foto de Ded\u00e9 Mesquita<\/figcaption><\/figure><\/div>\n\n<div class=\"wp-block-image\">\n<figure class=\"aligncenter size-full\"><img loading=\"lazy\" decoding=\"async\" width=\"800\" height=\"600\" src=\"https:\/\/dedemesquita.com.br\/wp-content\/uploads\/2025\/06\/WhatsApp-Image-2025-06-10-at-13.19.24.jpeg\" alt=\"\" class=\"wp-image-12478\" srcset=\"https:\/\/dedemesquita.com.br\/wp-content\/uploads\/2025\/06\/WhatsApp-Image-2025-06-10-at-13.19.24.jpeg 800w, https:\/\/dedemesquita.com.br\/wp-content\/uploads\/2025\/06\/WhatsApp-Image-2025-06-10-at-13.19.24-768x576.jpeg 768w\" sizes=\"(max-width: 800px) 100vw, 800px\" \/><figcaption class=\"wp-element-caption\">A atriz e cantora paraense Landa de Mendon\u00e7a foi prestigiar S\u00f4nia &#8211; foto de Ded\u00e9 Mesquita<\/figcaption><\/figure><\/div>\n\n<div class=\"wp-block-image\">\n<figure class=\"aligncenter size-full\"><img loading=\"lazy\" decoding=\"async\" width=\"601\" height=\"800\" src=\"https:\/\/dedemesquita.com.br\/wp-content\/uploads\/2025\/06\/WhatsApp-Image-2025-06-10-at-13.17.36.jpeg\" alt=\"\" class=\"wp-image-12479\"\/><figcaption class=\"wp-element-caption\">Eu fui tamb\u00e9m prestigiar a amiga &#8211; &#8211; foto de Ded\u00e9 Mesquita<\/figcaption><\/figure><\/div>\n\n<div class=\"wp-block-image\">\n<figure class=\"aligncenter size-full\"><img loading=\"lazy\" decoding=\"async\" width=\"800\" height=\"600\" src=\"https:\/\/dedemesquita.com.br\/wp-content\/uploads\/2025\/06\/WhatsApp-Image-2025-06-10-at-13.17.37-1.jpeg\" alt=\"\" class=\"wp-image-12480\" srcset=\"https:\/\/dedemesquita.com.br\/wp-content\/uploads\/2025\/06\/WhatsApp-Image-2025-06-10-at-13.17.37-1.jpeg 800w, https:\/\/dedemesquita.com.br\/wp-content\/uploads\/2025\/06\/WhatsApp-Image-2025-06-10-at-13.17.37-1-768x576.jpeg 768w\" sizes=\"(max-width: 800px) 100vw, 800px\" \/><figcaption class=\"wp-element-caption\">S\u00f4nia e seus f\u00e3s &#8211; foto de Ded\u00e9 Mesquita<\/figcaption><\/figure><\/div>\n\n<div class=\"wp-block-image\">\n<figure class=\"aligncenter size-full\"><img loading=\"lazy\" decoding=\"async\" width=\"800\" height=\"544\" src=\"https:\/\/dedemesquita.com.br\/wp-content\/uploads\/2025\/06\/WhatsApp-Image-2025-06-10-at-13.17.37-2.jpeg\" alt=\"\" class=\"wp-image-12481\" srcset=\"https:\/\/dedemesquita.com.br\/wp-content\/uploads\/2025\/06\/WhatsApp-Image-2025-06-10-at-13.17.37-2.jpeg 800w, https:\/\/dedemesquita.com.br\/wp-content\/uploads\/2025\/06\/WhatsApp-Image-2025-06-10-at-13.17.37-2-768x522.jpeg 768w\" sizes=\"(max-width: 800px) 100vw, 800px\" \/><figcaption class=\"wp-element-caption\">O livro de S\u00f4nia &#8220;Hist\u00f3rias Escritas na \u00c1gua&#8221; foi finalista da nona edi\u00e7\u00e3o do Pr\u00eamio Kindle de Literatura<\/figcaption><\/figure><\/div>\n\n<div class=\"wp-block-image\">\n<figure class=\"aligncenter size-full\"><img loading=\"lazy\" decoding=\"async\" width=\"800\" height=\"661\" src=\"https:\/\/dedemesquita.com.br\/wp-content\/uploads\/2025\/06\/WhatsApp-Image-2025-06-10-at-13.20.20.jpeg\" alt=\"\" class=\"wp-image-12482\" srcset=\"https:\/\/dedemesquita.com.br\/wp-content\/uploads\/2025\/06\/WhatsApp-Image-2025-06-10-at-13.20.20.jpeg 800w, https:\/\/dedemesquita.com.br\/wp-content\/uploads\/2025\/06\/WhatsApp-Image-2025-06-10-at-13.20.20-768x635.jpeg 768w\" sizes=\"(max-width: 800px) 100vw, 800px\" \/><figcaption class=\"wp-element-caption\">Eu e Landa, Lana e eu &#8211; foto de Ded\u00e9 Mesquita<\/figcaption><\/figure><\/div>\n\n<div class=\"wp-block-image\">\n<figure class=\"aligncenter size-full\"><img loading=\"lazy\" decoding=\"async\" width=\"800\" height=\"601\" src=\"https:\/\/dedemesquita.com.br\/wp-content\/uploads\/2025\/06\/WhatsApp-Image-2025-06-10-at-13.41.35.jpeg\" alt=\"\" class=\"wp-image-12483\" srcset=\"https:\/\/dedemesquita.com.br\/wp-content\/uploads\/2025\/06\/WhatsApp-Image-2025-06-10-at-13.41.35.jpeg 800w, https:\/\/dedemesquita.com.br\/wp-content\/uploads\/2025\/06\/WhatsApp-Image-2025-06-10-at-13.41.35-768x577.jpeg 768w\" sizes=\"(max-width: 800px) 100vw, 800px\" \/><figcaption class=\"wp-element-caption\">S\u00f4nia, eu e Landa &#8211; foto de Ded\u00e9 Mesquita<\/figcaption><\/figure><\/div>\n\n\n<p class=\"has-text-align-left\"><strong>Pr\u00eamio para Alice &#8211; <\/strong>A s\u00e9rie de reportagens que a jornalista <strong>Alice Morais<\/strong> escreveu, <strong>&#8220;O futuro do Maraj\u00f3&#8221;<\/strong>, foi a vencedora na categoria <strong>Melhor Reportagem Socioambiental <\/strong>da primeira edi\u00e7\u00e3o do <strong>Pr\u00eamio de Jornalismo Digital Socioambiental<\/strong>, promovido pela <strong>Associa\u00e7\u00e3o de Jornalismo Digital &#8211; Ajor<\/strong>, que homenageia o legado de Dom Phillips e Bruno Pereira. A s\u00e9rie foi publicada h\u00e1 quase um ano e foi resultado de um trabalho de equipe:&nbsp;O Eco &#8211; Jornalismo Ambiental, Earth Journalism Network, Ricardo Garcia e Ferm\u00edn Koop pela mentoria impec\u00e1vel, e Matheus Melo, parte audiovisual. Teve tamb\u00e9m Lucas Duarte, Gabriela G\u00fcllich e o pessoal do Observat\u00f3rio do Maraj\u00f3. S\u00e3o tr\u00eas mat\u00e9rias multim\u00eddia, uma videorreportagem e uma galeria de fotos.&nbsp;<\/p>\n\n\n<div class=\"wp-block-image\">\n<figure class=\"aligncenter size-full\"><img loading=\"lazy\" decoding=\"async\" width=\"446\" height=\"650\" src=\"https:\/\/dedemesquita.com.br\/wp-content\/uploads\/2025\/06\/WhatsApp-Image-2025-06-10-at-12.32.01.jpeg\" alt=\"\" class=\"wp-image-12473\"\/><figcaption class=\"wp-element-caption\">Alice Martins tem uma premia\u00e7\u00e3o no curr\u00edculo <\/figcaption><\/figure><\/div>\n\n\n<p><\/p>\n\n\n\n<p class=\"has-text-align-center\"><strong>MUDAN\u00c7AS NA REDA\u00c7\u00d5ES<\/strong><\/p>\n\n\n\n<p><strong>Carol &#8211; <\/strong>A paraense <strong>Carol Bambo<\/strong>, que foi da RBA TV, depois de quatro meses como free lancer na <strong>TV RBS<\/strong>, foi incorporada oficialmente ao time de rep\u00f3rteres da emissora do Rio Grande do Sul.&nbsp;&nbsp;&nbsp;<\/p>\n\n\n<div class=\"wp-block-image\">\n<figure class=\"aligncenter size-full\"><img loading=\"lazy\" decoding=\"async\" width=\"700\" height=\"719\" src=\"https:\/\/dedemesquita.com.br\/wp-content\/uploads\/2025\/06\/Carol-Bambo-1.jpg\" alt=\"\" class=\"wp-image-12443\"\/><figcaption class=\"wp-element-caption\">Carol Bambo contratada pela RBS TV e curtindo o frio no sul do Brasil <\/figcaption><\/figure><\/div>\n\n\n<p><strong>Taym\u00e3 &#8211;<\/strong> <strong>Taym\u00e3 Carneiro<\/strong> foi promovido a coordenador de conte\u00fado nos portais <strong>G1<\/strong>\/ <strong>GE Par\u00e1<\/strong>, na <strong>TV Liberal<\/strong>, somando for\u00e7as com <strong>Valeria Martins <\/strong>na coordena\u00e7\u00e3o a reda\u00e7\u00e3o que preza pela excel\u00eancia e produ\u00e7\u00e3o de qualidade no jornalismo paraense. Taym\u00e3 est\u00e1 h\u00e1 oito anos nesses portais.<\/p>\n\n\n<div class=\"wp-block-image\">\n<figure class=\"aligncenter size-full\"><img loading=\"lazy\" decoding=\"async\" width=\"571\" height=\"650\" src=\"https:\/\/dedemesquita.com.br\/wp-content\/uploads\/2025\/06\/WhatsApp-Image-2025-06-10-at-12.21.55.jpeg\" alt=\"\" class=\"wp-image-12472\"\/><figcaption class=\"wp-element-caption\">Taym\u00e3 passou a coordenador no G1 Par\u00e1 <\/figcaption><\/figure><\/div>\n\n\n<p><strong>Menezes &#8211; Levi Menezes<\/strong> passou a coordenar a comunica\u00e7\u00e3o na <strong>C\u00e2mara Municipal de Bel\u00e9m<\/strong>, no gabinete da vereadora Marinor Brito, do PSOL, desde janeiro deste ano.&nbsp;<\/p>\n\n\n<div class=\"wp-block-image\">\n<figure class=\"aligncenter size-full\"><img loading=\"lazy\" decoding=\"async\" width=\"492\" height=\"505\" src=\"https:\/\/dedemesquita.com.br\/wp-content\/uploads\/2025\/06\/WhatsApp-Image-2025-06-10-at-11.13.23.jpeg\" alt=\"\" class=\"wp-image-12453\"\/><figcaption class=\"wp-element-caption\">Levi Menezes assumiu a comunica\u00e7\u00e3o da vereadora Marinor Brito<\/figcaption><\/figure><\/div>\n\n\n<p><strong>Riulen &#8211; Riulen Pantoja<\/strong>, depois de ter passado pela comunica\u00e7\u00e3o da OAB-PA, come\u00e7ou como estagi\u00e1rio de jornalismo na <a href=\"https:\/\/www.oliberal.com\/\" target=\"_blank\" rel=\"noreferrer noopener\"><strong>www.oliberal.com<\/strong><\/a>.&nbsp;&nbsp;<\/p>\n\n\n<div class=\"wp-block-image\">\n<figure class=\"aligncenter size-full\"><img loading=\"lazy\" decoding=\"async\" width=\"501\" height=\"600\" src=\"https:\/\/dedemesquita.com.br\/wp-content\/uploads\/2025\/06\/WhatsApp-Image-2025-06-10-at-11.10.48.jpeg\" alt=\"\" class=\"wp-image-12454\"\/><figcaption class=\"wp-element-caption\">Riulen est\u00e1 estagiando em O Liberal <\/figcaption><\/figure><\/div>\n\n\n<p><strong>Pallmer &#8211; Pallmer Barros<\/strong> come\u00e7ou em novo cargo de assessor de comunica\u00e7\u00e3o no <strong>Pronto-Socorro Estadual Dr. Roberto Macedo<\/strong>, onde est\u00e1 cobrindo as f\u00e9rias da assessora, a jornalista <strong>Joelza Silva<\/strong>. Como ele \u00e9 da Secom-PA, foi indicado a cobrir duas f\u00e9rias de assessores em hospitais, sendo uma delas, a da Joelza Silva.<\/p>\n\n\n<div class=\"wp-block-image\">\n<figure class=\"aligncenter size-full\"><img loading=\"lazy\" decoding=\"async\" width=\"503\" height=\"443\" src=\"https:\/\/dedemesquita.com.br\/wp-content\/uploads\/2025\/06\/Pallmer-Barros.jpeg\" alt=\"\" class=\"wp-image-12444\"\/><figcaption class=\"wp-element-caption\">Pallmer continua no ramo das assessorias de comunica\u00e7\u00e3o em sa\u00fade e hospitais<\/figcaption><\/figure><\/div>\n\n\n<p><strong>Patr\u00edcia &#8211; Patricia Silva<\/strong>, que foi da comunica\u00e7\u00e3o do col\u00e9gio <strong>Marista Nazar\u00e9<\/strong>, come\u00e7ou como especialista em comunica\u00e7\u00e3o I, no <strong>Instituto Tecnol\u00f3gico Vale &#8211; ITV<\/strong>.&nbsp;&nbsp;<\/p>\n\n\n<div class=\"wp-block-image\">\n<figure class=\"aligncenter size-full\"><img loading=\"lazy\" decoding=\"async\" width=\"650\" height=\"597\" src=\"https:\/\/dedemesquita.com.br\/wp-content\/uploads\/2025\/06\/Patricia-Silva.jpg\" alt=\"\" class=\"wp-image-12445\"\/><figcaption class=\"wp-element-caption\">Patr\u00edcia est\u00e1 no Instituto Tecnol\u00f3gico Vale <\/figcaption><\/figure><\/div>\n\n\n<p><strong>Griffo e Sabino &#8211; <\/strong>O publicit\u00e1rio <strong>Orly Bezerra<\/strong> e o marketing pol\u00edtico da ag\u00eancia <strong>Griffo Comunica\u00e7\u00e3o<\/strong>, passam a fazer parte da comunica\u00e7\u00e3o do ministro do Turismo, <strong>Celso Sabino<\/strong>, que \u00e9 paraense, na miss\u00e3o j\u00e1 visando as elei\u00e7\u00f5es de 2026.&nbsp;<\/p>\n\n\n<div class=\"wp-block-image\">\n<figure class=\"aligncenter size-full\"><img loading=\"lazy\" decoding=\"async\" width=\"368\" height=\"332\" src=\"https:\/\/dedemesquita.com.br\/wp-content\/uploads\/2025\/06\/WhatsApp-Image-2025-06-10-at-11.19.14.jpeg\" alt=\"\" class=\"wp-image-12455\"\/><figcaption class=\"wp-element-caption\">Griffo, agora, est\u00e1 assessorando o marketing pol\u00edtico de Celso Sabino, ministro do Turismo <\/figcaption><\/figure><\/div>\n\n\n<p><strong>Ana Vit\u00f3ria &#8211; <\/strong>A jornalista <strong>Ana Vit\u00f3ria Gouv\u00eaa<\/strong> come\u00e7ou em um novo cargo de analista de comunica\u00e7\u00e3o e marketing na organiza\u00e7\u00e3o <strong>Luta pela Paz<\/strong>, presente em mais de 20 pa\u00edses, desde 2000, que desenvolve programas voltados para o esporte.&nbsp;&nbsp;<\/p>\n\n\n\n<p><strong>Origem Justa &#8211; Jorge Bentes<\/strong> e <strong>Lissa de Alexandria<\/strong>, que trabalharam juntos no portal <strong>Roma News<\/strong>, est\u00e3o na ag\u00eancia Origem Justa, desde outubro do ano passado, quando foi inaugurada a filial em Bel\u00e9m, com objetivo de atuar em projetos para a COP 30. A ag\u00eancia \u00e9 uma das realizadoras do retorno do festival <strong>Ver-o-Peso da Cozinha Paraense<\/strong>, um dos mais importantes na valoriza\u00e7\u00e3o da gastronomia amaz\u00f4nica em Bel\u00e9m, ao lado Instituto Paulo Martins, que celebram o legado do chef hom\u00f4nimo, promovendo o encontro entre chefs do Brasil e do mundo. A ag\u00eancia atende tamb\u00e9m \u00e0 <strong>Plataforma 091<\/strong> e desenvolve projetos, com estrat\u00e9gia, produ\u00e7\u00e3o de ponta e compromisso com o territ\u00f3rio.&nbsp;<\/p>\n\n\n<div class=\"wp-block-image\">\n<figure class=\"aligncenter size-full\"><img loading=\"lazy\" decoding=\"async\" width=\"495\" height=\"509\" src=\"https:\/\/dedemesquita.com.br\/wp-content\/uploads\/2025\/06\/WhatsApp-Image-2025-06-06-at-12.30.15.jpeg\" alt=\"\" class=\"wp-image-12446\"\/><figcaption class=\"wp-element-caption\">Lissa trocou a Secom-PA pela ag\u00eancia Origem Justa <\/figcaption><\/figure><\/div>\n\n<div class=\"wp-block-image\">\n<figure class=\"aligncenter size-full\"><img loading=\"lazy\" decoding=\"async\" width=\"496\" height=\"557\" src=\"https:\/\/dedemesquita.com.br\/wp-content\/uploads\/2025\/06\/WhatsApp-Image-2025-06-06-at-12.30.36.jpeg\" alt=\"\" class=\"wp-image-12447\"\/><figcaption class=\"wp-element-caption\">Jorge Bentes est\u00e1 de volta a Bel\u00e9m e est\u00e1 na Origem Justa<\/figcaption><\/figure><\/div>\n\n\n<p><strong>Renan &#8211; Renan Melo<\/strong>, com passagem pela <strong>TV Cultura<\/strong>, estava na r\u00e1dio Clube, mas engatou mesmo na reportagem da RBA TV, substituindo a Luiz Ot\u00e1vio, que est\u00e1 na <strong>Rede TV Bel\u00e9m<\/strong>. &nbsp;<\/p>\n\n\n<div class=\"wp-block-image\">\n<figure class=\"aligncenter size-full\"><img loading=\"lazy\" decoding=\"async\" width=\"440\" height=\"600\" src=\"https:\/\/dedemesquita.com.br\/wp-content\/uploads\/2025\/06\/WhatsApp-Image-2025-06-10-at-10.31.00.jpeg\" alt=\"\" class=\"wp-image-12448\"\/><figcaption class=\"wp-element-caption\">Renan Melo \u00e9 o novo rep\u00f3rter da RBA TV<\/figcaption><\/figure><\/div>\n\n\n<p><\/p>\n\n\n\n<p class=\"has-text-align-center\"><strong>SEGURA ESSAS NOTINHAS<\/strong><\/p>\n\n\n\n<p><strong>Not\u00edcias da Torre &#8211;<\/strong> \u00c9 tanta reclama\u00e7\u00e3o que chega aqui no site, vinda diretamente <strong>da Torre<\/strong>, e estou quase fazendo uma coluna semanal s\u00f3 com as novidades de l\u00e1.&nbsp;<\/p>\n\n\n\n<p><strong>Essa R\u00e1dio Clube &#8211; <\/strong>\u201cImagine que o grupo RBA tem o pr\u00eamio Prazer em Trabalhar, mas agora pergunta se algu\u00e9m tem prazer em trabalhar na R\u00e1dio Clube? Pelo jeito, ningu\u00e9m, porque n\u00e3o para um jornalista por l\u00e1\u201d, conta uma mensagem que recebi. A mais recente v\u00edtima foi <strong>Renan Melo<\/strong>, demitido no final de semana. A informa\u00e7\u00e3o \u00e9 que o rapaz \u00e9 um bom rep\u00f3rter e por isso \u2013 como todos n\u00f3s que somos mal remunerados &#8211; tinha dois empregos, na r\u00e1dio e na RBA TV, mas teria provocado a ciumeira no diretor de jornalismo da R\u00e1dio Clube que parece que n\u00e3o gostou de ver o rapaz \u201cbrilhar ao vivo na televis\u00e3o\u201d e o demitiu sumariamente. A not\u00edcia logo ganhou a \u201cr\u00e1dio cip\u00f3\u201d e muitos lamentaram a demiss\u00e3o de Renan. A mensagem tamb\u00e9m diz que a R\u00e1dio Clube est\u00e1 <strong>\u2018afundando\u2019<\/strong> e vai piorar quando for divulgado a aferi\u00e7\u00e3o do <strong>IBOPE<\/strong>. \u201cPelo jeito, com tanta gente saindo, vai ficar somente o <strong>Nonato Cavalcante<\/strong>, um diretor que est\u00e1 parado no tempo, e o <strong>coordenador de jornalismo<\/strong> que, <em>&#8216;se muito, entende de assessoria de comunica\u00e7\u00e3o&#8217;<\/em>&#8230; do Nonato\u201d. &nbsp;<\/p>\n\n\n<div class=\"wp-block-image\">\n<figure class=\"aligncenter size-full\"><img loading=\"lazy\" decoding=\"async\" width=\"479\" height=\"650\" src=\"https:\/\/dedemesquita.com.br\/wp-content\/uploads\/2025\/06\/WhatsApp-Image-2025-06-10-at-10.32.07-1-1.jpeg\" alt=\"\" class=\"wp-image-12450\"\/><figcaption class=\"wp-element-caption\">Renan Melo at\u00e9 foi chamado de &#8220;O garoto precioso do nosso Clube da Tarde&#8221;, e ainda assim foi demitido da R\u00e1dio Clube. Como assim, gente? <\/figcaption><\/figure><\/div>\n\n\n<p><strong>M\u00eddia Ananin &#8211; <\/strong>Todo mundo do \u201cmeio\u201d j\u00e1 sabe que a <strong>Prefeitura de Ananindeua<\/strong> mant\u00e9m os criadores de uma p\u00e1gina nas redes sociais para falar bem dela mesma, na folha de pagamento da administra\u00e7\u00e3o municipal. Os dois criadores de conte\u00fado da p\u00e1gina est\u00e3o lotados na <strong>Secretaria Municipal de Administra\u00e7\u00e3o<\/strong>, devidamente pagos com o dinheiro do contribuinte. A p\u00e1gina &#8211; <strong>M\u00eddia Ananin<\/strong> &#8211; criou uma coluna copiando a identidade visual da <strong>coluna Rep\u00f3rter 70<\/strong> no jornal <strong>O Liberal<\/strong>, que est\u00e1 furioso com a <em>\u2018gra\u00e7a\u2019<\/em> dos dois social m\u00eddias e disse que <em>\u201ccredibilidade n\u00e3o se copia e a resposta jur\u00eddica cab\u00edvel certamente vir\u00e1\u201d<\/em>. <em>Ah\u00e1, bam bam bam!! <\/em>O deboche dos criadores da coluna \u00e9 o que salta aos olhos: \u201cNem muitas e nem em poucas linhas, aqui \u00e9 na <strong>Linha Reta<\/strong>. Confira as notas de lan\u00e7amento da coluna\u201d. Em tempo, o <strong>\u201cEm Poucas Linhas\u201d<\/strong> vem a ser a parte \u201cde baixo\u201d do Rep\u00f3rter 70.&nbsp; <\/p>\n\n\n<div class=\"wp-block-image\">\n<figure class=\"aligncenter size-full\"><img loading=\"lazy\" decoding=\"async\" width=\"572\" height=\"700\" src=\"https:\/\/dedemesquita.com.br\/wp-content\/uploads\/2025\/06\/WhatsApp-Image-2025-06-09-at-15.31.22.jpeg\" alt=\"\" class=\"wp-image-12451\"\/><figcaption class=\"wp-element-caption\">A coluna que chegou j\u00e1 trazendo pol\u00eamica com a &#8220;m\u00eddia antiga&#8221; em Bel\u00e9m <\/figcaption><\/figure><\/div>\n\n\n<p><\/p>\n\n\n\n<p class=\"has-text-align-center\"><strong>FOTOS DA SEMANA<\/strong><\/p>\n\n\n\n<p><strong>Despedida do Pimenta<\/strong><\/p>\n\n\n<div class=\"wp-block-image\">\n<figure class=\"aligncenter size-full\"><img loading=\"lazy\" decoding=\"async\" width=\"800\" height=\"602\" src=\"https:\/\/dedemesquita.com.br\/wp-content\/uploads\/2025\/06\/Screenshot_2025-06-05-19-07-12-639_com.instagram.android.jpg\" alt=\"\" class=\"wp-image-12461\" srcset=\"https:\/\/dedemesquita.com.br\/wp-content\/uploads\/2025\/06\/Screenshot_2025-06-05-19-07-12-639_com.instagram.android.jpg 800w, https:\/\/dedemesquita.com.br\/wp-content\/uploads\/2025\/06\/Screenshot_2025-06-05-19-07-12-639_com.instagram.android-768x578.jpg 768w\" sizes=\"(max-width: 800px) 100vw, 800px\" \/><figcaption class=\"wp-element-caption\">Casting da TV Record Bel\u00e9m participou da despedida de Pimenta, \u00e0 base de muitas pizzas<\/figcaption><\/figure><\/div>\n\n<div class=\"wp-block-image\">\n<figure class=\"aligncenter size-full\"><img loading=\"lazy\" decoding=\"async\" width=\"750\" height=\"688\" src=\"https:\/\/dedemesquita.com.br\/wp-content\/uploads\/2025\/06\/Screenshot_2025-06-07-01-49-32-338_com.instagram.android.jpg\" alt=\"\" class=\"wp-image-12462\"\/><figcaption class=\"wp-element-caption\">Agenor Santos, da RBA TV, se despediu de Pimenta <\/figcaption><\/figure><\/div>\n\n<div class=\"wp-block-image\">\n<figure class=\"aligncenter size-full\"><img loading=\"lazy\" decoding=\"async\" width=\"725\" height=\"800\" src=\"https:\/\/dedemesquita.com.br\/wp-content\/uploads\/2025\/06\/Screenshot_2025-06-05-17-05-49-689_com.instagram.android.jpg\" alt=\"\" class=\"wp-image-12463\"\/><figcaption class=\"wp-element-caption\">Ele chorou emocionado <\/figcaption><\/figure><\/div>\n\n<div class=\"wp-block-image\">\n<figure class=\"aligncenter size-full\"><img loading=\"lazy\" decoding=\"async\" width=\"800\" height=\"795\" src=\"https:\/\/dedemesquita.com.br\/wp-content\/uploads\/2025\/06\/Screenshot_2025-06-05-12-17-57-851_com.instagram.android.jpg\" alt=\"\" class=\"wp-image-12464\" srcset=\"https:\/\/dedemesquita.com.br\/wp-content\/uploads\/2025\/06\/Screenshot_2025-06-05-12-17-57-851_com.instagram.android.jpg 800w, https:\/\/dedemesquita.com.br\/wp-content\/uploads\/2025\/06\/Screenshot_2025-06-05-12-17-57-851_com.instagram.android-150x150.jpg 150w, https:\/\/dedemesquita.com.br\/wp-content\/uploads\/2025\/06\/Screenshot_2025-06-05-12-17-57-851_com.instagram.android-768x763.jpg 768w\" sizes=\"(max-width: 800px) 100vw, 800px\" \/><figcaption class=\"wp-element-caption\">Let\u00edcia Nassar e Osmarino Souza apresentam o cartaz do C\u00edrio de Nossa Senhora de Nazar\u00e9 de 2025<\/figcaption><\/figure><\/div>\n\n<div class=\"wp-block-image\">\n<figure class=\"aligncenter size-full\"><img loading=\"lazy\" decoding=\"async\" width=\"800\" height=\"785\" src=\"https:\/\/dedemesquita.com.br\/wp-content\/uploads\/2025\/06\/Screenshot_2025-06-08-16-14-48-676_com.instagram.android.jpg\" alt=\"\" class=\"wp-image-12465\" srcset=\"https:\/\/dedemesquita.com.br\/wp-content\/uploads\/2025\/06\/Screenshot_2025-06-08-16-14-48-676_com.instagram.android.jpg 800w, https:\/\/dedemesquita.com.br\/wp-content\/uploads\/2025\/06\/Screenshot_2025-06-08-16-14-48-676_com.instagram.android-768x754.jpg 768w\" sizes=\"(max-width: 800px) 100vw, 800px\" \/><figcaption class=\"wp-element-caption\">Equipe do SBT Par\u00e1 em entrevista sobre o aumento do n\u00famero dos que proferem a f\u00e9 na umbanda <\/figcaption><\/figure><\/div>\n\n<div class=\"wp-block-image\">\n<figure class=\"aligncenter size-full\"><img loading=\"lazy\" decoding=\"async\" width=\"800\" height=\"566\" src=\"https:\/\/dedemesquita.com.br\/wp-content\/uploads\/2025\/06\/Screenshot_2025-06-08-09-05-30-345_com.instagram.android.jpg\" alt=\"\" class=\"wp-image-12466\" srcset=\"https:\/\/dedemesquita.com.br\/wp-content\/uploads\/2025\/06\/Screenshot_2025-06-08-09-05-30-345_com.instagram.android.jpg 800w, https:\/\/dedemesquita.com.br\/wp-content\/uploads\/2025\/06\/Screenshot_2025-06-08-09-05-30-345_com.instagram.android-768x543.jpg 768w\" sizes=\"(max-width: 800px) 100vw, 800px\" \/><figcaption class=\"wp-element-caption\">Equipe do digital no arraial da Secom-PA, no fim de semana<\/figcaption><\/figure><\/div>\n\n<div class=\"wp-block-image\">\n<figure class=\"aligncenter size-full\"><img loading=\"lazy\" decoding=\"async\" width=\"652\" height=\"800\" src=\"https:\/\/dedemesquita.com.br\/wp-content\/uploads\/2025\/06\/Screenshot_2025-06-08-04-55-14-394_com.instagram.android.jpg\" alt=\"\" class=\"wp-image-12467\"\/><figcaption class=\"wp-element-caption\">Arraial da Secom-PA 2025, com todo mundo \u00e0 car\u00e1ter e as <em>secs <\/em>Alinne e Verinha ao centro <\/figcaption><\/figure><\/div>\n\n<div class=\"wp-block-image\">\n<figure class=\"aligncenter size-full\"><img loading=\"lazy\" decoding=\"async\" width=\"800\" height=\"769\" src=\"https:\/\/dedemesquita.com.br\/wp-content\/uploads\/2025\/06\/Screenshot_2025-06-07-20-01-08-458_com.instagram.android.jpg\" alt=\"\" class=\"wp-image-12468\" srcset=\"https:\/\/dedemesquita.com.br\/wp-content\/uploads\/2025\/06\/Screenshot_2025-06-07-20-01-08-458_com.instagram.android.jpg 800w, https:\/\/dedemesquita.com.br\/wp-content\/uploads\/2025\/06\/Screenshot_2025-06-07-20-01-08-458_com.instagram.android-768x738.jpg 768w\" sizes=\"(max-width: 800px) 100vw, 800px\" \/><figcaption class=\"wp-element-caption\">Erika Siqueira, Tayana Narcisa Arc\u00e2ngela Sena, Jal\u00edlia Messias, Taym\u00e3 Carneiro e Ivana Oliveira no Theatro da Paz no evento TEDeX Bel\u00e9m <\/figcaption><\/figure><\/div>\n\n<div class=\"wp-block-image\">\n<figure class=\"aligncenter size-full\"><img loading=\"lazy\" decoding=\"async\" width=\"636\" height=\"800\" src=\"https:\/\/dedemesquita.com.br\/wp-content\/uploads\/2025\/06\/Screenshot_2025-06-07-01-23-40-503_com.instagram.android.jpg\" alt=\"\" class=\"wp-image-12469\"\/><figcaption class=\"wp-element-caption\">Anna Peres e Matheus Viggo na festa do brega em Bel\u00e9m <\/figcaption><\/figure><\/div>\n\n<div class=\"wp-block-image\">\n<figure class=\"aligncenter size-full is-resized\"><img loading=\"lazy\" decoding=\"async\" width=\"800\" height=\"550\" src=\"https:\/\/dedemesquita.com.br\/wp-content\/uploads\/2025\/06\/Screenshot_2025-06-06-19-38-44-522_com.instagram.android.jpg\" alt=\"\" class=\"wp-image-12470\" style=\"width:806px;height:auto\" srcset=\"https:\/\/dedemesquita.com.br\/wp-content\/uploads\/2025\/06\/Screenshot_2025-06-06-19-38-44-522_com.instagram.android.jpg 800w, https:\/\/dedemesquita.com.br\/wp-content\/uploads\/2025\/06\/Screenshot_2025-06-06-19-38-44-522_com.instagram.android-768x528.jpg 768w\" sizes=\"(max-width: 800px) 100vw, 800px\" \/><figcaption class=\"wp-element-caption\">Daniel Nardin, Alice Morais e Ruanne Lima, do Amaz\u00f4nia Vox, no Festival 3I, no Rio de Janeiro <\/figcaption><\/figure><\/div>\n\n<div class=\"wp-block-image\">\n<figure class=\"aligncenter size-full\"><img loading=\"lazy\" decoding=\"async\" width=\"800\" height=\"560\" src=\"https:\/\/dedemesquita.com.br\/wp-content\/uploads\/2025\/06\/Screenshot_2025-06-06-05-52-28-082_com.instagram.android.jpg\" alt=\"\" class=\"wp-image-12471\" srcset=\"https:\/\/dedemesquita.com.br\/wp-content\/uploads\/2025\/06\/Screenshot_2025-06-06-05-52-28-082_com.instagram.android.jpg 800w, https:\/\/dedemesquita.com.br\/wp-content\/uploads\/2025\/06\/Screenshot_2025-06-06-05-52-28-082_com.instagram.android-768x538.jpg 768w\" sizes=\"(max-width: 800px) 100vw, 800px\" \/><figcaption class=\"wp-element-caption\">Ronaldo Gillet, Andrey Ara\u00fajo, Bianca Teixeira e Diogo Puget na Dia do M\u00eddia do SBT Par\u00e1<\/figcaption><\/figure><\/div>\n\n\n<p><\/p>\n\n\n\n<p><strong>NOTA DA REDA\u00c7\u00c3O :&nbsp;<\/strong>Este site est\u00e1 aberto a quem quiser&nbsp;<strong>se manifestar sobre assuntos publicados nas postagens<\/strong>. O&nbsp;<strong>direito de resposta<\/strong>, aqui, \u00e9 sagrado. Estejam \u00e0 vontade.<\/p>\n","protected":false},"excerpt":{"rendered":"<p>Bel\u00e9m, 10 de junho de 2025 &#8211; Voc\u00ea piscou e j\u00e1 estamos no meio do ano. Que coisa! E mais assustador \u00e9 que, como dizia Cazuza &#8220;O tempo n\u00e3o para&#8221;, e j\u00e1 estamos aqui na bat ter\u00e7a-feira, atualizando o site. Novos acad\u00eamicos da APJ &#8211; A Academia Paraense de Jornalismo \u2013 APJ elegeu oito novos [&hellip;]<\/p>\n","protected":false},"author":2,"featured_media":12460,"comment_status":"open","ping_status":"open","sticky":false,"template":"","format":"standard","meta":{"footnotes":""},"categories":[51,14,29],"tags":[254,457,737,1043,467,495,921,119,120,1041,144,1042,1040,165,212,145,823,183,456],"class_list":["post-12441","post","type-post","status-publish","format-standard","has-post-thumbnail","hentry","category-destaque","category-imprensa","category-jornalismo","tag-academia-paraense-de-jornalismo","tag-camara-municipal-de-belem","tag-celso-sabino","tag-em-poucas-linhas","tag-griffo","tag-grupo-rba","tag-grupo-rbs","tag-jornalismo","tag-jornalistas-paraenses-em-acao","tag-luta-pela-paz","tag-o-liberal","tag-plataforma-091","tag-psol","tag-radio-clube","tag-rba-tv","tag-rbatv","tag-reporter-70","tag-roma-news","tag-vale"],"yoast_head":"<!-- This site is optimized with the Yoast SEO plugin v19.10 - https:\/\/yoast.com\/wordpress\/plugins\/seo\/ -->\n<title>Academia Paraense de Jornalismo elege oito novos membros, Marcus Pimenta se despede da Record Bel\u00e9m e outras not\u00edcias quentes - Ded\u00e9 Mesquita<\/title>\n<meta name=\"robots\" content=\"index, follow, max-snippet:-1, max-image-preview:large, max-video-preview:-1\" \/>\n<link rel=\"canonical\" href=\"https:\/\/dedemesquita.com.br\/?p=12441\" \/>\n<meta property=\"og:locale\" content=\"pt_BR\" \/>\n<meta property=\"og:type\" content=\"article\" \/>\n<meta property=\"og:title\" content=\"Academia Paraense de Jornalismo elege oito novos membros, Marcus Pimenta se despede da Record Bel\u00e9m e outras not\u00edcias quentes - Ded\u00e9 Mesquita\" \/>\n<meta property=\"og:description\" content=\"Bel\u00e9m, 10 de junho de 2025 &#8211; Voc\u00ea piscou e j\u00e1 estamos no meio do ano. Que coisa! E mais assustador \u00e9 que, como dizia Cazuza &#8220;O tempo n\u00e3o para&#8221;, e j\u00e1 estamos aqui na bat ter\u00e7a-feira, atualizando o site. Novos acad\u00eamicos da APJ &#8211; A Academia Paraense de Jornalismo \u2013 APJ elegeu oito novos [&hellip;]\" \/>\n<meta property=\"og:url\" content=\"https:\/\/dedemesquita.com.br\/?p=12441\" \/>\n<meta property=\"og:site_name\" content=\"Ded\u00e9 Mesquita\" \/>\n<meta property=\"article:publisher\" content=\"https:\/\/www.facebook.com\/dede.mesquita\" \/>\n<meta property=\"article:published_time\" content=\"2025-06-10T15:33:38+00:00\" \/>\n<meta property=\"article:modified_time\" content=\"2025-06-17T20:43:38+00:00\" \/>\n<meta property=\"og:image\" content=\"https:\/\/dedemesquita.com.br\/wp-content\/uploads\/2025\/06\/WhatsApp-Image-2025-06-10-at-11.56.07.jpeg\" \/>\n\t<meta property=\"og:image:width\" content=\"950\" \/>\n\t<meta property=\"og:image:height\" content=\"568\" \/>\n\t<meta property=\"og:image:type\" content=\"image\/jpeg\" \/>\n<meta name=\"author\" content=\"Ded\u00e9 Mesquita\" \/>\n<meta name=\"twitter:card\" content=\"summary_large_image\" \/>\n<meta name=\"twitter:creator\" content=\"@dedemesquita\" \/>\n<meta name=\"twitter:site\" content=\"@dedemesquita\" \/>\n<meta name=\"twitter:label1\" content=\"Escrito por\" \/>\n\t<meta name=\"twitter:data1\" content=\"Ded\u00e9 Mesquita\" \/>\n\t<meta name=\"twitter:label2\" content=\"Est. tempo de leitura\" \/>\n\t<meta name=\"twitter:data2\" content=\"17 minutos\" \/>\n<script type=\"application\/ld+json\" class=\"yoast-schema-graph\">{\"@context\":\"https:\/\/schema.org\",\"@graph\":[{\"@type\":\"WebPage\",\"@id\":\"https:\/\/dedemesquita.com.br\/?p=12441\",\"url\":\"https:\/\/dedemesquita.com.br\/?p=12441\",\"name\":\"Academia Paraense de Jornalismo elege oito novos membros, Marcus Pimenta se despede da Record Bel\u00e9m e outras not\u00edcias quentes - Ded\u00e9 Mesquita\",\"isPartOf\":{\"@id\":\"https:\/\/dedemesquita.com.br\/#website\"},\"datePublished\":\"2025-06-10T15:33:38+00:00\",\"dateModified\":\"2025-06-17T20:43:38+00:00\",\"author\":{\"@id\":\"https:\/\/dedemesquita.com.br\/#\/schema\/person\/36571f81dd2d76dc3ab37231542c9e24\"},\"breadcrumb\":{\"@id\":\"https:\/\/dedemesquita.com.br\/?p=12441#breadcrumb\"},\"inLanguage\":\"pt-BR\",\"potentialAction\":[{\"@type\":\"ReadAction\",\"target\":[\"https:\/\/dedemesquita.com.br\/?p=12441\"]}]},{\"@type\":\"BreadcrumbList\",\"@id\":\"https:\/\/dedemesquita.com.br\/?p=12441#breadcrumb\",\"itemListElement\":[{\"@type\":\"ListItem\",\"position\":1,\"name\":\"In\u00edcio\",\"item\":\"https:\/\/dedemesquita.com.br\/\"},{\"@type\":\"ListItem\",\"position\":2,\"name\":\"Academia Paraense de Jornalismo elege oito novos membros, Marcus Pimenta se despede da Record Bel\u00e9m e outras not\u00edcias quentes\"}]},{\"@type\":\"WebSite\",\"@id\":\"https:\/\/dedemesquita.com.br\/#website\",\"url\":\"https:\/\/dedemesquita.com.br\/\",\"name\":\"Ded\u00e9 Mesquita\",\"description\":\"Um site que mostra os bastidores da imprensa no estado do Par\u00e1 e em Bel\u00e9m\",\"potentialAction\":[{\"@type\":\"SearchAction\",\"target\":{\"@type\":\"EntryPoint\",\"urlTemplate\":\"https:\/\/dedemesquita.com.br\/?s={search_term_string}\"},\"query-input\":\"required name=search_term_string\"}],\"inLanguage\":\"pt-BR\"},{\"@type\":\"Person\",\"@id\":\"https:\/\/dedemesquita.com.br\/#\/schema\/person\/36571f81dd2d76dc3ab37231542c9e24\",\"name\":\"Ded\u00e9 Mesquita\",\"image\":{\"@type\":\"ImageObject\",\"inLanguage\":\"pt-BR\",\"@id\":\"https:\/\/dedemesquita.com.br\/#\/schema\/person\/image\/\",\"url\":\"https:\/\/dedemesquita.com.br\/wp-content\/uploads\/2021\/02\/foto_perfil-150x150.jpg\",\"contentUrl\":\"https:\/\/dedemesquita.com.br\/wp-content\/uploads\/2021\/02\/foto_perfil-150x150.jpg\",\"caption\":\"Ded\u00e9 Mesquita\"},\"sameAs\":[\"https:\/\/dedemesquita.com.br\"]}]}<\/script>\n<!-- \/ Yoast SEO plugin. -->","yoast_head_json":{"title":"Academia Paraense de Jornalismo elege oito novos membros, Marcus Pimenta se despede da Record Bel\u00e9m e outras not\u00edcias quentes - Ded\u00e9 Mesquita","robots":{"index":"index","follow":"follow","max-snippet":"max-snippet:-1","max-image-preview":"max-image-preview:large","max-video-preview":"max-video-preview:-1"},"canonical":"https:\/\/dedemesquita.com.br\/?p=12441","og_locale":"pt_BR","og_type":"article","og_title":"Academia Paraense de Jornalismo elege oito novos membros, Marcus Pimenta se despede da Record Bel\u00e9m e outras not\u00edcias quentes - Ded\u00e9 Mesquita","og_description":"Bel\u00e9m, 10 de junho de 2025 &#8211; Voc\u00ea piscou e j\u00e1 estamos no meio do ano. Que coisa! E mais assustador \u00e9 que, como dizia Cazuza &#8220;O tempo n\u00e3o para&#8221;, e j\u00e1 estamos aqui na bat ter\u00e7a-feira, atualizando o site. Novos acad\u00eamicos da APJ &#8211; A Academia Paraense de Jornalismo \u2013 APJ elegeu oito novos [&hellip;]","og_url":"https:\/\/dedemesquita.com.br\/?p=12441","og_site_name":"Ded\u00e9 Mesquita","article_publisher":"https:\/\/www.facebook.com\/dede.mesquita","article_published_time":"2025-06-10T15:33:38+00:00","article_modified_time":"2025-06-17T20:43:38+00:00","og_image":[{"width":950,"height":568,"url":"https:\/\/dedemesquita.com.br\/wp-content\/uploads\/2025\/06\/WhatsApp-Image-2025-06-10-at-11.56.07.jpeg","type":"image\/jpeg"}],"author":"Ded\u00e9 Mesquita","twitter_card":"summary_large_image","twitter_creator":"@dedemesquita","twitter_site":"@dedemesquita","twitter_misc":{"Escrito por":"Ded\u00e9 Mesquita","Est. tempo de leitura":"17 minutos"},"schema":{"@context":"https:\/\/schema.org","@graph":[{"@type":"WebPage","@id":"https:\/\/dedemesquita.com.br\/?p=12441","url":"https:\/\/dedemesquita.com.br\/?p=12441","name":"Academia Paraense de Jornalismo elege oito novos membros, Marcus Pimenta se despede da Record Bel\u00e9m e outras not\u00edcias quentes - Ded\u00e9 Mesquita","isPartOf":{"@id":"https:\/\/dedemesquita.com.br\/#website"},"datePublished":"2025-06-10T15:33:38+00:00","dateModified":"2025-06-17T20:43:38+00:00","author":{"@id":"https:\/\/dedemesquita.com.br\/#\/schema\/person\/36571f81dd2d76dc3ab37231542c9e24"},"breadcrumb":{"@id":"https:\/\/dedemesquita.com.br\/?p=12441#breadcrumb"},"inLanguage":"pt-BR","potentialAction":[{"@type":"ReadAction","target":["https:\/\/dedemesquita.com.br\/?p=12441"]}]},{"@type":"BreadcrumbList","@id":"https:\/\/dedemesquita.com.br\/?p=12441#breadcrumb","itemListElement":[{"@type":"ListItem","position":1,"name":"In\u00edcio","item":"https:\/\/dedemesquita.com.br\/"},{"@type":"ListItem","position":2,"name":"Academia Paraense de Jornalismo elege oito novos membros, Marcus Pimenta se despede da Record Bel\u00e9m e outras not\u00edcias quentes"}]},{"@type":"WebSite","@id":"https:\/\/dedemesquita.com.br\/#website","url":"https:\/\/dedemesquita.com.br\/","name":"Ded\u00e9 Mesquita","description":"Um site que mostra os bastidores da imprensa no estado do Par\u00e1 e em Bel\u00e9m","potentialAction":[{"@type":"SearchAction","target":{"@type":"EntryPoint","urlTemplate":"https:\/\/dedemesquita.com.br\/?s={search_term_string}"},"query-input":"required name=search_term_string"}],"inLanguage":"pt-BR"},{"@type":"Person","@id":"https:\/\/dedemesquita.com.br\/#\/schema\/person\/36571f81dd2d76dc3ab37231542c9e24","name":"Ded\u00e9 Mesquita","image":{"@type":"ImageObject","inLanguage":"pt-BR","@id":"https:\/\/dedemesquita.com.br\/#\/schema\/person\/image\/","url":"https:\/\/dedemesquita.com.br\/wp-content\/uploads\/2021\/02\/foto_perfil-150x150.jpg","contentUrl":"https:\/\/dedemesquita.com.br\/wp-content\/uploads\/2021\/02\/foto_perfil-150x150.jpg","caption":"Ded\u00e9 Mesquita"},"sameAs":["https:\/\/dedemesquita.com.br"]}]}},"_links":{"self":[{"href":"https:\/\/dedemesquita.com.br\/index.php?rest_route=\/wp\/v2\/posts\/12441"}],"collection":[{"href":"https:\/\/dedemesquita.com.br\/index.php?rest_route=\/wp\/v2\/posts"}],"about":[{"href":"https:\/\/dedemesquita.com.br\/index.php?rest_route=\/wp\/v2\/types\/post"}],"author":[{"embeddable":true,"href":"https:\/\/dedemesquita.com.br\/index.php?rest_route=\/wp\/v2\/users\/2"}],"replies":[{"embeddable":true,"href":"https:\/\/dedemesquita.com.br\/index.php?rest_route=%2Fwp%2Fv2%2Fcomments&post=12441"}],"version-history":[{"count":8,"href":"https:\/\/dedemesquita.com.br\/index.php?rest_route=\/wp\/v2\/posts\/12441\/revisions"}],"predecessor-version":[{"id":12552,"href":"https:\/\/dedemesquita.com.br\/index.php?rest_route=\/wp\/v2\/posts\/12441\/revisions\/12552"}],"wp:featuredmedia":[{"embeddable":true,"href":"https:\/\/dedemesquita.com.br\/index.php?rest_route=\/wp\/v2\/media\/12460"}],"wp:attachment":[{"href":"https:\/\/dedemesquita.com.br\/index.php?rest_route=%2Fwp%2Fv2%2Fmedia&parent=12441"}],"wp:term":[{"taxonomy":"category","embeddable":true,"href":"https:\/\/dedemesquita.com.br\/index.php?rest_route=%2Fwp%2Fv2%2Fcategories&post=12441"},{"taxonomy":"post_tag","embeddable":true,"href":"https:\/\/dedemesquita.com.br\/index.php?rest_route=%2Fwp%2Fv2%2Ftags&post=12441"}],"curies":[{"name":"wp","href":"https:\/\/api.w.org\/{rel}","templated":true}]}}