{"id":12172,"date":"2025-05-13T18:43:23","date_gmt":"2025-05-13T21:43:23","guid":{"rendered":"https:\/\/dedemesquita.com.br\/?p=12172"},"modified":"2025-05-13T19:07:51","modified_gmt":"2025-05-13T22:07:51","slug":"portal-bt-mais-antigo-belem-transito-e-vendido-lancamento-do-ii-premio-ampla-de-jornalismo-e-muitas-historias","status":"publish","type":"post","link":"https:\/\/dedemesquita.com.br\/?p=12172","title":{"rendered":"Portal BT Mais, antigo Bel\u00e9m Tr\u00e2nsito, \u00e9 vendido, lan\u00e7amento do II Pr\u00eamio Ampla de Jornalismo e muitas hist\u00f3rias"},"content":{"rendered":"\n<p><strong>Bel\u00e9m, 13 de maio de 2025 &#8211;<\/strong> Em pleno dia de <strong>Nossa Senhora de F\u00e1tima<\/strong>, eu posso at\u00e9 n\u00e3o fazer milagres, aparecendo aos tr\u00eas pastorzinhos, mas eu surjo para contar as muitas e muitas que sempre come\u00e7am assim: <em>&#8220;Ded\u00e9, corre aqui!&#8221;<\/em>. <strong>Minhas fontes queridas<\/strong>, eu as amo, e nunca \u00e9 demais repetir sobre isso. Vamos? <\/p>\n\n\n\n<p class=\"has-text-align-center\"><strong>A BOMBA DA SEMANA<\/strong> <\/p>\n\n\n\n<p><strong>BT foi vendido &#8211; <\/strong>A not\u00edcia mais bomb\u00e1stica da segunda-feira, 12, e que continua repercutindo, \u00e9 a venda do <strong>portal, ex-perfil no X, ex-Twitter, e outras coisas mais Bel\u00e9m Tr\u00e2nsito<\/strong>, que passou a ser <strong>BT Mais<\/strong>, depois que passou \u00e0 gest\u00e3o da ag\u00eancia <strong>Tucupix<\/strong>, dos jornalistas <strong>Ney Messias <\/strong>e <strong>Mary Tupiassu<\/strong>. Al\u00e9m das muitas e muitas especula\u00e7\u00f5es, o que se tem de concreto \u00e9 que os funcion\u00e1rios do portal BT Mais <strong>foram todos dispensados<\/strong>, na segunda-feira, e lhes foi informado que o BT havia sido vendido. Outra coisa concreta \u00e9 que o perfil <a href=\"http:\/\/@btmaisoficial\"><strong>http:\/\/@btmaisoficial<\/strong><\/a> desapareceu do Instagram, mas o BT Amaz\u00f4nia, um produto, digamos assim, do BT Mais, ainda est\u00e1 no ar, mas parado desde ontem, 12. <\/p>\n\n\n<div class=\"wp-block-image\">\n<figure class=\"aligncenter size-full\"><img loading=\"lazy\" decoding=\"async\" width=\"575\" height=\"748\" src=\"https:\/\/dedemesquita.com.br\/wp-content\/uploads\/2025\/05\/WhatsApp-Image-2025-05-13-at-17.39.30.jpeg\" alt=\"\" class=\"wp-image-12190\"\/><figcaption class=\"wp-element-caption\">Ney Messias era um dos coordenadores do portal BT Mais <\/figcaption><\/figure><\/div>\n\n\n<p><strong>Os Paolelli &#8211; <\/strong>Para quem ainda n\u00e3o sabe, o <strong>Bel\u00e9m Tr\u00e2nsito<\/strong>, que come\u00e7ou em 2009, enquanto era s\u00f3 um perfil no Twitter, foi da lavra dos irm\u00e3os <strong>Thiago<\/strong> e <strong>Lucas Paolelli<\/strong>, que faziam a linha \u201cescondidos\u201d. Em 2021, aproveitando os mais de 500 mil seguidores do perfil, Ney e Mary passaram a utilizar, numa esp\u00e9cie de \u201ccess\u00e3o\u201d, o nome e a marca Bel\u00e9m Tr\u00e2nsito, que se tornou o portal <strong>BT Mais<\/strong>. Mas o dom\u00ednio continuou com Thiago Paolelli. E agora, esse dom\u00ednio foi vendido e Ney, Mary e todos os funcion\u00e1rios do BT ficaram sem o portal e sem trabalho. O que \u00e9 uma pena. <\/p>\n\n\n<div class=\"wp-block-image\">\n<figure class=\"aligncenter size-full\"><img loading=\"lazy\" decoding=\"async\" width=\"644\" height=\"710\" src=\"https:\/\/dedemesquita.com.br\/wp-content\/uploads\/2025\/05\/belem_transito_dominio.jpeg\" alt=\"\" class=\"wp-image-12173\"\/><figcaption class=\"wp-element-caption\">O dom\u00ednio Bel\u00e9m Tr\u00e2nsito \u00e9 de Thiago Paolelli, e agora, ele foi vendido, e n\u00e3o se sabe por quem e para quem<\/figcaption><\/figure><\/div>\n\n\n<p><strong>Especula\u00e7\u00f5es &#8211; <\/strong>E agora, vamos de especula\u00e7\u00f5es? Chegou aqui, por, pelo menos, duas fontes, que o BT tr\u00e2nsito foi comprado pela equipe do <strong>prefeito de Ananindeua<\/strong>, <strong>Daniel Santos<\/strong>, mas para a parte que compete \u00e0 campanha de 2026 que, se tu ainda n\u00e3o te ligaste, j\u00e1 come\u00e7ou h\u00e1 tempos. O valor que passaram aqui para o site \u00e9 astron\u00f4mico, e eu confesso que achei muito dinheiro para apenas um perfil que nem plataforma boa e questionadora \u2013 como era o Twitter \u2013 tem mais. Mas, em se tratando de Par\u00e1 e a pol\u00edtica, tudo pode acontecer. <\/p>\n\n\n\n<p>Vejamos bem que pelas elocubra\u00e7\u00f5es que chegaram por c\u00e1, Dr. Daniel \u201cj\u00e1 comprou umas tr\u00eas ou quatro r\u00e1dios\u201d, e at\u00e9 agora, nada de concreto. Talvez esse babado de o BT ter sido comprado por Dr. Daniel tenha vindo na esteira da r\u00e1dio Jovem Pan, que est\u00e1 de volta a Bel\u00e9m, com essa nova cara de falar de pol\u00edtica. <\/p>\n\n\n\n<p><strong>R\u00e1dio Jovem Pan &#8211; <\/strong>Da <strong>Jovem Pan<\/strong>, como j\u00e1 foi publicado aqui no site, sabe-se que o \u201cdono\u201d \u00e9 <strong>Ti\u00e3o Miranda<\/strong>, empres\u00e1rio de Marab\u00e1, mas que a <strong>\u201cimin\u00eancia parda\u201d<\/strong> por tr\u00e1s dessa <strong>\u201cpropriedade\u201d<\/strong> \u00e9 do <strong>gov Heldisss<\/strong>, que dispensa apresenta\u00e7\u00f5es. Um dos apresentadores j\u00e1 confirmado dessa nova Jovem Pan \u00e9 <strong>Nonato Pereira<\/strong>, outro que dispensa apresenta\u00e7\u00f5es e que tem uma folha policial e jur\u00eddica de \u201cse orgulhar\u201d. A outra \u00e9 que a r\u00e1dio ter\u00e1 o est\u00fadio no rec\u00e9m reformado <strong>Mercado de S\u00e3o Br\u00e1s<\/strong>. Mas <em>\u201ci u tr\u00e2nsito?\u201d<\/em>. <em>Algu\u00e9m, algu\u00e9m?<\/em> &nbsp;<\/p>\n\n\n\n<p class=\"has-text-align-center\"><strong>MUDAN\u00c7AS NAS REDA\u00c7\u00d5ES<\/strong><\/p>\n\n\n\n<p><strong>Max \u00e9 da LIB &#8211; Max Sousa<\/strong>, ex-r\u00e1dio CBN Bel\u00e9m, \u00e9 o novo rep\u00f3rter de esportes no <strong>grupo O Liberal<\/strong>, e come\u00e7ou no cargo nesta ter\u00e7a-feira, 13. &nbsp;<\/p>\n\n\n<div class=\"wp-block-image\">\n<figure class=\"aligncenter size-full\"><img loading=\"lazy\" decoding=\"async\" width=\"547\" height=\"650\" src=\"https:\/\/dedemesquita.com.br\/wp-content\/uploads\/2025\/05\/WhatsApp-Image-2025-05-13-at-15.12.50.jpeg\" alt=\"\" class=\"wp-image-12174\"\/><figcaption class=\"wp-element-caption\">Max Sousa \u00e9 da r\u00e1dio Liberal<\/figcaption><\/figure><\/div>\n\n\n<p><strong>Luiz &#8211; Luiz Gustavo Oliveira<\/strong>, ap\u00f3s um ano como estagi\u00e1rio, foi efetivado como rep\u00f3rter de esportes no portal <strong>GE do Par\u00e1<\/strong>, do globo.com e TV Liberal.&nbsp;<\/p>\n\n\n<div class=\"wp-block-image\">\n<figure class=\"aligncenter size-full\"><img loading=\"lazy\" decoding=\"async\" width=\"496\" height=\"499\" src=\"https:\/\/dedemesquita.com.br\/wp-content\/uploads\/2025\/05\/WhatsApp-Image-2025-05-09-at-10.23.32.jpeg\" alt=\"\" class=\"wp-image-12176\" srcset=\"https:\/\/dedemesquita.com.br\/wp-content\/uploads\/2025\/05\/WhatsApp-Image-2025-05-09-at-10.23.32.jpeg 496w, https:\/\/dedemesquita.com.br\/wp-content\/uploads\/2025\/05\/WhatsApp-Image-2025-05-09-at-10.23.32-150x150.jpeg 150w\" sizes=\"(max-width: 496px) 100vw, 496px\" \/><figcaption class=\"wp-element-caption\">Luiz Gustavo foi efetivado como rep\u00f3rter do GE<\/figcaption><\/figure><\/div>\n\n\n<p><strong>Cunha no EPOL &#8211; Junior Cunha<\/strong>, depois da TV Cultura, \u00e9 o novo rep\u00f3rter esportivo no portal<strong> Estado do Par\u00e1 Online<\/strong>.&nbsp;<\/p>\n\n\n\n<p><strong>CIIR &#8211; Danielle Carvalho<\/strong> assumiu a assessoria de comunica\u00e7\u00e3o do <strong>Centro Integrado de Inclus\u00e3o e Reabilita\u00e7\u00e3o &#8211; CIIR<\/strong>, em Bel\u00e9m, unidade de sa\u00fade administrada pelo Instituto Nacional de Desenvolvimento Social e Humano &#8211; INDSH. \u00c9 o primeiro emprego dela, ap\u00f3s receber <strong>o diagn\u00f3stico de autismo na vida adulta<\/strong>. Um belo momento de <strong>inclus\u00e3o.<\/strong><\/p>\n\n\n<div class=\"wp-block-image\">\n<figure class=\"aligncenter size-full\"><img loading=\"lazy\" decoding=\"async\" width=\"503\" height=\"495\" src=\"https:\/\/dedemesquita.com.br\/wp-content\/uploads\/2025\/05\/WhatsApp-Image-2025-05-09-at-10.11.24.jpeg\" alt=\"\" class=\"wp-image-12175\"\/><figcaption class=\"wp-element-caption\">Danielle est\u00e1 na comunica\u00e7\u00e3o do CIIR <\/figcaption><\/figure><\/div>\n\n\n<p><strong>Hugo &#8211;<\/strong> A casa em que <strong>Hugo Tomkiwitz<\/strong> morava em <strong>Bragan\u00e7a<\/strong> foi roubada e levaram v\u00e1rios equipamentos de trabalho dele. Por conta do incidente, ele deixou a cidade e o trabalho na reportagem da <strong>TV Mania<\/strong>, do SBT, naquele munic\u00edpio. &nbsp;&nbsp;<\/p>\n\n\n<div class=\"wp-block-image\">\n<figure class=\"aligncenter size-full\"><img loading=\"lazy\" decoding=\"async\" width=\"528\" height=\"443\" src=\"https:\/\/dedemesquita.com.br\/wp-content\/uploads\/2025\/05\/WhatsApp-Image-2025-05-13-at-17.50.47.jpeg\" alt=\"\" class=\"wp-image-12194\"\/><figcaption class=\"wp-element-caption\">Hugo deixou Bragan\u00e7a e a TV <\/figcaption><\/figure><\/div>\n\n\n<p><strong>Sancha &#8211; <\/strong>Sancha Luna comemorou um m\u00eas no ar do programa Clube da Tarde, que ela apresenta, veiculado pelo no R\u00e1dio Clube, do grupo RBA, de segunda \u00e0 sexta-feira, das 15h \u00e0s 17h.&nbsp;&nbsp;<\/p>\n\n\n<div class=\"wp-block-image\">\n<figure class=\"aligncenter size-full\"><img loading=\"lazy\" decoding=\"async\" width=\"700\" height=\"591\" src=\"https:\/\/dedemesquita.com.br\/wp-content\/uploads\/2025\/05\/WhatsApp-Image-2025-05-13-at-14.23.57.jpeg\" alt=\"\" class=\"wp-image-12177\"\/><figcaption class=\"wp-element-caption\">Sancha Luna comando programa da R\u00e1dio Clube FM <\/figcaption><\/figure><\/div>\n\n\n<p><strong>Motinha &#8211; Igor Mota<\/strong>, rep\u00f3rter fotogr\u00e1fico na Reda\u00e7\u00e3o Integrada O Liberal, est\u00e1 tamb\u00e9m, agora, na <strong>Ag\u00eancia Par\u00e1<\/strong>, do Governo do Estado. &nbsp;<\/p>\n\n\n<div class=\"wp-block-image\">\n<figure class=\"aligncenter size-full\"><img loading=\"lazy\" decoding=\"async\" width=\"548\" height=\"422\" src=\"https:\/\/dedemesquita.com.br\/wp-content\/uploads\/2025\/05\/WhatsApp-Image-2025-05-13-at-17.44.44.jpeg\" alt=\"\" class=\"wp-image-12191\"\/><figcaption class=\"wp-element-caption\">Igor Mota est\u00e1 diversificando a atua\u00e7\u00e3o <\/figcaption><\/figure><\/div>\n\n\n<p><strong>Camila &#8211;<\/strong> <strong>Camila Guimar\u00e3es<\/strong>, que deixou a Reda\u00e7\u00e3o Integrada O Liberal, na semana passada, assumiu cargo na assessoria de comunica\u00e7\u00e3o da <strong>Secretaria das Cidades e Integra\u00e7\u00e3o Regional<\/strong> &#8211; <strong>SECIR-PA<\/strong>, substituindo <strong>Andreia Esp\u00edrito Santo<\/strong>, que passou \u00e0 <strong>Secom-PA<\/strong>.<\/p>\n\n\n<div class=\"wp-block-image\">\n<figure class=\"aligncenter size-full\"><img loading=\"lazy\" decoding=\"async\" width=\"568\" height=\"800\" src=\"https:\/\/dedemesquita.com.br\/wp-content\/uploads\/2025\/05\/Screenshot_2025-05-10-06-56-13-530_com.instagram.android.jpg\" alt=\"\" class=\"wp-image-12207\"\/><figcaption class=\"wp-element-caption\">Camila Guimar\u00e3es no lan\u00e7amento da II Pr\u00eamio Ampla de Jornalismo <\/figcaption><\/figure><\/div>\n\n\n<p class=\"has-text-align-center\"><strong>OUTRAS NOT\u00cdCIAS<\/strong><\/p>\n\n\n\n<p><strong>Novo site em Bel\u00e9m &#8211;<\/strong> Est\u00e1 em fase de consolida\u00e7\u00e3o para entrar no ar no pr\u00f3ximo m\u00eas de junho um novo site em Bel\u00e9m, que em breve, darei os detalhes por aqui. O novo site precisa de <strong>jornalistas<\/strong> <strong>formados <\/strong>e<strong> estagi\u00e1rios de comunica\u00e7\u00e3o<\/strong> para<strong> trabalho presencial <\/strong>de jornalismo. O contato \u00e9 com <strong>Manoel Leite<\/strong> no <strong>91 99270-3245<\/strong> e no e-mail: <a href=\"manoelleite@cidade091.com.br\"><strong>manoelleite@cidade091.com.br<\/strong><\/a>. <strong>Boa sorte a todos!!<\/strong><\/p>\n\n\n\n<p><strong>Jambo e Su\u00ed\u00e7a &#8211; <\/strong>A <strong>Jambo Solu\u00e7\u00f5es em Comunica\u00e7\u00e3o<\/strong>, de <strong>Rita Soares<\/strong> e <strong>Ivana Oliveira<\/strong>, venceu concorr\u00eancia nacional e ser\u00e1 a ag\u00eancia do <strong>time Su\u00ed\u00e7o na COP 30<\/strong> . Ao longo deste ano, o time formado por Embaixada da Su\u00ed\u00e7a, consulados gerais, consulado honor\u00e1rio em Bel\u00e9m, Swissnex in Brazil, Swiss Business Hub Brazil e Su\u00ed\u00e7a Turismo Brasil &#8211; ST Brasil, vai realizar uma s\u00e9rie de eventos em Natal &#8211; RN, Bel\u00e9m, Manaus &#8211; AM, S\u00e3o Paulo &#8211; SP e Bras\u00edlia &#8211; DF para debater <strong>o legado su\u00ed\u00e7o no Brasil<\/strong>, quest\u00f5es clim\u00e1ticas e socioambientais.<\/p>\n\n\n<div class=\"wp-block-image\">\n<figure class=\"aligncenter size-full\"><img loading=\"lazy\" decoding=\"async\" width=\"466\" height=\"700\" src=\"https:\/\/dedemesquita.com.br\/wp-content\/uploads\/2025\/05\/WhatsApp-Image-2025-05-12-at-10.04.36.jpeg\" alt=\"\" class=\"wp-image-12180\"\/><figcaption class=\"wp-element-caption\">Ivana e Rita da Jambo Comunica\u00e7\u00e3o <\/figcaption><\/figure><\/div>\n\n\n<p><strong>Approach em Bel\u00e9m &#8211; <\/strong>Os diretores <strong>Cintia Magalh\u00e3es<\/strong> e <strong>Marcelo Vieira<\/strong>, da ag\u00eancia <strong>Approach<\/strong>, do Rio de Janeiro, estiveram em Bel\u00e9m, como parte das <strong>a\u00e7\u00f5es preparat\u00f3rias para a COP30<\/strong>. Em setembro de 2025, Bel\u00e9m ser\u00e1 o palco do projeto <strong>&#8220;Amaz\u00f4nia para Sempre&#8221;<\/strong> &#8211; dos clientes da Approach, <strong>Rock in Rio<\/strong> e <strong>The Town<\/strong> &#8211; que vai promover um espet\u00e1culo in\u00e9dito, transmitido para o mundo inteiro, com a estrela internacional <strong>Mariah Carey<\/strong>, que vai se apresentar em <strong>palco flutuante em forma de vit\u00f3ria-r\u00e9gia<\/strong>, celebrando a floresta e <strong>mobilizando a aten\u00e7\u00e3o global para a COP30<\/strong>. Al\u00e9m desse evento, o &#8220;Amaz\u00f4nia para Sempre&#8221; tamb\u00e9m contar\u00e1 com um <strong>show gratuito de Ivete Sangalo<\/strong> e <strong>artistas locais no est\u00e1dio Mangueir\u00e3o<\/strong>; com um edital de <strong>incentivo \u00e0 iniciativa de bioeconomia no valor de R$ 2 milh\u00f5es<\/strong>; e um document\u00e1rio. A equipe da Approach fez uma visita t\u00e9cnica aos locais dos shows e <strong>\u00e0s reda\u00e7\u00f5es de Bel\u00e9m<\/strong>.&nbsp;<\/p>\n\n\n<div class=\"wp-block-image\">\n<figure class=\"aligncenter size-full\"><img loading=\"lazy\" decoding=\"async\" width=\"598\" height=\"636\" src=\"https:\/\/dedemesquita.com.br\/wp-content\/uploads\/2025\/05\/WhatsApp-Image-2025-05-13-at-15.10.22.jpeg\" alt=\"\" class=\"wp-image-12178\"\/><figcaption class=\"wp-element-caption\">C\u00edntia e Marcelo, que \u00e9 cria do Par\u00e1 e de Bel\u00e9m, na visita \u00e0 capital paraense <\/figcaption><\/figure><\/div>\n\n\n<p><strong>Exposi\u00e7\u00e3o em Tiradentes &#8211; <\/strong>A poesia que verte do olhar feminino transbordando em cores, luzes, sons que vertem das imagens tran\u00e7adas, tecidas e vividas, quando nove artistas visuais paraenses <strong>interpretaram poemas de Ad\u00e9lia Prado <\/strong>e deram vaz\u00e3o \u00e0s suas verdades criativas, na mostra \u201cN\u00f3s. Inteiras?\u201d, que inaugurou no final de mar\u00e7o, na sede da <strong>Secretaria de Turismo e Cultura de Tiradentes<\/strong>, <strong>em Minas Gerais<\/strong>. A mostra ficou aberta \u00e0 visita\u00e7\u00e3o p\u00fablica at\u00e9 o final de abril, com as participa\u00e7\u00f5es das fot\u00f3grafas paraenses Ana Catarina, Elza Lima, Evna Moura, Fatinha Silva, Luciana Magno, Marise Mau\u00e9s, Paula Giordano, T\u00edlia Koudela&nbsp; e Ursula Bahia, dentro do <strong>Festival Foto em Pauta 2025<\/strong>, um dos mais importante do pa\u00eds para os envolvidos na cultura fotogr\u00e1fica brasileira.&nbsp;&nbsp;<\/p>\n\n\n<div class=\"wp-block-image\">\n<figure class=\"aligncenter size-full\"><img loading=\"lazy\" decoding=\"async\" width=\"800\" height=\"631\" src=\"https:\/\/dedemesquita.com.br\/wp-content\/uploads\/2025\/05\/WhatsApp-Image-2025-04-25-at-18.24.32.jpeg\" alt=\"\" class=\"wp-image-12192\" srcset=\"https:\/\/dedemesquita.com.br\/wp-content\/uploads\/2025\/05\/WhatsApp-Image-2025-04-25-at-18.24.32.jpeg 800w, https:\/\/dedemesquita.com.br\/wp-content\/uploads\/2025\/05\/WhatsApp-Image-2025-04-25-at-18.24.32-768x606.jpeg 768w\" sizes=\"(max-width: 800px) 100vw, 800px\" \/><figcaption class=\"wp-element-caption\">Exposi\u00e7\u00e3o foi na cidade hist\u00f3rica de Tiradentes, em Minas Gerais<\/figcaption><\/figure><\/div>\n\n<div class=\"wp-block-image\">\n<figure class=\"aligncenter size-full\"><img loading=\"lazy\" decoding=\"async\" width=\"800\" height=\"600\" src=\"https:\/\/dedemesquita.com.br\/wp-content\/uploads\/2025\/05\/WhatsApp-Image-2025-04-25-at-18.24.31-1.jpeg\" alt=\"\" class=\"wp-image-12193\" srcset=\"https:\/\/dedemesquita.com.br\/wp-content\/uploads\/2025\/05\/WhatsApp-Image-2025-04-25-at-18.24.31-1.jpeg 800w, https:\/\/dedemesquita.com.br\/wp-content\/uploads\/2025\/05\/WhatsApp-Image-2025-04-25-at-18.24.31-1-768x576.jpeg 768w\" sizes=\"(max-width: 800px) 100vw, 800px\" \/><figcaption class=\"wp-element-caption\">Exposi\u00e7\u00e3o foi na cidade hist\u00f3rica de Tiradentes, em Minas Gerais<\/figcaption><\/figure><\/div>\n\n\n<p><strong>Lan\u00e7amento do II Pr\u00eamio Ampla &#8211; <\/strong>A segunda edi\u00e7\u00e3o do <strong>Pr\u00eamio Ampla de Jornalismo<\/strong> foi lan\u00e7ada na sexta-feira, 9, e tem categorias <strong>com at\u00e9 R$ 20 mil em pr\u00eamio para o primeiro lugar em cada um dos grupos<\/strong>. Muitos jornalistas de Bel\u00e9m se reuniram para conhecer o regulamento do II Pr\u00eamio Ampla de Jornalismo, em cerim\u00f4nia com apresenta\u00e7\u00e3o de <strong>Giuliana Morrone<\/strong>, que por anos foi comentarista do Jornal da Globo e \u00e9 a respons\u00e1vel pela curadoria da premia\u00e7\u00e3o, este ano, com o tema <strong>\u201cCOP 30, solu\u00e7\u00f5es para os desafios clim\u00e1ticos e para o desenvolvimento amaz\u00f4nico\u201d<\/strong>. Os vencedores ser\u00e3o conhecidos em dezembro. Nesta nova edi\u00e7\u00e3o, as inscri\u00e7\u00f5es poder\u00e3o ser feitas nas categorias Nacional, Local, Digital e Fotojornalismo, esta \u00faltima in\u00e9dita. <strong>As inscri\u00e7\u00f5es j\u00e1 come\u00e7aram e v\u00e3o at\u00e9 o dia 10 de outubro<\/strong>. Ser\u00e3o consideradas reportagens que n\u00e3o apenas denunciem os impactos socioambientais, mas que tamb\u00e9m apresentem solu\u00e7\u00f5es concretas e inovadoras para os desafios enfrentados pela Amaz\u00f4nia. A premia\u00e7\u00e3o \u00e9 idealizada pelos escrit\u00f3rios Pinheiro &amp; Mendes Advogados (PMA) e Fonseca Brasil, e conta com o apoio da Business Eventos e da Acassu, com Patr\u00edcia Godoy; da M\u00eddia Center, com&nbsp;Kleber Barros; e da Gr\u00e1fica Aquarela. Al\u00e9m disso, h\u00e1 o apoio institucional do Sebrae-PA, da Fiepa, da Faepa, da Fecom\u00e9rcio-PA e da Associa\u00e7\u00e3o Comercial do Par\u00e1 &#8211; ACP.&nbsp;<\/p>\n\n\n<div class=\"wp-block-image\">\n<figure class=\"aligncenter size-full\"><img loading=\"lazy\" decoding=\"async\" width=\"800\" height=\"600\" src=\"https:\/\/dedemesquita.com.br\/wp-content\/uploads\/2025\/05\/Screenshot_2025-05-10-08-46-11-958_com.instagram.android.jpg\" alt=\"\" class=\"wp-image-12208\" srcset=\"https:\/\/dedemesquita.com.br\/wp-content\/uploads\/2025\/05\/Screenshot_2025-05-10-08-46-11-958_com.instagram.android.jpg 800w, https:\/\/dedemesquita.com.br\/wp-content\/uploads\/2025\/05\/Screenshot_2025-05-10-08-46-11-958_com.instagram.android-768x576.jpg 768w\" sizes=\"(max-width: 800px) 100vw, 800px\" \/><figcaption class=\"wp-element-caption\">Giuliana Morrone apresentou o pr\u00eamio<\/figcaption><\/figure><\/div>\n\n<div class=\"wp-block-image\">\n<figure class=\"aligncenter size-full\"><img loading=\"lazy\" decoding=\"async\" width=\"600\" height=\"800\" src=\"https:\/\/dedemesquita.com.br\/wp-content\/uploads\/2025\/05\/WhatsApp-Image-2025-05-09-at-22.15.11.jpeg\" alt=\"\" class=\"wp-image-12183\"\/><figcaption class=\"wp-element-caption\">Rodrigo Monteiro e Giuliana Morrone<\/figcaption><\/figure><\/div>\n\n<div class=\"wp-block-image\">\n<figure class=\"aligncenter size-full\"><img loading=\"lazy\" decoding=\"async\" width=\"766\" height=\"800\" src=\"https:\/\/dedemesquita.com.br\/wp-content\/uploads\/2025\/05\/WhatsApp-Image-2025-05-09-at-21.01.17.jpeg\" alt=\"\" class=\"wp-image-12185\"\/><figcaption class=\"wp-element-caption\">Priscila, Lucas, Sancha, Karina e Rodrigo<\/figcaption><\/figure><\/div>\n\n<div class=\"wp-block-image\">\n<figure class=\"aligncenter size-full\"><img loading=\"lazy\" decoding=\"async\" width=\"800\" height=\"747\" src=\"https:\/\/dedemesquita.com.br\/wp-content\/uploads\/2025\/05\/WhatsApp-Image-2025-05-09-at-22.14.50.jpeg\" alt=\"\" class=\"wp-image-12186\" srcset=\"https:\/\/dedemesquita.com.br\/wp-content\/uploads\/2025\/05\/WhatsApp-Image-2025-05-09-at-22.14.50.jpeg 800w, https:\/\/dedemesquita.com.br\/wp-content\/uploads\/2025\/05\/WhatsApp-Image-2025-05-09-at-22.14.50-768x717.jpeg 768w\" sizes=\"(max-width: 800px) 100vw, 800px\" \/><figcaption class=\"wp-element-caption\">S\u00f3 a nata do jornalismo paraense <\/figcaption><\/figure><\/div>\n\n<div class=\"wp-block-image\">\n<figure class=\"aligncenter size-full\"><img loading=\"lazy\" decoding=\"async\" width=\"800\" height=\"501\" src=\"https:\/\/dedemesquita.com.br\/wp-content\/uploads\/2025\/05\/WhatsApp-Image-2025-05-09-at-22.14.59.jpeg\" alt=\"\" class=\"wp-image-12187\" srcset=\"https:\/\/dedemesquita.com.br\/wp-content\/uploads\/2025\/05\/WhatsApp-Image-2025-05-09-at-22.14.59.jpeg 800w, https:\/\/dedemesquita.com.br\/wp-content\/uploads\/2025\/05\/WhatsApp-Image-2025-05-09-at-22.14.59-768x481.jpeg 768w\" sizes=\"(max-width: 800px) 100vw, 800px\" \/><figcaption class=\"wp-element-caption\">Karina S\u00e1, Rodrigo Monteiro e Bruna Lima <\/figcaption><\/figure><\/div>\n\n<div class=\"wp-block-image\">\n<figure class=\"aligncenter size-full\"><img loading=\"lazy\" decoding=\"async\" width=\"643\" height=\"750\" src=\"https:\/\/dedemesquita.com.br\/wp-content\/uploads\/2025\/05\/WhatsApp-Image-2025-05-09-at-21.01.29-1.jpeg\" alt=\"\" class=\"wp-image-12188\"\/><figcaption class=\"wp-element-caption\">Rodrigo Monteiro <\/figcaption><\/figure><\/div>\n\n\n<p><strong>Noivado &#8211; <\/strong>A jornalista <strong>Jamylle Vieira<\/strong>, da comunica\u00e7\u00e3o empresa de energia <strong>Equatorial<\/strong>, ficou noiva do consultor Walfrido Lebrego Neto. &nbsp;&nbsp;<\/p>\n\n\n<div class=\"wp-block-image\">\n<figure class=\"aligncenter size-full\"><img loading=\"lazy\" decoding=\"async\" width=\"613\" height=\"700\" src=\"https:\/\/dedemesquita.com.br\/wp-content\/uploads\/2025\/05\/WhatsApp-Image-2025-05-09-at-17.16.10.jpeg\" alt=\"\" class=\"wp-image-12179\"\/><figcaption class=\"wp-element-caption\">Jamylle e Walfrido Neto est\u00e3o noivos <\/figcaption><\/figure><\/div>\n\n\n<p><strong>Morre Manuel Dutra &#8211; <\/strong>No domingo, 11, o <strong>jornalista, professor e pesquisador Manuel Dutra<\/strong>, faleceu aos 79 anos. Natural de Santar\u00e9m, teve uma trajet\u00f3ria marcante na comunica\u00e7\u00e3o da Amaz\u00f4nia e foi respons\u00e1vel por formar v\u00e1rias gera\u00e7\u00f5es de jornalistas no Par\u00e1.&nbsp;Formado em jornalismo em 1972, Dutra atuou como jornalista em Bel\u00e9m desde os anos 1970, sendo refer\u00eancia na cobertura da Amaz\u00f4nia e <strong>vencedor tr\u00eas vezes do Pr\u00eamio Esso Regi\u00e3o Norte<\/strong>. Com olhar cr\u00edtico e escrita refinada, foi correspondente do jornal O Estado de S. Paulo e professor da UFPA desde 1992, colaborando tamb\u00e9m com a UFOPA e o IESPES.&nbsp;Foi um dos fundadores do programa de P\u00f3s-Gradua\u00e7\u00e3o em Comunica\u00e7\u00e3o, Cultura e Amaz\u00f4nia da UFPA e pesquisador premiado, com destaque para sua tese publicada em livro, <strong>\u201cA Natureza da M\u00eddia\u201d<\/strong>, de 2009.&nbsp;A UFPA, o Governo do Par\u00e1, o Sinjor-PA e os ve\u00edculos de comunica\u00e7\u00e3o em Bel\u00e9m, al\u00e9m de ex-alunos de Dutra publicaram notas de pesar.&nbsp;<\/p>\n\n\n<div class=\"wp-block-image\">\n<figure class=\"aligncenter size-full\"><img loading=\"lazy\" decoding=\"async\" width=\"750\" height=\"500\" src=\"https:\/\/dedemesquita.com.br\/wp-content\/uploads\/2025\/05\/WhatsApp-Image-2025-05-11-at-10.34.19.jpeg\" alt=\"\" class=\"wp-image-12181\"\/><figcaption class=\"wp-element-caption\">A morte de Manuel Dutra deixou consternados muitos amigos dele e ex-alunos das universidades que ele ensinou<\/figcaption><\/figure><\/div>\n\n\n<p><strong>A partida de Jorge Manoel &#8211; Jorge Manoel da Silva<\/strong>, de 68 anos, diagramador que atuou durante anos na reda\u00e7\u00e3o do <strong>jornal O Liberal<\/strong>, faleceu na segunda-feira, 12. Ele era filiado do Sinjor-PA, um companheiro querido, sempre disposto a ajudar os colegas, que ser\u00e1 sempre lembrado pela sua alegria e companheirismo ao longo dos anos de trabalho. O sepultamento foi ter\u00e7a-feira, 13, em Marituba.<\/p>\n\n\n<div class=\"wp-block-image\">\n<figure class=\"aligncenter size-full\"><img loading=\"lazy\" decoding=\"async\" width=\"600\" height=\"623\" src=\"https:\/\/dedemesquita.com.br\/wp-content\/uploads\/2025\/05\/WhatsApp-Image-2025-05-12-at-17.34.06.jpeg\" alt=\"\" class=\"wp-image-12182\"\/><figcaption class=\"wp-element-caption\">Jorge Manuel era um colega de trabalho muito querido e estimado <\/figcaption><\/figure><\/div>\n\n\n<p><\/p>\n\n\n\n<p class=\"has-text-align-center\"><strong>FOTOS DA SEMANA<\/strong><\/p>\n\n\n\n<p>O cl\u00e1ssico <strong>Remo e Paysandu <\/strong>decidiu, mais uma vez, o Paraz\u00e3o. No domingo, 11, o Remo se tornou campe\u00e3o do Paraz\u00e3o 2025, depois de vencer, nos p\u00eanaltis, por 6 x 5. A imprensa, mesmo debaixo de chuva torrencial, estava no Mangueir\u00e3o. <\/p>\n\n\n<div class=\"wp-block-image\">\n<figure class=\"aligncenter size-full\"><img loading=\"lazy\" decoding=\"async\" width=\"800\" height=\"466\" src=\"https:\/\/dedemesquita.com.br\/wp-content\/uploads\/2025\/05\/WhatsApp-Image-2025-05-12-at-08.22.02.jpeg\" alt=\"\" class=\"wp-image-12196\" srcset=\"https:\/\/dedemesquita.com.br\/wp-content\/uploads\/2025\/05\/WhatsApp-Image-2025-05-12-at-08.22.02.jpeg 800w, https:\/\/dedemesquita.com.br\/wp-content\/uploads\/2025\/05\/WhatsApp-Image-2025-05-12-at-08.22.02-768x447.jpeg 768w\" sizes=\"(max-width: 800px) 100vw, 800px\" \/><figcaption class=\"wp-element-caption\">A foto oficial antes do jogo Re x Pa<\/figcaption><\/figure><\/div>\n\n<div class=\"wp-block-image\">\n<figure class=\"aligncenter size-full\"><img loading=\"lazy\" decoding=\"async\" width=\"676\" height=\"800\" src=\"https:\/\/dedemesquita.com.br\/wp-content\/uploads\/2025\/05\/WhatsApp-Image-2025-05-11-at-14.30.24.jpeg\" alt=\"\" class=\"wp-image-12197\"\/><figcaption class=\"wp-element-caption\">Sidney Oliveira e Osmarino Souza<\/figcaption><\/figure><\/div>\n\n<div class=\"wp-block-image\">\n<figure class=\"aligncenter size-full\"><img loading=\"lazy\" decoding=\"async\" width=\"617\" height=\"750\" src=\"https:\/\/dedemesquita.com.br\/wp-content\/uploads\/2025\/05\/WhatsApp-Image-2025-05-11-at-14.30.24-1.jpeg\" alt=\"\" class=\"wp-image-12198\"\/><figcaption class=\"wp-element-caption\">Amig\u00e3o, Osmarino e Passarinho<\/figcaption><\/figure><\/div>\n\n<div class=\"wp-block-image\">\n<figure class=\"aligncenter size-full\"><img loading=\"lazy\" decoding=\"async\" width=\"467\" height=\"800\" src=\"https:\/\/dedemesquita.com.br\/wp-content\/uploads\/2025\/05\/WhatsApp-Image-2025-05-12-at-08.24.05.jpeg\" alt=\"\" class=\"wp-image-12199\"\/><figcaption class=\"wp-element-caption\">Talita Gouv\u00eaa &#8211; foto de Wagner Santana <\/figcaption><\/figure><\/div>\n\n<div class=\"wp-block-image\">\n<figure class=\"aligncenter size-full\"><img loading=\"lazy\" decoding=\"async\" width=\"750\" height=\"595\" src=\"https:\/\/dedemesquita.com.br\/wp-content\/uploads\/2025\/05\/WhatsApp-Image-2025-05-12-at-08.23.01.jpeg\" alt=\"\" class=\"wp-image-12200\"\/><figcaption class=\"wp-element-caption\">Muita chuva, n\u00e3o \u00e9, Wagner Santana?? foto de Wagner Santana <\/figcaption><\/figure><\/div>\n\n<div class=\"wp-block-image\">\n<figure class=\"aligncenter size-full\"><img loading=\"lazy\" decoding=\"async\" width=\"598\" height=\"800\" src=\"https:\/\/dedemesquita.com.br\/wp-content\/uploads\/2025\/05\/Screenshot_2025-05-12-05-09-15-340_com.instagram.android.jpg\" alt=\"\" class=\"wp-image-12209\"\/><figcaption class=\"wp-element-caption\">Equipe da TV Cultura debaixo de muita \u00e1gua<\/figcaption><\/figure><\/div>\n\n<div class=\"wp-block-image\">\n<figure class=\"aligncenter size-full\"><img loading=\"lazy\" decoding=\"async\" width=\"603\" height=\"800\" src=\"https:\/\/dedemesquita.com.br\/wp-content\/uploads\/2025\/05\/Screenshot_2025-05-11-20-14-51-396_com.instagram.android.jpg\" alt=\"\" class=\"wp-image-12210\"\/><figcaption class=\"wp-element-caption\">Igor Bacelar e equipe e a chuva <\/figcaption><\/figure><\/div>\n\n<div class=\"wp-block-image\">\n<figure class=\"aligncenter size-full\"><img loading=\"lazy\" decoding=\"async\" width=\"551\" height=\"700\" src=\"https:\/\/dedemesquita.com.br\/wp-content\/uploads\/2025\/05\/WhatsApp-Image-2025-05-12-at-08.56.58.jpeg\" alt=\"\" class=\"wp-image-12201\"\/><figcaption class=\"wp-element-caption\">Diogo Puget celebrando a vit\u00f3ria do Le\u00e3o<\/figcaption><\/figure><\/div>\n\n<div class=\"wp-block-image\">\n<figure class=\"aligncenter size-full\"><img loading=\"lazy\" decoding=\"async\" width=\"800\" height=\"455\" src=\"https:\/\/dedemesquita.com.br\/wp-content\/uploads\/2025\/05\/SESC_Ascom-1.jpg\" alt=\"\" class=\"wp-image-12212\" srcset=\"https:\/\/dedemesquita.com.br\/wp-content\/uploads\/2025\/05\/SESC_Ascom-1.jpg 800w, https:\/\/dedemesquita.com.br\/wp-content\/uploads\/2025\/05\/SESC_Ascom-1-768x437.jpg 768w\" sizes=\"(max-width: 800px) 100vw, 800px\" \/><figcaption class=\"wp-element-caption\">Equipe da Ascom Sesc no Par\u00e1 na inaugura\u00e7\u00e3o do Sesc Teatro Casa Isaura Campos, em um trabalho de comunica\u00e7\u00e3o criativo e pr\u00e1tico no pr\u00e9, durante e p\u00f3s-evento&nbsp;<\/figcaption><\/figure><\/div>\n\n<div class=\"wp-block-image\">\n<figure class=\"aligncenter size-full\"><img loading=\"lazy\" decoding=\"async\" width=\"800\" height=\"708\" src=\"https:\/\/dedemesquita.com.br\/wp-content\/uploads\/2025\/05\/Screenshot_2025-05-10-17-44-43-027_com.instagram.android.jpg\" alt=\"\" class=\"wp-image-12213\" srcset=\"https:\/\/dedemesquita.com.br\/wp-content\/uploads\/2025\/05\/Screenshot_2025-05-10-17-44-43-027_com.instagram.android.jpg 800w, https:\/\/dedemesquita.com.br\/wp-content\/uploads\/2025\/05\/Screenshot_2025-05-10-17-44-43-027_com.instagram.android-768x680.jpg 768w\" sizes=\"(max-width: 800px) 100vw, 800px\" \/><figcaption class=\"wp-element-caption\">Liane Gaby no Amaz\u00f4nia em Movimento em Marab\u00e1<\/figcaption><\/figure><\/div>\n\n<div class=\"wp-block-image\">\n<figure class=\"aligncenter size-full\"><img loading=\"lazy\" decoding=\"async\" width=\"470\" height=\"555\" src=\"https:\/\/dedemesquita.com.br\/wp-content\/uploads\/2025\/05\/WhatsApp-Image-2025-05-09-at-15.29.02.jpeg\" alt=\"\" class=\"wp-image-12203\"\/><figcaption class=\"wp-element-caption\">Nara Bandeira, Cleide Pinheiro e Daniel Nardin na segunda edi\u00e7\u00e3o do projeto &nbsp;Trilhas da Cobertura Clim\u00e1tica<\/figcaption><\/figure><\/div>\n\n<div class=\"wp-block-image\">\n<figure class=\"aligncenter size-full\"><img loading=\"lazy\" decoding=\"async\" width=\"469\" height=\"589\" src=\"https:\/\/dedemesquita.com.br\/wp-content\/uploads\/2025\/05\/WhatsApp-Image-2025-05-09-at-15.29.23.jpeg\" alt=\"\" class=\"wp-image-12204\"\/><figcaption class=\"wp-element-caption\">Daniel Nardin e M\u00e1rcia Dantas na segunda edi\u00e7\u00e3o do projeto Trilhas da Cobertura Clim\u00e1tica, na semana passada, na Fiepa<\/figcaption><\/figure><\/div>\n\n<div class=\"wp-block-image\">\n<figure class=\"aligncenter size-full\"><img loading=\"lazy\" decoding=\"async\" width=\"473\" height=\"485\" src=\"https:\/\/dedemesquita.com.br\/wp-content\/uploads\/2025\/05\/WhatsApp-Image-2025-05-08-at-08.13.19.jpeg\" alt=\"\" class=\"wp-image-12205\"\/><figcaption class=\"wp-element-caption\">Ana Cristina e Cleverson Amaro em evento do Ex\u00e9rcito<\/figcaption><\/figure><\/div>","protected":false},"excerpt":{"rendered":"<p>Bel\u00e9m, 13 de maio de 2025 &#8211; Em pleno dia de Nossa Senhora de F\u00e1tima, eu posso at\u00e9 n\u00e3o fazer milagres, aparecendo aos tr\u00eas pastorzinhos, mas eu surjo para contar as muitas e muitas que sempre come\u00e7am assim: &#8220;Ded\u00e9, corre aqui!&#8221;. Minhas fontes queridas, eu as amo, e nunca \u00e9 demais repetir sobre isso. Vamos? [&hellip;]<\/p>\n","protected":false},"author":2,"featured_media":12189,"comment_status":"open","ping_status":"open","sticky":false,"template":"","format":"standard","meta":{"footnotes":""},"categories":[51,14,29],"tags":[592,206,252,1011,155,1014,1013,1012,455,119,120,607,911,203,1010,1005],"class_list":["post-12172","post","type-post","status-publish","format-standard","has-post-thumbnail","hentry","category-destaque","category-imprensa","category-jornalismo","tag-agencia-para","tag-approach-comunicacao","tag-belem-transito","tag-bt-mais","tag-cbn-belem","tag-ciir-belem","tag-ge-para","tag-irmaos-paolelli","tag-jambo-comunicacao","tag-jornalismo","tag-jornalistas-paraenses-em-acao","tag-premio-ampla-do-jornalismo","tag-radio-liberal-fm","tag-redacao-integrada-o-liberal","tag-sbt","tag-tv-mania"],"yoast_head":"<!-- This site is optimized with the Yoast SEO plugin v19.10 - https:\/\/yoast.com\/wordpress\/plugins\/seo\/ -->\n<title>Portal BT Mais, antigo Bel\u00e9m Tr\u00e2nsito, \u00e9 vendido, lan\u00e7amento do II Pr\u00eamio Ampla de Jornalismo e muitas hist\u00f3rias - Ded\u00e9 Mesquita<\/title>\n<meta name=\"robots\" content=\"index, follow, max-snippet:-1, max-image-preview:large, max-video-preview:-1\" \/>\n<link rel=\"canonical\" href=\"https:\/\/dedemesquita.com.br\/?p=12172\" \/>\n<meta property=\"og:locale\" content=\"pt_BR\" \/>\n<meta property=\"og:type\" content=\"article\" \/>\n<meta property=\"og:title\" content=\"Portal BT Mais, antigo Bel\u00e9m Tr\u00e2nsito, \u00e9 vendido, lan\u00e7amento do II Pr\u00eamio Ampla de Jornalismo e muitas hist\u00f3rias - Ded\u00e9 Mesquita\" \/>\n<meta property=\"og:description\" content=\"Bel\u00e9m, 13 de maio de 2025 &#8211; Em pleno dia de Nossa Senhora de F\u00e1tima, eu posso at\u00e9 n\u00e3o fazer milagres, aparecendo aos tr\u00eas pastorzinhos, mas eu surjo para contar as muitas e muitas que sempre come\u00e7am assim: &#8220;Ded\u00e9, corre aqui!&#8221;. Minhas fontes queridas, eu as amo, e nunca \u00e9 demais repetir sobre isso. Vamos? [&hellip;]\" \/>\n<meta property=\"og:url\" content=\"https:\/\/dedemesquita.com.br\/?p=12172\" \/>\n<meta property=\"og:site_name\" content=\"Ded\u00e9 Mesquita\" \/>\n<meta property=\"article:publisher\" content=\"https:\/\/www.facebook.com\/dede.mesquita\" \/>\n<meta property=\"article:published_time\" content=\"2025-05-13T21:43:23+00:00\" \/>\n<meta property=\"article:modified_time\" content=\"2025-05-13T22:07:51+00:00\" \/>\n<meta property=\"og:image\" content=\"https:\/\/dedemesquita.com.br\/wp-content\/uploads\/2025\/05\/Morrone.jpg\" \/>\n\t<meta property=\"og:image:width\" content=\"900\" \/>\n\t<meta property=\"og:image:height\" content=\"600\" \/>\n\t<meta property=\"og:image:type\" content=\"image\/jpeg\" \/>\n<meta name=\"author\" content=\"Ded\u00e9 Mesquita\" \/>\n<meta name=\"twitter:card\" content=\"summary_large_image\" \/>\n<meta name=\"twitter:creator\" content=\"@dedemesquita\" \/>\n<meta name=\"twitter:site\" content=\"@dedemesquita\" \/>\n<meta name=\"twitter:label1\" content=\"Escrito por\" \/>\n\t<meta name=\"twitter:data1\" content=\"Ded\u00e9 Mesquita\" \/>\n\t<meta name=\"twitter:label2\" content=\"Est. tempo de leitura\" \/>\n\t<meta name=\"twitter:data2\" content=\"19 minutos\" \/>\n<script type=\"application\/ld+json\" class=\"yoast-schema-graph\">{\"@context\":\"https:\/\/schema.org\",\"@graph\":[{\"@type\":\"WebPage\",\"@id\":\"https:\/\/dedemesquita.com.br\/?p=12172\",\"url\":\"https:\/\/dedemesquita.com.br\/?p=12172\",\"name\":\"Portal BT Mais, antigo Bel\u00e9m Tr\u00e2nsito, \u00e9 vendido, lan\u00e7amento do II Pr\u00eamio Ampla de Jornalismo e muitas hist\u00f3rias - Ded\u00e9 Mesquita\",\"isPartOf\":{\"@id\":\"https:\/\/dedemesquita.com.br\/#website\"},\"datePublished\":\"2025-05-13T21:43:23+00:00\",\"dateModified\":\"2025-05-13T22:07:51+00:00\",\"author\":{\"@id\":\"https:\/\/dedemesquita.com.br\/#\/schema\/person\/36571f81dd2d76dc3ab37231542c9e24\"},\"breadcrumb\":{\"@id\":\"https:\/\/dedemesquita.com.br\/?p=12172#breadcrumb\"},\"inLanguage\":\"pt-BR\",\"potentialAction\":[{\"@type\":\"ReadAction\",\"target\":[\"https:\/\/dedemesquita.com.br\/?p=12172\"]}]},{\"@type\":\"BreadcrumbList\",\"@id\":\"https:\/\/dedemesquita.com.br\/?p=12172#breadcrumb\",\"itemListElement\":[{\"@type\":\"ListItem\",\"position\":1,\"name\":\"In\u00edcio\",\"item\":\"https:\/\/dedemesquita.com.br\/\"},{\"@type\":\"ListItem\",\"position\":2,\"name\":\"Portal BT Mais, antigo Bel\u00e9m Tr\u00e2nsito, \u00e9 vendido, lan\u00e7amento do II Pr\u00eamio Ampla de Jornalismo e muitas hist\u00f3rias\"}]},{\"@type\":\"WebSite\",\"@id\":\"https:\/\/dedemesquita.com.br\/#website\",\"url\":\"https:\/\/dedemesquita.com.br\/\",\"name\":\"Ded\u00e9 Mesquita\",\"description\":\"Um site que mostra os bastidores da imprensa no estado do Par\u00e1 e em Bel\u00e9m\",\"potentialAction\":[{\"@type\":\"SearchAction\",\"target\":{\"@type\":\"EntryPoint\",\"urlTemplate\":\"https:\/\/dedemesquita.com.br\/?s={search_term_string}\"},\"query-input\":\"required name=search_term_string\"}],\"inLanguage\":\"pt-BR\"},{\"@type\":\"Person\",\"@id\":\"https:\/\/dedemesquita.com.br\/#\/schema\/person\/36571f81dd2d76dc3ab37231542c9e24\",\"name\":\"Ded\u00e9 Mesquita\",\"image\":{\"@type\":\"ImageObject\",\"inLanguage\":\"pt-BR\",\"@id\":\"https:\/\/dedemesquita.com.br\/#\/schema\/person\/image\/\",\"url\":\"https:\/\/dedemesquita.com.br\/wp-content\/uploads\/2021\/02\/foto_perfil-150x150.jpg\",\"contentUrl\":\"https:\/\/dedemesquita.com.br\/wp-content\/uploads\/2021\/02\/foto_perfil-150x150.jpg\",\"caption\":\"Ded\u00e9 Mesquita\"},\"sameAs\":[\"https:\/\/dedemesquita.com.br\"]}]}<\/script>\n<!-- \/ Yoast SEO plugin. -->","yoast_head_json":{"title":"Portal BT Mais, antigo Bel\u00e9m Tr\u00e2nsito, \u00e9 vendido, lan\u00e7amento do II Pr\u00eamio Ampla de Jornalismo e muitas hist\u00f3rias - Ded\u00e9 Mesquita","robots":{"index":"index","follow":"follow","max-snippet":"max-snippet:-1","max-image-preview":"max-image-preview:large","max-video-preview":"max-video-preview:-1"},"canonical":"https:\/\/dedemesquita.com.br\/?p=12172","og_locale":"pt_BR","og_type":"article","og_title":"Portal BT Mais, antigo Bel\u00e9m Tr\u00e2nsito, \u00e9 vendido, lan\u00e7amento do II Pr\u00eamio Ampla de Jornalismo e muitas hist\u00f3rias - Ded\u00e9 Mesquita","og_description":"Bel\u00e9m, 13 de maio de 2025 &#8211; Em pleno dia de Nossa Senhora de F\u00e1tima, eu posso at\u00e9 n\u00e3o fazer milagres, aparecendo aos tr\u00eas pastorzinhos, mas eu surjo para contar as muitas e muitas que sempre come\u00e7am assim: &#8220;Ded\u00e9, corre aqui!&#8221;. Minhas fontes queridas, eu as amo, e nunca \u00e9 demais repetir sobre isso. Vamos? [&hellip;]","og_url":"https:\/\/dedemesquita.com.br\/?p=12172","og_site_name":"Ded\u00e9 Mesquita","article_publisher":"https:\/\/www.facebook.com\/dede.mesquita","article_published_time":"2025-05-13T21:43:23+00:00","article_modified_time":"2025-05-13T22:07:51+00:00","og_image":[{"width":900,"height":600,"url":"https:\/\/dedemesquita.com.br\/wp-content\/uploads\/2025\/05\/Morrone.jpg","type":"image\/jpeg"}],"author":"Ded\u00e9 Mesquita","twitter_card":"summary_large_image","twitter_creator":"@dedemesquita","twitter_site":"@dedemesquita","twitter_misc":{"Escrito por":"Ded\u00e9 Mesquita","Est. tempo de leitura":"19 minutos"},"schema":{"@context":"https:\/\/schema.org","@graph":[{"@type":"WebPage","@id":"https:\/\/dedemesquita.com.br\/?p=12172","url":"https:\/\/dedemesquita.com.br\/?p=12172","name":"Portal BT Mais, antigo Bel\u00e9m Tr\u00e2nsito, \u00e9 vendido, lan\u00e7amento do II Pr\u00eamio Ampla de Jornalismo e muitas hist\u00f3rias - Ded\u00e9 Mesquita","isPartOf":{"@id":"https:\/\/dedemesquita.com.br\/#website"},"datePublished":"2025-05-13T21:43:23+00:00","dateModified":"2025-05-13T22:07:51+00:00","author":{"@id":"https:\/\/dedemesquita.com.br\/#\/schema\/person\/36571f81dd2d76dc3ab37231542c9e24"},"breadcrumb":{"@id":"https:\/\/dedemesquita.com.br\/?p=12172#breadcrumb"},"inLanguage":"pt-BR","potentialAction":[{"@type":"ReadAction","target":["https:\/\/dedemesquita.com.br\/?p=12172"]}]},{"@type":"BreadcrumbList","@id":"https:\/\/dedemesquita.com.br\/?p=12172#breadcrumb","itemListElement":[{"@type":"ListItem","position":1,"name":"In\u00edcio","item":"https:\/\/dedemesquita.com.br\/"},{"@type":"ListItem","position":2,"name":"Portal BT Mais, antigo Bel\u00e9m Tr\u00e2nsito, \u00e9 vendido, lan\u00e7amento do II Pr\u00eamio Ampla de Jornalismo e muitas hist\u00f3rias"}]},{"@type":"WebSite","@id":"https:\/\/dedemesquita.com.br\/#website","url":"https:\/\/dedemesquita.com.br\/","name":"Ded\u00e9 Mesquita","description":"Um site que mostra os bastidores da imprensa no estado do Par\u00e1 e em Bel\u00e9m","potentialAction":[{"@type":"SearchAction","target":{"@type":"EntryPoint","urlTemplate":"https:\/\/dedemesquita.com.br\/?s={search_term_string}"},"query-input":"required name=search_term_string"}],"inLanguage":"pt-BR"},{"@type":"Person","@id":"https:\/\/dedemesquita.com.br\/#\/schema\/person\/36571f81dd2d76dc3ab37231542c9e24","name":"Ded\u00e9 Mesquita","image":{"@type":"ImageObject","inLanguage":"pt-BR","@id":"https:\/\/dedemesquita.com.br\/#\/schema\/person\/image\/","url":"https:\/\/dedemesquita.com.br\/wp-content\/uploads\/2021\/02\/foto_perfil-150x150.jpg","contentUrl":"https:\/\/dedemesquita.com.br\/wp-content\/uploads\/2021\/02\/foto_perfil-150x150.jpg","caption":"Ded\u00e9 Mesquita"},"sameAs":["https:\/\/dedemesquita.com.br"]}]}},"_links":{"self":[{"href":"https:\/\/dedemesquita.com.br\/index.php?rest_route=\/wp\/v2\/posts\/12172"}],"collection":[{"href":"https:\/\/dedemesquita.com.br\/index.php?rest_route=\/wp\/v2\/posts"}],"about":[{"href":"https:\/\/dedemesquita.com.br\/index.php?rest_route=\/wp\/v2\/types\/post"}],"author":[{"embeddable":true,"href":"https:\/\/dedemesquita.com.br\/index.php?rest_route=\/wp\/v2\/users\/2"}],"replies":[{"embeddable":true,"href":"https:\/\/dedemesquita.com.br\/index.php?rest_route=%2Fwp%2Fv2%2Fcomments&post=12172"}],"version-history":[{"count":5,"href":"https:\/\/dedemesquita.com.br\/index.php?rest_route=\/wp\/v2\/posts\/12172\/revisions"}],"predecessor-version":[{"id":12216,"href":"https:\/\/dedemesquita.com.br\/index.php?rest_route=\/wp\/v2\/posts\/12172\/revisions\/12216"}],"wp:featuredmedia":[{"embeddable":true,"href":"https:\/\/dedemesquita.com.br\/index.php?rest_route=\/wp\/v2\/media\/12189"}],"wp:attachment":[{"href":"https:\/\/dedemesquita.com.br\/index.php?rest_route=%2Fwp%2Fv2%2Fmedia&parent=12172"}],"wp:term":[{"taxonomy":"category","embeddable":true,"href":"https:\/\/dedemesquita.com.br\/index.php?rest_route=%2Fwp%2Fv2%2Fcategories&post=12172"},{"taxonomy":"post_tag","embeddable":true,"href":"https:\/\/dedemesquita.com.br\/index.php?rest_route=%2Fwp%2Fv2%2Ftags&post=12172"}],"curies":[{"name":"wp","href":"https:\/\/api.w.org\/{rel}","templated":true}]}}