{"id":11937,"date":"2025-04-15T19:29:39","date_gmt":"2025-04-15T22:29:39","guid":{"rendered":"https:\/\/dedemesquita.com.br\/?p=11937"},"modified":"2025-04-15T20:58:19","modified_gmt":"2025-04-15T23:58:19","slug":"rba-tv-empresta-jornalista-ao-governo-do-estado-mas-em-nove-meses-toma-de-volta-e-outras-noticias-menos-escandalosas-que-essa","status":"publish","type":"post","link":"https:\/\/dedemesquita.com.br\/?p=11937","title":{"rendered":"RBA TV &#8216;empresta&#8217; jornalista ao Governo do Estado, mas em nove meses, toma de volta, e outras not\u00edcias menos escandalosas que essa"},"content":{"rendered":"\n<p><strong>Bel\u00e9m, 15 de abril de 2025 &#8211;<\/strong> Assim, n\u00e9, estamos quase no fim da quaresma, e \u00e9 tempo de perdoar. <strong>Mas n\u00e3o aqui<\/strong>. <em>Ops!<\/em> Aqui, se fala de tudo e mais um pouco e se assusta com umas coisas, meus colegas, que eu te agoraaaaaaaa: <\/p>\n\n\n\n<p><strong>Mas que coisa \u00e9 essa de PPP? &#8211;<\/strong> O jornalista <strong>\u00c1lvaro Borges<\/strong> deixou, temporariamente, a ger\u00eancia de jornalismo na <strong>RBATV<\/strong>. E com isso, se inaugura <strong>uma esp\u00e9cie de PPP, Parceria P\u00fablico Privada, na \u00e1rea de comunica\u00e7\u00e3o no Par\u00e1<\/strong>. Pensemos assim: uma <strong>empresa privada<\/strong>, da fam\u00edlia do governador, no caso, <strong>o grupo RBA<\/strong>, cede um funcion\u00e1rio dessa empresa privada para gerenciar um projeto da <strong>COP30<\/strong> dentro da <strong>Secretaria de Comunica\u00e7\u00e3o do Governo<\/strong>, evidentemente, <strong>com \u00f4nus para o Governo do Estado<\/strong> &#8211; com nomea\u00e7\u00e3o publicada no <strong>Di\u00e1rio Oficial do Estado <\/strong>-, um setor <strong>p\u00fablico<\/strong>, mas o posto da pessoa continua l\u00e1, intacto, na empresa privada. Ao final do ano, passado a COP, a Secom devolve o funcion\u00e1rio para a empresa de origem. Entenderam? Como diria Lula \u201cnunca antes na hist\u00f3ria deste Estado\u201d.\u00a0\u00a0<\/p>\n\n\n<div class=\"wp-block-image\">\n<figure class=\"aligncenter size-full\"><img loading=\"lazy\" decoding=\"async\" width=\"557\" height=\"700\" src=\"https:\/\/dedemesquita.com.br\/wp-content\/uploads\/2025\/04\/Screenshot_2025-04-14-21-04-45-060_com.instagram.android-edit.jpg\" alt=\"\" class=\"wp-image-11952\"\/><figcaption class=\"wp-element-caption\">\u00c1lvaro Borges &#8211; atr\u00e1s na foto &#8211; chegou e teve festa, mas era o anivers\u00e1rio do Rafael Mau\u00e9s, com o bolo na m\u00e3o, e mais Denise Soares, Den\u00edlson, Alinne Passos e Arthur Sobral &#8211; manda o nome da coleguinha que eu n\u00e3o conhe\u00e7o <\/figcaption><\/figure><\/div>\n\n\n<p>\u00c1lvaro Borges <strong>vai \u201cpassar essa chuva\u201d na Secom<\/strong>, mais especificadamente, no escrit\u00f3rio de comunica\u00e7\u00e3o da COP30. O bom DAS dele era de <strong>Leonardo Nunes<\/strong>, que voltou para o Esp\u00edrito Santo, e a fun\u00e7\u00e3o de Borges, basicamente, ser\u00e1 a que era exercida por <strong>Ingo M\u00fcller<\/strong>, que foi <strong>demitido por Verinha<\/strong> por conta das \u201c\u00e1rvores artificiais\u201d da Nova Doca.\u00a0\u00a0<\/p>\n\n\n<div class=\"wp-block-image\">\n<figure class=\"aligncenter size-full\"><img loading=\"lazy\" decoding=\"async\" width=\"552\" height=\"800\" src=\"https:\/\/dedemesquita.com.br\/wp-content\/uploads\/2025\/04\/WhatsApp-Image-2025-04-15-at-17.23.50.jpeg\" alt=\"\" class=\"wp-image-11954\"\/><figcaption class=\"wp-element-caption\">A equipe de jornalistas da COP30 nem piscou e j\u00e1 estava em miss\u00e3o nas obras do Parque da Cidade, onde foram recebidos por Alessandra Fonseca, de colete rosa, da comunica\u00e7\u00e3o da Vale<\/figcaption><\/figure><\/div>\n\n\n<p>Para auxiliar Borges nessa miss\u00e3o, ele \u201cpuxou\u201d da Secom, <strong>Den\u00edlson d\u2019Almeida<\/strong>, que trabalhou com Borges, na RBA; e <strong>Denise Soares<\/strong>, que trabalhou com ele na TV Liberal. Os dois se juntam a <strong>Rafael Mau\u00e9s<\/strong> e <strong>Arthur Sobral<\/strong>, coincidentemente, os dois, ex da TV Liberal e do G1 Par\u00e1. Que coisa, n\u00e9, gente?\u00a0<\/p>\n\n\n<div class=\"wp-block-image\">\n<figure class=\"aligncenter size-full\"><img loading=\"lazy\" decoding=\"async\" width=\"585\" height=\"700\" src=\"https:\/\/dedemesquita.com.br\/wp-content\/uploads\/2025\/04\/Screenshot_2025-04-14-21-30-35-849_com.instagram.android.jpg\" alt=\"\" class=\"wp-image-11953\"\/><figcaption class=\"wp-element-caption\">Den\u00edlson mudou de fun\u00e7\u00e3o dentro da Secom e est\u00e1 no escrit\u00f3rio da COP30<\/figcaption><\/figure><\/div>\n\n\n<p>E RBATV? Vai ficar bem, se o escolhido para substituir Borges se comportar, nesses quase nove meses. <strong>Aquela mo\u00e7a, aquela que \u201cn\u00e3o-deve-ser-nomeada&#8221;<\/strong>, se empolgou toda, deu at\u00e9 uma repaginada na \u201cface\u201d, jurando que seria a escolhida para substituir Borges na ger\u00eancia de jornalismo. <strong><em>Errrrroooooouuuuuuuuu!!!! <\/em><\/strong>O escolhido foi <strong>Danilo Pires<\/strong>, <strong>que est\u00e1 longe ser uma unanimidade POSITIVA<\/strong> entre os colegas da RBA. Portanto, mocinho, o site aqui acha muito bom o senhor segurar a sua onda, trabalhar direito, sem nenhum piti, porque, aqui, n\u00f3s contamos tudo. E, sim, nada de nepotismo, e \u00e9 de muito bom tom, <strong>manter a senhora sua esposa fora na reda\u00e7\u00e3o do jornalismo<\/strong> e deix\u00e1-la exatamente onde ela est\u00e1: no Esporte.&nbsp;&nbsp;&nbsp;<\/p>\n\n\n<div class=\"wp-block-image\">\n<figure class=\"aligncenter size-full\"><img loading=\"lazy\" decoding=\"async\" width=\"600\" height=\"598\" src=\"https:\/\/dedemesquita.com.br\/wp-content\/uploads\/2025\/04\/WhatsApp-Image-2025-04-15-at-19.35.14.jpeg\" alt=\"\" class=\"wp-image-11985\" srcset=\"https:\/\/dedemesquita.com.br\/wp-content\/uploads\/2025\/04\/WhatsApp-Image-2025-04-15-at-19.35.14.jpeg 600w, https:\/\/dedemesquita.com.br\/wp-content\/uploads\/2025\/04\/WhatsApp-Image-2025-04-15-at-19.35.14-150x150.jpeg 150w\" sizes=\"(max-width: 600px) 100vw, 600px\" \/><figcaption class=\"wp-element-caption\">Danilo Pires \u00e9 agora o gerente de jornalismo da RBA TV e deixou a &#8220;surtadinha da Torre&#8221; a &#8220;ver navios&#8221;<\/figcaption><\/figure><\/div>\n\n\n<p><strong>OUTRAS NOT\u00cdCIAS &#8211;<\/strong> O jornal <strong>Folha de S. Paulo<\/strong>, assim como <strong>O Globo<\/strong>, <strong>Valor Econ\u00f4mico <\/strong>e <strong>r\u00e1dio CBN<\/strong>, vai refor\u00e7ar a sua presen\u00e7a na COP30. Em novembro deste ano, quando o Brasil sedia o evento em Bel\u00e9m, o jornal ser\u00e1 representado na cidade pelo <strong>Espa\u00e7o Folha<\/strong>, um espa\u00e7o pr\u00f3prio e estrutura robusta, reafirmando o compromisso do jornal com a cobertura de temas centrais para o futuro do planeta &#8211; clima, sustentabilidade e pol\u00edticas p\u00fablicas. Segundo o jornal, \u201cTrata-se de uma opera\u00e7\u00e3o jornal\u00edstica com um olhar independente, plural e conectado \u00e0s transforma\u00e7\u00f5es globais\u201d.&nbsp;<\/p>\n\n\n<div class=\"wp-block-image\">\n<figure class=\"aligncenter size-full\"><img loading=\"lazy\" decoding=\"async\" width=\"634\" height=\"353\" src=\"https:\/\/dedemesquita.com.br\/wp-content\/uploads\/2025\/04\/WhatsApp-Image-2025-04-15-at-18.38.58.jpeg\" alt=\"\" class=\"wp-image-11956\"\/><figcaption class=\"wp-element-caption\">Folha de S. Paulo &#8220;vai sentar pra\u00e7a&#8221; em Bel\u00e9m por conta da COP30<\/figcaption><\/figure><\/div>\n\n\n<p><strong>R\u00e1dio Nazar\u00e9 &#8211; Em\u00edlia Jacob<\/strong> come\u00e7ou em um novo cargo de coordenadora da <strong>R\u00e1dio Nazar\u00e9 FM<\/strong> na Rede Nazar\u00e9 de Comunica\u00e7\u00e3o.&nbsp;<\/p>\n\n\n<div class=\"wp-block-image\">\n<figure class=\"aligncenter size-full\"><img loading=\"lazy\" decoding=\"async\" width=\"486\" height=\"494\" src=\"https:\/\/dedemesquita.com.br\/wp-content\/uploads\/2025\/04\/WhatsApp-Image-2025-04-15-at-16.32.41.jpeg\" alt=\"\" class=\"wp-image-11951\"\/><figcaption class=\"wp-element-caption\">Em\u00edlia Jacob encara mais um desafio na r\u00e1dio Nazar\u00e9 FM<\/figcaption><\/figure><\/div>\n\n\n<p><strong>Camila editora &#8211; Camila Azevedo<\/strong> \u00e9 a mais nova editora do jornal impresso <strong>O Liberal.\u00a0<\/strong><\/p>\n\n\n<div class=\"wp-block-image\">\n<figure class=\"aligncenter size-full\"><img loading=\"lazy\" decoding=\"async\" width=\"469\" height=\"491\" src=\"https:\/\/dedemesquita.com.br\/wp-content\/uploads\/2025\/04\/WhatsApp-Image-2025-04-15-at-18.42.15.jpeg\" alt=\"\" class=\"wp-image-11957\"\/><figcaption class=\"wp-element-caption\">Camila Azevedo passou \u00e0 edi\u00e7\u00e3o do impresso em O Liberal <\/figcaption><\/figure><\/div>\n\n\n<p><strong>Jovem Pan de volta &#8211; <\/strong>A r\u00e1dio <strong>Jovem Pan Bel\u00e9m FM<\/strong> voltou a Bel\u00e9m e funciona na frequ\u00eancia <strong>107,5<\/strong>. Desde segunda-feira, 14, entrou em opera\u00e7\u00e3o via sat\u00e9lite e daqui a 30 dias, entra com programa\u00e7\u00e3o local. Neg\u00f3cio de <strong>Ti\u00e3ozinho Miranda<\/strong>, de Marab\u00e1.&nbsp;<\/p>\n\n\n<div class=\"wp-block-image\">\n<figure class=\"aligncenter size-full\"><img loading=\"lazy\" decoding=\"async\" width=\"700\" height=\"400\" src=\"https:\/\/dedemesquita.com.br\/wp-content\/uploads\/2025\/04\/Screenshot_2025-04-13-21-51-31-385_com.instagram.android.jpg\" alt=\"\" class=\"wp-image-11950\"\/><figcaption class=\"wp-element-caption\">R\u00e1dio Jovem Pan Bel\u00e9m est\u00e1 de volta &#8220;entre n\u00f3s&#8221;<\/figcaption><\/figure><\/div>\n\n\n<p><strong>Walk4Good &#8211;<\/strong> <strong>Rafaela Collins<\/strong>, com passagens pelas emissoras TV Cultura, RedeTV e SBT Par\u00e1, come\u00e7ou em um novo cargo de correspondente em Bel\u00e9m para COP 30 na <strong>ag\u00eancia Walk4Good<\/strong>, uma consultoria do grupo Imagem Corporativa, com foco em sustentabilidade e impacto social.&nbsp;<\/p>\n\n\n<div class=\"wp-block-image\">\n<figure class=\"aligncenter size-full\"><img loading=\"lazy\" decoding=\"async\" width=\"586\" height=\"600\" src=\"https:\/\/dedemesquita.com.br\/wp-content\/uploads\/2025\/04\/WhatsApp-Image-2025-04-15-at-18.45.49-1.jpeg\" alt=\"\" class=\"wp-image-11962\"\/><figcaption class=\"wp-element-caption\">Rafaela Collins come\u00e7a um novo desafio voltado \u00e0 COP30<\/figcaption><\/figure><\/div>\n\n\n<p><strong>Rede Xib\u00e9 &#8211; <\/strong>O jornalista <strong>Eduardo Marques<\/strong> colocou para jogo o perfil no Facebook <strong>Chib\u00e9 News<\/strong>, que no Instagram, se chama <strong>Xib\u00e9 2025<\/strong>, com aquelas not\u00edcias r\u00e1pidas, mas sempre de fontes muito confi\u00e1veis.&nbsp;&nbsp;<\/p>\n\n\n<div class=\"wp-block-image\">\n<figure class=\"aligncenter size-full\"><img loading=\"lazy\" decoding=\"async\" width=\"800\" height=\"499\" src=\"https:\/\/dedemesquita.com.br\/wp-content\/uploads\/2025\/04\/Screenshot_2025-04-09-09-19-26-722_com.instagram.android.jpg\" alt=\"\" class=\"wp-image-11949\" srcset=\"https:\/\/dedemesquita.com.br\/wp-content\/uploads\/2025\/04\/Screenshot_2025-04-09-09-19-26-722_com.instagram.android.jpg 800w, https:\/\/dedemesquita.com.br\/wp-content\/uploads\/2025\/04\/Screenshot_2025-04-09-09-19-26-722_com.instagram.android-768x479.jpg 768w\" sizes=\"(max-width: 800px) 100vw, 800px\" \/><figcaption class=\"wp-element-caption\">Sigam o perfis de not\u00edcias do Eduardo Marques, com aquelas not\u00edcias &#8220;s\u00f3 o fil\u00e9&#8221;<\/figcaption><\/figure><\/div>\n\n\n<p><strong>Daniel Nardin pelo mundo &#8211; <\/strong>Daniel Nardin esteve na Inglaterra, na Universidade de Oxford, e na sala Del Dotoratto, em um pr\u00e9dio de 1700, na It\u00e1lia, junto com Marina Dias, da ag\u00eancia Publicap. O fundador e diretor executivo, Daniel Nardin, representou o <strong>Amaz\u00f4nia Vox<\/strong> no Skoll World Forum, Train The Trainers Solutions Journalism Network e International Journalism Festival, em <strong>Oxford<\/strong>. Na cidade de <strong>Perugia, na It\u00e1lia<\/strong>, ele participou de pain\u00e9is e treinamentos, explorando como a m\u00eddia pode impulsionar a a\u00e7\u00e3o clim\u00e1tica e influenciar a COP 30 em Bel\u00e9m, e foi crucial para jornalistas que cobrem ou est\u00e3o se preparando para cobrir a Confer\u00eancia na capital paraense.&nbsp;&nbsp;<\/p>\n\n\n<div class=\"wp-block-image\">\n<figure class=\"aligncenter size-full\"><img loading=\"lazy\" decoding=\"async\" width=\"800\" height=\"533\" src=\"https:\/\/dedemesquita.com.br\/wp-content\/uploads\/2025\/04\/WhatsApp-Image-2025-04-10-at-14.24.06.jpeg\" alt=\"\" class=\"wp-image-11947\" srcset=\"https:\/\/dedemesquita.com.br\/wp-content\/uploads\/2025\/04\/WhatsApp-Image-2025-04-10-at-14.24.06.jpeg 800w, https:\/\/dedemesquita.com.br\/wp-content\/uploads\/2025\/04\/WhatsApp-Image-2025-04-10-at-14.24.06-768x512.jpeg 768w\" sizes=\"(max-width: 800px) 100vw, 800px\" \/><figcaption class=\"wp-element-caption\">Daniel Nardin na cidade de Perugia, na It\u00e1lia<\/figcaption><\/figure><\/div>\n\n<div class=\"wp-block-image\">\n<figure class=\"aligncenter size-full\"><img loading=\"lazy\" decoding=\"async\" width=\"600\" height=\"800\" src=\"https:\/\/dedemesquita.com.br\/wp-content\/uploads\/2025\/04\/WhatsApp-Image-2025-04-10-at-14.24.06-1.jpeg\" alt=\"\" class=\"wp-image-11948\"\/><figcaption class=\"wp-element-caption\">Te entendo totalmente, Dan, eu tamb\u00e9m ficaria de pesco\u00e7o torto com a beleza desse lugar <\/figcaption><\/figure><\/div>\n\n\n<p><strong>Exposi\u00e7\u00e3o no Rio de Janeiro &#8211;<\/strong> Na quarta-feira, 16, a exposi\u00e7\u00e3o <strong>\u201cEncanto da Arte II\u201d<\/strong>, com fotos de <strong>Tarso Sarraf<\/strong> e pinturas de <strong>Rose Maiorana<\/strong>, ser\u00e1 aberta no Rio de Janeiro, no<strong> Espa\u00e7o Cultural do Pal\u00e1cio Tiradentes<\/strong>, no Centro da capital carioca. A mostra fica em cartaz at\u00e9 16 de maio, com entrada franca.&nbsp;&nbsp;<\/p>\n\n\n<div class=\"wp-block-image\">\n<figure class=\"aligncenter size-full\"><img loading=\"lazy\" decoding=\"async\" width=\"600\" height=\"561\" src=\"https:\/\/dedemesquita.com.br\/wp-content\/uploads\/2025\/04\/Screenshot_2025-04-02-19-54-43-474_com.instagram.android-1.jpg\" alt=\"\" class=\"wp-image-11961\"\/><figcaption class=\"wp-element-caption\">Exposi\u00e7\u00e3o dos artistas paraenses no Rio de Janeiro <\/figcaption><\/figure><\/div>\n\n\n<p><strong>Tr\u00f3pico \u00damido &#8211; <\/strong>Em breve, entra no ar o podcast <strong>\u201cTr\u00f3pico \u00damido\u201d<\/strong>, sempre uma boa conversa, com entrevista sobre arte de uma forma geral. O podcast tem produ\u00e7\u00e3o de <strong>Marcelo Vieira<\/strong> e apresenta\u00e7\u00e3o de <strong>Relivaldo Pinho<\/strong>. No primeiro epis\u00f3dio, j\u00e1 gravado e em fase de edi\u00e7\u00e3o, a conversa foi com o premiado escritor paraense <strong>Edyr Augusto Proen\u00e7a<\/strong>. Aguarde!&nbsp;<\/p>\n\n\n<div class=\"wp-block-image\">\n<figure class=\"aligncenter size-full\"><img loading=\"lazy\" decoding=\"async\" width=\"650\" height=\"641\" src=\"https:\/\/dedemesquita.com.br\/wp-content\/uploads\/2025\/04\/WhatsApp-Image-2025-04-15-at-18.51.24.jpeg\" alt=\"\" class=\"wp-image-11960\"\/><figcaption class=\"wp-element-caption\">O novo podcast chega em breve <\/figcaption><\/figure><\/div>\n\n\n<p><strong>Jornalismo Investigativo &#8211;<\/strong> A <strong>Abraji<\/strong> e <strong>Transpar\u00eancia Internacional Brasil <\/strong>divulgaram na segunda-feira, 14, a lista dos 12 escolhidos para receber bolsa de participa\u00e7\u00e3o do <strong>20\u00ba Congresso de Jornalismo Investigativo<\/strong>. O evento ocorre de 10 a 13 de julho em S\u00e3o Paulo, e o \u00faltimo dia \u00e9 dedicado integralmente ao Domingo de Dados. Foram selecionados jornalistas dos nove estados da <strong>Amaz\u00f4nia Legal<\/strong>, sendo oito mulheres e quatro homens, que receber\u00e3o passagens a\u00e9reas, hospedagem e ajuda de custo nos dias do congresso. A sele\u00e7\u00e3o integra as atividades do projeto Defensores Ambientais e recebeu 81 inscri\u00e7\u00f5es. Do Par\u00e1, os selecionados s\u00e3o: <strong>Tayana Narcisa<\/strong>, da CNN em Bel\u00e9m; <strong>Fernando Assun\u00e7\u00e3o<\/strong>, do site Alma Preta Jornalismo; e <strong>Isabelle dos Santos Maciel<\/strong>.&nbsp;&nbsp;<\/p>\n\n\n<div class=\"wp-block-image\">\n<figure class=\"aligncenter size-full\"><img loading=\"lazy\" decoding=\"async\" width=\"393\" height=\"594\" src=\"https:\/\/dedemesquita.com.br\/wp-content\/uploads\/2025\/04\/WhatsApp-Image-2025-04-15-at-18.49.49.jpeg\" alt=\"\" class=\"wp-image-11959\"\/><figcaption class=\"wp-element-caption\">Fernando Assun\u00e7\u00e3o foi selecionado pela Abraji e Transpar\u00eancia Brasil <\/figcaption><\/figure><\/div>\n\n\n<p><strong>Caf\u00e9 com a imprensa 1 &#8211; <\/strong>Este m\u00eas, na empresa <strong>Norte Energia<\/strong>, foi um tempo para cuidar do relacionamento com os jornalistas de <strong>Altamira e regi\u00e3o<\/strong>. Um momento simples em organiza\u00e7\u00e3o, mas complexo nos resultados alcan\u00e7ados, ao convidar para um caf\u00e9, abrir as portas da \u201ccasa\u201d corporativa e franquear a palavra para uma conversa franca sobre a qualidade de entregas e das rela\u00e7\u00f5es.&nbsp;&nbsp;<\/p>\n\n\n<div class=\"wp-block-image\">\n<figure class=\"aligncenter size-full\"><img loading=\"lazy\" decoding=\"async\" width=\"800\" height=\"483\" src=\"https:\/\/dedemesquita.com.br\/wp-content\/uploads\/2025\/04\/cafe_jornalistas_Altamira.jpg\" alt=\"\" class=\"wp-image-11945\" srcset=\"https:\/\/dedemesquita.com.br\/wp-content\/uploads\/2025\/04\/cafe_jornalistas_Altamira.jpg 800w, https:\/\/dedemesquita.com.br\/wp-content\/uploads\/2025\/04\/cafe_jornalistas_Altamira-768x464.jpg 768w\" sizes=\"(max-width: 800px) 100vw, 800px\" \/><figcaption class=\"wp-element-caption\">Norte Energia recebeu a imprensa de Altamira e arredores <\/figcaption><\/figure><\/div>\n\n\n<p><strong>Caf\u00e9 com a imprensa 2 <\/strong>&#8211; No \u00faltimo s\u00e1bado, 12, o <strong>Hospital Barros Barreto<\/strong> recebeu profissionais de imprensa para a cobertura da primeira edi\u00e7\u00e3o, no Par\u00e1, do projeto <strong>Ebserh em A\u00e7\u00e3o<\/strong> &#8211; um mutir\u00e3o de cirurgias e exames para reduzir as filas de espera do SUS. As equipes foram acompanhadas pela rela\u00e7\u00f5es-p\u00fablicas <strong>Fernanda Pacheco<\/strong> e pelo jornalista <strong>George Miranda<\/strong>, integrantes da Comunica\u00e7\u00e3o do CHU-UFPA, que tamb\u00e9m abrange o <strong>Hospital Bettina Ferro<\/strong>. A programa\u00e7\u00e3o incluiu caf\u00e9 da manh\u00e3, paramenta\u00e7\u00e3o para acesso ao centro cir\u00fargico e, claro, muitas fotos.&nbsp;&nbsp;<\/p>\n\n\n<div class=\"wp-block-image\">\n<figure class=\"aligncenter size-full\"><img loading=\"lazy\" decoding=\"async\" width=\"800\" height=\"641\" src=\"https:\/\/dedemesquita.com.br\/wp-content\/uploads\/2025\/04\/WhatsApp-Image-2025-04-14-at-12.20.30.jpeg\" alt=\"\" class=\"wp-image-11942\" srcset=\"https:\/\/dedemesquita.com.br\/wp-content\/uploads\/2025\/04\/WhatsApp-Image-2025-04-14-at-12.20.30.jpeg 800w, https:\/\/dedemesquita.com.br\/wp-content\/uploads\/2025\/04\/WhatsApp-Image-2025-04-14-at-12.20.30-768x615.jpeg 768w\" sizes=\"(max-width: 800px) 100vw, 800px\" \/><figcaption class=\"wp-element-caption\">George Miranda e Fernanda Pacheco, al\u00e9m da superintendente do CHU-UFPA, Regina Feio Barroso, receberam a imprensa<\/figcaption><\/figure><\/div>\n\n<div class=\"wp-block-image\">\n<figure class=\"aligncenter size-full\"><img loading=\"lazy\" decoding=\"async\" width=\"800\" height=\"606\" src=\"https:\/\/dedemesquita.com.br\/wp-content\/uploads\/2025\/04\/WhatsApp-Image-2025-04-14-at-12.20.30-1.jpeg\" alt=\"\" class=\"wp-image-11943\" srcset=\"https:\/\/dedemesquita.com.br\/wp-content\/uploads\/2025\/04\/WhatsApp-Image-2025-04-14-at-12.20.30-1.jpeg 800w, https:\/\/dedemesquita.com.br\/wp-content\/uploads\/2025\/04\/WhatsApp-Image-2025-04-14-at-12.20.30-1-768x582.jpeg 768w\" sizes=\"(max-width: 800px) 100vw, 800px\" \/><figcaption class=\"wp-element-caption\">Paramenta todo mundo a\u00ed para essa pauta<\/figcaption><\/figure><\/div>\n\n<div class=\"wp-block-image\">\n<figure class=\"aligncenter size-full\"><img loading=\"lazy\" decoding=\"async\" width=\"672\" height=\"800\" src=\"https:\/\/dedemesquita.com.br\/wp-content\/uploads\/2025\/04\/WhatsApp-Image-2025-04-14-at-12.20.31.jpeg\" alt=\"\" class=\"wp-image-11944\"\/><figcaption class=\"wp-element-caption\">E rolou aquele bom caf\u00e9 da manh\u00e3 <\/figcaption><\/figure><\/div>\n\n\n<p class=\"has-text-align-center\"><strong>BRONCA<\/strong><\/p>\n\n\n\n<p><strong>Olhem essa foto abaixo<\/strong><\/p>\n\n\n<div class=\"wp-block-image\">\n<figure class=\"aligncenter size-full\"><img loading=\"lazy\" decoding=\"async\" width=\"525\" height=\"800\" src=\"https:\/\/dedemesquita.com.br\/wp-content\/uploads\/2025\/04\/Screenshot_2025-04-13-07-51-46-660_com.instagram.android.jpg\" alt=\"\" class=\"wp-image-11987\"\/><figcaption class=\"wp-element-caption\">Foto de Marcelo Barbosa<\/figcaption><\/figure><\/div>\n\n\n<p><strong>Poderia ser a foto de toda a imprensa de Bel\u00e9m trabalhando<\/strong> na cobertura da entrega dos tais &#8211; <strong>e benditos &#8211; \u00f4nibus &#8220;gelad\u00f5es&#8221;<\/strong> -, mas n\u00e3o \u00e9, porque, nem Secom-PA, muito menos a ex-Comus, que \u00e9 Secom\/ Prefs, se lembraram dos jornalistas. Nada de chamar ningu\u00e9m, muito menos, convocar uma coletiva de imprensa. Essas c\u00e2meras a\u00ed s\u00e3o da galera da produtora que foi fazer o v\u00eddeo promocional e mostrar &#8211; <em>pelamordiiiiiiiiiiiiiiiiii<\/em> &#8211; esse monte de pol\u00edtico correndo que nem &#8220;surtado&#8221;&#8230; Atr\u00e1s do qu\u00ea, hein?<\/p>\n\n\n\n<p>Pior e mais chato \u00e9 <strong>EU<\/strong> quero o emprego dessa <strong>assessora de comunica\u00e7\u00e3o do Setransbel, <\/strong>que, pelo jeito, n\u00e3o faz nada. Desde domingo, 13, o <strong>Portal Olavo Dutra<\/strong> pede notas para essa assessoria e <strong>NADA<\/strong>. Falou-se com a mo\u00e7a e <strong>NADA<\/strong>. Mas que diabos de assessoria \u00e9 essa que pegou a <strong>MANIA<\/strong> da Secom-PA e n\u00e3o responde a uma demanda sequer? Ei, nega, sabe qual vai ser a minha &#8220;vingan\u00e7a&#8221;? Amanh\u00e3, 16, e nos pr\u00f3ximos dias, tu vais ser perturbada dia e noite, noite e dia. Te prepara. Os rodovi\u00e1rios querem o &#8220;couro&#8221; dos patr\u00f5es. S\u00f3 te digo isso!<\/p>\n\n\n\n<p class=\"has-text-align-center\"><strong>SOCIAIS<\/strong><\/p>\n\n\n\n<p class=\"has-text-align-left\"><strong>Beb\u00ea &#8211; <\/strong>A jornalista <strong>Cl\u00e1udia Saldanha<\/strong> e o marido <strong>Vini Passos<\/strong> comemoraram o primeiro m\u00eas do beb\u00ea <strong>Davi<\/strong>, primeiro filho do casal.&nbsp;&nbsp;<\/p>\n\n\n<div class=\"wp-block-image\">\n<figure class=\"aligncenter size-full\"><img loading=\"lazy\" decoding=\"async\" width=\"517\" height=\"600\" src=\"https:\/\/dedemesquita.com.br\/wp-content\/uploads\/2025\/04\/WhatsApp-Image-2025-04-15-at-15.22.52.jpeg\" alt=\"\" class=\"wp-image-11938\"\/><figcaption class=\"wp-element-caption\">Claudia e Vini apresentam o pequeno Davi. Felicidades!<\/figcaption><\/figure><\/div>\n\n\n<p><strong>Casamento da Laiana &#8211;<\/strong> Na sexta-feira, 11, <strong>Laiana Damasceno<\/strong> se casou com o <strong>Emerson Pereira<\/strong>. Com tudo que tem direito: de manh\u00e3, no civil, e de noite, no religioso. Parab\u00e9ns!<\/p>\n\n\n<div class=\"wp-block-image\">\n<figure class=\"aligncenter size-full\"><img loading=\"lazy\" decoding=\"async\" width=\"489\" height=\"800\" src=\"https:\/\/dedemesquita.com.br\/wp-content\/uploads\/2025\/04\/IMG_20250410_181331.jpg\" alt=\"\" class=\"wp-image-11939\"\/><figcaption class=\"wp-element-caption\">A jornalista mais serelepe do peda\u00e7o se rendeu ao matrim\u00f4nio: Laiana se casou com Emerson. Que sejam muito felizes! <\/figcaption><\/figure><\/div>\n\n\n<p><strong>Casamento do T\u00e1cio &#8211;<\/strong> Tamb\u00e9m na sexta-feira, no mesmo ritual, do civil e religioso, <strong>T\u00e1cio Torres<\/strong>, da <strong>TV Record Bel\u00e9m<\/strong>, se casou com a jornalista <strong>Bianca Botelho Torres.<\/strong> <strong>Felicidades!<\/strong><\/p>\n\n\n<div class=\"wp-block-image\">\n<figure class=\"aligncenter size-full\"><img loading=\"lazy\" decoding=\"async\" width=\"615\" height=\"700\" src=\"https:\/\/dedemesquita.com.br\/wp-content\/uploads\/2025\/04\/WhatsApp-Image-2025-04-15-at-18.12.57.jpeg\" alt=\"\" class=\"wp-image-11940\"\/><figcaption class=\"wp-element-caption\">Bianca e T\u00e1cio se casaram no ato civil&#8230;<\/figcaption><\/figure><\/div>\n\n<div class=\"wp-block-image\">\n<figure class=\"aligncenter size-full\"><img loading=\"lazy\" decoding=\"async\" width=\"690\" height=\"800\" src=\"https:\/\/dedemesquita.com.br\/wp-content\/uploads\/2025\/04\/Screenshot_2025-04-11-05-42-09-541_com.instagram.android.jpg\" alt=\"\" class=\"wp-image-11941\"\/><figcaption class=\"wp-element-caption\">&#8230; e de noite, no religioso. Felicidades ao casal Bianca e T\u00e1cio!<\/figcaption><\/figure><\/div>\n\n\n<p><\/p>\n\n\n\n<p class=\"has-text-align-center\"><strong>FOTINHAS DA SEMANA<\/strong><\/p>\n\n\n<div class=\"wp-block-image\">\n<figure class=\"aligncenter size-full\"><img loading=\"lazy\" decoding=\"async\" width=\"603\" height=\"800\" src=\"https:\/\/dedemesquita.com.br\/wp-content\/uploads\/2025\/04\/menias.jpg\" alt=\"\" class=\"wp-image-11966\"\/><figcaption class=\"wp-element-caption\">\u00c1urea Garcia, editora do Bom Dia Par\u00e1, da TV Liberal; Jamylle Ara\u00fajo, assessora do sistema OCB\/PA, e J\u00falia Ramos, assessora da Coofarmi e rep\u00f3rter no portal O Estado do Par\u00e1 Online. A Coofarmi \u00e9 uma das cooperativas do Sistema OCB, e a J\u00falia representou os dois trabalhos dele no evento COOP na COP.<\/figcaption><\/figure><\/div>\n\n<div class=\"wp-block-image\">\n<figure class=\"aligncenter size-full\"><img loading=\"lazy\" decoding=\"async\" width=\"800\" height=\"542\" src=\"https:\/\/dedemesquita.com.br\/wp-content\/uploads\/2025\/04\/Screenshot_2025-04-15-11-08-02-699_com.instagram.android.jpg\" alt=\"\" class=\"wp-image-11967\" srcset=\"https:\/\/dedemesquita.com.br\/wp-content\/uploads\/2025\/04\/Screenshot_2025-04-15-11-08-02-699_com.instagram.android.jpg 800w, https:\/\/dedemesquita.com.br\/wp-content\/uploads\/2025\/04\/Screenshot_2025-04-15-11-08-02-699_com.instagram.android-768x520.jpg 768w\" sizes=\"(max-width: 800px) 100vw, 800px\" \/><figcaption class=\"wp-element-caption\">Sicredi Par\u00e1 recebeu a imprensa na semana passada, e teve Fabiana Cabral como anfitri\u00e3<\/figcaption><\/figure><\/div>\n\n<div class=\"wp-block-image\">\n<figure class=\"aligncenter size-full\"><img loading=\"lazy\" decoding=\"async\" width=\"800\" height=\"459\" src=\"https:\/\/dedemesquita.com.br\/wp-content\/uploads\/2025\/04\/Screenshot_2025-04-09-09-18-50-204_com.instagram.android.jpg\" alt=\"\" class=\"wp-image-11968\" srcset=\"https:\/\/dedemesquita.com.br\/wp-content\/uploads\/2025\/04\/Screenshot_2025-04-09-09-18-50-204_com.instagram.android.jpg 800w, https:\/\/dedemesquita.com.br\/wp-content\/uploads\/2025\/04\/Screenshot_2025-04-09-09-18-50-204_com.instagram.android-768x441.jpg 768w\" sizes=\"(max-width: 800px) 100vw, 800px\" \/><figcaption class=\"wp-element-caption\">Mais uma panor\u00e2mica da reuni\u00e3o promovida pelo Sicredi Par\u00e1<\/figcaption><\/figure><\/div>\n\n<div class=\"wp-block-image\">\n<figure class=\"aligncenter size-full\"><img loading=\"lazy\" decoding=\"async\" width=\"576\" height=\"700\" src=\"https:\/\/dedemesquita.com.br\/wp-content\/uploads\/2025\/04\/Screenshot_2025-04-09-09-15-28-975_com.instagram.android.jpg\" alt=\"\" class=\"wp-image-11969\"\/><figcaption class=\"wp-element-caption\">Matheus Viggo, Ize Sena e Bruna Lima<\/figcaption><\/figure><\/div>\n\n<div class=\"wp-block-image\">\n<figure class=\"aligncenter size-full\"><img loading=\"lazy\" decoding=\"async\" width=\"800\" height=\"583\" src=\"https:\/\/dedemesquita.com.br\/wp-content\/uploads\/2025\/04\/Screenshot_2025-04-03-21-08-40-489_com.instagram.android.jpg\" alt=\"\" class=\"wp-image-11970\" srcset=\"https:\/\/dedemesquita.com.br\/wp-content\/uploads\/2025\/04\/Screenshot_2025-04-03-21-08-40-489_com.instagram.android.jpg 800w, https:\/\/dedemesquita.com.br\/wp-content\/uploads\/2025\/04\/Screenshot_2025-04-03-21-08-40-489_com.instagram.android-768x560.jpg 768w\" sizes=\"(max-width: 800px) 100vw, 800px\" \/><figcaption class=\"wp-element-caption\">Evento dos ve\u00edculos do grupo Globo em Bel\u00e9m com turma da r\u00e1dio CBN<\/figcaption><\/figure><\/div>\n\n<div class=\"wp-block-image\">\n<figure class=\"aligncenter size-full\"><img loading=\"lazy\" decoding=\"async\" width=\"544\" height=\"800\" src=\"https:\/\/dedemesquita.com.br\/wp-content\/uploads\/2025\/04\/Screenshot_2025-04-03-21-10-13-823_com.instagram.android.jpg\" alt=\"\" class=\"wp-image-11971\"\/><figcaption class=\"wp-element-caption\">Meninas da Temple e Fiepa e mais a Dani Filgueiras no evento de O Globo em Bel\u00e9m<\/figcaption><\/figure><\/div>\n\n<div class=\"wp-block-image\">\n<figure class=\"aligncenter size-full\"><img loading=\"lazy\" decoding=\"async\" width=\"496\" height=\"750\" src=\"https:\/\/dedemesquita.com.br\/wp-content\/uploads\/2025\/04\/Screenshot_2025-04-08-22-31-13-532_com.instagram.android.jpg\" alt=\"\" class=\"wp-image-11972\"\/><figcaption class=\"wp-element-caption\">Elen Neris e Nara Bandeira assessorando a Fiepa em evento em S\u00e3o Paulo<\/figcaption><\/figure><\/div>\n\n<div class=\"wp-block-image\">\n<figure class=\"aligncenter size-full\"><img loading=\"lazy\" decoding=\"async\" width=\"800\" height=\"477\" src=\"https:\/\/dedemesquita.com.br\/wp-content\/uploads\/2025\/04\/Screenshot_2025-04-15-08-33-05-319_com.instagram.android.jpg\" alt=\"\" class=\"wp-image-11973\" srcset=\"https:\/\/dedemesquita.com.br\/wp-content\/uploads\/2025\/04\/Screenshot_2025-04-15-08-33-05-319_com.instagram.android.jpg 800w, https:\/\/dedemesquita.com.br\/wp-content\/uploads\/2025\/04\/Screenshot_2025-04-15-08-33-05-319_com.instagram.android-768x458.jpg 768w\" sizes=\"(max-width: 800px) 100vw, 800px\" \/><figcaption class=\"wp-element-caption\">Thalmus Gama, do digital da Secom-PA, ministrou oficina de mobile aos ind\u00edgenas em evento que segue at\u00e9 quarta-feira, 16, no Hangar<\/figcaption><\/figure><\/div>\n\n<div class=\"wp-block-image\">\n<figure class=\"aligncenter size-full\"><img loading=\"lazy\" decoding=\"async\" width=\"763\" height=\"800\" src=\"https:\/\/dedemesquita.com.br\/wp-content\/uploads\/2025\/04\/Screenshot_2025-04-12-19-59-05-357_com.instagram.android.jpg\" alt=\"\" class=\"wp-image-11974\"\/><figcaption class=\"wp-element-caption\">Paraenses viajaram de Bel\u00e9m a S\u00e3o Paulo para a abertura da exposi\u00e7\u00e3o de Luiz Braga no Instituto Moreira Sales<\/figcaption><\/figure><\/div>\n\n<div class=\"wp-block-image\">\n<figure class=\"aligncenter size-full\"><img loading=\"lazy\" decoding=\"async\" width=\"800\" height=\"647\" src=\"https:\/\/dedemesquita.com.br\/wp-content\/uploads\/2025\/04\/Screenshot_2025-04-09-18-13-03-215_com.instagram.android.jpg\" alt=\"\" class=\"wp-image-11975\" srcset=\"https:\/\/dedemesquita.com.br\/wp-content\/uploads\/2025\/04\/Screenshot_2025-04-09-18-13-03-215_com.instagram.android.jpg 800w, https:\/\/dedemesquita.com.br\/wp-content\/uploads\/2025\/04\/Screenshot_2025-04-09-18-13-03-215_com.instagram.android-768x621.jpg 768w\" sizes=\"(max-width: 800px) 100vw, 800px\" \/><figcaption class=\"wp-element-caption\">Galera da ag\u00eancia Jambo Comunica\u00e7\u00e3o visitou as obras do Parque da Cidade<\/figcaption><\/figure><\/div>\n\n<div class=\"wp-block-image\">\n<figure class=\"aligncenter size-full\"><img loading=\"lazy\" decoding=\"async\" width=\"559\" height=\"700\" src=\"https:\/\/dedemesquita.com.br\/wp-content\/uploads\/2025\/04\/Screenshot_2025-04-09-18-13-42-913_com.instagram.android.jpg\" alt=\"\" class=\"wp-image-11976\"\/><figcaption class=\"wp-element-caption\">Coleguinhas da comunica\u00e7\u00e3o da Secretaria de Economia da Prefeitura de Bel\u00e9m, que mudou de nome, com Syanne Neno e Roberta <\/figcaption><\/figure><\/div>\n\n<div class=\"wp-block-image\">\n<figure class=\"aligncenter size-full\"><img loading=\"lazy\" decoding=\"async\" width=\"800\" height=\"701\" src=\"https:\/\/dedemesquita.com.br\/wp-content\/uploads\/2025\/04\/Screenshot_2025-04-09-12-59-19-149_com.instagram.android.jpg\" alt=\"\" class=\"wp-image-11977\" srcset=\"https:\/\/dedemesquita.com.br\/wp-content\/uploads\/2025\/04\/Screenshot_2025-04-09-12-59-19-149_com.instagram.android.jpg 800w, https:\/\/dedemesquita.com.br\/wp-content\/uploads\/2025\/04\/Screenshot_2025-04-09-12-59-19-149_com.instagram.android-768x673.jpg 768w\" sizes=\"(max-width: 800px) 100vw, 800px\" \/><figcaption class=\"wp-element-caption\">Mais uma vez, os colegas da Funtelpa foram \u00e0 rua reivindicar os seus direitos, no movimento Funtelpa na Luta<\/figcaption><\/figure><\/div>\n\n<div class=\"wp-block-image\">\n<figure class=\"aligncenter size-full\"><img loading=\"lazy\" decoding=\"async\" width=\"492\" height=\"700\" src=\"https:\/\/dedemesquita.com.br\/wp-content\/uploads\/2025\/04\/Screenshot_2025-04-09-11-35-31-954_com.instagram.android.jpg\" alt=\"\" class=\"wp-image-11978\"\/><figcaption class=\"wp-element-caption\">Adison Ferreira estava em Bras\u00edlia na cobertura da movimenta\u00e7\u00e3o dos ind\u00edgenas contra o Marco Temporal <\/figcaption><\/figure><\/div>\n\n<div class=\"wp-block-image\">\n<figure class=\"aligncenter size-full\"><img loading=\"lazy\" decoding=\"async\" width=\"669\" height=\"750\" src=\"https:\/\/dedemesquita.com.br\/wp-content\/uploads\/2025\/04\/IMG_20250406_230909_338.jpg\" alt=\"\" class=\"wp-image-11979\"\/><figcaption class=\"wp-element-caption\">Aycha Nunes, da comunica\u00e7\u00e3o da Funda\u00e7\u00e3o Cultural do Par\u00e1, em miss\u00e3o em Marab\u00e1<\/figcaption><\/figure><\/div>\n\n<div class=\"wp-block-image\">\n<figure class=\"aligncenter size-full\"><img loading=\"lazy\" decoding=\"async\" width=\"689\" height=\"750\" src=\"https:\/\/dedemesquita.com.br\/wp-content\/uploads\/2025\/04\/Screenshot_2025-04-05-18-46-45-386_com.instagram.android.jpg\" alt=\"\" class=\"wp-image-11980\"\/><figcaption class=\"wp-element-caption\">A isso chamamos de glamour do jornalismo, n\u00e3o \u00e9, Aycha, em pauta em Marab\u00e1? <\/figcaption><\/figure><\/div>\n\n<div class=\"wp-block-image\">\n<figure class=\"aligncenter size-full\"><img loading=\"lazy\" decoding=\"async\" width=\"600\" height=\"800\" src=\"https:\/\/dedemesquita.com.br\/wp-content\/uploads\/2025\/04\/IMG_20250406_054107_607.jpg\" alt=\"\" class=\"wp-image-11981\"\/><figcaption class=\"wp-element-caption\">Tamires Porteglio em pauta pela TV Liberal Marab\u00e1<\/figcaption><\/figure><\/div>\n\n<div class=\"wp-block-image\">\n<figure class=\"aligncenter size-full\"><img loading=\"lazy\" decoding=\"async\" width=\"700\" height=\"566\" src=\"https:\/\/dedemesquita.com.br\/wp-content\/uploads\/2025\/04\/IMG_20250406_053823_091.jpg\" alt=\"\" class=\"wp-image-11982\"\/><figcaption class=\"wp-element-caption\">Abertura da exposi\u00e7\u00e3o sobre T\u00f3 Teixeira no Museu da Imagem e do Som &#8211; MIS-PA<\/figcaption><\/figure><\/div>\n\n<div class=\"wp-block-image\">\n<figure class=\"aligncenter size-full\"><img loading=\"lazy\" decoding=\"async\" width=\"800\" height=\"528\" src=\"https:\/\/dedemesquita.com.br\/wp-content\/uploads\/2025\/04\/Screenshot_2025-04-03-10-43-52-301_com.instagram.android.jpg\" alt=\"\" class=\"wp-image-11983\" srcset=\"https:\/\/dedemesquita.com.br\/wp-content\/uploads\/2025\/04\/Screenshot_2025-04-03-10-43-52-301_com.instagram.android.jpg 800w, https:\/\/dedemesquita.com.br\/wp-content\/uploads\/2025\/04\/Screenshot_2025-04-03-10-43-52-301_com.instagram.android-768x507.jpg 768w, https:\/\/dedemesquita.com.br\/wp-content\/uploads\/2025\/04\/Screenshot_2025-04-03-10-43-52-301_com.instagram.android-455x300.jpg 455w\" sizes=\"(max-width: 800px) 100vw, 800px\" \/><figcaption class=\"wp-element-caption\">Comandante Dilson Pimentel em pauta por essa Bel\u00e9m de meu Deus<\/figcaption><\/figure><\/div>","protected":false},"excerpt":{"rendered":"<p>Bel\u00e9m, 15 de abril de 2025 &#8211; Assim, n\u00e9, estamos quase no fim da quaresma, e \u00e9 tempo de perdoar. Mas n\u00e3o aqui. Ops! Aqui, se fala de tudo e mais um pouco e se assusta com umas coisas, meus colegas, que eu te agoraaaaaaaa: Mas que coisa \u00e9 essa de PPP? &#8211; O jornalista [&hellip;]<\/p>\n","protected":false},"author":2,"featured_media":11964,"comment_status":"open","ping_status":"open","sticky":false,"template":"","format":"standard","meta":{"footnotes":""},"categories":[51,14,29],"tags":[315,377,976,351,320,981,119,120,410,253,973,144,975,977,145,978,150,502,980,974,979],"class_list":["post-11937","post","type-post","status-publish","format-standard","has-post-thumbnail","hentry","category-destaque","category-imprensa","category-jornalismo","tag-abraji","tag-amazonia-vox","tag-cop30","tag-daniel-nardin","tag-folha-de-s-paulo","tag-hospital-barros-barreto","tag-jornalismo","tag-jornalistas-paraenses-em-acao","tag-jovem-pan","tag-norte-energia","tag-o-globo","tag-o-liberal","tag-radio-cbn","tag-radio-nazare-fm","tag-rbatv","tag-rede-nazare-de-comunicacao","tag-secom-pa","tag-tarso-sarraf","tag-tropico-umido","tag-valor-economico","tag-walk4good"],"yoast_head":"<!-- This site is optimized with the Yoast SEO plugin v19.10 - https:\/\/yoast.com\/wordpress\/plugins\/seo\/ -->\n<title>RBA TV &#039;empresta&#039; jornalista ao Governo do Estado, mas em nove meses, toma de volta, e outras not\u00edcias menos escandalosas que essa - Ded\u00e9 Mesquita<\/title>\n<meta name=\"robots\" content=\"index, follow, max-snippet:-1, max-image-preview:large, max-video-preview:-1\" \/>\n<link rel=\"canonical\" href=\"https:\/\/dedemesquita.com.br\/?p=11937\" \/>\n<meta property=\"og:locale\" content=\"pt_BR\" \/>\n<meta property=\"og:type\" content=\"article\" \/>\n<meta property=\"og:title\" content=\"RBA TV &#039;empresta&#039; jornalista ao Governo do Estado, mas em nove meses, toma de volta, e outras not\u00edcias menos escandalosas que essa - Ded\u00e9 Mesquita\" \/>\n<meta property=\"og:description\" content=\"Bel\u00e9m, 15 de abril de 2025 &#8211; Assim, n\u00e9, estamos quase no fim da quaresma, e \u00e9 tempo de perdoar. Mas n\u00e3o aqui. Ops! Aqui, se fala de tudo e mais um pouco e se assusta com umas coisas, meus colegas, que eu te agoraaaaaaaa: Mas que coisa \u00e9 essa de PPP? &#8211; O jornalista [&hellip;]\" \/>\n<meta property=\"og:url\" content=\"https:\/\/dedemesquita.com.br\/?p=11937\" \/>\n<meta property=\"og:site_name\" content=\"Ded\u00e9 Mesquita\" \/>\n<meta property=\"article:publisher\" content=\"https:\/\/www.facebook.com\/dede.mesquita\" \/>\n<meta property=\"article:published_time\" content=\"2025-04-15T22:29:39+00:00\" \/>\n<meta property=\"article:modified_time\" content=\"2025-04-15T23:58:19+00:00\" \/>\n<meta property=\"og:image\" content=\"https:\/\/dedemesquita.com.br\/wp-content\/uploads\/2025\/04\/secom.jpg\" \/>\n\t<meta property=\"og:image:width\" content=\"950\" \/>\n\t<meta property=\"og:image:height\" content=\"594\" \/>\n\t<meta property=\"og:image:type\" content=\"image\/jpeg\" \/>\n<meta name=\"author\" content=\"Ded\u00e9 Mesquita\" \/>\n<meta name=\"twitter:card\" content=\"summary_large_image\" \/>\n<meta name=\"twitter:creator\" content=\"@dedemesquita\" \/>\n<meta name=\"twitter:site\" content=\"@dedemesquita\" \/>\n<meta name=\"twitter:label1\" content=\"Escrito por\" \/>\n\t<meta name=\"twitter:data1\" content=\"Ded\u00e9 Mesquita\" \/>\n\t<meta name=\"twitter:label2\" content=\"Est. tempo de leitura\" \/>\n\t<meta name=\"twitter:data2\" content=\"20 minutos\" \/>\n<script type=\"application\/ld+json\" class=\"yoast-schema-graph\">{\"@context\":\"https:\/\/schema.org\",\"@graph\":[{\"@type\":\"WebPage\",\"@id\":\"https:\/\/dedemesquita.com.br\/?p=11937\",\"url\":\"https:\/\/dedemesquita.com.br\/?p=11937\",\"name\":\"RBA TV 'empresta' jornalista ao Governo do Estado, mas em nove meses, toma de volta, e outras not\u00edcias menos escandalosas que essa - Ded\u00e9 Mesquita\",\"isPartOf\":{\"@id\":\"https:\/\/dedemesquita.com.br\/#website\"},\"datePublished\":\"2025-04-15T22:29:39+00:00\",\"dateModified\":\"2025-04-15T23:58:19+00:00\",\"author\":{\"@id\":\"https:\/\/dedemesquita.com.br\/#\/schema\/person\/36571f81dd2d76dc3ab37231542c9e24\"},\"breadcrumb\":{\"@id\":\"https:\/\/dedemesquita.com.br\/?p=11937#breadcrumb\"},\"inLanguage\":\"pt-BR\",\"potentialAction\":[{\"@type\":\"ReadAction\",\"target\":[\"https:\/\/dedemesquita.com.br\/?p=11937\"]}]},{\"@type\":\"BreadcrumbList\",\"@id\":\"https:\/\/dedemesquita.com.br\/?p=11937#breadcrumb\",\"itemListElement\":[{\"@type\":\"ListItem\",\"position\":1,\"name\":\"In\u00edcio\",\"item\":\"https:\/\/dedemesquita.com.br\/\"},{\"@type\":\"ListItem\",\"position\":2,\"name\":\"RBA TV &#8216;empresta&#8217; jornalista ao Governo do Estado, mas em nove meses, toma de volta, e outras not\u00edcias menos escandalosas que essa\"}]},{\"@type\":\"WebSite\",\"@id\":\"https:\/\/dedemesquita.com.br\/#website\",\"url\":\"https:\/\/dedemesquita.com.br\/\",\"name\":\"Ded\u00e9 Mesquita\",\"description\":\"Um site que mostra os bastidores da imprensa no estado do Par\u00e1 e em Bel\u00e9m\",\"potentialAction\":[{\"@type\":\"SearchAction\",\"target\":{\"@type\":\"EntryPoint\",\"urlTemplate\":\"https:\/\/dedemesquita.com.br\/?s={search_term_string}\"},\"query-input\":\"required name=search_term_string\"}],\"inLanguage\":\"pt-BR\"},{\"@type\":\"Person\",\"@id\":\"https:\/\/dedemesquita.com.br\/#\/schema\/person\/36571f81dd2d76dc3ab37231542c9e24\",\"name\":\"Ded\u00e9 Mesquita\",\"image\":{\"@type\":\"ImageObject\",\"inLanguage\":\"pt-BR\",\"@id\":\"https:\/\/dedemesquita.com.br\/#\/schema\/person\/image\/\",\"url\":\"https:\/\/dedemesquita.com.br\/wp-content\/uploads\/2021\/02\/foto_perfil-150x150.jpg\",\"contentUrl\":\"https:\/\/dedemesquita.com.br\/wp-content\/uploads\/2021\/02\/foto_perfil-150x150.jpg\",\"caption\":\"Ded\u00e9 Mesquita\"},\"sameAs\":[\"https:\/\/dedemesquita.com.br\"]}]}<\/script>\n<!-- \/ Yoast SEO plugin. -->","yoast_head_json":{"title":"RBA TV 'empresta' jornalista ao Governo do Estado, mas em nove meses, toma de volta, e outras not\u00edcias menos escandalosas que essa - Ded\u00e9 Mesquita","robots":{"index":"index","follow":"follow","max-snippet":"max-snippet:-1","max-image-preview":"max-image-preview:large","max-video-preview":"max-video-preview:-1"},"canonical":"https:\/\/dedemesquita.com.br\/?p=11937","og_locale":"pt_BR","og_type":"article","og_title":"RBA TV 'empresta' jornalista ao Governo do Estado, mas em nove meses, toma de volta, e outras not\u00edcias menos escandalosas que essa - Ded\u00e9 Mesquita","og_description":"Bel\u00e9m, 15 de abril de 2025 &#8211; Assim, n\u00e9, estamos quase no fim da quaresma, e \u00e9 tempo de perdoar. Mas n\u00e3o aqui. Ops! Aqui, se fala de tudo e mais um pouco e se assusta com umas coisas, meus colegas, que eu te agoraaaaaaaa: Mas que coisa \u00e9 essa de PPP? &#8211; O jornalista [&hellip;]","og_url":"https:\/\/dedemesquita.com.br\/?p=11937","og_site_name":"Ded\u00e9 Mesquita","article_publisher":"https:\/\/www.facebook.com\/dede.mesquita","article_published_time":"2025-04-15T22:29:39+00:00","article_modified_time":"2025-04-15T23:58:19+00:00","og_image":[{"width":950,"height":594,"url":"https:\/\/dedemesquita.com.br\/wp-content\/uploads\/2025\/04\/secom.jpg","type":"image\/jpeg"}],"author":"Ded\u00e9 Mesquita","twitter_card":"summary_large_image","twitter_creator":"@dedemesquita","twitter_site":"@dedemesquita","twitter_misc":{"Escrito por":"Ded\u00e9 Mesquita","Est. tempo de leitura":"20 minutos"},"schema":{"@context":"https:\/\/schema.org","@graph":[{"@type":"WebPage","@id":"https:\/\/dedemesquita.com.br\/?p=11937","url":"https:\/\/dedemesquita.com.br\/?p=11937","name":"RBA TV 'empresta' jornalista ao Governo do Estado, mas em nove meses, toma de volta, e outras not\u00edcias menos escandalosas que essa - Ded\u00e9 Mesquita","isPartOf":{"@id":"https:\/\/dedemesquita.com.br\/#website"},"datePublished":"2025-04-15T22:29:39+00:00","dateModified":"2025-04-15T23:58:19+00:00","author":{"@id":"https:\/\/dedemesquita.com.br\/#\/schema\/person\/36571f81dd2d76dc3ab37231542c9e24"},"breadcrumb":{"@id":"https:\/\/dedemesquita.com.br\/?p=11937#breadcrumb"},"inLanguage":"pt-BR","potentialAction":[{"@type":"ReadAction","target":["https:\/\/dedemesquita.com.br\/?p=11937"]}]},{"@type":"BreadcrumbList","@id":"https:\/\/dedemesquita.com.br\/?p=11937#breadcrumb","itemListElement":[{"@type":"ListItem","position":1,"name":"In\u00edcio","item":"https:\/\/dedemesquita.com.br\/"},{"@type":"ListItem","position":2,"name":"RBA TV &#8216;empresta&#8217; jornalista ao Governo do Estado, mas em nove meses, toma de volta, e outras not\u00edcias menos escandalosas que essa"}]},{"@type":"WebSite","@id":"https:\/\/dedemesquita.com.br\/#website","url":"https:\/\/dedemesquita.com.br\/","name":"Ded\u00e9 Mesquita","description":"Um site que mostra os bastidores da imprensa no estado do Par\u00e1 e em Bel\u00e9m","potentialAction":[{"@type":"SearchAction","target":{"@type":"EntryPoint","urlTemplate":"https:\/\/dedemesquita.com.br\/?s={search_term_string}"},"query-input":"required name=search_term_string"}],"inLanguage":"pt-BR"},{"@type":"Person","@id":"https:\/\/dedemesquita.com.br\/#\/schema\/person\/36571f81dd2d76dc3ab37231542c9e24","name":"Ded\u00e9 Mesquita","image":{"@type":"ImageObject","inLanguage":"pt-BR","@id":"https:\/\/dedemesquita.com.br\/#\/schema\/person\/image\/","url":"https:\/\/dedemesquita.com.br\/wp-content\/uploads\/2021\/02\/foto_perfil-150x150.jpg","contentUrl":"https:\/\/dedemesquita.com.br\/wp-content\/uploads\/2021\/02\/foto_perfil-150x150.jpg","caption":"Ded\u00e9 Mesquita"},"sameAs":["https:\/\/dedemesquita.com.br"]}]}},"_links":{"self":[{"href":"https:\/\/dedemesquita.com.br\/index.php?rest_route=\/wp\/v2\/posts\/11937"}],"collection":[{"href":"https:\/\/dedemesquita.com.br\/index.php?rest_route=\/wp\/v2\/posts"}],"about":[{"href":"https:\/\/dedemesquita.com.br\/index.php?rest_route=\/wp\/v2\/types\/post"}],"author":[{"embeddable":true,"href":"https:\/\/dedemesquita.com.br\/index.php?rest_route=\/wp\/v2\/users\/2"}],"replies":[{"embeddable":true,"href":"https:\/\/dedemesquita.com.br\/index.php?rest_route=%2Fwp%2Fv2%2Fcomments&post=11937"}],"version-history":[{"count":6,"href":"https:\/\/dedemesquita.com.br\/index.php?rest_route=\/wp\/v2\/posts\/11937\/revisions"}],"predecessor-version":[{"id":11990,"href":"https:\/\/dedemesquita.com.br\/index.php?rest_route=\/wp\/v2\/posts\/11937\/revisions\/11990"}],"wp:featuredmedia":[{"embeddable":true,"href":"https:\/\/dedemesquita.com.br\/index.php?rest_route=\/wp\/v2\/media\/11964"}],"wp:attachment":[{"href":"https:\/\/dedemesquita.com.br\/index.php?rest_route=%2Fwp%2Fv2%2Fmedia&parent=11937"}],"wp:term":[{"taxonomy":"category","embeddable":true,"href":"https:\/\/dedemesquita.com.br\/index.php?rest_route=%2Fwp%2Fv2%2Fcategories&post=11937"},{"taxonomy":"post_tag","embeddable":true,"href":"https:\/\/dedemesquita.com.br\/index.php?rest_route=%2Fwp%2Fv2%2Ftags&post=11937"}],"curies":[{"name":"wp","href":"https:\/\/api.w.org\/{rel}","templated":true}]}}