{"id":11730,"date":"2025-03-18T17:49:55","date_gmt":"2025-03-18T20:49:55","guid":{"rendered":"https:\/\/dedemesquita.com.br\/?p=11730"},"modified":"2025-03-19T12:08:17","modified_gmt":"2025-03-19T15:08:17","slug":"agencia-belem-muda-de-cara-e-faz-lambanca-no-site-carnaval-na-aldeia-cabana-mostrou-a-forca-da-tv-cultura-do-para-e-outras-noticias-mais","status":"publish","type":"post","link":"https:\/\/dedemesquita.com.br\/?p=11730","title":{"rendered":"Ag\u00eancia Bel\u00e9m muda de &#8216;cara&#8217; e faz lamban\u00e7a no site, carnaval na Aldeia Cabana mostrou a for\u00e7a da TV Cultura do Par\u00e1 e outras not\u00edcias mais"},"content":{"rendered":"\n<p><strong>Bel\u00e9m, 18 de mar\u00e7o de 2025 &#8211; <\/strong>Mais uma ter\u00e7a-feira que estou aqui tentando entender o que se passa <strong>na cabe\u00e7a das pessoas que est\u00e3o \u00e0 frente da comunica\u00e7\u00e3o dos governos, seja do Estado, seja da Prefeitura de Bel\u00e9m<\/strong>. E confesso que &#8220;n\u00e3o alcan\u00e7o, olha&#8221;. N\u00e3o cabe na minha mente. Se queres saber a \u00faltima da <strong>Secretaria de Comunica\u00e7\u00e3o da Prefeitura de Bel\u00e9m<\/strong>, corre para o final desta postagem, porque tem outras not\u00edcias antes. <\/p>\n\n\n\n<p><strong>R\u00e1dio Cultura FM exonera Arthur &#8211; A R\u00e1dio Cultura FM<\/strong> continua a dar umas <em>\u201ccabe\u00e7adas\u201d<\/em> que n\u00e3o se consegue entender. Depois de dez anos, essa emissora exonerou o jornalista <strong>Arthur Castro<\/strong>, um dos melhores e mais experientes radialistas que havia por l\u00e1. Arthur trabalhou como produtor, programador musical e locutor, e&nbsp;foi exonerado no \u00faltimo dia 28 de fevereiro, v\u00e9spera de Carnaval. Aprendeu muito produzindo, cobrindo as f\u00e9rias de colegas, e depois assumiu 100% v\u00e1rias produ\u00e7\u00f5es, e em tudo sempre ofereceu o melhor da m\u00fasica nos produtos radiof\u00f4nicos da casa, como o <strong>Radar 93<\/strong>, <strong>Caleidosc\u00f3pio<\/strong>, programa\u00e7\u00f5es musicais di\u00e1rias, <strong>Esta\u00e7\u00e3o Blues<\/strong>, <strong>Brasileir\u00edssimo<\/strong>, <strong>Balaio<\/strong>, <strong>Balan\u00e7o do Rock<\/strong> e <strong>Feira do Som<\/strong>. Uma pena e imensa perda para a R\u00e1dio Cultura. &nbsp;<\/p>\n\n\n<div class=\"wp-block-image\">\n<figure class=\"aligncenter size-full\"><img loading=\"lazy\" decoding=\"async\" width=\"512\" height=\"600\" src=\"https:\/\/dedemesquita.com.br\/wp-content\/uploads\/2025\/03\/WhatsApp-Image-2025-03-18-at-16.53.07.jpeg\" alt=\"\" class=\"wp-image-11740\"\/><figcaption class=\"wp-element-caption\">Arthur Castro deixou a R\u00e1dio Cultura FM, onde ficou por dez anos <\/figcaption><\/figure><\/div>\n\n\n<p><strong>Presidente do Coren-PA demite jornalista por telefone &#8211; Matheus Freire<\/strong> deixou a assessoria de comunica\u00e7\u00e3o do <strong>Conselho Regional de Enfermagem do Par\u00e1 &#8211; Coren-PA<\/strong>, onde estava h\u00e1 bastante tempo. Para demandas de imprensa, o contato agora \u00e9 pelo e-mail <a href=\"mailto:ascom@corenpa.org.br\" target=\"_blank\" rel=\"noreferrer noopener\"><strong>ascom@corenpa.org.br<\/strong><\/a> A sa\u00edda de Matheus foi mais um daqueles epis\u00f3dios de ass\u00e9dio moral, os quais ningu\u00e9m deve se acostumar. Uma fonte pr\u00f3xima aqui do site contou que na semana passada, o expediente j\u00e1 tinha se encerrado e Matheus estava na rua, quando recebeu uma liga\u00e7\u00e3o <strong>do presidente do Coren-PA, direto de Bras\u00edlia<\/strong>, j\u00e1 brigando com ele porque a mat\u00e9ria do ato onde o presidente estava, n\u00e3o constava do site do Coren-PA. Matheus tentou argumentar que estava produzindo mat\u00e9ria pr\u00f3pria e n\u00e3o apenas copiando o Conselho Federal. O presidente come\u00e7ou a falar num tom agressivo, xingando e soltando palavr\u00e3o. Matheus disse para ele n\u00e3o gritar e o respeitar. Foi quando o presidente disse, aos gritos: <strong>\u201cEst\u00e1 demitido, eu te demito!\u201d<\/strong>. A fonte conta que n\u00e3o seria a primeira vez em que o presidente fez esse tipo de ass\u00e9dio, e que Matheus reportou, e esperou que algo fosse feito. O coletivo de jornalistas <strong>Grupo Ronda de Comunica\u00e7\u00e3o<\/strong> fez uma nota de apoio a Matheus e publicou Nota de Rep\u00fadio nas redes sociais contra a atitude do presidente do Coren-PA.&nbsp;&nbsp;<\/p>\n\n\n<div class=\"wp-block-image\">\n<figure class=\"aligncenter size-full\"><img loading=\"lazy\" decoding=\"async\" width=\"750\" height=\"478\" src=\"https:\/\/dedemesquita.com.br\/wp-content\/uploads\/2025\/03\/WhatsApp-Image-2025-03-18-at-15.40.29.jpeg\" alt=\"\" class=\"wp-image-11737\"\/><figcaption class=\"wp-element-caption\">Nota de Rep\u00fadio do grupo Ronda de Comunica\u00e7\u00e3o em favor de Matheus Freire <\/figcaption><\/figure><\/div>\n\n\n<p><strong>Mayra &#8211;<\/strong> A jornalista <strong>Mayra Lea<\/strong>l, ex-SBT Par\u00e1, passou a integrar a equipe da <strong>Jornada COP Mais<\/strong>, da ag\u00eancia <strong>Temple Comunica\u00e7\u00e3o<\/strong>, junto com <strong>Nara Bandeira<\/strong>, o designer <strong>Keynnes Lobo<\/strong> e outros profissionais.&nbsp;<\/p>\n\n\n<div class=\"wp-block-image\">\n<figure class=\"aligncenter size-full\"><img loading=\"lazy\" decoding=\"async\" width=\"487\" height=\"700\" src=\"https:\/\/dedemesquita.com.br\/wp-content\/uploads\/2025\/03\/Screenshot_2025-03-10-10-02-20-870_com.instagram.android.jpg\" alt=\"\" class=\"wp-image-11738\"\/><figcaption class=\"wp-element-caption\">Mayra Leal e Nara Bandeira, ex-SBT Par\u00e1, est\u00e3o juntas na Jornada COP Mais da Temple Comunica\u00e7\u00e3o <\/figcaption><\/figure><\/div>\n\n\n<p><strong>Marinha promove \u00c2ngela &#8211; \u00c2ngela Bazzoni<\/strong> foi promovida e \u00e9 a nova Capit\u00e3o-Tenente da Marinha do Brasil. Ela \u00e9 mais uma coleguinha jornalista nas For\u00e7as Armadas. &nbsp;<\/p>\n\n\n<div class=\"wp-block-image\">\n<figure class=\"aligncenter size-full\"><img loading=\"lazy\" decoding=\"async\" width=\"466\" height=\"700\" src=\"https:\/\/dedemesquita.com.br\/wp-content\/uploads\/2025\/03\/WhatsApp-Image-2025-03-18-at-15.52.39.jpeg\" alt=\"\" class=\"wp-image-11736\"\/><figcaption class=\"wp-element-caption\">\u00c2ngela na cerim\u00f4nia de promo\u00e7\u00e3o a capit\u00e3o-tenente <\/figcaption><\/figure><\/div>\n\n<div class=\"wp-block-image\">\n<figure class=\"aligncenter size-full\"><img loading=\"lazy\" decoding=\"async\" width=\"587\" height=\"600\" src=\"https:\/\/dedemesquita.com.br\/wp-content\/uploads\/2025\/03\/WhatsApp-Image-2025-03-18-at-15.53.54.jpeg\" alt=\"\" class=\"wp-image-11735\"\/><figcaption class=\"wp-element-caption\">\u00c2ngela em trabalho na Marinha do Brasil<br> <\/figcaption><\/figure><\/div>\n\n\n<p><strong>Elisa deixa O Liberal &#8211; Elisa Vaz<\/strong> vai deixar a <strong>Reda\u00e7\u00e3o Integrada O Liberal<\/strong> em breve, e vai assumir definitivamente a para comunica\u00e7\u00e3o da <strong>OAB, se\u00e7\u00e3o Par\u00e1.<\/strong>&nbsp;<\/p>\n\n\n<div class=\"wp-block-image\">\n<figure class=\"aligncenter size-full\"><img loading=\"lazy\" decoding=\"async\" width=\"600\" height=\"579\" src=\"https:\/\/dedemesquita.com.br\/wp-content\/uploads\/2025\/03\/WhatsApp-Image-2025-03-18-at-16.51.13.jpeg\" alt=\"\" class=\"wp-image-11739\"\/><figcaption class=\"wp-element-caption\">Elisa vai coordenar a comunica\u00e7\u00e3o da OAB Par\u00e1<\/figcaption><\/figure><\/div>\n\n\n<p><strong>Tamires &#8211; Tamires Porteglio<\/strong> deixou mais uma vez Bragan\u00e7a e abra\u00e7ou a miss\u00e3o como a nova rep\u00f3rter da <strong>TV Liberal em Marab\u00e1<\/strong>, regi\u00e3o sudeste do Par\u00e1.&nbsp;<\/p>\n\n\n<div class=\"wp-block-image\">\n<figure class=\"aligncenter size-full\"><img loading=\"lazy\" decoding=\"async\" width=\"714\" height=\"700\" src=\"https:\/\/dedemesquita.com.br\/wp-content\/uploads\/2025\/03\/IMG_20250317_125228_545.jpg\" alt=\"\" class=\"wp-image-11734\"\/><figcaption class=\"wp-element-caption\">Tamires, agora, est\u00e1 na TV Liberal de Marab\u00e1 <\/figcaption><\/figure><\/div>\n\n\n<p><strong>FM do Povo &#8211; <\/strong>Jeferson Lima est\u00e1 de volta aos microfones na r\u00e1dio FM do Povo, em uma, antes impensada parceria, com Wladimir Costa, o Wlad. O que se comenta \u00e9 que Jeferson, na verdade, teria adquirido essa r\u00e1dio, uma vez que Wlad est\u00e1 se desfazendo de alguns bens da \u00e1rea de ve\u00edculos de comunica\u00e7\u00e3o. \u00c9 o que se comenta. &nbsp;<\/p>\n\n\n\n<p><strong>Gerlando feliz na Brado &#8211; Gerlando Klinger<\/strong>, depois da Secom-PA, completou um ano de trabalho na <strong>ag\u00eancia Brado<\/strong>, atendendo a <strong>Equatorial Par\u00e1<\/strong> e est\u00e1 muito feliz \u00e0 frente do cargo. Atualmente em Castanhal, ele \u00e9 respons\u00e1vel pelo relacionamento com a imprensa em 55 munic\u00edpios e segue atuando para o fortalecimento desse cliente da Brado em todo o nordeste do estado e no Baixo Tocantins.&nbsp;<\/p>\n\n\n<div class=\"wp-block-image\">\n<figure class=\"aligncenter size-full\"><img loading=\"lazy\" decoding=\"async\" width=\"557\" height=\"750\" src=\"https:\/\/dedemesquita.com.br\/wp-content\/uploads\/2025\/03\/WhatsApp-Image-2025-03-12-at-16.34.00.jpeg\" alt=\"\" class=\"wp-image-11733\"\/><figcaption class=\"wp-element-caption\">Gerlando completou um ano na Brado, prestando servi\u00e7o \u00e0 Equatorial <\/figcaption><\/figure><\/div>\n\n\n<p><strong>Ol\u00edvia em novos caminhos &#8211; <\/strong>A coleguinha <strong>Olivia Varela<\/strong> disse: <em>\u201cQueria sair na Ded\u00e9 Mesquita\u201d<\/em>. \u201cMana, n\u00e3o diga mais nada\u201d. Olivia fez um texto no <strong>X, antigo Twitter<\/strong>, que republico aqui: <em>\u201cA jornalista Olivia Varela decidiu ir embora de Bel\u00e9m para aprimorar seus conhecimentos e alavancar sua carreira. Cansada de sofrer na \u2018Cidade das Mangueiras\u2019, a belenense de nascen\u00e7a busca uma nova p\u00e1tria&#8221;<\/em>. A colega fez melhor: do alto de sua juventude e coragem, encarou um <strong>novo Enem e passou novamente no vestibular<\/strong>, desta vez, para cursar <strong>Artes C\u00eanicas Indument\u00e1ria, na Universidade Federal do Rio de Janeiro &#8211; UFRJ<\/strong>. Ela conta: <em>\u201cPassei na faculdade aos 16 anos, e agora aos 24, serei filha de uma nova federal. Da UFPA para a UFRJ, um novo sonho nasce em um novo cen\u00e1rio. Uma nova Olivia vai conhecer o ar de uma grande novidade. Obrigada a todos que me parabenizaram, que estiveram presentes nesse momento, que esperaram comigo at\u00e9 meia noite para o SISU postar as aprova\u00e7\u00f5es. At\u00e9 aqui, sou grata por toda ajuda que tive e pelo apoio. Em 2024, mudei minha vida para tentar voltar a estudar e viver melhor. Em 2025 vamos come\u00e7ar essa grande jornada\u201d<\/em>. Olhe s\u00f3, Olivia, o site te deseja imenso sucesso e parab\u00e9ns. E um abra\u00e7\u00e3o \u00e0 tua m\u00e3e, \u00c1dila, com quem trabalhei, anos atr\u00e1s, na Secult-PA. PS: esse mundo \u00e9 muito pequeno!&nbsp;<\/p>\n\n\n<div class=\"wp-block-image\">\n<figure class=\"aligncenter size-full\"><img loading=\"lazy\" decoding=\"async\" width=\"605\" height=\"617\" src=\"https:\/\/dedemesquita.com.br\/wp-content\/uploads\/2025\/03\/WhatsApp-Image-2025-03-12-at-11.59.37.jpeg\" alt=\"\" class=\"wp-image-11732\"\/><figcaption class=\"wp-element-caption\">Ol\u00edvia Varela \u00e9 jornalista, mas se mudou para o Rio de Janeiro, onde vai cursar a \u00e1rea de teatro. Sucesso!<\/figcaption><\/figure><\/div>\n\n\n<p><strong>Amaz\u00f4nia Vox na RedeTV &#8211;<\/strong> A <strong>RedeTV! <\/strong>come\u00e7ou no s\u00e1bado, 15, a exibir no <strong>telejornal RedeTV News,<\/strong> em TV aberta e rede nacional, os conte\u00fados produzidos pelo Amaz\u00f4nia Vox, agora, em um novo salto do projeto, que chega at\u00e9 a televis\u00e3o. Toda semana tem <strong>conte\u00fado novo, com foco na COP30<\/strong>, que ser\u00e1 realizada em Bel\u00e9m. O RedeTV! News exibir\u00e1 boletins e mat\u00e9rias especiais sobre a COP30, sempre aos s\u00e1bados, \u00e0s 19h20, trazendo atualiza\u00e7\u00f5es sobre os desafios e avan\u00e7os no combate \u00e0s mudan\u00e7as clim\u00e1ticas. <strong>Daniel Nardin<\/strong> agradece \u00e0 jornalista <strong>Francy Rodrigues<\/strong>, que sempre apostou no projeto e incentivou, e \u00e0 <strong>Stephanie Freitas<\/strong>, superintendente de jornalismo da RedeTV, que apostou tamb\u00e9m, e \u00e0 toda equipe que faz o Amaz\u00f4nia Vox. &nbsp;<\/p>\n\n\n<div class=\"wp-block-image\">\n<figure class=\"aligncenter size-full\"><img loading=\"lazy\" decoding=\"async\" width=\"480\" height=\"629\" src=\"https:\/\/dedemesquita.com.br\/wp-content\/uploads\/2025\/03\/WhatsApp-Image-2025-03-18-at-16.57.07.jpeg\" alt=\"\" class=\"wp-image-11742\"\/><figcaption class=\"wp-element-caption\">Daniel e Francy quando apresentaram a novidade do Amaz\u00f4nia Vox na RedeTV!<\/figcaption><\/figure><\/div>\n\n\n<p><strong>Imers\u00e3o COP 30 &#8211; <\/strong>Na quarta-feira, 12, parte de imprensa de Bel\u00e9m participou da <strong>Imers\u00e3o COP 30<\/strong>, um encontro dedicado a explorar as oportunidades que o evento trar\u00e1 para a capital paraense e para os <strong>shoppings da ALLOS <\/strong>na capital: os shoppings Boulevard e Parque, clientes da ag\u00eancia Gaby Comunica\u00e7\u00e3o. A apresenta\u00e7\u00e3o ficou por conta de <strong>Paula Fonseca<\/strong>, diretora jur\u00eddica da ALLOS; <strong>Ricardo Visco<\/strong>, diretor de portf\u00f3lio da ALLOS; e <strong>Eduardo Ferlauto<\/strong>, gerente geral de sustentabilidade e diretor executivo do Instituto Lojas Renner, que compartilharam insights valiosos sobre as iniciativas sustent\u00e1veis dos empreendimentos. O evento reuniu imprensa, lojistas e parceiros em um di\u00e1logo essencial sobre o impacto e as oportunidades da COP 30, refor\u00e7ando o compromisso dos shoppings com a sustentabilidade e a transforma\u00e7\u00e3o positiva de Bel\u00e9m.&nbsp;<\/p>\n\n\n<div class=\"wp-block-image\">\n<figure class=\"aligncenter size-full\"><img loading=\"lazy\" decoding=\"async\" width=\"800\" height=\"534\" src=\"https:\/\/dedemesquita.com.br\/wp-content\/uploads\/2025\/03\/WhatsApp-Image-2025-03-13-at-15.47.53.jpeg\" alt=\"\" class=\"wp-image-11731\" srcset=\"https:\/\/dedemesquita.com.br\/wp-content\/uploads\/2025\/03\/WhatsApp-Image-2025-03-13-at-15.47.53.jpeg 800w, https:\/\/dedemesquita.com.br\/wp-content\/uploads\/2025\/03\/WhatsApp-Image-2025-03-13-at-15.47.53-768x513.jpeg 768w\" sizes=\"(max-width: 800px) 100vw, 800px\" \/><figcaption class=\"wp-element-caption\">A ag\u00eancia Gaby Comunica\u00e7\u00e3o recebeu a imprensa de Bel\u00e9m na Imers\u00e3o COP 30 <\/figcaption><\/figure><\/div>\n\n\n<p><\/p>\n\n\n\n<p class=\"has-text-align-center\"><strong>AS FOTOS DA SEMANA<\/strong><\/p>\n\n\n\n<p><strong>Ainda o carnaval na Aldeia Cabana &#8211;<\/strong> Menino, e o carnaval na Aldeia que foi babado, hein? Confere as fotos: <\/p>\n\n\n<div class=\"wp-block-image\">\n<figure class=\"aligncenter size-full\"><img loading=\"lazy\" decoding=\"async\" width=\"950\" height=\"613\" src=\"https:\/\/dedemesquita.com.br\/wp-content\/uploads\/2025\/03\/principal.jpg\" alt=\"\" class=\"wp-image-11748\" srcset=\"https:\/\/dedemesquita.com.br\/wp-content\/uploads\/2025\/03\/principal.jpg 950w, https:\/\/dedemesquita.com.br\/wp-content\/uploads\/2025\/03\/principal-768x496.jpg 768w\" sizes=\"(max-width: 950px) 100vw, 950px\" \/><figcaption class=\"wp-element-caption\">Trabalho de equipe da TV Cultura <\/figcaption><\/figure><\/div>\n\n<div class=\"wp-block-image\">\n<figure class=\"aligncenter size-full\"><img loading=\"lazy\" decoding=\"async\" width=\"622\" height=\"800\" src=\"https:\/\/dedemesquita.com.br\/wp-content\/uploads\/2025\/03\/Screenshot_2025-03-17-17-14-33-288_com.instagram.android.jpg\" alt=\"\" class=\"wp-image-11746\"\/><figcaption class=\"wp-element-caption\">Equipe da TV Cultura mais o Matheus Viggo<\/figcaption><\/figure><\/div>\n\n<div class=\"wp-block-image\">\n<figure class=\"aligncenter size-full\"><img loading=\"lazy\" decoding=\"async\" width=\"578\" height=\"800\" src=\"https:\/\/dedemesquita.com.br\/wp-content\/uploads\/2025\/03\/Screenshot_2025-03-17-17-14-29-984_com.instagram.android.jpg\" alt=\"\" class=\"wp-image-11747\"\/><figcaption class=\"wp-element-caption\">Andreia Teixeira e maquiadora da TV Cultura Ana Marinho<\/figcaption><\/figure><\/div>\n\n<div class=\"wp-block-image\">\n<figure class=\"aligncenter size-full\"><img loading=\"lazy\" decoding=\"async\" width=\"747\" height=\"800\" src=\"https:\/\/dedemesquita.com.br\/wp-content\/uploads\/2025\/03\/Screenshot_2025-03-17-17-14-16-480_com.instagram.android.jpg\" alt=\"\" class=\"wp-image-11749\"\/><figcaption class=\"wp-element-caption\">TV Cultura, como Andreia, Andr\u00e9, Gilberto e o colega auxiliar <\/figcaption><\/figure><\/div>\n\n<div class=\"wp-block-image\">\n<figure class=\"aligncenter size-full\"><img loading=\"lazy\" decoding=\"async\" width=\"599\" height=\"800\" src=\"https:\/\/dedemesquita.com.br\/wp-content\/uploads\/2025\/03\/Screenshot_2025-03-16-17-38-00-490_com.instagram.android.jpg\" alt=\"\" class=\"wp-image-11750\"\/><figcaption class=\"wp-element-caption\">Da ex-Comus, Syanne Neno e Renatinha Gaia <\/figcaption><\/figure><\/div>\n\n<div class=\"wp-block-image\">\n<figure class=\"aligncenter size-full\"><img loading=\"lazy\" decoding=\"async\" width=\"608\" height=\"750\" src=\"https:\/\/dedemesquita.com.br\/wp-content\/uploads\/2025\/03\/Screenshot_2025-03-16-12-12-32-863_com.instagram.android.jpg\" alt=\"\" class=\"wp-image-11751\"\/><figcaption class=\"wp-element-caption\">No segundo dia de desfile do Grupo Especial, Thiago Gomes em foto de L\u00e9o Nunes<\/figcaption><\/figure><\/div>\n\n<div class=\"wp-block-image\">\n<figure class=\"aligncenter size-full\"><img loading=\"lazy\" decoding=\"async\" width=\"844\" height=\"800\" src=\"https:\/\/dedemesquita.com.br\/wp-content\/uploads\/2025\/03\/Screenshot_2025-03-16-08-44-59-981_com.instagram.android.jpg\" alt=\"\" class=\"wp-image-11752\" srcset=\"https:\/\/dedemesquita.com.br\/wp-content\/uploads\/2025\/03\/Screenshot_2025-03-16-08-44-59-981_com.instagram.android.jpg 844w, https:\/\/dedemesquita.com.br\/wp-content\/uploads\/2025\/03\/Screenshot_2025-03-16-08-44-59-981_com.instagram.android-768x728.jpg 768w\" sizes=\"(max-width: 844px) 100vw, 844px\" \/><figcaption class=\"wp-element-caption\">Equipe da Secretaria de Comunica\u00e7\u00e3o da Prefeitura de Bel\u00e9m, ex-Comus, liderada por Marza Mendon\u00e7a <\/figcaption><\/figure><\/div>\n\n<div class=\"wp-block-image\">\n<figure class=\"aligncenter size-full\"><img loading=\"lazy\" decoding=\"async\" width=\"559\" height=\"800\" src=\"https:\/\/dedemesquita.com.br\/wp-content\/uploads\/2025\/03\/Screenshot_2025-03-16-08-23-25-367_com.instagram.android.jpg\" alt=\"\" class=\"wp-image-11753\"\/><figcaption class=\"wp-element-caption\">Igor Monteiro, da Prefeitura de Bel\u00e9m, Luly Mendon\u00e7a e Loli Coelho<\/figcaption><\/figure><\/div>\n\n<div class=\"wp-block-image\">\n<figure class=\"aligncenter size-full\"><img loading=\"lazy\" decoding=\"async\" width=\"569\" height=\"800\" src=\"https:\/\/dedemesquita.com.br\/wp-content\/uploads\/2025\/03\/Screenshot_2025-03-16-05-55-13-157_com.instagram.android.jpg\" alt=\"\" class=\"wp-image-11754\"\/><figcaption class=\"wp-element-caption\">Kadu Alvorada, Z\u00e9 na Rede e Amanda Campelo<\/figcaption><\/figure><\/div>\n\n<div class=\"wp-block-image\">\n<figure class=\"aligncenter size-full\"><img loading=\"lazy\" decoding=\"async\" width=\"598\" height=\"800\" src=\"https:\/\/dedemesquita.com.br\/wp-content\/uploads\/2025\/03\/Screenshot_2025-03-16-05-54-38-959_com.instagram.android.jpg\" alt=\"\" class=\"wp-image-11755\"\/><figcaption class=\"wp-element-caption\">Equipe da TV Liberal<\/figcaption><\/figure><\/div>\n\n<div class=\"wp-block-image\">\n<figure class=\"aligncenter size-full\"><img loading=\"lazy\" decoding=\"async\" width=\"800\" height=\"560\" src=\"https:\/\/dedemesquita.com.br\/wp-content\/uploads\/2025\/03\/Screenshot_2025-03-16-05-54-18-257_com.instagram.android.jpg\" alt=\"\" class=\"wp-image-11756\" srcset=\"https:\/\/dedemesquita.com.br\/wp-content\/uploads\/2025\/03\/Screenshot_2025-03-16-05-54-18-257_com.instagram.android.jpg 800w, https:\/\/dedemesquita.com.br\/wp-content\/uploads\/2025\/03\/Screenshot_2025-03-16-05-54-18-257_com.instagram.android-768x538.jpg 768w\" sizes=\"(max-width: 800px) 100vw, 800px\" \/><figcaption class=\"wp-element-caption\">TV Liberal, com produtores, editores e cinegrafistas <\/figcaption><\/figure><\/div>\n\n<div class=\"wp-block-image\">\n<figure class=\"aligncenter size-full\"><img loading=\"lazy\" decoding=\"async\" width=\"560\" height=\"800\" src=\"https:\/\/dedemesquita.com.br\/wp-content\/uploads\/2025\/03\/Screenshot_2025-03-16-05-49-36-555_com.instagram.android.jpg\" alt=\"\" class=\"wp-image-11757\"\/><figcaption class=\"wp-element-caption\">L\u00e9o Nunes, Bruna Dias e Vin\u00edcius Macedo<\/figcaption><\/figure><\/div>\n\n<div class=\"wp-block-image\">\n<figure class=\"aligncenter size-full\"><img loading=\"lazy\" decoding=\"async\" width=\"703\" height=\"800\" src=\"https:\/\/dedemesquita.com.br\/wp-content\/uploads\/2025\/03\/Screenshot_2025-03-16-05-47-41-555_com.instagram.android.jpg\" alt=\"\" class=\"wp-image-11758\"\/><figcaption class=\"wp-element-caption\">Turma do Portal Cultura em peso na Aldeia Cabana <\/figcaption><\/figure><\/div>\n\n<div class=\"wp-block-image\">\n<figure class=\"aligncenter size-full\"><img loading=\"lazy\" decoding=\"async\" width=\"800\" height=\"556\" src=\"https:\/\/dedemesquita.com.br\/wp-content\/uploads\/2025\/03\/Screenshot_2025-03-15-22-55-35-990_com.instagram.android.jpg\" alt=\"\" class=\"wp-image-11759\" srcset=\"https:\/\/dedemesquita.com.br\/wp-content\/uploads\/2025\/03\/Screenshot_2025-03-15-22-55-35-990_com.instagram.android.jpg 800w, https:\/\/dedemesquita.com.br\/wp-content\/uploads\/2025\/03\/Screenshot_2025-03-15-22-55-35-990_com.instagram.android-768x534.jpg 768w\" sizes=\"(max-width: 800px) 100vw, 800px\" \/><figcaption class=\"wp-element-caption\">Andreia Teixeira e Mestre Faf\u00e1, da bateria da Grande Rio<\/figcaption><\/figure><\/div>\n\n<div class=\"wp-block-image\">\n<figure class=\"aligncenter size-full\"><img loading=\"lazy\" decoding=\"async\" width=\"750\" height=\"536\" src=\"https:\/\/dedemesquita.com.br\/wp-content\/uploads\/2025\/03\/Screenshot_2025-03-15-22-16-21-102_com.instagram.android.jpg\" alt=\"\" class=\"wp-image-11760\"\/><figcaption class=\"wp-element-caption\">Thiago Gomes na passarela do lugar mais alto da Aldeia Cabana para as melhores fotos<\/figcaption><\/figure><\/div>\n\n<div class=\"wp-block-image\">\n<figure class=\"aligncenter size-full\"><img loading=\"lazy\" decoding=\"async\" width=\"651\" height=\"800\" src=\"https:\/\/dedemesquita.com.br\/wp-content\/uploads\/2025\/03\/Screenshot_2025-03-15-22-14-03-603_com.instagram.android.jpg\" alt=\"\" class=\"wp-image-11761\"\/><figcaption class=\"wp-element-caption\">L\u00e9o, Henrique e Edenilton, da TV Liberal<\/figcaption><\/figure><\/div>\n\n<div class=\"wp-block-image\">\n<figure class=\"aligncenter size-full\"><img loading=\"lazy\" decoding=\"async\" width=\"492\" height=\"750\" src=\"https:\/\/dedemesquita.com.br\/wp-content\/uploads\/2025\/03\/Screenshot_2025-03-15-14-28-52-549_com.instagram.android.jpg\" alt=\"\" class=\"wp-image-11762\"\/><figcaption class=\"wp-element-caption\">Mayra Leal com seu tamborim n\u00e3o quer guerra com ningu\u00e9m <\/figcaption><\/figure><\/div>\n\n<div class=\"wp-block-image\">\n<figure class=\"aligncenter size-full\"><img loading=\"lazy\" decoding=\"async\" width=\"605\" height=\"800\" src=\"https:\/\/dedemesquita.com.br\/wp-content\/uploads\/2025\/03\/Screenshot_2025-03-15-14-27-33-492_com.instagram.android.jpg\" alt=\"\" class=\"wp-image-11763\"\/><figcaption class=\"wp-element-caption\">Amanda Campelo na cobertura pelos perfis Amanda Kaoma e Rol\u00eas por Bel\u00e9m<\/figcaption><\/figure><\/div>\n\n<div class=\"wp-block-image\">\n<figure class=\"aligncenter size-full\"><img loading=\"lazy\" decoding=\"async\" width=\"560\" height=\"750\" src=\"https:\/\/dedemesquita.com.br\/wp-content\/uploads\/2025\/03\/WhatsApp-Image-2025-03-15-at-12.12.30.jpeg\" alt=\"\" class=\"wp-image-11765\"\/><figcaption class=\"wp-element-caption\">Igor Monteiro e Milton Cunha<\/figcaption><\/figure><\/div>\n\n<div class=\"wp-block-image\">\n<figure class=\"aligncenter size-full\"><img loading=\"lazy\" decoding=\"async\" width=\"672\" height=\"700\" src=\"https:\/\/dedemesquita.com.br\/wp-content\/uploads\/2025\/03\/WhatsApp-Image-2025-03-15-at-12.13.44.jpeg\" alt=\"\" class=\"wp-image-11767\"\/><figcaption class=\"wp-element-caption\">Igor Monteiro na Aldeia Cabana <\/figcaption><\/figure><\/div>\n\n\n<p><strong>OUTRAS FOTOS:<\/strong><\/p>\n\n\n\n<p><strong>Homenagem para Abrajet Par\u00e1 &#8211; <\/strong>Na segunda-feira, 17, foi realizada uma <strong>Sess\u00e3o Solene<\/strong> na sede da Alepa, na qual se comemorou os <strong>19 anos<\/strong> de atua\u00e7\u00e3o da <strong>Associa\u00e7\u00e3o Brasileira de Jornalistas Especializados em Turismo &#8211; Abrajet, subse\u00e7\u00e3o Par\u00e1. <\/strong><\/p>\n\n\n<div class=\"wp-block-image\">\n<figure class=\"aligncenter size-full\"><img loading=\"lazy\" decoding=\"async\" width=\"800\" height=\"533\" src=\"https:\/\/dedemesquita.com.br\/wp-content\/uploads\/2025\/03\/WhatsApp-Image-2025-03-18-at-08.28.46-1.jpeg\" alt=\"\" class=\"wp-image-11775\" srcset=\"https:\/\/dedemesquita.com.br\/wp-content\/uploads\/2025\/03\/WhatsApp-Image-2025-03-18-at-08.28.46-1.jpeg 800w, https:\/\/dedemesquita.com.br\/wp-content\/uploads\/2025\/03\/WhatsApp-Image-2025-03-18-at-08.28.46-1-768x512.jpeg 768w\" sizes=\"(max-width: 800px) 100vw, 800px\" \/><figcaption class=\"wp-element-caption\">Os jornalistas da Abrajet Par\u00e1 que foram celebrados na Alepa <\/figcaption><\/figure><\/div>\n\n<div class=\"wp-block-image\">\n<figure class=\"aligncenter size-full\"><img loading=\"lazy\" decoding=\"async\" width=\"800\" height=\"532\" src=\"https:\/\/dedemesquita.com.br\/wp-content\/uploads\/2025\/03\/Screenshot_2025-03-13-14-16-49-989_com.instagram.android.jpg\" alt=\"\" class=\"wp-image-11764\" srcset=\"https:\/\/dedemesquita.com.br\/wp-content\/uploads\/2025\/03\/Screenshot_2025-03-13-14-16-49-989_com.instagram.android.jpg 800w, https:\/\/dedemesquita.com.br\/wp-content\/uploads\/2025\/03\/Screenshot_2025-03-13-14-16-49-989_com.instagram.android-768x511.jpg 768w, https:\/\/dedemesquita.com.br\/wp-content\/uploads\/2025\/03\/Screenshot_2025-03-13-14-16-49-989_com.instagram.android-600x398.jpg 600w\" sizes=\"(max-width: 800px) 100vw, 800px\" \/><figcaption class=\"wp-element-caption\">Ministra Marina Silva veio para um evento em Bel\u00e9m e teve coletiva de imprensa<\/figcaption><\/figure><\/div>\n\n<div class=\"wp-block-image\">\n<figure class=\"aligncenter size-full\"><img loading=\"lazy\" decoding=\"async\" width=\"800\" height=\"458\" src=\"https:\/\/dedemesquita.com.br\/wp-content\/uploads\/2025\/03\/WhatsApp-Image-2025-03-07-at-16.23.36.jpeg\" alt=\"\" class=\"wp-image-11768\" srcset=\"https:\/\/dedemesquita.com.br\/wp-content\/uploads\/2025\/03\/WhatsApp-Image-2025-03-07-at-16.23.36.jpeg 800w, https:\/\/dedemesquita.com.br\/wp-content\/uploads\/2025\/03\/WhatsApp-Image-2025-03-07-at-16.23.36-768x440.jpeg 768w\" sizes=\"(max-width: 800px) 100vw, 800px\" \/><figcaption class=\"wp-element-caption\">Aycha Nunes, da Funda\u00e7\u00e3o Cultural do Par\u00e1, e a turma da Funda\u00e7\u00e3o Curro Velho, no programa Sem Censura Par\u00e1, da TV Cultura, apresentado por Vanessa Vasconcelos, ainda em meio ao carnaval 2025<\/figcaption><\/figure><\/div>\n\n<div class=\"wp-block-image\">\n<figure class=\"aligncenter size-full\"><img loading=\"lazy\" decoding=\"async\" width=\"700\" height=\"484\" src=\"https:\/\/dedemesquita.com.br\/wp-content\/uploads\/2025\/03\/Screenshot_2025-03-09-20-42-58-031_com.instagram.android.jpg\" alt=\"\" class=\"wp-image-11769\"\/><figcaption class=\"wp-element-caption\">Ainda o carnaval no Rio de Janeiro e seus bloquinhos, com \u00c2ngela Bazzoni, Marco Santos e Tarso Sarraf <\/figcaption><\/figure><\/div>\n\n\n<p><\/p>\n\n\n\n<p class=\"has-text-align-center\"><strong>DEN\u00daNCIA:<\/strong><\/p>\n\n\n\n<p><strong>Ag\u00eancia Bel\u00e9m apaga gest\u00f5es de Edmilson Rodrigues e Zenaldo Coutinho &#8211; <\/strong>Na noite de segunda-feira, 17, eu busquei uma foto na <strong>Ag\u00eancia Bel\u00e9m<\/strong>, do ex-prefeito Edmilson Rodrigues, para usar em uma reportagem, e para minha surpresa, n\u00e3o encontrei nenhuma. Fiz uma pesquisa na <strong>Busca<\/strong> e descobri que no site n\u00e3o h\u00e1 qualquer men\u00e7\u00e3o a esse ex-prefeito, como se ele nunca tivesse passado pela Prefeitura de Bel\u00e9m. E mais, continuei a busca e descubro que o ex-prefeito Zenaldo Coutinho tamb\u00e9m <strong>\u201cfoi desaparecido\u201d<\/strong> da <strong>Ag\u00eancia Bel\u00e9m<\/strong>. O que houve? Por\u00a0que os \u00faltimos 12 anos de gest\u00e3o dos \u00faltimos dois prefeitos, com textos de reportagens e fotos, simplesmente, n\u00e3o est\u00e3o mais na Ag\u00eancia Bel\u00e9m, que \u00e9 o\u00a0\u00f3rg\u00e3o oficial de\u00a0divulga\u00e7\u00e3o da <strong>PREFEITURA DE BEL\u00c9M<\/strong>, e n\u00e3o dos\u00a0prefeitos?.\u00a0<\/p>\n\n\n\n<p>Ali\u00e1s, essa n\u00e3o \u00e9 a primeira vez que isso acontece. H\u00e1 quatro anos, <strong>em 2021<\/strong>, foi a vez da equipe de Edmilson sumir com as reportagens sobre a gest\u00e3o de Zenaldo Coutinho. Mas agora, mesmo que o site da Ag\u00eancia Bel\u00e9m tenha passado por uma reformula\u00e7\u00e3o, os \u00faltimos 12 anos das gest\u00f5es municipais est\u00e3o como se nunca tivessem existido e foram limados das p\u00e1ginas da Ag\u00eancia, que diga-se e frise-se \u00e9 o \u00f3rg\u00e3o oficial de comunica\u00e7\u00e3o da Prefeitura de Bel\u00e9m.<\/p>\n\n\n\n<p>Em 2021, que eu tamb\u00e9m descobri por acaso, buscando uma mat\u00e9ria que eu tinha escrito, depois de den\u00fancias, <strong>as mat\u00e9rias sobre as gest\u00f5es de Zenaldo voltaram \u00e0s p\u00e1ginas da Ag\u00eancia<\/strong>. Sem destaque algum, mas estavam l\u00e1. E agora? Quando ser\u00e1 que voltam? <strong>Se \u00e9 que ainda existem.<\/strong><\/p>\n\n\n\n<p>Eu fiz um pedido formal de esclarecimentos \u00e0 comunica\u00e7\u00e3o da Prefeitura de Bel\u00e9m, mas at\u00e9 este momento, <strong>nada me foi respondido<\/strong>. O que convenhamos, \u00e9 um absurdo, para n\u00e3o dizer que \u00e9 uma vergonha! Tamb\u00e9m comuniquei o fato aos ex-prefeitos. <strong>Zenaldo Coutinho<\/strong> j\u00e1 se manifestou e a resposta dele est\u00e1 em reportagem que escrevi para o <strong>Portal Olavo Dutra<\/strong>, que foi publicada na quarta-feira, 19. Ed n\u00e3o se manifestou, ainda.<\/p>\n\n\n<div class=\"wp-block-image\">\n<figure class=\"aligncenter size-full\"><img loading=\"lazy\" decoding=\"async\" width=\"800\" height=\"368\" src=\"https:\/\/dedemesquita.com.br\/wp-content\/uploads\/2025\/03\/WhatsApp-Image-2025-03-17-at-22.26.25.jpeg\" alt=\"\" class=\"wp-image-11771\" srcset=\"https:\/\/dedemesquita.com.br\/wp-content\/uploads\/2025\/03\/WhatsApp-Image-2025-03-17-at-22.26.25.jpeg 800w, https:\/\/dedemesquita.com.br\/wp-content\/uploads\/2025\/03\/WhatsApp-Image-2025-03-17-at-22.26.25-768x353.jpeg 768w\" sizes=\"(max-width: 800px) 100vw, 800px\" \/><figcaption class=\"wp-element-caption\">Estas s\u00e3o as reportagens mais antigas publicadas na Ag\u00eancia Bel\u00e9m, na ter\u00e7a-feira, 18, pela manh\u00e3, depois delas, nada mais existe, nada que se refira a Edmilson Rodrigues e a Zenaldo Coutinho, que foram &#8220;desaparecidos&#8221; do site<\/figcaption><\/figure><\/div>\n\n<div class=\"wp-block-image\">\n<figure class=\"aligncenter size-full\"><img loading=\"lazy\" decoding=\"async\" width=\"800\" height=\"385\" src=\"https:\/\/dedemesquita.com.br\/wp-content\/uploads\/2025\/03\/WhatsApp-Image-2025-03-18-at-07.59.12.jpeg\" alt=\"\" class=\"wp-image-11772\" srcset=\"https:\/\/dedemesquita.com.br\/wp-content\/uploads\/2025\/03\/WhatsApp-Image-2025-03-18-at-07.59.12.jpeg 800w, https:\/\/dedemesquita.com.br\/wp-content\/uploads\/2025\/03\/WhatsApp-Image-2025-03-18-at-07.59.12-768x370.jpeg 768w\" sizes=\"(max-width: 800px) 100vw, 800px\" \/><figcaption class=\"wp-element-caption\">Tamb\u00e9m fiz buscas no Google, e reportagens que eu escrevi, enquanto estava como servidora na antiga&nbsp;Comus\/ Ag\u00eancia Bel\u00e9m, entre 2017 e 2020, que&nbsp;aparecem no index do buscador, d\u00e3o erro ao serem acessadas. Onde est\u00e3o essas reportagens? Elas somente sumiram. <br>&nbsp;<\/figcaption><\/figure><\/div>","protected":false},"excerpt":{"rendered":"<p>Bel\u00e9m, 18 de mar\u00e7o de 2025 &#8211; Mais uma ter\u00e7a-feira que estou aqui tentando entender o que se passa na cabe\u00e7a das pessoas que est\u00e3o \u00e0 frente da comunica\u00e7\u00e3o dos governos, seja do Estado, seja da Prefeitura de Bel\u00e9m. E confesso que &#8220;n\u00e3o alcan\u00e7o, olha&#8221;. N\u00e3o cabe na minha mente. Se queres saber a \u00faltima [&hellip;]<\/p>\n","protected":false},"author":2,"featured_media":11770,"comment_status":"open","ping_status":"open","sticky":false,"template":"","format":"standard","meta":{"footnotes":""},"categories":[51,14,29],"tags":[377,136,951,950,246,265,952,865,119,120,953,897,492,74,143,954,162,137,949],"class_list":["post-11730","post","type-post","status-publish","format-standard","has-post-thumbnail","hentry","category-destaque","category-imprensa","category-jornalismo","tag-amazonia-vox","tag-comus-agencia-belem","tag-coren-pa","tag-edmilson-rodrigues","tag-gaby-comunicacao","tag-grupo-o-liberal","tag-grupo-ronda-de-comunicacao","tag-igor-normando","tag-jornalismo","tag-jornalistas-paraenses-em-acao","tag-marinha-do-brasil","tag-mauro-neto","tag-oab-pa","tag-prefeitura-de-belem","tag-radio-cultura-fm","tag-redetv","tag-temple-comunicacao","tag-tv-liberal","tag-zenaldo-coutinho"],"yoast_head":"<!-- This site is optimized with the Yoast SEO plugin v19.10 - https:\/\/yoast.com\/wordpress\/plugins\/seo\/ -->\n<title>Ag\u00eancia Bel\u00e9m muda de &#039;cara&#039; e faz lamban\u00e7a no site, carnaval na Aldeia Cabana mostrou a for\u00e7a da TV Cultura do Par\u00e1 e outras not\u00edcias mais - Ded\u00e9 Mesquita<\/title>\n<meta name=\"robots\" content=\"index, follow, max-snippet:-1, max-image-preview:large, max-video-preview:-1\" \/>\n<link rel=\"canonical\" href=\"https:\/\/dedemesquita.com.br\/?p=11730\" \/>\n<meta property=\"og:locale\" content=\"pt_BR\" \/>\n<meta property=\"og:type\" content=\"article\" \/>\n<meta property=\"og:title\" content=\"Ag\u00eancia Bel\u00e9m muda de &#039;cara&#039; e faz lamban\u00e7a no site, carnaval na Aldeia Cabana mostrou a for\u00e7a da TV Cultura do Par\u00e1 e outras not\u00edcias mais - Ded\u00e9 Mesquita\" \/>\n<meta property=\"og:description\" content=\"Bel\u00e9m, 18 de mar\u00e7o de 2025 &#8211; Mais uma ter\u00e7a-feira que estou aqui tentando entender o que se passa na cabe\u00e7a das pessoas que est\u00e3o \u00e0 frente da comunica\u00e7\u00e3o dos governos, seja do Estado, seja da Prefeitura de Bel\u00e9m. E confesso que &#8220;n\u00e3o alcan\u00e7o, olha&#8221;. N\u00e3o cabe na minha mente. Se queres saber a \u00faltima [&hellip;]\" \/>\n<meta property=\"og:url\" content=\"https:\/\/dedemesquita.com.br\/?p=11730\" \/>\n<meta property=\"og:site_name\" content=\"Ded\u00e9 Mesquita\" \/>\n<meta property=\"article:publisher\" content=\"https:\/\/www.facebook.com\/dede.mesquita\" \/>\n<meta property=\"article:published_time\" content=\"2025-03-18T20:49:55+00:00\" \/>\n<meta property=\"article:modified_time\" content=\"2025-03-19T15:08:17+00:00\" \/>\n<meta property=\"og:image\" content=\"https:\/\/dedemesquita.com.br\/wp-content\/uploads\/2025\/03\/WhatsApp-Image-2025-03-17-at-22.42.04.jpeg\" \/>\n\t<meta property=\"og:image:width\" content=\"950\" \/>\n\t<meta property=\"og:image:height\" content=\"518\" \/>\n\t<meta property=\"og:image:type\" content=\"image\/jpeg\" \/>\n<meta name=\"author\" content=\"Ded\u00e9 Mesquita\" \/>\n<meta name=\"twitter:card\" content=\"summary_large_image\" \/>\n<meta name=\"twitter:creator\" content=\"@dedemesquita\" \/>\n<meta name=\"twitter:site\" content=\"@dedemesquita\" \/>\n<meta name=\"twitter:label1\" content=\"Escrito por\" \/>\n\t<meta name=\"twitter:data1\" content=\"Ded\u00e9 Mesquita\" \/>\n\t<meta name=\"twitter:label2\" content=\"Est. tempo de leitura\" \/>\n\t<meta name=\"twitter:data2\" content=\"19 minutos\" \/>\n<script type=\"application\/ld+json\" class=\"yoast-schema-graph\">{\"@context\":\"https:\/\/schema.org\",\"@graph\":[{\"@type\":\"WebPage\",\"@id\":\"https:\/\/dedemesquita.com.br\/?p=11730\",\"url\":\"https:\/\/dedemesquita.com.br\/?p=11730\",\"name\":\"Ag\u00eancia Bel\u00e9m muda de 'cara' e faz lamban\u00e7a no site, carnaval na Aldeia Cabana mostrou a for\u00e7a da TV Cultura do Par\u00e1 e outras not\u00edcias mais - Ded\u00e9 Mesquita\",\"isPartOf\":{\"@id\":\"https:\/\/dedemesquita.com.br\/#website\"},\"datePublished\":\"2025-03-18T20:49:55+00:00\",\"dateModified\":\"2025-03-19T15:08:17+00:00\",\"author\":{\"@id\":\"https:\/\/dedemesquita.com.br\/#\/schema\/person\/36571f81dd2d76dc3ab37231542c9e24\"},\"breadcrumb\":{\"@id\":\"https:\/\/dedemesquita.com.br\/?p=11730#breadcrumb\"},\"inLanguage\":\"pt-BR\",\"potentialAction\":[{\"@type\":\"ReadAction\",\"target\":[\"https:\/\/dedemesquita.com.br\/?p=11730\"]}]},{\"@type\":\"BreadcrumbList\",\"@id\":\"https:\/\/dedemesquita.com.br\/?p=11730#breadcrumb\",\"itemListElement\":[{\"@type\":\"ListItem\",\"position\":1,\"name\":\"In\u00edcio\",\"item\":\"https:\/\/dedemesquita.com.br\/\"},{\"@type\":\"ListItem\",\"position\":2,\"name\":\"Ag\u00eancia Bel\u00e9m muda de &#8216;cara&#8217; e faz lamban\u00e7a no site, carnaval na Aldeia Cabana mostrou a for\u00e7a da TV Cultura do Par\u00e1 e outras not\u00edcias mais\"}]},{\"@type\":\"WebSite\",\"@id\":\"https:\/\/dedemesquita.com.br\/#website\",\"url\":\"https:\/\/dedemesquita.com.br\/\",\"name\":\"Ded\u00e9 Mesquita\",\"description\":\"Um site que mostra os bastidores da imprensa no estado do Par\u00e1 e em Bel\u00e9m\",\"potentialAction\":[{\"@type\":\"SearchAction\",\"target\":{\"@type\":\"EntryPoint\",\"urlTemplate\":\"https:\/\/dedemesquita.com.br\/?s={search_term_string}\"},\"query-input\":\"required name=search_term_string\"}],\"inLanguage\":\"pt-BR\"},{\"@type\":\"Person\",\"@id\":\"https:\/\/dedemesquita.com.br\/#\/schema\/person\/36571f81dd2d76dc3ab37231542c9e24\",\"name\":\"Ded\u00e9 Mesquita\",\"image\":{\"@type\":\"ImageObject\",\"inLanguage\":\"pt-BR\",\"@id\":\"https:\/\/dedemesquita.com.br\/#\/schema\/person\/image\/\",\"url\":\"https:\/\/dedemesquita.com.br\/wp-content\/uploads\/2021\/02\/foto_perfil-150x150.jpg\",\"contentUrl\":\"https:\/\/dedemesquita.com.br\/wp-content\/uploads\/2021\/02\/foto_perfil-150x150.jpg\",\"caption\":\"Ded\u00e9 Mesquita\"},\"sameAs\":[\"https:\/\/dedemesquita.com.br\"]}]}<\/script>\n<!-- \/ Yoast SEO plugin. -->","yoast_head_json":{"title":"Ag\u00eancia Bel\u00e9m muda de 'cara' e faz lamban\u00e7a no site, carnaval na Aldeia Cabana mostrou a for\u00e7a da TV Cultura do Par\u00e1 e outras not\u00edcias mais - Ded\u00e9 Mesquita","robots":{"index":"index","follow":"follow","max-snippet":"max-snippet:-1","max-image-preview":"max-image-preview:large","max-video-preview":"max-video-preview:-1"},"canonical":"https:\/\/dedemesquita.com.br\/?p=11730","og_locale":"pt_BR","og_type":"article","og_title":"Ag\u00eancia Bel\u00e9m muda de 'cara' e faz lamban\u00e7a no site, carnaval na Aldeia Cabana mostrou a for\u00e7a da TV Cultura do Par\u00e1 e outras not\u00edcias mais - Ded\u00e9 Mesquita","og_description":"Bel\u00e9m, 18 de mar\u00e7o de 2025 &#8211; Mais uma ter\u00e7a-feira que estou aqui tentando entender o que se passa na cabe\u00e7a das pessoas que est\u00e3o \u00e0 frente da comunica\u00e7\u00e3o dos governos, seja do Estado, seja da Prefeitura de Bel\u00e9m. E confesso que &#8220;n\u00e3o alcan\u00e7o, olha&#8221;. N\u00e3o cabe na minha mente. Se queres saber a \u00faltima [&hellip;]","og_url":"https:\/\/dedemesquita.com.br\/?p=11730","og_site_name":"Ded\u00e9 Mesquita","article_publisher":"https:\/\/www.facebook.com\/dede.mesquita","article_published_time":"2025-03-18T20:49:55+00:00","article_modified_time":"2025-03-19T15:08:17+00:00","og_image":[{"width":950,"height":518,"url":"https:\/\/dedemesquita.com.br\/wp-content\/uploads\/2025\/03\/WhatsApp-Image-2025-03-17-at-22.42.04.jpeg","type":"image\/jpeg"}],"author":"Ded\u00e9 Mesquita","twitter_card":"summary_large_image","twitter_creator":"@dedemesquita","twitter_site":"@dedemesquita","twitter_misc":{"Escrito por":"Ded\u00e9 Mesquita","Est. tempo de leitura":"19 minutos"},"schema":{"@context":"https:\/\/schema.org","@graph":[{"@type":"WebPage","@id":"https:\/\/dedemesquita.com.br\/?p=11730","url":"https:\/\/dedemesquita.com.br\/?p=11730","name":"Ag\u00eancia Bel\u00e9m muda de 'cara' e faz lamban\u00e7a no site, carnaval na Aldeia Cabana mostrou a for\u00e7a da TV Cultura do Par\u00e1 e outras not\u00edcias mais - Ded\u00e9 Mesquita","isPartOf":{"@id":"https:\/\/dedemesquita.com.br\/#website"},"datePublished":"2025-03-18T20:49:55+00:00","dateModified":"2025-03-19T15:08:17+00:00","author":{"@id":"https:\/\/dedemesquita.com.br\/#\/schema\/person\/36571f81dd2d76dc3ab37231542c9e24"},"breadcrumb":{"@id":"https:\/\/dedemesquita.com.br\/?p=11730#breadcrumb"},"inLanguage":"pt-BR","potentialAction":[{"@type":"ReadAction","target":["https:\/\/dedemesquita.com.br\/?p=11730"]}]},{"@type":"BreadcrumbList","@id":"https:\/\/dedemesquita.com.br\/?p=11730#breadcrumb","itemListElement":[{"@type":"ListItem","position":1,"name":"In\u00edcio","item":"https:\/\/dedemesquita.com.br\/"},{"@type":"ListItem","position":2,"name":"Ag\u00eancia Bel\u00e9m muda de &#8216;cara&#8217; e faz lamban\u00e7a no site, carnaval na Aldeia Cabana mostrou a for\u00e7a da TV Cultura do Par\u00e1 e outras not\u00edcias mais"}]},{"@type":"WebSite","@id":"https:\/\/dedemesquita.com.br\/#website","url":"https:\/\/dedemesquita.com.br\/","name":"Ded\u00e9 Mesquita","description":"Um site que mostra os bastidores da imprensa no estado do Par\u00e1 e em Bel\u00e9m","potentialAction":[{"@type":"SearchAction","target":{"@type":"EntryPoint","urlTemplate":"https:\/\/dedemesquita.com.br\/?s={search_term_string}"},"query-input":"required name=search_term_string"}],"inLanguage":"pt-BR"},{"@type":"Person","@id":"https:\/\/dedemesquita.com.br\/#\/schema\/person\/36571f81dd2d76dc3ab37231542c9e24","name":"Ded\u00e9 Mesquita","image":{"@type":"ImageObject","inLanguage":"pt-BR","@id":"https:\/\/dedemesquita.com.br\/#\/schema\/person\/image\/","url":"https:\/\/dedemesquita.com.br\/wp-content\/uploads\/2021\/02\/foto_perfil-150x150.jpg","contentUrl":"https:\/\/dedemesquita.com.br\/wp-content\/uploads\/2021\/02\/foto_perfil-150x150.jpg","caption":"Ded\u00e9 Mesquita"},"sameAs":["https:\/\/dedemesquita.com.br"]}]}},"_links":{"self":[{"href":"https:\/\/dedemesquita.com.br\/index.php?rest_route=\/wp\/v2\/posts\/11730"}],"collection":[{"href":"https:\/\/dedemesquita.com.br\/index.php?rest_route=\/wp\/v2\/posts"}],"about":[{"href":"https:\/\/dedemesquita.com.br\/index.php?rest_route=\/wp\/v2\/types\/post"}],"author":[{"embeddable":true,"href":"https:\/\/dedemesquita.com.br\/index.php?rest_route=\/wp\/v2\/users\/2"}],"replies":[{"embeddable":true,"href":"https:\/\/dedemesquita.com.br\/index.php?rest_route=%2Fwp%2Fv2%2Fcomments&post=11730"}],"version-history":[{"count":9,"href":"https:\/\/dedemesquita.com.br\/index.php?rest_route=\/wp\/v2\/posts\/11730\/revisions"}],"predecessor-version":[{"id":11783,"href":"https:\/\/dedemesquita.com.br\/index.php?rest_route=\/wp\/v2\/posts\/11730\/revisions\/11783"}],"wp:featuredmedia":[{"embeddable":true,"href":"https:\/\/dedemesquita.com.br\/index.php?rest_route=\/wp\/v2\/media\/11770"}],"wp:attachment":[{"href":"https:\/\/dedemesquita.com.br\/index.php?rest_route=%2Fwp%2Fv2%2Fmedia&parent=11730"}],"wp:term":[{"taxonomy":"category","embeddable":true,"href":"https:\/\/dedemesquita.com.br\/index.php?rest_route=%2Fwp%2Fv2%2Fcategories&post=11730"},{"taxonomy":"post_tag","embeddable":true,"href":"https:\/\/dedemesquita.com.br\/index.php?rest_route=%2Fwp%2Fv2%2Ftags&post=11730"}],"curies":[{"name":"wp","href":"https:\/\/api.w.org\/{rel}","templated":true}]}}