{"id":11473,"date":"2025-02-25T13:31:43","date_gmt":"2025-02-25T16:31:43","guid":{"rendered":"https:\/\/dedemesquita.com.br\/?p=11473"},"modified":"2025-02-25T21:03:49","modified_gmt":"2025-02-26T00:03:49","slug":"tv-cultura-bate-recorde-de-audiencia-no-rexpa-novos-assessores-de-comunicacao-da-prefeitura-de-belem-e-muitas-outras-noticias","status":"publish","type":"post","link":"https:\/\/dedemesquita.com.br\/?p=11473","title":{"rendered":"TV Cultura bate recorde de audi\u00eancia no RexPa, novos assessores de comunica\u00e7\u00e3o da Prefeitura de Bel\u00e9m e muitas outras not\u00edcias"},"content":{"rendered":"\n<p><strong>Bel\u00e9m, 25 de fevereiro de 2025 &#8211;<\/strong> Mano do c\u00e9u, o carnaval j\u00e1 est\u00e1 bem aliiiiii &#8211; aponte o bico &#8211; e eu ainda estou atualizando este site.<\/p>\n\n\n\n<p><strong>Gola\u00e7o da TV Cultura &#8211; <\/strong>A <strong>TV Cultura do Par\u00e1<\/strong> registrou no domingo, 22, <strong>um dos maiores \u00edndices de audi\u00eancia de sua hist\u00f3ria<\/strong>. Turbinada pelo <strong>cl\u00e1ssico RexPa<\/strong>, a emissora p\u00fablica do Governo do Par\u00e1 ostentava, <strong>\u00e0s 19h01, 24 pontos<\/strong> em Bel\u00e9m, contra 6,5 do SBT, que exibia o PSS, e 5 da Globo \u2013 TV Liberal, que transmitia Fluminense 3 x 2 Bangu. Na m\u00e9dia geral, Remo 1 x 1 Paysandu deu 16,8 pontos de m\u00e9dia, contra 7 da Globo e 4,6 do SBT. A Record Bel\u00e9m, quarta colocada, deu 2 pontos. E isso porque, o <strong>governador Heldisssssss<\/strong>, \u201cinduzido ao erro\u201d, no final do ano passado, <strong>quase dizimou a TV Cultura<\/strong>, se n\u00e3o fosse a grita geral dos jornalistas das emissoras Cultura, do Sinjor-PA e de todos os coleguinhas jornalistas no Par\u00e1. O time do Esporte da Cultura, liderado por <strong>Valmir Rodrigues<\/strong>, sempre faz um trabalho super competente e digno de nota 10. &nbsp;<\/p>\n\n\n<div class=\"wp-block-image\">\n<figure class=\"aligncenter size-full\"><img loading=\"lazy\" decoding=\"async\" width=\"582\" height=\"800\" src=\"https:\/\/dedemesquita.com.br\/wp-content\/uploads\/2025\/02\/TV-CUltura.jpg\" alt=\"\" class=\"wp-image-11475\"\/><figcaption class=\"wp-element-caption\">Equipe de reportagem da TV Cultura com Raiana Serr\u00e3o e P\u00e2mela Gomes, auxiliar e cinegrafista <\/figcaption><\/figure><\/div>\n\n\n<p><strong>Ex-Comus e nova Secretaria de Comunica\u00e7\u00e3o &#8211; <\/strong>Quase dois meses desde o in\u00edcio da gest\u00e3o, a Prefeitura de Bel\u00e9m come\u00e7ou a publicar no Di\u00e1rio Oficial do Munic\u00edpio as nomea\u00e7\u00f5es dos novos DAS. Na edi\u00e7\u00e3o de ter\u00e7a-feira, 18, est\u00e3o v\u00e1rios nomes de servidores e alguns detalhes chamam a aten\u00e7\u00e3o, como por exemplo, na <strong>Secretaria de Comunica\u00e7\u00e3o, ex-Comus<\/strong>, na qual s\u00e3o 28 nomes, em uma <strong>renova\u00e7\u00e3o total<\/strong>. No novo site da Ag\u00eancia Bel\u00e9m, depois que reclamamos aqui e o <strong>Portal Olavo Dutra <\/strong>tamb\u00e9m reclamou por l\u00e1, a <strong>aba dos assessores no site reapareceu<\/strong>. Ainda est\u00e1 meio escondida, mas reapareceu, <strong>l\u00e1\u00e1a\u00e1\u00e1\u00e1\u00e1 no final da home<\/strong>.&nbsp;&nbsp;<\/p>\n\n\n\n<p>Como este site n\u00e3o \u00e9 ba\u00fa, vamos l\u00e1: <strong>Gabinete do vice-prefeito<\/strong> com <strong>Carol Amorim<\/strong>, que estava da SEEL, tamb\u00e9m com C\u00e1ssio Andrade: carolamorim.mkt@gmail.com e 91 98373 0654;<\/p>\n\n\n\n<p><strong>Secretaria Executiva de Imprensa<\/strong> &#8211; SIMP, com <strong>Mauro Neto<\/strong>, <em>que volta a esse cargo depois de exatos dez anos<\/em>: 91 8826-0537; <\/p>\n\n\n<div class=\"wp-block-image\">\n<figure class=\"aligncenter size-full\"><img loading=\"lazy\" decoding=\"async\" width=\"675\" height=\"749\" src=\"https:\/\/dedemesquita.com.br\/wp-content\/uploads\/2025\/02\/WhatsApp-Image-2025-02-18-at-16.45.32.jpeg\" alt=\"\" class=\"wp-image-11481\"\/><figcaption class=\"wp-element-caption\">Mauro Neto, \u00e0 esquerda, e Jorginho Neves, na pauta em Outeiro, quando o presidente Lula esteve aqui, dias atr\u00e1s <\/figcaption><\/figure><\/div>\n\n\n<p><strong>Secretaria Executiva de M\u00eddias Digitais<\/strong> &#8211; SDIG, com <strong>Ariela Motizuki<\/strong>: sem contato na AB; <\/p>\n\n\n\n<p><strong>Secretaria de Coordena\u00e7\u00e3o Geral do Planejamento e Gest\u00e3o<\/strong> &#8211; SEGEP, <strong>Secretaria de Governo<\/strong> \u2013 SEGOV, com <strong>\u00c1lvaro Vinete<\/strong>, que continua na comunica\u00e7\u00e3o da Prefeitura desde a gest\u00e3o passada: 91 99147-2050; <\/p>\n\n\n\n<p><strong>Funda\u00e7\u00e3o Papa Jo\u00e3o XXIII <\/strong>&#8211; Funpapa, com <strong>Maur\u00e1 Carvalho<\/strong> &#8211; que continua no cargo: funpapacomunicacao@gmail.com e 91 99355-5558; <\/p>\n\n\n\n<p><strong>Secretaria de Educa\u00e7\u00e3o<\/strong> &#8211; Semec, com <strong>Sabrina Linhares<\/strong>: semecimprensa@gmail.com e 94 98162-6031; <\/p>\n\n\n\n<p><strong>Secretaria de Esporte e Lazer<\/strong> &#8211; SEMEL e <strong>Secretaria de Desenvolvimento Econ\u00f4mico <\/strong>&#8211; SEDCOM, com <strong>Syanne Neno<\/strong>, que continua na gest\u00e3o: syanne.comus@gmail.com e 91 98234-9602; <\/p>\n\n\n<div class=\"wp-block-image\">\n<figure class=\"aligncenter size-full\"><img loading=\"lazy\" decoding=\"async\" width=\"500\" height=\"550\" src=\"https:\/\/dedemesquita.com.br\/wp-content\/uploads\/2025\/02\/WhatsApp-Image-2025-02-25-at-12.15.57.jpeg\" alt=\"\" class=\"wp-image-11482\"\/><figcaption class=\"wp-element-caption\">Syanne Neno continua na comunica\u00e7\u00e3o da Prefeitura de Bel\u00e9m <\/figcaption><\/figure><\/div>\n\n\n<p><strong>Secretaria de Sa\u00fade<\/strong> &#8211; SESMA e <strong>Secretaria de Defesa Animal<\/strong> \u2013 DAS, com <strong>Marza Mendon\u00e7a<\/strong>: ascomsesma@gmail.com e 91 98413-9123; <\/p>\n\n\n\n<p><strong>Secretaria de Turismo e Cultura<\/strong> &#8211; SETURC, <strong>antigas Belemtur e Fumbel, <\/strong>com <strong>Rafael Miyake<\/strong>: 91 98205-8718, e <strong>Selma Amaral<\/strong>; <\/p>\n\n\n\n<p><strong>Secretaria de Habita\u00e7\u00e3o<\/strong> &#8211; SEHAB e <strong>Secretaria de Trabalho e Emprego<\/strong>&#8211; SEMTE, com <strong>Sergio Mano<\/strong>el: 91 98507-8595; <\/p>\n\n\n\n<p><strong>Secretaria de Obras e Infraestrutura<\/strong> &#8211;&nbsp;SEINFRA, com <strong>Jorge Vidal<\/strong>, <em>que j\u00e1 vamos abrir um bol\u00e3o de quanto tempo vai durar nesse cargo<\/em>: ascomseinfra.comus@gmail.com e 91 8955-5240; <\/p>\n\n\n\n<p><strong>Secretaria de Zeladoria e Conserva\u00e7\u00e3o Urbana &#8211; SEZEL, antiga SESAN<\/strong>, com <strong>Pedro Valdez<\/strong>:&nbsp; ascomsesancomus@gmail.com e 91 98392-3674; <\/p>\n\n\n\n<p><strong>Secretaria de Meio Ambiente e Clima &#8211; SEMMA<\/strong>, com <strong>Ant\u00f4nio Carlos<\/strong>: ascomsemmacomus@gmail.com e&nbsp;91 98279-4455; <\/p>\n\n\n\n<p><strong>Guarda Municipal de Bel\u00e9m &#8211; GMB<\/strong>, com <strong>Let\u00edcia Chagas<\/strong> e <strong>Thais Veiga<\/strong>:&nbsp; ascomgmb1@gmail.com e&nbsp;91 98330-3876; <\/p>\n\n\n\n<p><strong>Secretaria de Seguran\u00e7a, Ordem P\u00fablica e Mobilidade de Bel\u00e9m<\/strong> &#8211; SEGBEL, com <strong>Alexandre Cunha<\/strong>: ascomsemob@gmail.com e&nbsp;91 98014-6664.&nbsp;<\/p>\n\n\n\n<p><strong>Rainha das Rainhas &#8211;<\/strong> Um fato que chama aten\u00e7\u00e3o \u00e9 a transmiss\u00e3o do concurso <strong>Rainha das Rainhas<\/strong>, que n\u00e3o \u00e9 f\u00e1cil, porque \u00e9 ao vivo, sendo quase uma transmiss\u00e3o do C\u00edrio e envolve dezenas de profissionais. Atualmente na <strong>TV Liberal<\/strong>, talvez n\u00e3o tenha ningu\u00e9m com <em>know how<\/em> para fazer esse tipo de trabalho. Por isso, a emissora se junta com a <strong>Reda\u00e7\u00e3o Integrada O Liberal <\/strong>e traz de volta, como frilas, jornalistas que j\u00e1 deixaram a emissora da avenida Nazar\u00e9 h\u00e1 algum tempo, como <strong>Simone Amaro<\/strong>, que sempre dirigiu a transmiss\u00e3o; <strong>Fl\u00e1via Lima<\/strong>, para apresentar; <strong>Tayse Assis<\/strong>, nos coment\u00e1rios; <strong>Mara Carlo<\/strong>, na maquiagem, e outros mais.&nbsp; &nbsp;<\/p>\n\n\n<div class=\"wp-block-image\">\n<figure class=\"aligncenter size-full\"><img loading=\"lazy\" decoding=\"async\" width=\"800\" height=\"463\" src=\"https:\/\/dedemesquita.com.br\/wp-content\/uploads\/2025\/02\/Screenshot_2025-02-23-17-55-53-371_com.instagram.android.jpg\" alt=\"\" class=\"wp-image-11476\" srcset=\"https:\/\/dedemesquita.com.br\/wp-content\/uploads\/2025\/02\/Screenshot_2025-02-23-17-55-53-371_com.instagram.android.jpg 800w, https:\/\/dedemesquita.com.br\/wp-content\/uploads\/2025\/02\/Screenshot_2025-02-23-17-55-53-371_com.instagram.android-768x444.jpg 768w\" sizes=\"(max-width: 800px) 100vw, 800px\" \/><figcaption class=\"wp-element-caption\">Dezenas de profissionais que trabalharam na cobertura do concurso Rainha das Rainhas 2025 e a vencedora Lohanne Lima, de 23 anos, do Clube do Remo<\/figcaption><\/figure><\/div>\n\n\n<p><strong>Franssi \u00e9 imortal &#8211; <\/strong>A jornalista <strong>Franssinete Florenzano<\/strong> toma posse na cadeira 29 da <strong>Academia Paraense de Letras &#8211; APL<\/strong>, que tem como patrono, M\u00facio Javrot, e como \u00faltimo ocupante, Miranda Neto, na quinta-feira, 27, \u00e0s 19h, em sess\u00e3o solene, na sede da entidade, na Cidade Velha. Haver\u00e1 tamb\u00e9m um pocket show de <strong>Gabriella Florenzano<\/strong>, jornalista, cantora e filha de Franssinete, e <strong>Salom\u00e3o Habib<\/strong>. Ser\u00e1 um ato simb\u00f3lico, quando tr\u00eas mulheres acad\u00eamicas ir\u00e3o conduzir a nova imortal ao sal\u00e3o. Mulheres da fam\u00edlia dela &#8211; m\u00e3e, filha e irm\u00e3 &#8211; v\u00e3o lhe entregar as medalhas; a oradora oficial ser\u00e1 Bet\u00e2nia Fidalgo Arroyo; e Franssinete far\u00e1 uma pequena homenagem a Avertano Rocha e a Jos\u00e9 Wilson, que faleceram recentemente, por meio das vi\u00favas deles.&nbsp;<\/p>\n\n\n<div class=\"wp-block-image\">\n<figure class=\"aligncenter size-full\"><img loading=\"lazy\" decoding=\"async\" width=\"800\" height=\"567\" src=\"https:\/\/dedemesquita.com.br\/wp-content\/uploads\/2025\/02\/WhatsApp-Image-2025-02-23-at-15.41.24.jpeg\" alt=\"\" class=\"wp-image-11477\" srcset=\"https:\/\/dedemesquita.com.br\/wp-content\/uploads\/2025\/02\/WhatsApp-Image-2025-02-23-at-15.41.24.jpeg 800w, https:\/\/dedemesquita.com.br\/wp-content\/uploads\/2025\/02\/WhatsApp-Image-2025-02-23-at-15.41.24-768x544.jpeg 768w\" sizes=\"(max-width: 800px) 100vw, 800px\" \/><figcaption class=\"wp-element-caption\">Convite da posse da nova imortal da APL Franssinete Florenzano<\/figcaption><\/figure><\/div>\n\n\n<p><strong>SBT Par\u00e1 &#8211; Ronaldo Gillet<\/strong>, com passagem pela TV Record Bel\u00e9m, \u00e9 o novo rep\u00f3rter do <strong>SBT Par\u00e1<\/strong>. &nbsp;<\/p>\n\n\n<div class=\"wp-block-image\">\n<figure class=\"aligncenter size-full\"><img loading=\"lazy\" decoding=\"async\" width=\"515\" height=\"475\" src=\"https:\/\/dedemesquita.com.br\/wp-content\/uploads\/2025\/02\/WhatsApp-Image-2025-02-18-at-16.09.25.jpeg\" alt=\"\" class=\"wp-image-11478\"\/><figcaption class=\"wp-element-caption\">Ronaldo Gillet no SBT Par\u00e1 <\/figcaption><\/figure><\/div>\n\n\n<p><strong>Adriano &#8211; <\/strong>O fot\u00f3grafo <strong>Adriano Nascimento<\/strong> \u00e9 o mais novo membro da Associa\u00e7\u00e3o Brasileira de Jornalistas de Turismo, se\u00e7\u00e3o Par\u00e1 &#8211; <strong>Abrajet-PA<\/strong>. &nbsp;<\/p>\n\n\n<div class=\"wp-block-image\">\n<figure class=\"aligncenter size-full\"><img loading=\"lazy\" decoding=\"async\" width=\"600\" height=\"598\" src=\"https:\/\/dedemesquita.com.br\/wp-content\/uploads\/2025\/02\/WhatsApp-Image-2025-02-11-at-15.02.24.jpeg\" alt=\"\" class=\"wp-image-11479\" srcset=\"https:\/\/dedemesquita.com.br\/wp-content\/uploads\/2025\/02\/WhatsApp-Image-2025-02-11-at-15.02.24.jpeg 600w, https:\/\/dedemesquita.com.br\/wp-content\/uploads\/2025\/02\/WhatsApp-Image-2025-02-11-at-15.02.24-150x150.jpeg 150w\" sizes=\"(max-width: 600px) 100vw, 600px\" \/><figcaption class=\"wp-element-caption\">Adriano Nascimento na Abrajet-PA<\/figcaption><\/figure><\/div>\n\n\n<p><strong>Dani &#8211; <\/strong>A jornalista <strong>Dani Franco<\/strong> deixou a presid\u00eancia da Funda\u00e7\u00e3o Centro Cultural <strong>Parque Vila Maguary<\/strong>, em Ananindeua. &nbsp;<\/p>\n\n\n\n<p><strong>Est\u00e1gio &#8211;<\/strong> <strong>Jefferson Gatinho<\/strong>, do curso de Jornalismo da UFPA, come\u00e7ou est\u00e1gio na <strong>TV Liberal<\/strong> <\/p>\n\n\n<div class=\"wp-block-image\">\n<figure class=\"aligncenter size-full\"><img loading=\"lazy\" decoding=\"async\" width=\"698\" height=\"497\" src=\"https:\/\/dedemesquita.com.br\/wp-content\/uploads\/2025\/02\/WhatsApp-Image-2025-02-25-at-12.49.14.jpeg\" alt=\"\" class=\"wp-image-11501\"\/><figcaption class=\"wp-element-caption\">Gatinho na TV Liberal <\/figcaption><\/figure><\/div>\n\n\n<p><strong>Pr\u00eamio Ampla de Jornalismo &#8211; <\/strong>Marcada para dezembro deste ano, em Bel\u00e9m, a segunda edi\u00e7\u00e3o do <strong>Pr\u00eamio Ampla de Jornalismo<\/strong> ter\u00e1 a presen\u00e7a da jornalista <strong>Giuliana Morrone<\/strong>, ex-Rede Globo, refer\u00eancia no jornalismo pol\u00edtico e econ\u00f4mico. A jornalista tamb\u00e9m participar\u00e1 do lan\u00e7amento do pr\u00eamio, no dia 24 de abril, e ser\u00e1 curadora da edi\u00e7\u00e3o 2025 da premia\u00e7\u00e3o, criada para reconhecer e valorizar o trabalho dos profissionais da imprensa que contribuem ao debate e ao desenvolvimento do setor.&nbsp;<\/p>\n\n\n<div class=\"wp-block-image\">\n<figure class=\"aligncenter size-full\"><img loading=\"lazy\" decoding=\"async\" width=\"600\" height=\"603\" src=\"https:\/\/dedemesquita.com.br\/wp-content\/uploads\/2025\/02\/WhatsApp-Image-2025-02-25-at-12.18.16.jpeg\" alt=\"\" class=\"wp-image-11483\" srcset=\"https:\/\/dedemesquita.com.br\/wp-content\/uploads\/2025\/02\/WhatsApp-Image-2025-02-25-at-12.18.16.jpeg 600w, https:\/\/dedemesquita.com.br\/wp-content\/uploads\/2025\/02\/WhatsApp-Image-2025-02-25-at-12.18.16-150x150.jpeg 150w\" sizes=\"(max-width: 600px) 100vw, 600px\" \/><figcaption class=\"wp-element-caption\">Morrone ser\u00e1 a curadora do pr\u00eamio Ampla de Jornalismo 2025 <\/figcaption><\/figure><\/div>\n\n\n<p><strong>Cola\u00e7\u00e3o &#8211;<\/strong> A jornalista paraense <strong>Waleiska Fernandes<\/strong>, que mora e trabalha em Curitiba &#8211; PR, se formou em Direito, na semana passada. Parab\u00e9ns. <\/p>\n\n\n<div class=\"wp-block-image\">\n<figure class=\"aligncenter size-full\"><img loading=\"lazy\" decoding=\"async\" width=\"619\" height=\"800\" src=\"https:\/\/dedemesquita.com.br\/wp-content\/uploads\/2025\/02\/Screenshot_2025-02-21-21-24-16-382_com.instagram.android.jpg\" alt=\"\" class=\"wp-image-11500\"\/><figcaption class=\"wp-element-caption\">Ningu\u00e9m se mete: Waleiska, agora, \u00e9 aDEvogada<\/figcaption><\/figure><\/div>\n\n\n<p><strong>\u00c9 muita bronca para pouca reda\u00e7\u00e3o &#8211; <\/strong>A <strong>Reda\u00e7\u00e3o Integrada O Liberal<\/strong> n\u00e3o iria se segurar se n\u00e3o recorresse ao trabalho de muitas <em>free lancers<\/em> para segurar a edi\u00e7\u00e3o dos jornais o Liberal e Amaz\u00f4nia. Est\u00e3o por l\u00e1 &#8211; s\u00f3 que eu sei &#8211; <strong>Erika Morhy<\/strong>, que volta assim ao jornal depois de muitos anos e depois de ter sa\u00eddo da ex-Comus; <strong>Ize Sena<\/strong>, <strong>Fabiana Cabral<\/strong>, que j\u00e1 \u00e9 praticamente da &#8220;casa&#8221;; <strong>T\u00e2nia Menezes<\/strong>, outra ex-Comus; <strong>Elck Oliveira<\/strong> e <strong>\u00c1dna Figueira<\/strong>, tamb\u00e9m, quase da &#8220;casa&#8221;. Mas assim. Mas a precariza\u00e7\u00e3o do trabalho por l\u00e1 est\u00e1 de mal a pior. Fonte daqui do site d\u00e1 conta que o <strong>Sinjor-PA<\/strong> entrou na Justi\u00e7a trabalhista porque descobriu que tinha <strong>editor trabalhando 16 horas por dia<\/strong>. Como assim? Mas a pergunta que n\u00e3o cala e n\u00e3o quer calar \u00e9 o que o <strong>presidente do grupo <\/strong>vai fazer com um <strong>diretor de reda\u00e7\u00e3o<\/strong> que j\u00e1 est\u00e1 afastado do cargo h\u00e1 quase dois meses e <strong>n\u00e3o h\u00e1 nem sinal de que o rapaz voltar\u00e1<\/strong>. <\/p>\n\n\n<div class=\"wp-block-image\">\n<figure class=\"aligncenter size-full\"><img loading=\"lazy\" decoding=\"async\" width=\"617\" height=\"672\" src=\"https:\/\/dedemesquita.com.br\/wp-content\/uploads\/2025\/02\/WhatsApp-Image-2025-02-25-at-12.22.32.jpeg\" alt=\"\" class=\"wp-image-11484\"\/><figcaption class=\"wp-element-caption\">Erika Morhy, de volta a O Liberal, depois de muitos anos<\/figcaption><\/figure><\/div>\n\n\n<p><\/p>\n\n\n\n<p class=\"has-text-align-center\"><strong>FOTINHAS DA SEMANA<\/strong><\/p>\n\n\n\n<p><strong>Mais fotos do Rainha das Rainhas &#8211;<\/strong> O concurso foi realizado no s\u00e1bado, dia 22, na sede da Assembleia Paraense, em Bel\u00e9m.<\/p>\n\n\n<div class=\"wp-block-image\">\n<figure class=\"aligncenter size-full\"><img loading=\"lazy\" decoding=\"async\" width=\"460\" height=\"650\" src=\"https:\/\/dedemesquita.com.br\/wp-content\/uploads\/2025\/02\/Screenshot_2025-02-23-18-38-44-367_com.instagram.android.jpg\" alt=\"\" class=\"wp-image-11485\"\/><figcaption class=\"wp-element-caption\">Carmem Helena, toda, toda<\/figcaption><\/figure><\/div>\n\n<div class=\"wp-block-image\">\n<figure class=\"aligncenter size-full\"><img loading=\"lazy\" decoding=\"async\" width=\"442\" height=\"653\" src=\"https:\/\/dedemesquita.com.br\/wp-content\/uploads\/2025\/02\/WhatsApp-Image-2025-02-25-at-21.01.34.jpeg\" alt=\"\" class=\"wp-image-11519\"\/><figcaption class=\"wp-element-caption\">As meninas que mandam muito bem e relataram o concurso minuto a minuto, sob a lideran\u00e7a de Helo\u00e1 Canali<\/figcaption><\/figure><\/div>\n\n<div class=\"wp-block-image\">\n<figure class=\"aligncenter size-full\"><img loading=\"lazy\" decoding=\"async\" width=\"800\" height=\"558\" src=\"https:\/\/dedemesquita.com.br\/wp-content\/uploads\/2025\/02\/Screenshot_2025-02-23-18-14-00-949_com.instagram.android.jpg\" alt=\"\" class=\"wp-image-11487\" srcset=\"https:\/\/dedemesquita.com.br\/wp-content\/uploads\/2025\/02\/Screenshot_2025-02-23-18-14-00-949_com.instagram.android.jpg 800w, https:\/\/dedemesquita.com.br\/wp-content\/uploads\/2025\/02\/Screenshot_2025-02-23-18-14-00-949_com.instagram.android-768x536.jpg 768w\" sizes=\"(max-width: 800px) 100vw, 800px\" \/><figcaption class=\"wp-element-caption\">Gabriel da Mota estreando no Rainha das Rainhas<\/figcaption><\/figure><\/div>\n\n<div class=\"wp-block-image\">\n<figure class=\"aligncenter size-full\"><img loading=\"lazy\" decoding=\"async\" width=\"491\" height=\"800\" src=\"https:\/\/dedemesquita.com.br\/wp-content\/uploads\/2025\/02\/Screenshot_2025-02-23-18-13-13-765_com.instagram.android.jpg\" alt=\"\" class=\"wp-image-11488\"\/><figcaption class=\"wp-element-caption\">Mariana Azevedo quer ser RR<\/figcaption><\/figure><\/div>\n\n<div class=\"wp-block-image\">\n<figure class=\"aligncenter size-full\"><img loading=\"lazy\" decoding=\"async\" width=\"700\" height=\"498\" src=\"https:\/\/dedemesquita.com.br\/wp-content\/uploads\/2025\/02\/Screenshot_2025-02-23-17-57-14-123_com.instagram.android.jpg\" alt=\"\" class=\"wp-image-11489\"\/><figcaption class=\"wp-element-caption\">O dono da &#8220;p*rr* toda&#8221; e n\u00e3o se fala mais nisso<\/figcaption><\/figure><\/div>\n\n<div class=\"wp-block-image\">\n<figure class=\"aligncenter size-full\"><img loading=\"lazy\" decoding=\"async\" width=\"638\" height=\"800\" src=\"https:\/\/dedemesquita.com.br\/wp-content\/uploads\/2025\/02\/Screenshot_2025-02-22-22-20-34-059_com.instagram.android.jpg\" alt=\"\" class=\"wp-image-11495\"\/><figcaption class=\"wp-element-caption\">Brenda e L\u00e9o<\/figcaption><\/figure><\/div>\n\n<div class=\"wp-block-image\">\n<figure class=\"aligncenter size-full\"><img loading=\"lazy\" decoding=\"async\" width=\"800\" height=\"620\" src=\"https:\/\/dedemesquita.com.br\/wp-content\/uploads\/2025\/02\/Screenshot_2025-02-23-05-37-19-747_com.instagram.android.jpg\" alt=\"\" class=\"wp-image-11490\" srcset=\"https:\/\/dedemesquita.com.br\/wp-content\/uploads\/2025\/02\/Screenshot_2025-02-23-05-37-19-747_com.instagram.android.jpg 800w, https:\/\/dedemesquita.com.br\/wp-content\/uploads\/2025\/02\/Screenshot_2025-02-23-05-37-19-747_com.instagram.android-768x595.jpg 768w\" sizes=\"(max-width: 800px) 100vw, 800px\" \/><figcaption class=\"wp-element-caption\">Gabriel Pires e Maisa Santos<\/figcaption><\/figure><\/div>\n\n<div class=\"wp-block-image\">\n<figure class=\"aligncenter size-full\"><img loading=\"lazy\" decoding=\"async\" width=\"480\" height=\"800\" src=\"https:\/\/dedemesquita.com.br\/wp-content\/uploads\/2025\/02\/Screenshot_2025-02-22-22-20-43-768_com.instagram.android.jpg\" alt=\"\" class=\"wp-image-11492\"\/><figcaption class=\"wp-element-caption\">Ismaelino e L\u00e9o<\/figcaption><\/figure><\/div>\n\n<div class=\"wp-block-image\">\n<figure class=\"aligncenter size-full is-resized\"><img loading=\"lazy\" decoding=\"async\" width=\"800\" height=\"555\" src=\"https:\/\/dedemesquita.com.br\/wp-content\/uploads\/2025\/02\/Screenshot_2025-02-23-05-31-32-498_com.instagram.android.jpg\" alt=\"\" class=\"wp-image-11491\" style=\"width:800px;height:auto\" srcset=\"https:\/\/dedemesquita.com.br\/wp-content\/uploads\/2025\/02\/Screenshot_2025-02-23-05-31-32-498_com.instagram.android.jpg 800w, https:\/\/dedemesquita.com.br\/wp-content\/uploads\/2025\/02\/Screenshot_2025-02-23-05-31-32-498_com.instagram.android-768x533.jpg 768w\" sizes=\"(max-width: 800px) 100vw, 800px\" \/><figcaption class=\"wp-element-caption\">Gabriel Pinheiro, Mara Carlo, Simone Amaro, L\u00e9o Nunes, Christian Emanoel e Ismaelino Pinto, que apresentou o concurso mais uma vez<\/figcaption><\/figure><\/div>\n\n<div class=\"wp-block-image\">\n<figure class=\"aligncenter size-full\"><img loading=\"lazy\" decoding=\"async\" width=\"553\" height=\"800\" src=\"https:\/\/dedemesquita.com.br\/wp-content\/uploads\/2025\/02\/WhatsApp-Image-2025-02-24-at-18.56.47.jpeg\" alt=\"\" class=\"wp-image-11507\"\/><figcaption class=\"wp-element-caption\">Voc\u00eas pensavam que Wagner Santana n\u00e3o estaria nesta postagem? Erroooooou!!!!<\/figcaption><\/figure><\/div>\n\n<div class=\"wp-block-image\">\n<figure class=\"aligncenter size-full\"><img loading=\"lazy\" decoding=\"async\" width=\"489\" height=\"800\" src=\"https:\/\/dedemesquita.com.br\/wp-content\/uploads\/2025\/02\/WhatsApp-Image-2025-02-24-at-18.56.48.jpeg\" alt=\"\" class=\"wp-image-11508\"\/><figcaption class=\"wp-element-caption\">Carmem Helena se arrumando toda<\/figcaption><\/figure><\/div>\n\n\n<p><strong>Exposi\u00e7\u00e3o &#8211;<\/strong> A capital paraense, suas paisagens e seu povo, ganhou novos contornos na exposi\u00e7\u00e3o \u201cOlhais A Nossa Bel\u00e9m\u201d, um projeto realizado pela galeria Rose Maiorana, que apresenta os trabalhos dos <strong>fotojornalistas de O Liberal <\/strong>e <strong>Amaz\u00f4nia <\/strong>e da artista pl\u00e1stica <strong>Rose Maiorana<\/strong>. A abertura foi na quinta-feira, dia 20.<\/p>\n\n\n<div class=\"wp-block-image\">\n<figure class=\"aligncenter size-full\"><img loading=\"lazy\" decoding=\"async\" width=\"800\" height=\"548\" src=\"https:\/\/dedemesquita.com.br\/wp-content\/uploads\/2025\/02\/Screenshot_2025-02-21-09-55-46-448_com.instagram.android.jpg\" alt=\"\" class=\"wp-image-11509\" srcset=\"https:\/\/dedemesquita.com.br\/wp-content\/uploads\/2025\/02\/Screenshot_2025-02-21-09-55-46-448_com.instagram.android.jpg 800w, https:\/\/dedemesquita.com.br\/wp-content\/uploads\/2025\/02\/Screenshot_2025-02-21-09-55-46-448_com.instagram.android-768x526.jpg 768w\" sizes=\"(max-width: 800px) 100vw, 800px\" \/><figcaption class=\"wp-element-caption\">Ivan Duarte, Cl\u00e1udio Pinheiro, Cristino Martins, Carmem Helena, Everaldo Nascimento, Rose Maiorana, Igor Mota, Wagner Santana e Tarso Sarraf na abertura da exposi\u00e7\u00e3o<\/figcaption><\/figure><\/div>\n\n<div class=\"wp-block-image\">\n<figure class=\"aligncenter size-full\"><img loading=\"lazy\" decoding=\"async\" width=\"700\" height=\"700\" src=\"https:\/\/dedemesquita.com.br\/wp-content\/uploads\/2025\/02\/FB_IMG_1740221985051.jpg\" alt=\"\" class=\"wp-image-11510\" srcset=\"https:\/\/dedemesquita.com.br\/wp-content\/uploads\/2025\/02\/FB_IMG_1740221985051.jpg 700w, https:\/\/dedemesquita.com.br\/wp-content\/uploads\/2025\/02\/FB_IMG_1740221985051-150x150.jpg 150w\" sizes=\"(max-width: 700px) 100vw, 700px\" \/><figcaption class=\"wp-element-caption\">Igor Mota com a foto dele na exposi\u00e7\u00e3o<\/figcaption><\/figure><\/div>\n\n<div class=\"wp-block-image\">\n<figure class=\"aligncenter size-full\"><img loading=\"lazy\" decoding=\"async\" width=\"579\" height=\"800\" src=\"https:\/\/dedemesquita.com.br\/wp-content\/uploads\/2025\/02\/Screenshot_2025-02-21-09-55-30-877_com.instagram.android.jpg\" alt=\"\" class=\"wp-image-11511\"\/><figcaption class=\"wp-element-caption\">Carmem Helena e a rep\u00f3rter Amanda Gabin, da TV Liberal<\/figcaption><\/figure><\/div>\n\n<div class=\"wp-block-image\">\n<figure class=\"aligncenter size-full\"><img loading=\"lazy\" decoding=\"async\" width=\"800\" height=\"557\" src=\"https:\/\/dedemesquita.com.br\/wp-content\/uploads\/2025\/02\/Screenshot_2025-02-21-09-54-39-203_com.instagram.android.jpg\" alt=\"\" class=\"wp-image-11512\" srcset=\"https:\/\/dedemesquita.com.br\/wp-content\/uploads\/2025\/02\/Screenshot_2025-02-21-09-54-39-203_com.instagram.android.jpg 800w, https:\/\/dedemesquita.com.br\/wp-content\/uploads\/2025\/02\/Screenshot_2025-02-21-09-54-39-203_com.instagram.android-768x535.jpg 768w\" sizes=\"(max-width: 800px) 100vw, 800px\" \/><figcaption class=\"wp-element-caption\">Claudio Pinheiro e a foto dele na exposi\u00e7\u00e3o <\/figcaption><\/figure><\/div>\n\n\n<p><strong>Outras fotos:<\/strong><\/p>\n\n\n<div class=\"wp-block-image\">\n<figure class=\"aligncenter size-full\"><img loading=\"lazy\" decoding=\"async\" width=\"671\" height=\"800\" src=\"https:\/\/dedemesquita.com.br\/wp-content\/uploads\/2025\/02\/Screenshot_2025-02-20-12-45-28-065_com.instagram.android.jpg\" alt=\"\" class=\"wp-image-11513\"\/><figcaption class=\"wp-element-caption\">Equipe da RBA TV, com Edimar Assun\u00e7\u00e3o e cinegrafista Jo\u00e3o Nogueira <\/figcaption><\/figure><\/div>\n\n<div class=\"wp-block-image\">\n<figure class=\"aligncenter size-full\"><img loading=\"lazy\" decoding=\"async\" width=\"652\" height=\"800\" src=\"https:\/\/dedemesquita.com.br\/wp-content\/uploads\/2025\/02\/Screenshot_2025-02-20-12-42-21-486_com.instagram.android.jpg\" alt=\"\" class=\"wp-image-11514\"\/><figcaption class=\"wp-element-caption\">Gabriel Pites e Ivan Duarte, de O Liberal, em pauta na UFPA <\/figcaption><\/figure><\/div>\n\n<div class=\"wp-block-image\">\n<figure class=\"aligncenter size-full\"><img loading=\"lazy\" decoding=\"async\" width=\"700\" height=\"590\" src=\"https:\/\/dedemesquita.com.br\/wp-content\/uploads\/2025\/02\/Screenshot_2025-02-23-18-12-32-200_com.instagram.android.jpg\" alt=\"\" class=\"wp-image-11496\"\/><figcaption class=\"wp-element-caption\">Max Sousa no Mangueirinho em partida da Super Liga de V\u00f4lei<\/figcaption><\/figure><\/div>\n\n<div class=\"wp-block-image\">\n<figure class=\"aligncenter size-full\"><img loading=\"lazy\" decoding=\"async\" width=\"800\" height=\"524\" src=\"https:\/\/dedemesquita.com.br\/wp-content\/uploads\/2025\/02\/Screenshot_2025-02-21-17-05-45-989_com.instagram.android.jpg\" alt=\"\" class=\"wp-image-11497\" srcset=\"https:\/\/dedemesquita.com.br\/wp-content\/uploads\/2025\/02\/Screenshot_2025-02-21-17-05-45-989_com.instagram.android.jpg 800w, https:\/\/dedemesquita.com.br\/wp-content\/uploads\/2025\/02\/Screenshot_2025-02-21-17-05-45-989_com.instagram.android-768x503.jpg 768w\" sizes=\"(max-width: 800px) 100vw, 800px\" \/><figcaption class=\"wp-element-caption\">Imprensa de Bel\u00e9m em uma coletiva do gove Heldissssss sobre servi\u00e7o de transporte entre Bel\u00e9m e Miami &#8211; EUA<\/figcaption><\/figure><\/div>\n\n<div class=\"wp-block-image\">\n<figure class=\"aligncenter size-full\"><img loading=\"lazy\" decoding=\"async\" width=\"800\" height=\"559\" src=\"https:\/\/dedemesquita.com.br\/wp-content\/uploads\/2025\/02\/Screenshot_2025-02-24-21-20-47-811_com.instagram.android.jpg\" alt=\"\" class=\"wp-image-11498\" srcset=\"https:\/\/dedemesquita.com.br\/wp-content\/uploads\/2025\/02\/Screenshot_2025-02-24-21-20-47-811_com.instagram.android.jpg 800w, https:\/\/dedemesquita.com.br\/wp-content\/uploads\/2025\/02\/Screenshot_2025-02-24-21-20-47-811_com.instagram.android-768x537.jpg 768w\" sizes=\"(max-width: 800px) 100vw, 800px\" \/><figcaption class=\"wp-element-caption\">Equipe da TV Cultura preparando as reportagens sobre o carnaval das escolas de samba de Bel\u00e9m <\/figcaption><\/figure><\/div>\n\n<div class=\"wp-block-image\">\n<figure class=\"aligncenter size-full\"><img loading=\"lazy\" decoding=\"async\" width=\"800\" height=\"560\" src=\"https:\/\/dedemesquita.com.br\/wp-content\/uploads\/2025\/02\/Screenshot_2025-02-19-06-39-02-962_com.instagram.android.jpg\" alt=\"\" class=\"wp-image-11499\" srcset=\"https:\/\/dedemesquita.com.br\/wp-content\/uploads\/2025\/02\/Screenshot_2025-02-19-06-39-02-962_com.instagram.android.jpg 800w, https:\/\/dedemesquita.com.br\/wp-content\/uploads\/2025\/02\/Screenshot_2025-02-19-06-39-02-962_com.instagram.android-768x538.jpg 768w\" sizes=\"(max-width: 800px) 100vw, 800px\" \/><figcaption class=\"wp-element-caption\">Taym\u00e3 Carneiro, Nat\u00e1lia Melo, Rita Soares e o chef Thiago Castanho no novo restaurante dele em Bel\u00e9m, o Puba, que fica na Cidade Velha<\/figcaption><\/figure><\/div>\n\n<div class=\"wp-block-image\">\n<figure class=\"aligncenter size-full\"><img loading=\"lazy\" decoding=\"async\" width=\"800\" height=\"600\" src=\"https:\/\/dedemesquita.com.br\/wp-content\/uploads\/2025\/02\/WhatsApp-Image-2025-02-23-at-11.27.01.jpeg\" alt=\"\" class=\"wp-image-11503\" srcset=\"https:\/\/dedemesquita.com.br\/wp-content\/uploads\/2025\/02\/WhatsApp-Image-2025-02-23-at-11.27.01.jpeg 800w, https:\/\/dedemesquita.com.br\/wp-content\/uploads\/2025\/02\/WhatsApp-Image-2025-02-23-at-11.27.01-768x576.jpeg 768w\" sizes=\"(max-width: 800px) 100vw, 800px\" \/><figcaption class=\"wp-element-caption\">D\u00edlson Pimentel e Adriano Nascimento em pauta no domingo, 22, nas ruas de Bel\u00e9m &#8211; foto de D\u00edlson Pimentel<\/figcaption><\/figure><\/div>\n\n<div class=\"wp-block-image\">\n<figure class=\"aligncenter size-full\"><img loading=\"lazy\" decoding=\"async\" width=\"800\" height=\"600\" src=\"https:\/\/dedemesquita.com.br\/wp-content\/uploads\/2025\/02\/WhatsApp-Image-2025-02-23-at-11.27.01-1.jpeg\" alt=\"\" class=\"wp-image-11504\" srcset=\"https:\/\/dedemesquita.com.br\/wp-content\/uploads\/2025\/02\/WhatsApp-Image-2025-02-23-at-11.27.01-1.jpeg 800w, https:\/\/dedemesquita.com.br\/wp-content\/uploads\/2025\/02\/WhatsApp-Image-2025-02-23-at-11.27.01-1-768x576.jpeg 768w\" sizes=\"(max-width: 800px) 100vw, 800px\" \/><figcaption class=\"wp-element-caption\">Adriano Nascimento em a\u00e7\u00e3o &#8211; foto de D\u00edlson Pimentel &#8211; foto de D\u00edlson Pimentel<\/figcaption><\/figure><\/div>\n\n<div class=\"wp-block-image\">\n<figure class=\"aligncenter size-full\"><img loading=\"lazy\" decoding=\"async\" width=\"800\" height=\"533\" src=\"https:\/\/dedemesquita.com.br\/wp-content\/uploads\/2025\/02\/IMG_8347-1.jpg\" alt=\"\" class=\"wp-image-11505\" srcset=\"https:\/\/dedemesquita.com.br\/wp-content\/uploads\/2025\/02\/IMG_8347-1.jpg 800w, https:\/\/dedemesquita.com.br\/wp-content\/uploads\/2025\/02\/IMG_8347-1-768x512.jpg 768w\" sizes=\"(max-width: 800px) 100vw, 800px\" \/><figcaption class=\"wp-element-caption\">Rep\u00f3rter Bruna Dias, da Reda\u00e7\u00e3o Integrada O Liberal, entrevista um dos jurados do Rainha das Rainhas &#8211; foto de Adriano Nascimento<\/figcaption><\/figure><\/div>\n\n<div class=\"wp-block-image\">\n<figure class=\"aligncenter size-full\"><img loading=\"lazy\" decoding=\"async\" width=\"800\" height=\"533\" src=\"https:\/\/dedemesquita.com.br\/wp-content\/uploads\/2025\/02\/20250223ATUPRINCESAS2025-Lohanne-Lima-Rainha-das-Rainhas-Fotos-Adriano-Nascimento-32.jpg\" alt=\"\" class=\"wp-image-11506\" srcset=\"https:\/\/dedemesquita.com.br\/wp-content\/uploads\/2025\/02\/20250223ATUPRINCESAS2025-Lohanne-Lima-Rainha-das-Rainhas-Fotos-Adriano-Nascimento-32.jpg 800w, https:\/\/dedemesquita.com.br\/wp-content\/uploads\/2025\/02\/20250223ATUPRINCESAS2025-Lohanne-Lima-Rainha-das-Rainhas-Fotos-Adriano-Nascimento-32-768x512.jpg 768w\" sizes=\"(max-width: 800px) 100vw, 800px\" \/><figcaption class=\"wp-element-caption\">Rep\u00f3rter Wilk Dias, da TV Liberal, entrevista a Rainha das Rainhas Lohanne Lima, no dia seguinte ao concurso no famoso &#8220;caf\u00e9 da manh\u00e3 com a Rainha&#8221; &#8211; foto de Adriano Nascimento<\/figcaption><\/figure><\/div>\n\n\n<p><\/p>\n","protected":false},"excerpt":{"rendered":"<p>Bel\u00e9m, 25 de fevereiro de 2025 &#8211; Mano do c\u00e9u, o carnaval j\u00e1 est\u00e1 bem aliiiiii &#8211; aponte o bico &#8211; e eu ainda estou atualizando este site. Gola\u00e7o da TV Cultura &#8211; A TV Cultura do Par\u00e1 registrou no domingo, 22, um dos maiores \u00edndices de audi\u00eancia de sua hist\u00f3ria. Turbinada pelo cl\u00e1ssico RexPa, [&hellip;]<\/p>\n","protected":false},"author":2,"featured_media":11474,"comment_status":"open","ping_status":"open","sticky":false,"template":"","format":"standard","meta":{"footnotes":""},"categories":[51,14,29,1],"tags":[200,938,136,119,120,897,144,607,931,212,145,203,313,150,197,137],"class_list":["post-11473","post","type-post","status-publish","format-standard","has-post-thumbnail","hentry","category-destaque","category-imprensa","category-jornalismo","category-uncategorized","tag-abrajet-pa","tag-academia-paraense-de-letras","tag-comus-agencia-belem","tag-jornalismo","tag-jornalistas-paraenses-em-acao","tag-mauro-neto","tag-o-liberal","tag-premio-ampla-do-jornalismo","tag-rainha-das-rainhas-2025","tag-rba-tv","tag-rbatv","tag-redacao-integrada-o-liberal","tag-sbt-para","tag-secom-pa","tag-tv-cultura","tag-tv-liberal"],"yoast_head":"<!-- This site is optimized with the Yoast SEO plugin v19.10 - https:\/\/yoast.com\/wordpress\/plugins\/seo\/ -->\n<title>TV Cultura bate recorde de audi\u00eancia no RexPa, novos assessores de comunica\u00e7\u00e3o da Prefeitura de Bel\u00e9m e muitas outras not\u00edcias - Ded\u00e9 Mesquita<\/title>\n<meta name=\"robots\" content=\"index, follow, max-snippet:-1, max-image-preview:large, max-video-preview:-1\" \/>\n<link rel=\"canonical\" href=\"https:\/\/dedemesquita.com.br\/?p=11473\" \/>\n<meta property=\"og:locale\" content=\"pt_BR\" \/>\n<meta property=\"og:type\" content=\"article\" \/>\n<meta property=\"og:title\" content=\"TV Cultura bate recorde de audi\u00eancia no RexPa, novos assessores de comunica\u00e7\u00e3o da Prefeitura de Bel\u00e9m e muitas outras not\u00edcias - Ded\u00e9 Mesquita\" \/>\n<meta property=\"og:description\" content=\"Bel\u00e9m, 25 de fevereiro de 2025 &#8211; Mano do c\u00e9u, o carnaval j\u00e1 est\u00e1 bem aliiiiii &#8211; aponte o bico &#8211; e eu ainda estou atualizando este site. Gola\u00e7o da TV Cultura &#8211; A TV Cultura do Par\u00e1 registrou no domingo, 22, um dos maiores \u00edndices de audi\u00eancia de sua hist\u00f3ria. Turbinada pelo cl\u00e1ssico RexPa, [&hellip;]\" \/>\n<meta property=\"og:url\" content=\"https:\/\/dedemesquita.com.br\/?p=11473\" \/>\n<meta property=\"og:site_name\" content=\"Ded\u00e9 Mesquita\" \/>\n<meta property=\"article:publisher\" content=\"https:\/\/www.facebook.com\/dede.mesquita\" \/>\n<meta property=\"article:published_time\" content=\"2025-02-25T16:31:43+00:00\" \/>\n<meta property=\"article:modified_time\" content=\"2025-02-26T00:03:49+00:00\" \/>\n<meta property=\"og:image\" content=\"https:\/\/dedemesquita.com.br\/wp-content\/uploads\/2025\/02\/cultura.jpg\" \/>\n\t<meta property=\"og:image:width\" content=\"950\" \/>\n\t<meta property=\"og:image:height\" content=\"531\" \/>\n\t<meta property=\"og:image:type\" content=\"image\/jpeg\" \/>\n<meta name=\"author\" content=\"Ded\u00e9 Mesquita\" \/>\n<meta name=\"twitter:card\" content=\"summary_large_image\" \/>\n<meta name=\"twitter:creator\" content=\"@dedemesquita\" \/>\n<meta name=\"twitter:site\" content=\"@dedemesquita\" \/>\n<meta name=\"twitter:label1\" content=\"Escrito por\" \/>\n\t<meta name=\"twitter:data1\" content=\"Ded\u00e9 Mesquita\" \/>\n\t<meta name=\"twitter:label2\" content=\"Est. tempo de leitura\" \/>\n\t<meta name=\"twitter:data2\" content=\"17 minutos\" \/>\n<script type=\"application\/ld+json\" class=\"yoast-schema-graph\">{\"@context\":\"https:\/\/schema.org\",\"@graph\":[{\"@type\":\"WebPage\",\"@id\":\"https:\/\/dedemesquita.com.br\/?p=11473\",\"url\":\"https:\/\/dedemesquita.com.br\/?p=11473\",\"name\":\"TV Cultura bate recorde de audi\u00eancia no RexPa, novos assessores de comunica\u00e7\u00e3o da Prefeitura de Bel\u00e9m e muitas outras not\u00edcias - Ded\u00e9 Mesquita\",\"isPartOf\":{\"@id\":\"https:\/\/dedemesquita.com.br\/#website\"},\"datePublished\":\"2025-02-25T16:31:43+00:00\",\"dateModified\":\"2025-02-26T00:03:49+00:00\",\"author\":{\"@id\":\"https:\/\/dedemesquita.com.br\/#\/schema\/person\/36571f81dd2d76dc3ab37231542c9e24\"},\"breadcrumb\":{\"@id\":\"https:\/\/dedemesquita.com.br\/?p=11473#breadcrumb\"},\"inLanguage\":\"pt-BR\",\"potentialAction\":[{\"@type\":\"ReadAction\",\"target\":[\"https:\/\/dedemesquita.com.br\/?p=11473\"]}]},{\"@type\":\"BreadcrumbList\",\"@id\":\"https:\/\/dedemesquita.com.br\/?p=11473#breadcrumb\",\"itemListElement\":[{\"@type\":\"ListItem\",\"position\":1,\"name\":\"In\u00edcio\",\"item\":\"https:\/\/dedemesquita.com.br\/\"},{\"@type\":\"ListItem\",\"position\":2,\"name\":\"TV Cultura bate recorde de audi\u00eancia no RexPa, novos assessores de comunica\u00e7\u00e3o da Prefeitura de Bel\u00e9m e muitas outras not\u00edcias\"}]},{\"@type\":\"WebSite\",\"@id\":\"https:\/\/dedemesquita.com.br\/#website\",\"url\":\"https:\/\/dedemesquita.com.br\/\",\"name\":\"Ded\u00e9 Mesquita\",\"description\":\"Um site que mostra os bastidores da imprensa no estado do Par\u00e1 e em Bel\u00e9m\",\"potentialAction\":[{\"@type\":\"SearchAction\",\"target\":{\"@type\":\"EntryPoint\",\"urlTemplate\":\"https:\/\/dedemesquita.com.br\/?s={search_term_string}\"},\"query-input\":\"required name=search_term_string\"}],\"inLanguage\":\"pt-BR\"},{\"@type\":\"Person\",\"@id\":\"https:\/\/dedemesquita.com.br\/#\/schema\/person\/36571f81dd2d76dc3ab37231542c9e24\",\"name\":\"Ded\u00e9 Mesquita\",\"image\":{\"@type\":\"ImageObject\",\"inLanguage\":\"pt-BR\",\"@id\":\"https:\/\/dedemesquita.com.br\/#\/schema\/person\/image\/\",\"url\":\"https:\/\/dedemesquita.com.br\/wp-content\/uploads\/2021\/02\/foto_perfil-150x150.jpg\",\"contentUrl\":\"https:\/\/dedemesquita.com.br\/wp-content\/uploads\/2021\/02\/foto_perfil-150x150.jpg\",\"caption\":\"Ded\u00e9 Mesquita\"},\"sameAs\":[\"https:\/\/dedemesquita.com.br\"]}]}<\/script>\n<!-- \/ Yoast SEO plugin. -->","yoast_head_json":{"title":"TV Cultura bate recorde de audi\u00eancia no RexPa, novos assessores de comunica\u00e7\u00e3o da Prefeitura de Bel\u00e9m e muitas outras not\u00edcias - Ded\u00e9 Mesquita","robots":{"index":"index","follow":"follow","max-snippet":"max-snippet:-1","max-image-preview":"max-image-preview:large","max-video-preview":"max-video-preview:-1"},"canonical":"https:\/\/dedemesquita.com.br\/?p=11473","og_locale":"pt_BR","og_type":"article","og_title":"TV Cultura bate recorde de audi\u00eancia no RexPa, novos assessores de comunica\u00e7\u00e3o da Prefeitura de Bel\u00e9m e muitas outras not\u00edcias - Ded\u00e9 Mesquita","og_description":"Bel\u00e9m, 25 de fevereiro de 2025 &#8211; Mano do c\u00e9u, o carnaval j\u00e1 est\u00e1 bem aliiiiii &#8211; aponte o bico &#8211; e eu ainda estou atualizando este site. Gola\u00e7o da TV Cultura &#8211; A TV Cultura do Par\u00e1 registrou no domingo, 22, um dos maiores \u00edndices de audi\u00eancia de sua hist\u00f3ria. Turbinada pelo cl\u00e1ssico RexPa, [&hellip;]","og_url":"https:\/\/dedemesquita.com.br\/?p=11473","og_site_name":"Ded\u00e9 Mesquita","article_publisher":"https:\/\/www.facebook.com\/dede.mesquita","article_published_time":"2025-02-25T16:31:43+00:00","article_modified_time":"2025-02-26T00:03:49+00:00","og_image":[{"width":950,"height":531,"url":"https:\/\/dedemesquita.com.br\/wp-content\/uploads\/2025\/02\/cultura.jpg","type":"image\/jpeg"}],"author":"Ded\u00e9 Mesquita","twitter_card":"summary_large_image","twitter_creator":"@dedemesquita","twitter_site":"@dedemesquita","twitter_misc":{"Escrito por":"Ded\u00e9 Mesquita","Est. tempo de leitura":"17 minutos"},"schema":{"@context":"https:\/\/schema.org","@graph":[{"@type":"WebPage","@id":"https:\/\/dedemesquita.com.br\/?p=11473","url":"https:\/\/dedemesquita.com.br\/?p=11473","name":"TV Cultura bate recorde de audi\u00eancia no RexPa, novos assessores de comunica\u00e7\u00e3o da Prefeitura de Bel\u00e9m e muitas outras not\u00edcias - Ded\u00e9 Mesquita","isPartOf":{"@id":"https:\/\/dedemesquita.com.br\/#website"},"datePublished":"2025-02-25T16:31:43+00:00","dateModified":"2025-02-26T00:03:49+00:00","author":{"@id":"https:\/\/dedemesquita.com.br\/#\/schema\/person\/36571f81dd2d76dc3ab37231542c9e24"},"breadcrumb":{"@id":"https:\/\/dedemesquita.com.br\/?p=11473#breadcrumb"},"inLanguage":"pt-BR","potentialAction":[{"@type":"ReadAction","target":["https:\/\/dedemesquita.com.br\/?p=11473"]}]},{"@type":"BreadcrumbList","@id":"https:\/\/dedemesquita.com.br\/?p=11473#breadcrumb","itemListElement":[{"@type":"ListItem","position":1,"name":"In\u00edcio","item":"https:\/\/dedemesquita.com.br\/"},{"@type":"ListItem","position":2,"name":"TV Cultura bate recorde de audi\u00eancia no RexPa, novos assessores de comunica\u00e7\u00e3o da Prefeitura de Bel\u00e9m e muitas outras not\u00edcias"}]},{"@type":"WebSite","@id":"https:\/\/dedemesquita.com.br\/#website","url":"https:\/\/dedemesquita.com.br\/","name":"Ded\u00e9 Mesquita","description":"Um site que mostra os bastidores da imprensa no estado do Par\u00e1 e em Bel\u00e9m","potentialAction":[{"@type":"SearchAction","target":{"@type":"EntryPoint","urlTemplate":"https:\/\/dedemesquita.com.br\/?s={search_term_string}"},"query-input":"required name=search_term_string"}],"inLanguage":"pt-BR"},{"@type":"Person","@id":"https:\/\/dedemesquita.com.br\/#\/schema\/person\/36571f81dd2d76dc3ab37231542c9e24","name":"Ded\u00e9 Mesquita","image":{"@type":"ImageObject","inLanguage":"pt-BR","@id":"https:\/\/dedemesquita.com.br\/#\/schema\/person\/image\/","url":"https:\/\/dedemesquita.com.br\/wp-content\/uploads\/2021\/02\/foto_perfil-150x150.jpg","contentUrl":"https:\/\/dedemesquita.com.br\/wp-content\/uploads\/2021\/02\/foto_perfil-150x150.jpg","caption":"Ded\u00e9 Mesquita"},"sameAs":["https:\/\/dedemesquita.com.br"]}]}},"_links":{"self":[{"href":"https:\/\/dedemesquita.com.br\/index.php?rest_route=\/wp\/v2\/posts\/11473"}],"collection":[{"href":"https:\/\/dedemesquita.com.br\/index.php?rest_route=\/wp\/v2\/posts"}],"about":[{"href":"https:\/\/dedemesquita.com.br\/index.php?rest_route=\/wp\/v2\/types\/post"}],"author":[{"embeddable":true,"href":"https:\/\/dedemesquita.com.br\/index.php?rest_route=\/wp\/v2\/users\/2"}],"replies":[{"embeddable":true,"href":"https:\/\/dedemesquita.com.br\/index.php?rest_route=%2Fwp%2Fv2%2Fcomments&post=11473"}],"version-history":[{"count":8,"href":"https:\/\/dedemesquita.com.br\/index.php?rest_route=\/wp\/v2\/posts\/11473\/revisions"}],"predecessor-version":[{"id":11521,"href":"https:\/\/dedemesquita.com.br\/index.php?rest_route=\/wp\/v2\/posts\/11473\/revisions\/11521"}],"wp:featuredmedia":[{"embeddable":true,"href":"https:\/\/dedemesquita.com.br\/index.php?rest_route=\/wp\/v2\/media\/11474"}],"wp:attachment":[{"href":"https:\/\/dedemesquita.com.br\/index.php?rest_route=%2Fwp%2Fv2%2Fmedia&parent=11473"}],"wp:term":[{"taxonomy":"category","embeddable":true,"href":"https:\/\/dedemesquita.com.br\/index.php?rest_route=%2Fwp%2Fv2%2Fcategories&post=11473"},{"taxonomy":"post_tag","embeddable":true,"href":"https:\/\/dedemesquita.com.br\/index.php?rest_route=%2Fwp%2Fv2%2Ftags&post=11473"}],"curies":[{"name":"wp","href":"https:\/\/api.w.org\/{rel}","templated":true}]}}