{"id":11330,"date":"2025-02-04T12:21:55","date_gmt":"2025-02-04T15:21:55","guid":{"rendered":"https:\/\/dedemesquita.com.br\/?p=11330"},"modified":"2025-02-04T12:55:38","modified_gmt":"2025-02-04T15:55:38","slug":"tce-para-entrega-seu-i-premio-do-jornalismo-mudancas-nas-redacoes-a-todo-vapor-portais-dol-e-diario-do-para-sao-modificados-e-muito-mais","status":"publish","type":"post","link":"https:\/\/dedemesquita.com.br\/?p=11330","title":{"rendered":"TCE-Par\u00e1 entrega seu I Pr\u00eamio do Jornalismo, mudan\u00e7as nas reda\u00e7\u00f5es a todo vapor, portais DOL e Di\u00e1rio do Par\u00e1 s\u00e3o modificados e muito mais"},"content":{"rendered":"\n<p><strong>Bel\u00e9m, 4 de fevereiro de 2025 &#8211; <\/strong>Vamos que vamos, porque este site tem compromisso de tarde e de noite, e o fechamento da postagem, nesta ter\u00e7a-feira, \u00e9 mais cedo. <\/p>\n\n\n\n<p><strong>Povo na Secretaria de Comunica\u00e7\u00e3o, ex-Comus &#8211; <\/strong>A jornalista <strong>Marli Portilho<\/strong> deixou o jornal Di\u00e1rio do Par\u00e1 e est\u00e1 na <strong>Secretaria de Comunica\u00e7\u00e3o da Prefeitura de Bel\u00e9m<\/strong>, antiga <strong>Comus<\/strong>. Quem continua na Secretaria s\u00e3o os jornalistas <strong>Syane Neno<\/strong> e <strong>Willys Lins<\/strong>, este, na Codem, sendo que ambos eram integrantes da gest\u00e3o passada. &nbsp;<\/p>\n\n\n<div class=\"wp-block-image\">\n<figure class=\"aligncenter size-full\"><img loading=\"lazy\" decoding=\"async\" width=\"586\" height=\"800\" src=\"https:\/\/dedemesquita.com.br\/wp-content\/uploads\/2025\/02\/Screenshot_2025-01-31-19-44-39-605_com.instagram.android.jpg\" alt=\"\" class=\"wp-image-11332\"\/><figcaption class=\"wp-element-caption\">Marli, de blusa marrom ao centro, no dia da despedida no Di\u00e1rio do Par\u00e1 <\/figcaption><\/figure><\/div>\n\n\n<p><strong>Secom-PA &#8211;<\/strong> Na <strong>Secretaria de Comunica\u00e7\u00e3o do Estado- Secom-PA<\/strong>, algumas mudan\u00e7as: <strong>Elck Oliveira<\/strong> deixou a institui\u00e7\u00e3o, mais uma vez, com o \u00faltimo dia dela por l\u00e1, sendo no s\u00e1bado, 1, e foi para a <strong>antiga Comus<\/strong>; <strong>Fernanda Pinheiro<\/strong> deixou a \u00e1rea de publicidade da Secretaria, onde estava desde 2019, no in\u00edcio da gest\u00e3o Heldisssss, e passou \u00e0 <strong>Secretaria de Habita\u00e7\u00e3o de Bel\u00e9m<\/strong>. Tamb\u00e9m mudou a chefia do <strong>N\u00facleo Digital da Secom<\/strong>, onde  <strong>Fl\u00e1via Lima<\/strong> era diretora e <strong>Lissa de Alexandria<\/strong>, adjunta. Fl\u00e1via segue na Secom, mas Lissa saiu da Secretaria. Quem chegou na Secom foi <strong>Giullianne Dias<\/strong>, que tem passagem na Record Bel\u00e9m. <\/p>\n\n\n<div class=\"wp-block-image\">\n<figure class=\"aligncenter size-full\"><img loading=\"lazy\" decoding=\"async\" width=\"603\" height=\"650\" src=\"https:\/\/dedemesquita.com.br\/wp-content\/uploads\/2025\/02\/WhatsApp-Image-2025-02-04-at-11.14.23.jpeg\" alt=\"\" class=\"wp-image-11346\"\/><figcaption class=\"wp-element-caption\">Giullianne Dias chega para integrar a comunica\u00e7\u00e3o do Estado, na Secom-PA<\/figcaption><\/figure><\/div>\n\n<div class=\"wp-block-image\">\n<figure class=\"aligncenter size-full\"><img loading=\"lazy\" decoding=\"async\" width=\"600\" height=\"562\" src=\"https:\/\/dedemesquita.com.br\/wp-content\/uploads\/2025\/02\/WhatsApp-Image-2025-02-04-at-11.30.14.jpeg\" alt=\"\" class=\"wp-image-11348\"\/><figcaption class=\"wp-element-caption\">Fernanda Pinheiro deixa a Secom-PA, onde estava desde 2019<\/figcaption><\/figure><\/div>\n\n\n<p><strong>Ize deixou o Ex\u00e9rcito &#8211; <\/strong>No final de janeiro, terminou o ciclo profissional de Ize Sena na <strong>comunica\u00e7\u00e3o do Ex\u00e9rcito<\/strong> em Bel\u00e9m, onde ela ficou durante tr\u00eas anos intensos e desafiadores. &nbsp;<\/p>\n\n\n<div class=\"wp-block-image\">\n<figure class=\"aligncenter size-full\"><img loading=\"lazy\" decoding=\"async\" width=\"540\" height=\"700\" src=\"https:\/\/dedemesquita.com.br\/wp-content\/uploads\/2025\/02\/WhatsApp-Image-2025-02-04-at-09.24.46.jpeg\" alt=\"\" class=\"wp-image-11333\"\/><figcaption class=\"wp-element-caption\">Ize ficou tr\u00eas anos na comunica\u00e7\u00e3o do Ex\u00e9rcito no Par\u00e1 <\/figcaption><\/figure><\/div>\n\n\n<p><strong>Mudan\u00e7a na Artran e Pol\u00edcia Cient\u00edfica &#8211; Monique Le\u00e3o<\/strong>, desde segunda-feira, 3, deixou a comunica\u00e7\u00e3o na <strong>Artran<\/strong> e&nbsp;assumiu a coordena\u00e7\u00e3o da comunica\u00e7\u00e3o da <strong>Pol\u00edcia Cient\u00edfica<\/strong>. Contatos neste e-mail <a href=\"mailto:ascomrc@gmail.com\" target=\"_blank\" rel=\"noreferrer noopener\"><strong>ascomrc@gmail.com<\/strong>.<\/a> Para pedidos de notas e informa\u00e7\u00f5es na Artran, agora, falar pelo e-mail <a href=\"mailto:comunicacao@artran.pa.gov.br\" target=\"_blank\" rel=\"noreferrer noopener\"><strong>comunicacao@artran.pa.gov.br<\/strong><\/a> ou com o <strong>Rosivaldo Almeida<\/strong>, que tamb\u00e9m trabalha na Secom-PA.&nbsp;<\/p>\n\n\n<div class=\"wp-block-image\">\n<figure class=\"aligncenter size-full\"><img loading=\"lazy\" decoding=\"async\" width=\"481\" height=\"650\" src=\"https:\/\/dedemesquita.com.br\/wp-content\/uploads\/2025\/02\/WhatsApp-Image-2025-02-04-at-10.12.55.jpeg\" alt=\"\" class=\"wp-image-11334\"\/><figcaption class=\"wp-element-caption\">Monique trocou de assessoria de comunica\u00e7\u00e3o na Secom-PA<\/figcaption><\/figure><\/div>\n\n\n<p><strong>Fraz\u00e3o no Insper &#8211; <\/strong>O jornalista <strong>Wellington Fraz\u00e3o<\/strong> \u00e9 o \u00fanico paraense de Bel\u00e9m a integrar a quinta turma da p\u00f3s-gradua\u00e7\u00e3o em Urbanismo Social, em S\u00e3o Paulo, um curso pioneiro no Brasil, promovido pelo <strong>Instituto de Ensino e Pesquisa \u2013 Insper<\/strong>, com apoio do <strong>Instituto Manu <\/strong>e <strong>Ita\u00fa Cultural<\/strong>. A p\u00f3s-gradua\u00e7\u00e3o em prepara lideran\u00e7as comunit\u00e1rias, gestores p\u00fablicos, privados e do terceiro setor e demais profissionais interessados em atuar na busca por solu\u00e7\u00f5es inovadoras e integradas para os desafios das \u00e1reas de alta vulnerabilidade social. A atua\u00e7\u00e3o de Fraz\u00e3o no <strong>Instituto Periferia em Foco<\/strong>, no bairro da Cabanagem, foi um fator determinante para sua sele\u00e7\u00e3o no programa. As aulas presenciais s\u00e3o ministradas uma vez por m\u00eas em S\u00e3o Paulo, no Insper. Na primeira imers\u00e3o, em janeiro passado, o contato foi com <strong>Jorge Melguizo<\/strong>, um dos protagonistas da bem-sucedida experi\u00eancia de urbanismo social em Medell\u00edn, na Col\u00f4mbia.&nbsp;<\/p>\n\n\n<div class=\"wp-block-image\">\n<figure class=\"aligncenter size-full\"><img loading=\"lazy\" decoding=\"async\" width=\"750\" height=\"548\" src=\"https:\/\/dedemesquita.com.br\/wp-content\/uploads\/2025\/02\/WhatsApp-Image-2025-01-31-at-19.55.44-1.jpeg\" alt=\"\" class=\"wp-image-11335\"\/><figcaption class=\"wp-element-caption\">Wellington Fraz\u00e3o no Insper, onde tem aulas presenciais, uma vez ao m\u00eas<\/figcaption><\/figure><\/div>\n\n<div class=\"wp-block-image\">\n<figure class=\"aligncenter size-full\"><img loading=\"lazy\" decoding=\"async\" width=\"800\" height=\"424\" src=\"https:\/\/dedemesquita.com.br\/wp-content\/uploads\/2025\/02\/WhatsApp-Image-2025-02-02-at-14.02.49.jpeg\" alt=\"\" class=\"wp-image-11336\" srcset=\"https:\/\/dedemesquita.com.br\/wp-content\/uploads\/2025\/02\/WhatsApp-Image-2025-02-02-at-14.02.49.jpeg 800w, https:\/\/dedemesquita.com.br\/wp-content\/uploads\/2025\/02\/WhatsApp-Image-2025-02-02-at-14.02.49-768x407.jpeg 768w\" sizes=\"(max-width: 800px) 100vw, 800px\" \/><figcaption class=\"wp-element-caption\">Jornalistas que integram a quinta turma de p\u00f3s-gradua\u00e7\u00e3o em Urbanismo Social, em S\u00e3o Paulo<\/figcaption><\/figure><\/div>\n\n<div class=\"wp-block-image\">\n<figure class=\"aligncenter size-full\"><img loading=\"lazy\" decoding=\"async\" width=\"750\" height=\"562\" src=\"https:\/\/dedemesquita.com.br\/wp-content\/uploads\/2025\/02\/WhatsApp-Image-2025-01-31-at-19.55.44.jpeg\" alt=\"\" class=\"wp-image-11337\"\/><figcaption class=\"wp-element-caption\">Wellington e o professor  Jorge Melguizo, da cidade de Medell\u00edn, na Col\u00f4mbia<\/figcaption><\/figure><\/div>\n\n\n<p><strong>Mudan\u00e7as <\/strong>&#8211; Quase ningu\u00e9m percebeu, mas o portal de internet da \u201ctorre\u201d, <strong>grupo RBA<\/strong>, teve uma mudan\u00e7a significativa. Agora, s\u00e3o <strong>dois portais<\/strong>: o <strong>Di\u00e1rio online &#8211; DOL<\/strong> e o <strong>Di\u00e1rio do Par\u00e1<\/strong>, e a mudan\u00e7a j\u00e1 tem um certo tempo, quando o jornal Di\u00e1rio do Par\u00e1 lan\u00e7ou um site tamb\u00e9m. A diferen\u00e7a impacta tamb\u00e9m na reda\u00e7\u00e3o, tanto que atualmente, h\u00e1 editores que ficam alguns dias no jornal impresso e outros dias no portal do Di\u00e1rio do Par\u00e1. A explica\u00e7\u00e3o vem do fato que eles est\u00e3o em um processo de migra\u00e7\u00e3o do impresso e n\u00e3o querem perder a hist\u00f3ria do Di\u00e1rio do Par\u00e1. Os endere\u00e7os s\u00e3o: <a href=\"https:\/\/diariodopara.com.br\/\" target=\"_blank\" rel=\"noreferrer noopener\"><strong>https:\/\/diariodopara.com.br\/<\/strong><\/a> e <a href=\"https:\/\/dol.com.br\/?d=1\" target=\"_blank\" rel=\"noreferrer noopener\"><strong>https:\/\/dol.com.br\/?d=1<\/strong><\/a> &nbsp;<\/p>\n\n\n<div class=\"wp-block-image\">\n<figure class=\"aligncenter size-full\"><img loading=\"lazy\" decoding=\"async\" width=\"800\" height=\"419\" src=\"https:\/\/dedemesquita.com.br\/wp-content\/uploads\/2025\/02\/WhatsApp-Image-2025-02-04-at-09.47.13.jpeg\" alt=\"\" class=\"wp-image-11338\" srcset=\"https:\/\/dedemesquita.com.br\/wp-content\/uploads\/2025\/02\/WhatsApp-Image-2025-02-04-at-09.47.13.jpeg 800w, https:\/\/dedemesquita.com.br\/wp-content\/uploads\/2025\/02\/WhatsApp-Image-2025-02-04-at-09.47.13-768x402.jpeg 768w\" sizes=\"(max-width: 800px) 100vw, 800px\" \/><figcaption class=\"wp-element-caption\">Agora, existe o portal Di\u00e1rio do Par\u00e1&#8230;<\/figcaption><\/figure><\/div>\n\n<div class=\"wp-block-image\">\n<figure class=\"aligncenter size-full\"><img loading=\"lazy\" decoding=\"async\" width=\"800\" height=\"376\" src=\"https:\/\/dedemesquita.com.br\/wp-content\/uploads\/2025\/02\/WhatsApp-Image-2025-02-04-at-09.47.46.jpeg\" alt=\"\" class=\"wp-image-11339\" srcset=\"https:\/\/dedemesquita.com.br\/wp-content\/uploads\/2025\/02\/WhatsApp-Image-2025-02-04-at-09.47.46.jpeg 800w, https:\/\/dedemesquita.com.br\/wp-content\/uploads\/2025\/02\/WhatsApp-Image-2025-02-04-at-09.47.46-768x361.jpeg 768w\" sizes=\"(max-width: 800px) 100vw, 800px\" \/><figcaption class=\"wp-element-caption\">&#8230; e o antigo e j\u00e1 conhecido portal DOL <\/figcaption><\/figure><\/div>\n\n\n<p><strong>Fotografia &#8211; <\/strong>O <strong>Sesc no Par\u00e1<\/strong> abriu as inscri\u00e7\u00f5es para o projeto <strong>\u201cImagens Cotidianas\u201d<\/strong>, que objetiva fomentar o cen\u00e1rio art\u00edstico no Estado. <strong>A submiss\u00e3o dos trabalhos ocorrer\u00e1 at\u00e9 o dia 23 de fevereiro<\/strong>, por meio de formul\u00e1rio online dispon\u00edvel no site do Sesc, com <strong>inscri\u00e7\u00f5es gratuitas<\/strong>. Os interessados devem ser autores e autoras paraenses e\/ ou radicados no Par\u00e1, que possuam trabalhos em Artes Visuais ou em Fotojornalismo\/ Fotografia Documental. Al\u00e9m do pr\u00eamio de incentivo, o projeto tamb\u00e9m \u00e9 uma plataforma de divulga\u00e7\u00e3o da produ\u00e7\u00e3o autoral regional, exibindo os trabalhos em uma exposi\u00e7\u00e3o no Sesc Ver-o-Peso, ainda em 2025. As obras devem abordar o cotidiano amaz\u00f4nico, destacando as comunidades urbanas, ribeirinhas, quilombolas, povos ind\u00edgenas, entre outros. Para a produ\u00e7\u00e3o e o transporte dos ensaios, o Sesc&nbsp;fornecer\u00e1 uma <strong>ajuda de custos de R$1.500,00.<\/strong>&nbsp;<strong>Informa\u00e7\u00f5es: 91 98486-1498 e <a href=\"http:\/\/@sesc_pa\">http:\/\/@sesc_pa<\/a>&nbsp;<\/strong><\/p>\n\n\n<div class=\"wp-block-image\">\n<figure class=\"aligncenter size-full\"><img loading=\"lazy\" decoding=\"async\" width=\"667\" height=\"800\" src=\"https:\/\/dedemesquita.com.br\/wp-content\/uploads\/2025\/02\/WhatsApp-Image-2025-02-04-at-10.49.35.jpeg\" alt=\"\" class=\"wp-image-11340\"\/><figcaption class=\"wp-element-caption\">O pr\u00eamio tem premia\u00e7\u00e3o em dinheiro e ajuda de custo para transporte e montagem das obras <\/figcaption><\/figure><\/div>\n\n\n<p><strong>Pr\u00eamio Ampla de Jornalismo 2025 &#8211; <\/strong>No ano em que Bel\u00e9m recebe a COP 30, a plataforma <strong>Ampla Amaz\u00f4nia<\/strong> vai premiar os jornalistas que trabalham na cobertura de temas de impacto social e ambiental. Com data a ser definida, a segunda edi\u00e7\u00e3o do <strong>pr\u00eamio Ampla de Jornalismo<\/strong> est\u00e1 confirmada e ter\u00e1 a cerim\u00f4nia de premia\u00e7\u00e3o em Bel\u00e9m, em dezembro. Entre as novidades est\u00e1 o <strong>aumento nos valores dos pr\u00eamios, agora entre R$ 10 mil e R$ 20 mil<\/strong>. O lan\u00e7amento oficial ser\u00e1 ainda no primeiro semestre.&nbsp;<\/p>\n\n\n<div class=\"wp-block-image\">\n<figure class=\"aligncenter size-full\"><img loading=\"lazy\" decoding=\"async\" width=\"443\" height=\"274\" src=\"https:\/\/dedemesquita.com.br\/wp-content\/uploads\/2025\/02\/WhatsApp-Image-2025-02-04-at-10.50.42.jpeg\" alt=\"\" class=\"wp-image-11341\"\/><figcaption class=\"wp-element-caption\">Ampla anuncia que em 2025 prossegue com a premia\u00e7\u00e3o para jornalismo <\/figcaption><\/figure><\/div>\n\n\n<p><strong>Novo livro de Lucio Fl\u00e1vio Pinto &#8211; \u201cComo me tornei um Amaz\u00f4nida: Mem\u00f3rias de um jornalista investigativo na maior floresta tropical do planeta\u201d<\/strong> \u00e9 o novo livro de <strong>L\u00facio Fl\u00e1vio Pinto<\/strong>, que entrela\u00e7a as experi\u00eancias pessoais dele, com suas quase seis d\u00e9cadas de cobertura jornal\u00edstica na Amaz\u00f4nia, pode ser acessado e comprado, em formato <em>eBook Kindle<\/em> no site da Amazon. Ao longo de 35 cap\u00edtulos, o jornalista investigativo revela n\u00e3o apenas as transforma\u00e7\u00f5es da regi\u00e3o, mas tamb\u00e9m sua pr\u00f3pria metamorfose de observador a defensor apaixonado da floresta. O livro mescla relatos de investiga\u00e7\u00f5es memor\u00e1veis, encontros com personagens extraordin\u00e1rios e reflex\u00f5es profundas sobre os desafios do jornalismo em uma regi\u00e3o marcada por conflitos socioambientais. O livro, coordenado pelo professor Jos\u00e9 Maria Silva, da Universidade de Miami, pode ser encontrado no link <a href=\"https:\/\/www.amazon.com.br\/dp\/B0DVGT1636\" target=\"_blank\" rel=\"noreferrer noopener\"><strong>www.amazon.com.br\/dp\/B0DVGT1636<\/strong><\/a>&nbsp;<\/p>\n\n\n<div class=\"wp-block-image\">\n<figure class=\"aligncenter size-full\"><img loading=\"lazy\" decoding=\"async\" width=\"544\" height=\"800\" src=\"https:\/\/dedemesquita.com.br\/wp-content\/uploads\/2025\/02\/WhatsApp-Image-2025-02-04-at-09.05.39-1.jpeg\" alt=\"\" class=\"wp-image-11342\"\/><figcaption class=\"wp-element-caption\">O novo livro chegam em vers\u00e3o ebook e pode ser comprado no site da Amazon <\/figcaption><\/figure><\/div>\n\n\n<p><strong>Adeus a Zero &#8211; <\/strong>O ex-rep\u00f3rter fotogr\u00e1fico do jornal O Liberal, <strong>Raimundo Dia<\/strong>s, tamb\u00e9m conhecido como <strong>Zero<\/strong>, faleceu na segunda-feira, 3, em Ananindeua, aos 79 anos. Ele foi internado com pneumonia,&nbsp;sofreu duas paradas cardiorrespirat\u00f3rias e n\u00e3o resistiu. A fam\u00edlia recebeu a not\u00edcia do falecimento por volta das 13h. Zero integrou uma das primeiras equipes de reportagem no jornal. Nos \u00faltimos anos, antes de se aposentar, ele cobria pautas sobre a sociedade paraense. &nbsp; &nbsp;<\/p>\n\n\n<div class=\"wp-block-image\">\n<figure class=\"aligncenter size-full\"><img loading=\"lazy\" decoding=\"async\" width=\"589\" height=\"490\" src=\"https:\/\/dedemesquita.com.br\/wp-content\/uploads\/2025\/02\/WhatsApp-Image-2025-02-04-at-09.19.16.jpeg\" alt=\"\" class=\"wp-image-11343\"\/><figcaption class=\"wp-element-caption\">Zero era um dos fot\u00f3grafos mais antigos em Bel\u00e9m <\/figcaption><\/figure><\/div>\n\n\n<p><strong>Cesar Nunes &#8211; <\/strong>Tamb\u00e9m faleceu na ter\u00e7a-feira, 28, aos 64 anos, o programador e discotec\u00e1rio <strong>Cesar Nunes<\/strong>, servidor da Cultura Rede de Comunica\u00e7\u00e3o. Ele era da equipe da <strong>R\u00e1dio Cultura FM<\/strong> desde 1989, e dedicou sua carreira \u00e0 m\u00fasica e ao r\u00e1dio, deixando uma marca inesquec\u00edvel na emissora. Ao longo dos anos, contribuiu para diversos programas musicais, incluindo o &#8220;Brasileir\u00edssimo&#8221;, que celebra o chorinho brasileiro.&nbsp;<\/p>\n\n\n<div class=\"wp-block-image\">\n<figure class=\"aligncenter size-full\"><img loading=\"lazy\" decoding=\"async\" width=\"369\" height=\"539\" src=\"https:\/\/dedemesquita.com.br\/wp-content\/uploads\/2025\/02\/WhatsApp-Image-2025-02-04-at-10.58.38.jpeg\" alt=\"\" class=\"wp-image-11344\"\/><figcaption class=\"wp-element-caption\">Cesar Nunes trabalhava nas emissoras Cultura, desde 1989<\/figcaption><\/figure><\/div>\n\n\n<p><strong>Alepa &#8211; <\/strong>Na segunda-feira, 3, houve uma reuni\u00e3o na <strong>Assembleia Legislativa do Par\u00e1 &#8211; Alepa<\/strong>, com diversos servidores da Casa, para tratar sobre o fluxo da Sess\u00e3o Solene de Instala\u00e7\u00e3o do Ano Legislativo 2025, que ocorreu na manh\u00e3 desta ter\u00e7a-feira, 4, marcando oficialmente o retorno dos deputados. Como j\u00e1 \u00e9 de praxe por l\u00e1, n\u00e3o fizeram o dever de casa, o de comunicar aos assessores de comunica\u00e7\u00e3o que precisam acompanhar seus deputados no plen\u00e1rio, <strong>como funcionaria o acesso deles, durante a cerim\u00f4nia de abertura.<\/strong> Mais um ano e nada muda por l\u00e1, e os coleguinhas passam sufoco para fazer seu servi\u00e7o no primeiro dia de trabalho. Mas assim&#8230;<\/p>\n\n\n\n<p>++++++++++++++++++++++++++++++++++++++++++++++++++++++++++++++++++++++++++++++++++++++++++++++++++++++++++++++++++++++++++++++++++++++++<\/p>\n\n\n\n<p class=\"has-text-align-center\"><strong>FOTINHAS DA SEMANA<\/strong> <\/p>\n\n\n\n<p><strong>TCE-Par\u00e1 &#8211; <\/strong>Na quarta-feira, 29, foi realizada a cerim\u00f4nia de entrega do <strong>I Pr\u00eamio TCE de Jornalismo<\/strong>. Os primeiros colocados em cada modalidade receberam como pr\u00eamio R$ 6,5 mil. A premia\u00e7\u00e3o para os segundos colocados foi de R$ 3,5 mil e para os terceiros R$ 2 mil. Os vencedores tamb\u00e9m ganharam certificados de participa\u00e7\u00e3o.<\/p>\n\n\n\n<p>Na categoria <strong>TELEJORNALISMO<\/strong>, 1\u00b0 lugar foi da TV Cultura do Par\u00e1, com <strong>Raiana Serr\u00e3o<\/strong>; no 2\u00b0 lugar, TV Liberal, com <strong>Priscila Sousa<\/strong> e em 3\u00b0, TV Record Bel\u00e9m, com <strong>Carlos Brito<\/strong>. Na categoria <strong>RADIOJORNALISMO<\/strong>, em 1\u00ba lugar, R\u00e1dio Boas Novas FM, com <strong>Felipe Feitosa<\/strong>; em 2\u00ba, R\u00e1dio Clube do Par\u00e1, com <strong>Gilmar Pretti<\/strong>; e em terceiro, R\u00e1dio Unama, com <strong>Bebel Chaves<\/strong>. Na categoria <strong>WEBJORNALISMO<\/strong>, em 1\u00b0 lugar, portal G1 Par\u00e1, com <strong>Marcus Passos<\/strong>; em segundo, <a href=\"http:\/\/oliberal.com\"><strong>oliberal.com<\/strong><\/a>, com <strong>D\u00edlson Pimentel<\/strong>; em 3\u00b0 lugar, revista Cenarium, com <strong>Fabyo Cruz<\/strong>. E na categoria <strong>IMPRESSO<\/strong>, o 1\u00b0 lugar foi do Di\u00e1rio do Par\u00e1, com <strong>Rafael Rocha<\/strong>; e em 2\u00b0 lugar, Correio de Caraj\u00e1s, com <strong>Ulisses Pompeu<\/strong>.<\/p>\n\n\n<div class=\"wp-block-image\">\n<figure class=\"aligncenter size-full\"><img loading=\"lazy\" decoding=\"async\" width=\"800\" height=\"559\" src=\"https:\/\/dedemesquita.com.br\/wp-content\/uploads\/2025\/02\/Screenshot_2025-01-30-16-57-20-081_com.instagram.android.jpg\" alt=\"\" class=\"wp-image-11349\" srcset=\"https:\/\/dedemesquita.com.br\/wp-content\/uploads\/2025\/02\/Screenshot_2025-01-30-16-57-20-081_com.instagram.android.jpg 800w, https:\/\/dedemesquita.com.br\/wp-content\/uploads\/2025\/02\/Screenshot_2025-01-30-16-57-20-081_com.instagram.android-768x537.jpg 768w\" sizes=\"(max-width: 800px) 100vw, 800px\" \/><figcaption class=\"wp-element-caption\">Gilmar Pretti, Iolanda Lopes, Priscilla Sousa e Lucas Duarte foram alguns dos premiados<\/figcaption><\/figure><\/div>\n\n<div class=\"wp-block-image\">\n<figure class=\"aligncenter size-full\"><img loading=\"lazy\" decoding=\"async\" width=\"800\" height=\"786\" src=\"https:\/\/dedemesquita.com.br\/wp-content\/uploads\/2025\/02\/Screenshot_2025-01-30-05-28-35-953_com.instagram.android.jpg\" alt=\"\" class=\"wp-image-11350\" srcset=\"https:\/\/dedemesquita.com.br\/wp-content\/uploads\/2025\/02\/Screenshot_2025-01-30-05-28-35-953_com.instagram.android.jpg 800w, https:\/\/dedemesquita.com.br\/wp-content\/uploads\/2025\/02\/Screenshot_2025-01-30-05-28-35-953_com.instagram.android-768x755.jpg 768w\" sizes=\"(max-width: 800px) 100vw, 800px\" \/><figcaption class=\"wp-element-caption\">Bebel Chaves, de blusa preta, recebeu premia\u00e7\u00e3o pela R\u00e1dio Unama FM<\/figcaption><\/figure><\/div>\n\n<div class=\"wp-block-image\">\n<figure class=\"aligncenter size-full\"><img loading=\"lazy\" decoding=\"async\" width=\"800\" height=\"659\" src=\"https:\/\/dedemesquita.com.br\/wp-content\/uploads\/2025\/02\/Screenshot_2025-01-30-04-16-54-525_com.instagram.android-1.jpg\" alt=\"\" class=\"wp-image-11351\" srcset=\"https:\/\/dedemesquita.com.br\/wp-content\/uploads\/2025\/02\/Screenshot_2025-01-30-04-16-54-525_com.instagram.android-1.jpg 800w, https:\/\/dedemesquita.com.br\/wp-content\/uploads\/2025\/02\/Screenshot_2025-01-30-04-16-54-525_com.instagram.android-1-768x633.jpg 768w\" sizes=\"(max-width: 800px) 100vw, 800px\" \/><figcaption class=\"wp-element-caption\">Carla Azevedo, rep\u00f3rter, e Clayton Mattos, diretor geral do jornalismo no jornal Di\u00e1rio do Par\u00e1, ele, em rara apari\u00e7\u00e3o p\u00fablica<\/figcaption><\/figure><\/div>\n\n<div class=\"wp-block-image\">\n<figure class=\"aligncenter size-full\"><img loading=\"lazy\" decoding=\"async\" width=\"750\" height=\"499\" src=\"https:\/\/dedemesquita.com.br\/wp-content\/uploads\/2025\/02\/premioG29.01.2025.jpeg\" alt=\"\" class=\"wp-image-11368\" srcset=\"https:\/\/dedemesquita.com.br\/wp-content\/uploads\/2025\/02\/premioG29.01.2025.jpeg 750w, https:\/\/dedemesquita.com.br\/wp-content\/uploads\/2025\/02\/premioG29.01.2025-600x398.jpeg 600w\" sizes=\"(max-width: 750px) 100vw, 750px\" \/><figcaption class=\"wp-element-caption\">Raiana Serr\u00e3o, da TV Cultura, premiada <\/figcaption><\/figure><\/div>\n\n<div class=\"wp-block-image\">\n<figure class=\"aligncenter size-full\"><img loading=\"lazy\" decoding=\"async\" width=\"581\" height=\"800\" src=\"https:\/\/dedemesquita.com.br\/wp-content\/uploads\/2025\/02\/Screenshot_2025-01-29-22-09-53-178_com.instagram.android.jpg\" alt=\"\" class=\"wp-image-11352\"\/><figcaption class=\"wp-element-caption\">Tarso Sarraf e D\u00edlson Pimentel premiados pelo jornal O Liberal <\/figcaption><\/figure><\/div>\n\n<div class=\"wp-block-image\">\n<figure class=\"aligncenter size-full\"><img loading=\"lazy\" decoding=\"async\" width=\"672\" height=\"800\" src=\"https:\/\/dedemesquita.com.br\/wp-content\/uploads\/2025\/02\/Screenshot_2025-01-29-22-09-39-353_com.instagram.android.jpg\" alt=\"\" class=\"wp-image-11353\"\/><figcaption class=\"wp-element-caption\">Mara Barcelos, assessora de comunica\u00e7\u00e3o do TCE-PA e Matheus Freire <\/figcaption><\/figure><\/div>\n\n<div class=\"wp-block-image\">\n<figure class=\"aligncenter size-full\"><img loading=\"lazy\" decoding=\"async\" width=\"800\" height=\"558\" src=\"https:\/\/dedemesquita.com.br\/wp-content\/uploads\/2025\/02\/Screenshot_2025-01-29-22-09-22-910_com.instagram.android.jpg\" alt=\"\" class=\"wp-image-11354\" srcset=\"https:\/\/dedemesquita.com.br\/wp-content\/uploads\/2025\/02\/Screenshot_2025-01-29-22-09-22-910_com.instagram.android.jpg 800w, https:\/\/dedemesquita.com.br\/wp-content\/uploads\/2025\/02\/Screenshot_2025-01-29-22-09-22-910_com.instagram.android-768x536.jpg 768w\" sizes=\"(max-width: 800px) 100vw, 800px\" \/><figcaption class=\"wp-element-caption\">Matheus Freire, Tarso Sarraf e Jeferson H\u00f6enisch<\/figcaption><\/figure><\/div>\n\n<div class=\"wp-block-image\">\n<figure class=\"aligncenter size-full\"><img loading=\"lazy\" decoding=\"async\" width=\"800\" height=\"558\" src=\"https:\/\/dedemesquita.com.br\/wp-content\/uploads\/2025\/02\/Screenshot_2025-01-30-04-19-24-208_com.instagram.android.jpg\" alt=\"\" class=\"wp-image-11355\" srcset=\"https:\/\/dedemesquita.com.br\/wp-content\/uploads\/2025\/02\/Screenshot_2025-01-30-04-19-24-208_com.instagram.android.jpg 800w, https:\/\/dedemesquita.com.br\/wp-content\/uploads\/2025\/02\/Screenshot_2025-01-30-04-19-24-208_com.instagram.android-768x536.jpg 768w\" sizes=\"(max-width: 800px) 100vw, 800px\" \/><figcaption class=\"wp-element-caption\">Jornalistas do grupo O Liberal, jornal e televis\u00e3o, que foram premiados<\/figcaption><\/figure><\/div>\n\n<div class=\"wp-block-image\">\n<figure class=\"aligncenter size-full\"><img loading=\"lazy\" decoding=\"async\" width=\"698\" height=\"750\" src=\"https:\/\/dedemesquita.com.br\/wp-content\/uploads\/2025\/02\/Screenshot_2025-01-29-20-20-49-166_com.instagram.android.jpg\" alt=\"\" class=\"wp-image-11356\"\/><figcaption class=\"wp-element-caption\">Rodney Mir\u00e9ia, namorada do Fabyo Cruz, que estava doente, recebeu o pr\u00eamio por ele<\/figcaption><\/figure><\/div>\n\n<div class=\"wp-block-image\">\n<figure class=\"aligncenter size-full is-resized\"><img loading=\"lazy\" decoding=\"async\" width=\"697\" height=\"501\" src=\"https:\/\/dedemesquita.com.br\/wp-content\/uploads\/2025\/02\/Screenshot_2025-01-29-22-09-31-226_com.instagram.android.jpg\" alt=\"\" class=\"wp-image-11367\" style=\"width:697px;height:auto\"\/><figcaption class=\"wp-element-caption\">Jeferson, Brito, Tarso, Matheus, Taym\u00e3 e Neto, os bonitos da premia\u00e7\u00e3o do TCE-Par\u00e1  <\/figcaption><\/figure><\/div>\n\n\n<p><\/p>\n\n\n\n<p class=\"has-text-align-center\"><strong>MAIS FOTOS<\/strong><\/p>\n\n\n<div class=\"wp-block-image\">\n<figure class=\"aligncenter size-full\"><img loading=\"lazy\" decoding=\"async\" width=\"750\" height=\"538\" src=\"https:\/\/dedemesquita.com.br\/wp-content\/uploads\/2025\/02\/IMG_20250128_211841.jpg\" alt=\"\" class=\"wp-image-11357\"\/><figcaption class=\"wp-element-caption\">Ao centro, de verde, Alan Bordallo, na cobertura da ocupa\u00e7\u00e3o dos ind\u00edgenas na sede da Seduc<\/figcaption><\/figure><\/div>\n\n<div class=\"wp-block-image\">\n<figure class=\"aligncenter size-full\"><img loading=\"lazy\" decoding=\"async\" width=\"800\" height=\"601\" src=\"https:\/\/dedemesquita.com.br\/wp-content\/uploads\/2025\/02\/WhatsApp-Image-2025-02-01-at-07.26.14.jpeg\" alt=\"\" class=\"wp-image-11358\" srcset=\"https:\/\/dedemesquita.com.br\/wp-content\/uploads\/2025\/02\/WhatsApp-Image-2025-02-01-at-07.26.14.jpeg 800w, https:\/\/dedemesquita.com.br\/wp-content\/uploads\/2025\/02\/WhatsApp-Image-2025-02-01-at-07.26.14-768x577.jpeg 768w\" sizes=\"(max-width: 800px) 100vw, 800px\" \/><figcaption class=\"wp-element-caption\">Raimundo Pacc\u00f3 tamb\u00e9m na cobertura na sede da Seduc<\/figcaption><\/figure><\/div>\n\n<div class=\"wp-block-image\">\n<figure class=\"aligncenter size-full\"><img loading=\"lazy\" decoding=\"async\" width=\"800\" height=\"617\" src=\"https:\/\/dedemesquita.com.br\/wp-content\/uploads\/2025\/02\/Screenshot_2025-02-01-04-24-08-426_com.instagram.android.jpg\" alt=\"\" class=\"wp-image-11359\" srcset=\"https:\/\/dedemesquita.com.br\/wp-content\/uploads\/2025\/02\/Screenshot_2025-02-01-04-24-08-426_com.instagram.android.jpg 800w, https:\/\/dedemesquita.com.br\/wp-content\/uploads\/2025\/02\/Screenshot_2025-02-01-04-24-08-426_com.instagram.android-768x592.jpg 768w\" sizes=\"(max-width: 800px) 100vw, 800px\" \/><figcaption class=\"wp-element-caption\">D\u00edlson Pimentel na cobertura das \u00e1reas alagadas na Doca, na semana passada &#8211; foto de Igor Mota<\/figcaption><\/figure><\/div>\n\n<div class=\"wp-block-image\">\n<figure class=\"aligncenter size-full\"><img loading=\"lazy\" decoding=\"async\" width=\"674\" height=\"800\" src=\"https:\/\/dedemesquita.com.br\/wp-content\/uploads\/2025\/02\/Screenshot_2025-01-31-09-02-06-095_com.instagram.android.jpg\" alt=\"\" class=\"wp-image-11360\"\/><figcaption class=\"wp-element-caption\">Sidney Oliveira, Markinho Pinheiro e demais colegas na pauta de divulga\u00e7\u00e3o dos list\u00e3o do vestibular da UEPA, na sexta-feira, 31<\/figcaption><\/figure><\/div>\n\n<div class=\"wp-block-image\">\n<figure class=\"aligncenter size-full\"><img loading=\"lazy\" decoding=\"async\" width=\"750\" height=\"505\" src=\"https:\/\/dedemesquita.com.br\/wp-content\/uploads\/2025\/02\/Screenshot_2025-01-30-08-42-21-654_com.instagram.android.jpg\" alt=\"\" class=\"wp-image-11361\"\/><figcaption class=\"wp-element-caption\">Arthur Castro entrevistou a cantora Ceumar, que se apresentou em Bel\u00e9m<\/figcaption><\/figure><\/div>\n\n<div class=\"wp-block-image\">\n<figure class=\"aligncenter size-full\"><img loading=\"lazy\" decoding=\"async\" width=\"582\" height=\"800\" src=\"https:\/\/dedemesquita.com.br\/wp-content\/uploads\/2025\/02\/Screenshot_2025-01-30-05-38-07-213_com.instagram.android.jpg\" alt=\"\" class=\"wp-image-11362\"\/><figcaption class=\"wp-element-caption\">A paraense Carol Bambo, ex-RBA TV, na reportagem pelo grupo RBS, no Rio Grande do Sul<\/figcaption><\/figure><\/div>\n\n<div class=\"wp-block-image\">\n<figure class=\"aligncenter size-full\"><img loading=\"lazy\" decoding=\"async\" width=\"800\" height=\"559\" src=\"https:\/\/dedemesquita.com.br\/wp-content\/uploads\/2025\/02\/Screenshot_2025-01-30-04-25-12-594_com.instagram.android.jpg\" alt=\"\" class=\"wp-image-11363\" srcset=\"https:\/\/dedemesquita.com.br\/wp-content\/uploads\/2025\/02\/Screenshot_2025-01-30-04-25-12-594_com.instagram.android.jpg 800w, https:\/\/dedemesquita.com.br\/wp-content\/uploads\/2025\/02\/Screenshot_2025-01-30-04-25-12-594_com.instagram.android-768x537.jpg 768w\" sizes=\"(max-width: 800px) 100vw, 800px\" \/><figcaption class=\"wp-element-caption\">Equipe das Emissoras Cultura na pauta da inaugura\u00e7\u00e3o da Usina da Paz de Castanhal, na quinta-feira, 30 <\/figcaption><\/figure><\/div>","protected":false},"excerpt":{"rendered":"<p>Bel\u00e9m, 4 de fevereiro de 2025 &#8211; Vamos que vamos, porque este site tem compromisso de tarde e de noite, e o fechamento da postagem, nesta ter\u00e7a-feira, \u00e9 mais cedo. Povo na Secretaria de Comunica\u00e7\u00e3o, ex-Comus &#8211; A jornalista Marli Portilho deixou o jornal Di\u00e1rio do Par\u00e1 e est\u00e1 na Secretaria de Comunica\u00e7\u00e3o da Prefeitura [&hellip;]<\/p>\n","protected":false},"author":2,"featured_media":11364,"comment_status":"open","ping_status":"open","sticky":false,"template":"","format":"standard","meta":{"footnotes":""},"categories":[51,14,29],"tags":[136,181,119,120,144,150,137],"class_list":["post-11330","post","type-post","status-publish","format-standard","has-post-thumbnail","hentry","category-destaque","category-imprensa","category-jornalismo","tag-comus-agencia-belem","tag-diario-do-para","tag-jornalismo","tag-jornalistas-paraenses-em-acao","tag-o-liberal","tag-secom-pa","tag-tv-liberal"],"yoast_head":"<!-- This site is optimized with the Yoast SEO plugin v19.10 - https:\/\/yoast.com\/wordpress\/plugins\/seo\/ -->\n<title>TCE-Par\u00e1 entrega seu I Pr\u00eamio do Jornalismo, mudan\u00e7as nas reda\u00e7\u00f5es a todo vapor, portais DOL e Di\u00e1rio do Par\u00e1 s\u00e3o modificados e muito mais - Ded\u00e9 Mesquita<\/title>\n<meta name=\"robots\" content=\"index, follow, max-snippet:-1, max-image-preview:large, max-video-preview:-1\" \/>\n<link rel=\"canonical\" href=\"https:\/\/dedemesquita.com.br\/?p=11330\" \/>\n<meta property=\"og:locale\" content=\"pt_BR\" \/>\n<meta property=\"og:type\" content=\"article\" \/>\n<meta property=\"og:title\" content=\"TCE-Par\u00e1 entrega seu I Pr\u00eamio do Jornalismo, mudan\u00e7as nas reda\u00e7\u00f5es a todo vapor, portais DOL e Di\u00e1rio do Par\u00e1 s\u00e3o modificados e muito mais - Ded\u00e9 Mesquita\" \/>\n<meta property=\"og:description\" content=\"Bel\u00e9m, 4 de fevereiro de 2025 &#8211; Vamos que vamos, porque este site tem compromisso de tarde e de noite, e o fechamento da postagem, nesta ter\u00e7a-feira, \u00e9 mais cedo. Povo na Secretaria de Comunica\u00e7\u00e3o, ex-Comus &#8211; A jornalista Marli Portilho deixou o jornal Di\u00e1rio do Par\u00e1 e est\u00e1 na Secretaria de Comunica\u00e7\u00e3o da Prefeitura [&hellip;]\" \/>\n<meta property=\"og:url\" content=\"https:\/\/dedemesquita.com.br\/?p=11330\" \/>\n<meta property=\"og:site_name\" content=\"Ded\u00e9 Mesquita\" \/>\n<meta property=\"article:publisher\" content=\"https:\/\/www.facebook.com\/dede.mesquita\" \/>\n<meta property=\"article:published_time\" content=\"2025-02-04T15:21:55+00:00\" \/>\n<meta property=\"article:modified_time\" content=\"2025-02-04T15:55:38+00:00\" \/>\n<meta property=\"og:image\" content=\"https:\/\/dedemesquita.com.br\/wp-content\/uploads\/2025\/02\/tce.jpeg\" \/>\n\t<meta property=\"og:image:width\" content=\"950\" \/>\n\t<meta property=\"og:image:height\" content=\"444\" \/>\n\t<meta property=\"og:image:type\" content=\"image\/jpeg\" \/>\n<meta name=\"author\" content=\"Ded\u00e9 Mesquita\" \/>\n<meta name=\"twitter:card\" content=\"summary_large_image\" \/>\n<meta name=\"twitter:creator\" content=\"@dedemesquita\" \/>\n<meta name=\"twitter:site\" content=\"@dedemesquita\" \/>\n<meta name=\"twitter:label1\" content=\"Escrito por\" \/>\n\t<meta name=\"twitter:data1\" content=\"Ded\u00e9 Mesquita\" \/>\n\t<meta name=\"twitter:label2\" content=\"Est. tempo de leitura\" \/>\n\t<meta name=\"twitter:data2\" content=\"16 minutos\" \/>\n<script type=\"application\/ld+json\" class=\"yoast-schema-graph\">{\"@context\":\"https:\/\/schema.org\",\"@graph\":[{\"@type\":\"WebPage\",\"@id\":\"https:\/\/dedemesquita.com.br\/?p=11330\",\"url\":\"https:\/\/dedemesquita.com.br\/?p=11330\",\"name\":\"TCE-Par\u00e1 entrega seu I Pr\u00eamio do Jornalismo, mudan\u00e7as nas reda\u00e7\u00f5es a todo vapor, portais DOL e Di\u00e1rio do Par\u00e1 s\u00e3o modificados e muito mais - Ded\u00e9 Mesquita\",\"isPartOf\":{\"@id\":\"https:\/\/dedemesquita.com.br\/#website\"},\"datePublished\":\"2025-02-04T15:21:55+00:00\",\"dateModified\":\"2025-02-04T15:55:38+00:00\",\"author\":{\"@id\":\"https:\/\/dedemesquita.com.br\/#\/schema\/person\/36571f81dd2d76dc3ab37231542c9e24\"},\"breadcrumb\":{\"@id\":\"https:\/\/dedemesquita.com.br\/?p=11330#breadcrumb\"},\"inLanguage\":\"pt-BR\",\"potentialAction\":[{\"@type\":\"ReadAction\",\"target\":[\"https:\/\/dedemesquita.com.br\/?p=11330\"]}]},{\"@type\":\"BreadcrumbList\",\"@id\":\"https:\/\/dedemesquita.com.br\/?p=11330#breadcrumb\",\"itemListElement\":[{\"@type\":\"ListItem\",\"position\":1,\"name\":\"In\u00edcio\",\"item\":\"https:\/\/dedemesquita.com.br\/\"},{\"@type\":\"ListItem\",\"position\":2,\"name\":\"TCE-Par\u00e1 entrega seu I Pr\u00eamio do Jornalismo, mudan\u00e7as nas reda\u00e7\u00f5es a todo vapor, portais DOL e Di\u00e1rio do Par\u00e1 s\u00e3o modificados e muito mais\"}]},{\"@type\":\"WebSite\",\"@id\":\"https:\/\/dedemesquita.com.br\/#website\",\"url\":\"https:\/\/dedemesquita.com.br\/\",\"name\":\"Ded\u00e9 Mesquita\",\"description\":\"Um site que mostra os bastidores da imprensa no estado do Par\u00e1 e em Bel\u00e9m\",\"potentialAction\":[{\"@type\":\"SearchAction\",\"target\":{\"@type\":\"EntryPoint\",\"urlTemplate\":\"https:\/\/dedemesquita.com.br\/?s={search_term_string}\"},\"query-input\":\"required name=search_term_string\"}],\"inLanguage\":\"pt-BR\"},{\"@type\":\"Person\",\"@id\":\"https:\/\/dedemesquita.com.br\/#\/schema\/person\/36571f81dd2d76dc3ab37231542c9e24\",\"name\":\"Ded\u00e9 Mesquita\",\"image\":{\"@type\":\"ImageObject\",\"inLanguage\":\"pt-BR\",\"@id\":\"https:\/\/dedemesquita.com.br\/#\/schema\/person\/image\/\",\"url\":\"https:\/\/dedemesquita.com.br\/wp-content\/uploads\/2021\/02\/foto_perfil-150x150.jpg\",\"contentUrl\":\"https:\/\/dedemesquita.com.br\/wp-content\/uploads\/2021\/02\/foto_perfil-150x150.jpg\",\"caption\":\"Ded\u00e9 Mesquita\"},\"sameAs\":[\"https:\/\/dedemesquita.com.br\"]}]}<\/script>\n<!-- \/ Yoast SEO plugin. -->","yoast_head_json":{"title":"TCE-Par\u00e1 entrega seu I Pr\u00eamio do Jornalismo, mudan\u00e7as nas reda\u00e7\u00f5es a todo vapor, portais DOL e Di\u00e1rio do Par\u00e1 s\u00e3o modificados e muito mais - Ded\u00e9 Mesquita","robots":{"index":"index","follow":"follow","max-snippet":"max-snippet:-1","max-image-preview":"max-image-preview:large","max-video-preview":"max-video-preview:-1"},"canonical":"https:\/\/dedemesquita.com.br\/?p=11330","og_locale":"pt_BR","og_type":"article","og_title":"TCE-Par\u00e1 entrega seu I Pr\u00eamio do Jornalismo, mudan\u00e7as nas reda\u00e7\u00f5es a todo vapor, portais DOL e Di\u00e1rio do Par\u00e1 s\u00e3o modificados e muito mais - Ded\u00e9 Mesquita","og_description":"Bel\u00e9m, 4 de fevereiro de 2025 &#8211; Vamos que vamos, porque este site tem compromisso de tarde e de noite, e o fechamento da postagem, nesta ter\u00e7a-feira, \u00e9 mais cedo. Povo na Secretaria de Comunica\u00e7\u00e3o, ex-Comus &#8211; A jornalista Marli Portilho deixou o jornal Di\u00e1rio do Par\u00e1 e est\u00e1 na Secretaria de Comunica\u00e7\u00e3o da Prefeitura [&hellip;]","og_url":"https:\/\/dedemesquita.com.br\/?p=11330","og_site_name":"Ded\u00e9 Mesquita","article_publisher":"https:\/\/www.facebook.com\/dede.mesquita","article_published_time":"2025-02-04T15:21:55+00:00","article_modified_time":"2025-02-04T15:55:38+00:00","og_image":[{"width":950,"height":444,"url":"https:\/\/dedemesquita.com.br\/wp-content\/uploads\/2025\/02\/tce.jpeg","type":"image\/jpeg"}],"author":"Ded\u00e9 Mesquita","twitter_card":"summary_large_image","twitter_creator":"@dedemesquita","twitter_site":"@dedemesquita","twitter_misc":{"Escrito por":"Ded\u00e9 Mesquita","Est. tempo de leitura":"16 minutos"},"schema":{"@context":"https:\/\/schema.org","@graph":[{"@type":"WebPage","@id":"https:\/\/dedemesquita.com.br\/?p=11330","url":"https:\/\/dedemesquita.com.br\/?p=11330","name":"TCE-Par\u00e1 entrega seu I Pr\u00eamio do Jornalismo, mudan\u00e7as nas reda\u00e7\u00f5es a todo vapor, portais DOL e Di\u00e1rio do Par\u00e1 s\u00e3o modificados e muito mais - Ded\u00e9 Mesquita","isPartOf":{"@id":"https:\/\/dedemesquita.com.br\/#website"},"datePublished":"2025-02-04T15:21:55+00:00","dateModified":"2025-02-04T15:55:38+00:00","author":{"@id":"https:\/\/dedemesquita.com.br\/#\/schema\/person\/36571f81dd2d76dc3ab37231542c9e24"},"breadcrumb":{"@id":"https:\/\/dedemesquita.com.br\/?p=11330#breadcrumb"},"inLanguage":"pt-BR","potentialAction":[{"@type":"ReadAction","target":["https:\/\/dedemesquita.com.br\/?p=11330"]}]},{"@type":"BreadcrumbList","@id":"https:\/\/dedemesquita.com.br\/?p=11330#breadcrumb","itemListElement":[{"@type":"ListItem","position":1,"name":"In\u00edcio","item":"https:\/\/dedemesquita.com.br\/"},{"@type":"ListItem","position":2,"name":"TCE-Par\u00e1 entrega seu I Pr\u00eamio do Jornalismo, mudan\u00e7as nas reda\u00e7\u00f5es a todo vapor, portais DOL e Di\u00e1rio do Par\u00e1 s\u00e3o modificados e muito mais"}]},{"@type":"WebSite","@id":"https:\/\/dedemesquita.com.br\/#website","url":"https:\/\/dedemesquita.com.br\/","name":"Ded\u00e9 Mesquita","description":"Um site que mostra os bastidores da imprensa no estado do Par\u00e1 e em Bel\u00e9m","potentialAction":[{"@type":"SearchAction","target":{"@type":"EntryPoint","urlTemplate":"https:\/\/dedemesquita.com.br\/?s={search_term_string}"},"query-input":"required name=search_term_string"}],"inLanguage":"pt-BR"},{"@type":"Person","@id":"https:\/\/dedemesquita.com.br\/#\/schema\/person\/36571f81dd2d76dc3ab37231542c9e24","name":"Ded\u00e9 Mesquita","image":{"@type":"ImageObject","inLanguage":"pt-BR","@id":"https:\/\/dedemesquita.com.br\/#\/schema\/person\/image\/","url":"https:\/\/dedemesquita.com.br\/wp-content\/uploads\/2021\/02\/foto_perfil-150x150.jpg","contentUrl":"https:\/\/dedemesquita.com.br\/wp-content\/uploads\/2021\/02\/foto_perfil-150x150.jpg","caption":"Ded\u00e9 Mesquita"},"sameAs":["https:\/\/dedemesquita.com.br"]}]}},"_links":{"self":[{"href":"https:\/\/dedemesquita.com.br\/index.php?rest_route=\/wp\/v2\/posts\/11330"}],"collection":[{"href":"https:\/\/dedemesquita.com.br\/index.php?rest_route=\/wp\/v2\/posts"}],"about":[{"href":"https:\/\/dedemesquita.com.br\/index.php?rest_route=\/wp\/v2\/types\/post"}],"author":[{"embeddable":true,"href":"https:\/\/dedemesquita.com.br\/index.php?rest_route=\/wp\/v2\/users\/2"}],"replies":[{"embeddable":true,"href":"https:\/\/dedemesquita.com.br\/index.php?rest_route=%2Fwp%2Fv2%2Fcomments&post=11330"}],"version-history":[{"count":5,"href":"https:\/\/dedemesquita.com.br\/index.php?rest_route=\/wp\/v2\/posts\/11330\/revisions"}],"predecessor-version":[{"id":11370,"href":"https:\/\/dedemesquita.com.br\/index.php?rest_route=\/wp\/v2\/posts\/11330\/revisions\/11370"}],"wp:featuredmedia":[{"embeddable":true,"href":"https:\/\/dedemesquita.com.br\/index.php?rest_route=\/wp\/v2\/media\/11364"}],"wp:attachment":[{"href":"https:\/\/dedemesquita.com.br\/index.php?rest_route=%2Fwp%2Fv2%2Fmedia&parent=11330"}],"wp:term":[{"taxonomy":"category","embeddable":true,"href":"https:\/\/dedemesquita.com.br\/index.php?rest_route=%2Fwp%2Fv2%2Fcategories&post=11330"},{"taxonomy":"post_tag","embeddable":true,"href":"https:\/\/dedemesquita.com.br\/index.php?rest_route=%2Fwp%2Fv2%2Ftags&post=11330"}],"curies":[{"name":"wp","href":"https:\/\/api.w.org\/{rel}","templated":true}]}}