{"id":11282,"date":"2025-02-03T19:33:46","date_gmt":"2025-02-03T22:33:46","guid":{"rendered":"https:\/\/dedemesquita.com.br\/?p=11282"},"modified":"2025-02-03T22:17:43","modified_gmt":"2025-02-04T01:17:43","slug":"decisao-da-supercopa-do-brasil-leva-uma-enchente-de-coleguinhas-ao-mangueirao","status":"publish","type":"post","link":"https:\/\/dedemesquita.com.br\/?p=11282","title":{"rendered":"Decis\u00e3o da Supercopa do Brasil leva uma &#8216;enchente&#8217; de coleguinhas ao Mangueir\u00e3o"},"content":{"rendered":"\n<p><strong>Bel\u00e9m, 3 de fevereiro de 2025 &#8211; <\/strong>Pela primeira vez, a decis\u00e3o da <strong>Supercopa Betano Rei <\/strong>foi disputada em Bel\u00e9m, no est\u00e1dio Ol\u00edmpico do Par\u00e1 Jornalista Edgar Proen\u00e7a, o <strong>Mangueir\u00e3o<\/strong>. O primeiro t\u00edtulo do futebol de 2025, foi disputado no domingo, 2, entre <strong>Flamengo<\/strong>, campe\u00e3o da Copa do Brasil, e <strong>Botafog<\/strong>o, campe\u00e3o do Brasileir\u00e3o. <\/p>\n\n\n\n<p>A partida, que ficou paralisada durante mais de uma hora, por conta da chuva torrencial que caiu sobre a cidade, terminou com a <strong>vit\u00f3ria do Flamengo por 3 x 1<\/strong>. O time rubro negro se tornou assim o maior campe\u00e3o dessa Copa, com tr\u00eas t\u00edtulos. <\/p>\n\n\n\n<p>Veja os coleguinhas que enfrentaram <strong>um verdadeiro dil\u00favio<\/strong>, mas estiveram no Mangueir\u00e3o e &#8220;deram o nome&#8221;. Al\u00e9m deles, outros colegas estavam nas arquibancadas torcendo por seus times. <\/p>\n\n\n<div class=\"wp-block-image\">\n<figure class=\"aligncenter size-full\"><img loading=\"lazy\" decoding=\"async\" width=\"483\" height=\"800\" src=\"https:\/\/dedemesquita.com.br\/wp-content\/uploads\/2025\/02\/WhatsApp-Image-2025-02-02-at-21.46.34.jpeg\" alt=\"\" class=\"wp-image-11286\"\/><figcaption class=\"wp-element-caption\">Paulo Lisboa comanda o selfie com os outros colegas como Passarinho, Sidney Oliveira, Cezar Magalh\u00e3es e Osmarino Sousa <\/figcaption><\/figure><\/div>\n\n<div class=\"wp-block-image\">\n<figure class=\"aligncenter size-full\"><img loading=\"lazy\" decoding=\"async\" width=\"800\" height=\"625\" src=\"https:\/\/dedemesquita.com.br\/wp-content\/uploads\/2025\/02\/WhatsApp-Image-2025-02-03-at-22.12.30.jpeg\" alt=\"\" class=\"wp-image-11327\" srcset=\"https:\/\/dedemesquita.com.br\/wp-content\/uploads\/2025\/02\/WhatsApp-Image-2025-02-03-at-22.12.30.jpeg 800w, https:\/\/dedemesquita.com.br\/wp-content\/uploads\/2025\/02\/WhatsApp-Image-2025-02-03-at-22.12.30-768x600.jpeg 768w\" sizes=\"(max-width: 800px) 100vw, 800px\" \/><figcaption class=\"wp-element-caption\">A turma dos cinegrafistas, com Jumbinho, J\u00falio Souza, Luis Celso Nascimento e mais dois colegas <\/figcaption><\/figure><\/div>\n\n<div class=\"wp-block-image\">\n<figure class=\"aligncenter size-full\"><img loading=\"lazy\" decoding=\"async\" width=\"800\" height=\"667\" src=\"https:\/\/dedemesquita.com.br\/wp-content\/uploads\/2025\/02\/Screenshot_2025-02-03-16-03-48-763_com.instagram.android.jpg\" alt=\"\" class=\"wp-image-11285\" srcset=\"https:\/\/dedemesquita.com.br\/wp-content\/uploads\/2025\/02\/Screenshot_2025-02-03-16-03-48-763_com.instagram.android.jpg 800w, https:\/\/dedemesquita.com.br\/wp-content\/uploads\/2025\/02\/Screenshot_2025-02-03-16-03-48-763_com.instagram.android-768x640.jpg 768w\" sizes=\"(max-width: 800px) 100vw, 800px\" \/><figcaption class=\"wp-element-caption\">Laiana Damasceno e seu imenso amor pelo Botafogo <\/figcaption><\/figure><\/div>\n\n<div class=\"wp-block-image\">\n<figure class=\"aligncenter size-full\"><img loading=\"lazy\" decoding=\"async\" width=\"800\" height=\"600\" src=\"https:\/\/dedemesquita.com.br\/wp-content\/uploads\/2025\/02\/WhatsApp-Image-2025-02-02-at-13.38.22.jpeg\" alt=\"\" class=\"wp-image-11287\" srcset=\"https:\/\/dedemesquita.com.br\/wp-content\/uploads\/2025\/02\/WhatsApp-Image-2025-02-02-at-13.38.22.jpeg 800w, https:\/\/dedemesquita.com.br\/wp-content\/uploads\/2025\/02\/WhatsApp-Image-2025-02-02-at-13.38.22-768x576.jpeg 768w\" sizes=\"(max-width: 800px) 100vw, 800px\" \/><figcaption class=\"wp-element-caption\">Amig\u00e3o e Magalha &#8211; foto de Cezar Magalh\u00e3es<\/figcaption><\/figure><\/div>\n\n<div class=\"wp-block-image\">\n<figure class=\"aligncenter size-full\"><img loading=\"lazy\" decoding=\"async\" width=\"800\" height=\"702\" src=\"https:\/\/dedemesquita.com.br\/wp-content\/uploads\/2025\/02\/WhatsApp-Image-2025-02-02-at-13.52.59.jpeg\" alt=\"\" class=\"wp-image-11288\" srcset=\"https:\/\/dedemesquita.com.br\/wp-content\/uploads\/2025\/02\/WhatsApp-Image-2025-02-02-at-13.52.59.jpeg 800w, https:\/\/dedemesquita.com.br\/wp-content\/uploads\/2025\/02\/WhatsApp-Image-2025-02-02-at-13.52.59-768x674.jpeg 768w\" sizes=\"(max-width: 800px) 100vw, 800px\" \/><figcaption class=\"wp-element-caption\">Raimundo Pacc\u00f3 e Sidney Oliveira<\/figcaption><\/figure><\/div>\n\n<div class=\"wp-block-image\">\n<figure class=\"aligncenter size-full\"><img loading=\"lazy\" decoding=\"async\" width=\"800\" height=\"690\" src=\"https:\/\/dedemesquita.com.br\/wp-content\/uploads\/2025\/02\/WhatsApp-Image-2025-02-02-at-13.53.01.jpeg\" alt=\"\" class=\"wp-image-11289\" srcset=\"https:\/\/dedemesquita.com.br\/wp-content\/uploads\/2025\/02\/WhatsApp-Image-2025-02-02-at-13.53.01.jpeg 800w, https:\/\/dedemesquita.com.br\/wp-content\/uploads\/2025\/02\/WhatsApp-Image-2025-02-02-at-13.53.01-768x662.jpeg 768w\" sizes=\"(max-width: 800px) 100vw, 800px\" \/><figcaption class=\"wp-element-caption\">Turma da R\u00e1dio Liberal com Abner Luiz e Michel<\/figcaption><\/figure><\/div>\n\n<div class=\"wp-block-image\">\n<figure class=\"aligncenter size-full\"><img loading=\"lazy\" decoding=\"async\" width=\"800\" height=\"627\" src=\"https:\/\/dedemesquita.com.br\/wp-content\/uploads\/2025\/02\/WhatsApp-Image-2025-02-02-at-13.52.57.jpeg\" alt=\"\" class=\"wp-image-11290\" srcset=\"https:\/\/dedemesquita.com.br\/wp-content\/uploads\/2025\/02\/WhatsApp-Image-2025-02-02-at-13.52.57.jpeg 800w, https:\/\/dedemesquita.com.br\/wp-content\/uploads\/2025\/02\/WhatsApp-Image-2025-02-02-at-13.52.57-768x602.jpeg 768w\" sizes=\"(max-width: 800px) 100vw, 800px\" \/><figcaption class=\"wp-element-caption\">Pacc\u00f3 e Amig\u00e3o<\/figcaption><\/figure><\/div>\n\n<div class=\"wp-block-image\">\n<figure class=\"aligncenter size-full\"><img loading=\"lazy\" decoding=\"async\" width=\"700\" height=\"560\" src=\"https:\/\/dedemesquita.com.br\/wp-content\/uploads\/2025\/02\/Screenshot_2025-02-03-17-58-12-549_com.instagram.android.jpg\" alt=\"\" class=\"wp-image-11291\"\/><figcaption class=\"wp-element-caption\">Diego Beckman pela r\u00e1dio CBN Amaz\u00f4nia Bel\u00e9m<\/figcaption><\/figure><\/div>\n\n<div class=\"wp-block-image\">\n<figure class=\"aligncenter size-full\"><img loading=\"lazy\" decoding=\"async\" width=\"595\" height=\"723\" src=\"https:\/\/dedemesquita.com.br\/wp-content\/uploads\/2025\/02\/WhatsApp-Image-2025-02-03-at-11.44.42.jpeg\" alt=\"\" class=\"wp-image-11292\"\/><figcaption class=\"wp-element-caption\">Toni Gon\u00e7alves, o Carapir\u00e1, e a torcida pelo Fog\u00e3o <\/figcaption><\/figure><\/div>\n\n<div class=\"wp-block-image\">\n<figure class=\"aligncenter size-full\"><img loading=\"lazy\" decoding=\"async\" width=\"421\" height=\"750\" src=\"https:\/\/dedemesquita.com.br\/wp-content\/uploads\/2025\/02\/WhatsApp-Image-2025-02-02-at-13.21.23.jpeg\" alt=\"\" class=\"wp-image-11293\"\/><figcaption class=\"wp-element-caption\">Amig\u00e3o Sidney Oliveira, antes do dil\u00favio &#8211; foto de Cezar Magalh\u00e3es<\/figcaption><\/figure><\/div>\n\n<div class=\"wp-block-image\">\n<figure class=\"aligncenter size-full\"><img loading=\"lazy\" decoding=\"async\" width=\"600\" height=\"800\" src=\"https:\/\/dedemesquita.com.br\/wp-content\/uploads\/2025\/02\/WhatsApp-Image-2025-02-02-at-13.20.50.jpeg\" alt=\"\" class=\"wp-image-11294\"\/><figcaption class=\"wp-element-caption\">Magalha de olho no lance &#8211; foto de Sidney Oliveira<\/figcaption><\/figure><\/div>\n\n<div class=\"wp-block-image\">\n<figure class=\"aligncenter size-full\"><img loading=\"lazy\" decoding=\"async\" width=\"585\" height=\"700\" src=\"https:\/\/dedemesquita.com.br\/wp-content\/uploads\/2025\/02\/WhatsApp-Image-2025-02-02-at-13.20.50-1.jpeg\" alt=\"\" class=\"wp-image-11295\"\/><figcaption class=\"wp-element-caption\">Tudo era calma antes do chuv\u00e3o, n\u00e3o foi, Magalha? &#8211; foto de Sidney Oliveira<\/figcaption><\/figure><\/div>\n\n<div class=\"wp-block-image\">\n<figure class=\"aligncenter size-full is-resized\"><img loading=\"lazy\" decoding=\"async\" width=\"662\" height=\"800\" src=\"https:\/\/dedemesquita.com.br\/wp-content\/uploads\/2025\/02\/WhatsApp-Image-2025-02-02-at-13.52.17.jpeg\" alt=\"\" class=\"wp-image-11296\" style=\"width:662px;height:auto\"\/><figcaption class=\"wp-element-caption\">Amig\u00e3o, Magalha e Pacc\u00f3 &#8211; foto de Sidney Oliveira<\/figcaption><\/figure><\/div>\n\n<div class=\"wp-block-image\">\n<figure class=\"aligncenter size-full\"><img loading=\"lazy\" decoding=\"async\" width=\"601\" height=\"800\" src=\"https:\/\/dedemesquita.com.br\/wp-content\/uploads\/2025\/02\/WhatsApp-Image-2025-02-02-at-14.18.41.jpeg\" alt=\"\" class=\"wp-image-11297\"\/><figcaption class=\"wp-element-caption\">Sidney Oliveira e Osmarino Sousa <\/figcaption><\/figure><\/div>\n\n<div class=\"wp-block-image\">\n<figure class=\"aligncenter size-full\"><img loading=\"lazy\" decoding=\"async\" width=\"600\" height=\"800\" src=\"https:\/\/dedemesquita.com.br\/wp-content\/uploads\/2025\/02\/WhatsApp-Image-2025-02-02-at-22.02.39.jpeg\" alt=\"\" class=\"wp-image-11298\"\/><figcaption class=\"wp-element-caption\">Magalha e o ex-jogador Grafite, que agora \u00e9 comentarista do SporTV<\/figcaption><\/figure><\/div>\n\n<div class=\"wp-block-image\">\n<figure class=\"aligncenter size-full\"><img loading=\"lazy\" decoding=\"async\" width=\"615\" height=\"800\" src=\"https:\/\/dedemesquita.com.br\/wp-content\/uploads\/2025\/02\/WhatsApp-Image-2025-02-02-at-17.19.07.jpeg\" alt=\"\" class=\"wp-image-11299\"\/><figcaption class=\"wp-element-caption\">Antenor Filho nem se incomoda com a pista encharcada <\/figcaption><\/figure><\/div>\n\n<div class=\"wp-block-image\">\n<figure class=\"aligncenter size-full is-resized\"><img loading=\"lazy\" decoding=\"async\" width=\"513\" height=\"800\" src=\"https:\/\/dedemesquita.com.br\/wp-content\/uploads\/2025\/02\/WhatsApp-Image-2025-02-02-at-17.19.11.jpeg\" alt=\"\" class=\"wp-image-11300\" style=\"width:513px;height:auto\"\/><figcaption class=\"wp-element-caption\">Thiago Gomes, do jornal O Liberal &#8211; foto de Antenor Filho<\/figcaption><\/figure><\/div>\n\n<div class=\"wp-block-image\">\n<figure class=\"aligncenter size-full\"><img loading=\"lazy\" decoding=\"async\" width=\"705\" height=\"441\" src=\"https:\/\/dedemesquita.com.br\/wp-content\/uploads\/2025\/02\/WhatsApp-Image-2025-02-02-at-17.19.12.jpeg\" alt=\"\" class=\"wp-image-11301\"\/><figcaption class=\"wp-element-caption\">Thiago, de novo &#8211; foto de Antenor Filho<\/figcaption><\/figure><\/div>\n\n<div class=\"wp-block-image\">\n<figure class=\"aligncenter size-full\"><img loading=\"lazy\" decoding=\"async\" width=\"800\" height=\"600\" src=\"https:\/\/dedemesquita.com.br\/wp-content\/uploads\/2025\/02\/WhatsApp-Image-2025-02-02-at-17.19.13.jpeg\" alt=\"\" class=\"wp-image-11302\" srcset=\"https:\/\/dedemesquita.com.br\/wp-content\/uploads\/2025\/02\/WhatsApp-Image-2025-02-02-at-17.19.13.jpeg 800w, https:\/\/dedemesquita.com.br\/wp-content\/uploads\/2025\/02\/WhatsApp-Image-2025-02-02-at-17.19.13-768x576.jpeg 768w\" sizes=\"(max-width: 800px) 100vw, 800px\" \/><figcaption class=\"wp-element-caption\">E esse equil\u00edbrio total do Igor Mota? &#8211; foto de Antenor Filho<\/figcaption><\/figure><\/div>\n\n<div class=\"wp-block-image\">\n<figure class=\"aligncenter size-full\"><img loading=\"lazy\" decoding=\"async\" width=\"800\" height=\"515\" src=\"https:\/\/dedemesquita.com.br\/wp-content\/uploads\/2025\/02\/WhatsApp-Image-2025-02-02-at-17.19.15.jpeg\" alt=\"\" class=\"wp-image-11303\" srcset=\"https:\/\/dedemesquita.com.br\/wp-content\/uploads\/2025\/02\/WhatsApp-Image-2025-02-02-at-17.19.15.jpeg 800w, https:\/\/dedemesquita.com.br\/wp-content\/uploads\/2025\/02\/WhatsApp-Image-2025-02-02-at-17.19.15-768x494.jpeg 768w\" sizes=\"(max-width: 800px) 100vw, 800px\" \/><figcaption class=\"wp-element-caption\">Menino Wagner Santana foi um dos que mais aproveitou o Centro de m\u00eddia e o poderoso buffet disponibilizado no evento pela Secom-PA (no meu tempo de Mangueir\u00e3o n\u00e3o era assim, n\u00e3o. Ainda bem que melhorou) &#8211; foto de Antenor Filho<\/figcaption><\/figure><\/div>\n\n<div class=\"wp-block-image\">\n<figure class=\"aligncenter size-full\"><img loading=\"lazy\" decoding=\"async\" width=\"800\" height=\"603\" src=\"https:\/\/dedemesquita.com.br\/wp-content\/uploads\/2025\/02\/WhatsApp-Image-2025-02-02-at-17.19.15-1.jpeg\" alt=\"\" class=\"wp-image-11304\" srcset=\"https:\/\/dedemesquita.com.br\/wp-content\/uploads\/2025\/02\/WhatsApp-Image-2025-02-02-at-17.19.15-1.jpeg 800w, https:\/\/dedemesquita.com.br\/wp-content\/uploads\/2025\/02\/WhatsApp-Image-2025-02-02-at-17.19.15-1-768x579.jpeg 768w\" sizes=\"(max-width: 800px) 100vw, 800px\" \/><figcaption class=\"wp-element-caption\">Pacc\u00f3 tamb\u00e9m n\u00e3o se fez de rogado na sala de m\u00eddia &#8211; foto de Antenor Filho<\/figcaption><\/figure><\/div>\n\n<div class=\"wp-block-image\">\n<figure class=\"aligncenter size-full\"><img loading=\"lazy\" decoding=\"async\" width=\"450\" height=\"800\" src=\"https:\/\/dedemesquita.com.br\/wp-content\/uploads\/2025\/02\/WhatsApp-Image-2025-02-02-at-17.19.15-2.jpeg\" alt=\"\" class=\"wp-image-11305\"\/><figcaption class=\"wp-element-caption\">Antenor Filho modelando<\/figcaption><\/figure><\/div>\n\n<div class=\"wp-block-image\">\n<figure class=\"aligncenter size-full\"><img loading=\"lazy\" decoding=\"async\" width=\"800\" height=\"611\" src=\"https:\/\/dedemesquita.com.br\/wp-content\/uploads\/2025\/02\/WhatsApp-Image-2025-02-02-at-19.32.39.jpeg\" alt=\"\" class=\"wp-image-11306\" srcset=\"https:\/\/dedemesquita.com.br\/wp-content\/uploads\/2025\/02\/WhatsApp-Image-2025-02-02-at-19.32.39.jpeg 800w, https:\/\/dedemesquita.com.br\/wp-content\/uploads\/2025\/02\/WhatsApp-Image-2025-02-02-at-19.32.39-768x587.jpeg 768w\" sizes=\"(max-width: 800px) 100vw, 800px\" \/><figcaption class=\"wp-element-caption\">Equipe da TV Liberal, com o c\u00e2mera Jorge Paix\u00e3o<\/figcaption><\/figure><\/div>\n\n<div class=\"wp-block-image\">\n<figure class=\"aligncenter size-full\"><img loading=\"lazy\" decoding=\"async\" width=\"629\" height=\"700\" src=\"https:\/\/dedemesquita.com.br\/wp-content\/uploads\/2025\/02\/Screenshot_2025-02-03-10-40-14-257_com.instagram.android.jpg\" alt=\"\" class=\"wp-image-11307\"\/><figcaption class=\"wp-element-caption\">Igor Bacelar, o Tupi, nas midias sociais do Portal Cultura <\/figcaption><\/figure><\/div>\n\n<div class=\"wp-block-image\">\n<figure class=\"aligncenter size-full\"><img loading=\"lazy\" decoding=\"async\" width=\"750\" height=\"524\" src=\"https:\/\/dedemesquita.com.br\/wp-content\/uploads\/2025\/02\/Screenshot_2025-02-03-09-32-43-566_com.instagram.android.jpg\" alt=\"\" class=\"wp-image-11308\"\/><figcaption class=\"wp-element-caption\">Jornalistas torcedores com Ant\u00f4nio Carlos &#8211; e o filho Ant\u00f4nio e as BFF Suely Leit\u00e3o e Rosa Cardoso, todos botafoguenses <\/figcaption><\/figure><\/div>\n\n<div class=\"wp-block-image\">\n<figure class=\"aligncenter size-full\"><img loading=\"lazy\" decoding=\"async\" width=\"750\" height=\"633\" src=\"https:\/\/dedemesquita.com.br\/wp-content\/uploads\/2025\/02\/WhatsApp-Image-2025-02-03-at-11.45.44.jpeg\" alt=\"\" class=\"wp-image-11324\"\/><figcaption class=\"wp-element-caption\">Tonga e Ant\u00f4nio, sempre juntos pelo Botafogo <\/figcaption><\/figure><\/div>\n\n<div class=\"wp-block-image\">\n<figure class=\"aligncenter size-full\"><img loading=\"lazy\" decoding=\"async\" width=\"700\" height=\"692\" src=\"https:\/\/dedemesquita.com.br\/wp-content\/uploads\/2025\/02\/Screenshot_2025-02-03-08-50-51-223_com.instagram.android.jpg\" alt=\"\" class=\"wp-image-11309\"\/><figcaption class=\"wp-element-caption\">Rosa Cardoso e Suely Leit\u00e3o, que veio diretamente de Macap\u00e1, onde mora e trabalha, somente para ver o Fog\u00e3o <\/figcaption><\/figure><\/div>\n\n<div class=\"wp-block-image\">\n<figure class=\"aligncenter size-full\"><img loading=\"lazy\" decoding=\"async\" width=\"800\" height=\"514\" src=\"https:\/\/dedemesquita.com.br\/wp-content\/uploads\/2025\/02\/IMG_20250202_234600.jpg\" alt=\"\" class=\"wp-image-11310\" srcset=\"https:\/\/dedemesquita.com.br\/wp-content\/uploads\/2025\/02\/IMG_20250202_234600.jpg 800w, https:\/\/dedemesquita.com.br\/wp-content\/uploads\/2025\/02\/IMG_20250202_234600-768x493.jpg 768w\" sizes=\"(max-width: 800px) 100vw, 800px\" \/><figcaption class=\"wp-element-caption\">\u00c1rea onde fica a cobertura das r\u00e1dios, e tinha buffet luxo aqui tamb\u00e9m <\/figcaption><\/figure><\/div>\n\n<div class=\"wp-block-image\">\n<figure class=\"aligncenter size-full\"><img loading=\"lazy\" decoding=\"async\" width=\"800\" height=\"560\" src=\"https:\/\/dedemesquita.com.br\/wp-content\/uploads\/2025\/02\/IMG_20250202_234537.jpg\" alt=\"\" class=\"wp-image-11311\" srcset=\"https:\/\/dedemesquita.com.br\/wp-content\/uploads\/2025\/02\/IMG_20250202_234537.jpg 800w, https:\/\/dedemesquita.com.br\/wp-content\/uploads\/2025\/02\/IMG_20250202_234537-768x538.jpg 768w\" sizes=\"(max-width: 800px) 100vw, 800px\" \/><figcaption class=\"wp-element-caption\">Essa nova \u00e1rea onde ficam os coleguinhas da imprensa, mais perto do gramado, \u00e9 uma das novidades do Novo Mangueir\u00e3o <\/figcaption><\/figure><\/div>\n\n<div class=\"wp-block-image\">\n<figure class=\"aligncenter size-full\"><img loading=\"lazy\" decoding=\"async\" width=\"700\" height=\"680\" src=\"https:\/\/dedemesquita.com.br\/wp-content\/uploads\/2025\/02\/IMG_20250202_234505.jpg\" alt=\"\" class=\"wp-image-11312\"\/><figcaption class=\"wp-element-caption\">Centro de M\u00eddia em uma defer\u00eancia da Secom-PA<\/figcaption><\/figure><\/div>\n\n<div class=\"wp-block-image\">\n<figure class=\"aligncenter size-full\"><img loading=\"lazy\" decoding=\"async\" width=\"536\" height=\"800\" src=\"https:\/\/dedemesquita.com.br\/wp-content\/uploads\/2025\/02\/IMG_20250202_234431.jpg\" alt=\"\" class=\"wp-image-11313\"\/><figcaption class=\"wp-element-caption\">Equipe da Secom-PA, com as secret\u00e1rias Verinha e Alinne, que estava no atendimento \u00e0 imprensa e na cobertura do jogo<\/figcaption><\/figure><\/div>\n\n<div class=\"wp-block-image\">\n<figure class=\"aligncenter size-full\"><img loading=\"lazy\" decoding=\"async\" width=\"711\" height=\"800\" src=\"https:\/\/dedemesquita.com.br\/wp-content\/uploads\/2025\/02\/IMG_20250202_234355.jpg\" alt=\"\" class=\"wp-image-11314\"\/><figcaption class=\"wp-element-caption\">Equipe da Secom-PA completa e a secret\u00e1ria de comunica\u00e7\u00e3o adjunta , Alinne Passos<\/figcaption><\/figure><\/div>\n\n<div class=\"wp-block-image\">\n<figure class=\"aligncenter size-full\"><img loading=\"lazy\" decoding=\"async\" width=\"736\" height=\"800\" src=\"https:\/\/dedemesquita.com.br\/wp-content\/uploads\/2025\/02\/IMG_20250202_234330.jpg\" alt=\"\" class=\"wp-image-11315\"\/><figcaption class=\"wp-element-caption\">Alinne Passos e representantes da Federa\u00e7\u00e3o Paraense de Futebol &#8211; FPF<\/figcaption><\/figure><\/div>\n\n<div class=\"wp-block-image\">\n<figure class=\"aligncenter size-full\"><img loading=\"lazy\" decoding=\"async\" width=\"726\" height=\"800\" src=\"https:\/\/dedemesquita.com.br\/wp-content\/uploads\/2025\/02\/IMG_20250202_183734.jpg\" alt=\"\" class=\"wp-image-11316\"\/><figcaption class=\"wp-element-caption\">Pacc\u00f3, Marco Santos e Paulo Lisboa <\/figcaption><\/figure><\/div>\n\n<div class=\"wp-block-image\">\n<figure class=\"aligncenter size-full\"><img loading=\"lazy\" decoding=\"async\" width=\"490\" height=\"547\" src=\"https:\/\/dedemesquita.com.br\/wp-content\/uploads\/2025\/02\/WhatsApp-Image-2025-02-03-at-19.22.47.jpeg\" alt=\"\" class=\"wp-image-11318\"\/><figcaption class=\"wp-element-caption\">Felipe Lu\u00eds, t\u00e9cnico do Flamengo, concede entrevista coletiva no Centro de M\u00eddia <\/figcaption><\/figure><\/div>\n\n<div class=\"wp-block-image\">\n<figure class=\"aligncenter size-full\"><img loading=\"lazy\" decoding=\"async\" width=\"700\" height=\"654\" src=\"https:\/\/dedemesquita.com.br\/wp-content\/uploads\/2025\/02\/WhatsApp-Image-2025-02-03-at-19.23.41.jpeg\" alt=\"\" class=\"wp-image-11319\"\/><figcaption class=\"wp-element-caption\">Gustavo Pena, da Secom-PA <\/figcaption><\/figure><\/div>\n\n<div class=\"wp-block-image\">\n<figure class=\"aligncenter size-full\"><img loading=\"lazy\" decoding=\"async\" width=\"488\" height=\"703\" src=\"https:\/\/dedemesquita.com.br\/wp-content\/uploads\/2025\/02\/WhatsApp-Image-2025-02-03-at-19.30.11.jpeg\" alt=\"\" class=\"wp-image-11320\"\/><figcaption class=\"wp-element-caption\">Tarso Sarraf levou as crian\u00e7as para ver a vit\u00f3ria do Flamengo <\/figcaption><\/figure><\/div>","protected":false},"excerpt":{"rendered":"<p>Bel\u00e9m, 3 de fevereiro de 2025 &#8211; Pela primeira vez, a decis\u00e3o da Supercopa Betano Rei foi disputada em Bel\u00e9m, no est\u00e1dio Ol\u00edmpico do Par\u00e1 Jornalista Edgar Proen\u00e7a, o Mangueir\u00e3o. O primeiro t\u00edtulo do futebol de 2025, foi disputado no domingo, 2, entre Flamengo, campe\u00e3o da Copa do Brasil, e Botafogo, campe\u00e3o do Brasileir\u00e3o. A [&hellip;]<\/p>\n","protected":false},"author":2,"featured_media":11284,"comment_status":"open","ping_status":"open","sticky":false,"template":"","format":"standard","meta":{"footnotes":""},"categories":[51,14,29],"tags":[119,120,144,204,150],"class_list":["post-11282","post","type-post","status-publish","format-standard","has-post-thumbnail","hentry","category-destaque","category-imprensa","category-jornalismo","tag-jornalismo","tag-jornalistas-paraenses-em-acao","tag-o-liberal","tag-radio-cbn-belem","tag-secom-pa"],"yoast_head":"<!-- This site is optimized with the Yoast SEO plugin v19.10 - https:\/\/yoast.com\/wordpress\/plugins\/seo\/ -->\n<title>Decis\u00e3o da Supercopa do Brasil leva uma &#039;enchente&#039; de coleguinhas ao Mangueir\u00e3o - Ded\u00e9 Mesquita<\/title>\n<meta name=\"robots\" content=\"index, follow, max-snippet:-1, max-image-preview:large, max-video-preview:-1\" \/>\n<link rel=\"canonical\" href=\"https:\/\/dedemesquita.com.br\/?p=11282\" \/>\n<meta property=\"og:locale\" content=\"pt_BR\" \/>\n<meta property=\"og:type\" content=\"article\" \/>\n<meta property=\"og:title\" content=\"Decis\u00e3o da Supercopa do Brasil leva uma &#039;enchente&#039; de coleguinhas ao Mangueir\u00e3o - Ded\u00e9 Mesquita\" \/>\n<meta property=\"og:description\" content=\"Bel\u00e9m, 3 de fevereiro de 2025 &#8211; Pela primeira vez, a decis\u00e3o da Supercopa Betano Rei foi disputada em Bel\u00e9m, no est\u00e1dio Ol\u00edmpico do Par\u00e1 Jornalista Edgar Proen\u00e7a, o Mangueir\u00e3o. O primeiro t\u00edtulo do futebol de 2025, foi disputado no domingo, 2, entre Flamengo, campe\u00e3o da Copa do Brasil, e Botafogo, campe\u00e3o do Brasileir\u00e3o. A [&hellip;]\" \/>\n<meta property=\"og:url\" content=\"https:\/\/dedemesquita.com.br\/?p=11282\" \/>\n<meta property=\"og:site_name\" content=\"Ded\u00e9 Mesquita\" \/>\n<meta property=\"article:publisher\" content=\"https:\/\/www.facebook.com\/dede.mesquita\" \/>\n<meta property=\"article:published_time\" content=\"2025-02-03T22:33:46+00:00\" \/>\n<meta property=\"article:modified_time\" content=\"2025-02-04T01:17:43+00:00\" \/>\n<meta property=\"og:image\" content=\"https:\/\/dedemesquita.com.br\/wp-content\/uploads\/2025\/02\/WhatsApp-Image-2025-02-03-at-09.01.42.jpeg\" \/>\n\t<meta property=\"og:image:width\" content=\"950\" \/>\n\t<meta property=\"og:image:height\" content=\"565\" \/>\n\t<meta property=\"og:image:type\" content=\"image\/jpeg\" \/>\n<meta name=\"author\" content=\"Ded\u00e9 Mesquita\" \/>\n<meta name=\"twitter:card\" content=\"summary_large_image\" \/>\n<meta name=\"twitter:creator\" content=\"@dedemesquita\" \/>\n<meta name=\"twitter:site\" content=\"@dedemesquita\" \/>\n<meta name=\"twitter:label1\" content=\"Escrito por\" \/>\n\t<meta name=\"twitter:data1\" content=\"Ded\u00e9 Mesquita\" \/>\n\t<meta name=\"twitter:label2\" content=\"Est. tempo de leitura\" \/>\n\t<meta name=\"twitter:data2\" content=\"11 minutos\" \/>\n<script type=\"application\/ld+json\" class=\"yoast-schema-graph\">{\"@context\":\"https:\/\/schema.org\",\"@graph\":[{\"@type\":\"WebPage\",\"@id\":\"https:\/\/dedemesquita.com.br\/?p=11282\",\"url\":\"https:\/\/dedemesquita.com.br\/?p=11282\",\"name\":\"Decis\u00e3o da Supercopa do Brasil leva uma 'enchente' de coleguinhas ao Mangueir\u00e3o - Ded\u00e9 Mesquita\",\"isPartOf\":{\"@id\":\"https:\/\/dedemesquita.com.br\/#website\"},\"datePublished\":\"2025-02-03T22:33:46+00:00\",\"dateModified\":\"2025-02-04T01:17:43+00:00\",\"author\":{\"@id\":\"https:\/\/dedemesquita.com.br\/#\/schema\/person\/36571f81dd2d76dc3ab37231542c9e24\"},\"breadcrumb\":{\"@id\":\"https:\/\/dedemesquita.com.br\/?p=11282#breadcrumb\"},\"inLanguage\":\"pt-BR\",\"potentialAction\":[{\"@type\":\"ReadAction\",\"target\":[\"https:\/\/dedemesquita.com.br\/?p=11282\"]}]},{\"@type\":\"BreadcrumbList\",\"@id\":\"https:\/\/dedemesquita.com.br\/?p=11282#breadcrumb\",\"itemListElement\":[{\"@type\":\"ListItem\",\"position\":1,\"name\":\"In\u00edcio\",\"item\":\"https:\/\/dedemesquita.com.br\/\"},{\"@type\":\"ListItem\",\"position\":2,\"name\":\"Decis\u00e3o da Supercopa do Brasil leva uma &#8216;enchente&#8217; de coleguinhas ao Mangueir\u00e3o\"}]},{\"@type\":\"WebSite\",\"@id\":\"https:\/\/dedemesquita.com.br\/#website\",\"url\":\"https:\/\/dedemesquita.com.br\/\",\"name\":\"Ded\u00e9 Mesquita\",\"description\":\"Um site que mostra os bastidores da imprensa no estado do Par\u00e1 e em Bel\u00e9m\",\"potentialAction\":[{\"@type\":\"SearchAction\",\"target\":{\"@type\":\"EntryPoint\",\"urlTemplate\":\"https:\/\/dedemesquita.com.br\/?s={search_term_string}\"},\"query-input\":\"required name=search_term_string\"}],\"inLanguage\":\"pt-BR\"},{\"@type\":\"Person\",\"@id\":\"https:\/\/dedemesquita.com.br\/#\/schema\/person\/36571f81dd2d76dc3ab37231542c9e24\",\"name\":\"Ded\u00e9 Mesquita\",\"image\":{\"@type\":\"ImageObject\",\"inLanguage\":\"pt-BR\",\"@id\":\"https:\/\/dedemesquita.com.br\/#\/schema\/person\/image\/\",\"url\":\"https:\/\/dedemesquita.com.br\/wp-content\/uploads\/2021\/02\/foto_perfil-150x150.jpg\",\"contentUrl\":\"https:\/\/dedemesquita.com.br\/wp-content\/uploads\/2021\/02\/foto_perfil-150x150.jpg\",\"caption\":\"Ded\u00e9 Mesquita\"},\"sameAs\":[\"https:\/\/dedemesquita.com.br\"]}]}<\/script>\n<!-- \/ Yoast SEO plugin. -->","yoast_head_json":{"title":"Decis\u00e3o da Supercopa do Brasil leva uma 'enchente' de coleguinhas ao Mangueir\u00e3o - Ded\u00e9 Mesquita","robots":{"index":"index","follow":"follow","max-snippet":"max-snippet:-1","max-image-preview":"max-image-preview:large","max-video-preview":"max-video-preview:-1"},"canonical":"https:\/\/dedemesquita.com.br\/?p=11282","og_locale":"pt_BR","og_type":"article","og_title":"Decis\u00e3o da Supercopa do Brasil leva uma 'enchente' de coleguinhas ao Mangueir\u00e3o - Ded\u00e9 Mesquita","og_description":"Bel\u00e9m, 3 de fevereiro de 2025 &#8211; Pela primeira vez, a decis\u00e3o da Supercopa Betano Rei foi disputada em Bel\u00e9m, no est\u00e1dio Ol\u00edmpico do Par\u00e1 Jornalista Edgar Proen\u00e7a, o Mangueir\u00e3o. O primeiro t\u00edtulo do futebol de 2025, foi disputado no domingo, 2, entre Flamengo, campe\u00e3o da Copa do Brasil, e Botafogo, campe\u00e3o do Brasileir\u00e3o. A [&hellip;]","og_url":"https:\/\/dedemesquita.com.br\/?p=11282","og_site_name":"Ded\u00e9 Mesquita","article_publisher":"https:\/\/www.facebook.com\/dede.mesquita","article_published_time":"2025-02-03T22:33:46+00:00","article_modified_time":"2025-02-04T01:17:43+00:00","og_image":[{"width":950,"height":565,"url":"https:\/\/dedemesquita.com.br\/wp-content\/uploads\/2025\/02\/WhatsApp-Image-2025-02-03-at-09.01.42.jpeg","type":"image\/jpeg"}],"author":"Ded\u00e9 Mesquita","twitter_card":"summary_large_image","twitter_creator":"@dedemesquita","twitter_site":"@dedemesquita","twitter_misc":{"Escrito por":"Ded\u00e9 Mesquita","Est. tempo de leitura":"11 minutos"},"schema":{"@context":"https:\/\/schema.org","@graph":[{"@type":"WebPage","@id":"https:\/\/dedemesquita.com.br\/?p=11282","url":"https:\/\/dedemesquita.com.br\/?p=11282","name":"Decis\u00e3o da Supercopa do Brasil leva uma 'enchente' de coleguinhas ao Mangueir\u00e3o - Ded\u00e9 Mesquita","isPartOf":{"@id":"https:\/\/dedemesquita.com.br\/#website"},"datePublished":"2025-02-03T22:33:46+00:00","dateModified":"2025-02-04T01:17:43+00:00","author":{"@id":"https:\/\/dedemesquita.com.br\/#\/schema\/person\/36571f81dd2d76dc3ab37231542c9e24"},"breadcrumb":{"@id":"https:\/\/dedemesquita.com.br\/?p=11282#breadcrumb"},"inLanguage":"pt-BR","potentialAction":[{"@type":"ReadAction","target":["https:\/\/dedemesquita.com.br\/?p=11282"]}]},{"@type":"BreadcrumbList","@id":"https:\/\/dedemesquita.com.br\/?p=11282#breadcrumb","itemListElement":[{"@type":"ListItem","position":1,"name":"In\u00edcio","item":"https:\/\/dedemesquita.com.br\/"},{"@type":"ListItem","position":2,"name":"Decis\u00e3o da Supercopa do Brasil leva uma &#8216;enchente&#8217; de coleguinhas ao Mangueir\u00e3o"}]},{"@type":"WebSite","@id":"https:\/\/dedemesquita.com.br\/#website","url":"https:\/\/dedemesquita.com.br\/","name":"Ded\u00e9 Mesquita","description":"Um site que mostra os bastidores da imprensa no estado do Par\u00e1 e em Bel\u00e9m","potentialAction":[{"@type":"SearchAction","target":{"@type":"EntryPoint","urlTemplate":"https:\/\/dedemesquita.com.br\/?s={search_term_string}"},"query-input":"required name=search_term_string"}],"inLanguage":"pt-BR"},{"@type":"Person","@id":"https:\/\/dedemesquita.com.br\/#\/schema\/person\/36571f81dd2d76dc3ab37231542c9e24","name":"Ded\u00e9 Mesquita","image":{"@type":"ImageObject","inLanguage":"pt-BR","@id":"https:\/\/dedemesquita.com.br\/#\/schema\/person\/image\/","url":"https:\/\/dedemesquita.com.br\/wp-content\/uploads\/2021\/02\/foto_perfil-150x150.jpg","contentUrl":"https:\/\/dedemesquita.com.br\/wp-content\/uploads\/2021\/02\/foto_perfil-150x150.jpg","caption":"Ded\u00e9 Mesquita"},"sameAs":["https:\/\/dedemesquita.com.br"]}]}},"_links":{"self":[{"href":"https:\/\/dedemesquita.com.br\/index.php?rest_route=\/wp\/v2\/posts\/11282"}],"collection":[{"href":"https:\/\/dedemesquita.com.br\/index.php?rest_route=\/wp\/v2\/posts"}],"about":[{"href":"https:\/\/dedemesquita.com.br\/index.php?rest_route=\/wp\/v2\/types\/post"}],"author":[{"embeddable":true,"href":"https:\/\/dedemesquita.com.br\/index.php?rest_route=\/wp\/v2\/users\/2"}],"replies":[{"embeddable":true,"href":"https:\/\/dedemesquita.com.br\/index.php?rest_route=%2Fwp%2Fv2%2Fcomments&post=11282"}],"version-history":[{"count":6,"href":"https:\/\/dedemesquita.com.br\/index.php?rest_route=\/wp\/v2\/posts\/11282\/revisions"}],"predecessor-version":[{"id":11329,"href":"https:\/\/dedemesquita.com.br\/index.php?rest_route=\/wp\/v2\/posts\/11282\/revisions\/11329"}],"wp:featuredmedia":[{"embeddable":true,"href":"https:\/\/dedemesquita.com.br\/index.php?rest_route=\/wp\/v2\/media\/11284"}],"wp:attachment":[{"href":"https:\/\/dedemesquita.com.br\/index.php?rest_route=%2Fwp%2Fv2%2Fmedia&parent=11282"}],"wp:term":[{"taxonomy":"category","embeddable":true,"href":"https:\/\/dedemesquita.com.br\/index.php?rest_route=%2Fwp%2Fv2%2Fcategories&post=11282"},{"taxonomy":"post_tag","embeddable":true,"href":"https:\/\/dedemesquita.com.br\/index.php?rest_route=%2Fwp%2Fv2%2Ftags&post=11282"}],"curies":[{"name":"wp","href":"https:\/\/api.w.org\/{rel}","templated":true}]}}