{"id":11273,"date":"2025-01-31T11:41:05","date_gmt":"2025-01-31T14:41:05","guid":{"rendered":"https:\/\/dedemesquita.com.br\/?p=11273"},"modified":"2025-01-31T11:56:31","modified_gmt":"2025-01-31T14:56:31","slug":"secom-pa-faz-vigilancia-sobre-jornalistas-na-ocupacao-da-seduc-e-esposa-do-diretor-de-jornalismo-da-tv-liberal-e-das-na-casa-civil-do-estado","status":"publish","type":"post","link":"https:\/\/dedemesquita.com.br\/?p=11273","title":{"rendered":"Secom-PA faz vigil\u00e2ncia sobre jornalistas na ocupa\u00e7\u00e3o da Seduc e esposa do diretor de jornalismo da TV Liberal \u00e9 DAS na Casa Civil do Estado"},"content":{"rendered":"\n<p><strong>Bel\u00e9m, 31 de janeiro de 2025 &#8211;<\/strong> Como se n\u00e3o bastasse todos os problemas que o estado do Par\u00e1 est\u00e1 passando com a forma equivocada com que o <strong>Governo do Par\u00e1<\/strong> est\u00e1 lidando com a <strong>crise da educa\u00e7\u00e3o no Estado<\/strong>, outro problema menos falado <strong>&#8211; mas n\u00e3o menos s\u00e9rio &#8211;<\/strong> vem da forma como a<strong> Secretaria de Comunica\u00e7\u00e3o &#8211; Secom-PA est\u00e1 agindo em rela\u00e7\u00e3o aos coleguinhas da imprensa<\/strong>.&nbsp;<\/p>\n\n\n\n<p>Den\u00fancias d\u00e3o conta que, desde o primeiro dia da ocupa\u00e7\u00e3o dos ind\u00edgenas na sede da Seduc, no dia 14 de janeiro, a Secom est\u00e1 enviando <strong>jornalista e cinegrafistas para o local<\/strong>. Seria normal, se a inten\u00e7\u00e3o fosse para fazer a cobertura do conflito tamb\u00e9m, <strong>mas n\u00e3o \u00e9<\/strong>. &nbsp;<\/p>\n\n\n\n<p>Inicialmente, os coleguinhas da Secom <strong>estavam indo vestidos com camisa preta<\/strong>. Mas foram identificados, porque j\u00e1 foram vistos em outras pautas.&nbsp;Entretanto, desde semana passada, eles est\u00e3o indo com roupas \u201cnormais\u201d <strong>para poder passar desapercebido pelas lideran\u00e7as do movimento ind\u00edgena<\/strong>. <\/p>\n\n\n\n<p>Inclusive, visando n\u00e3o que n\u00e3o haja <strong>&#8220;infiltrados do Governo\u201d<\/strong>, o movimento ind\u00edgena tomou a iniciativa de <strong>credenciamento de imprensa<\/strong> para jornalistas que est\u00e3o na ocupa\u00e7\u00e3o, \u201co que \u00e9 super v\u00e1lido\u201d, disse a nossa fonte. &nbsp;&nbsp;<\/p>\n\n\n\n<p><strong>Espi\u00f5es &#8211; <\/strong>Desde os primeiros dias da ocupa\u00e7\u00e3o, os <strong>\u201cespi\u00f5es da Secom\u201d<\/strong> tiram foto e filmam os manifestantes e a <strong>imprensa <\/strong>que ali est\u00e1. <em>\u201cA pergunta \u00e9: para qu\u00ea? Para fornecer a imagem em uma poss\u00edvel retalia\u00e7\u00e3o futuramente?\u201d<\/em> Nossa fonte lembra que, se caso haja investiga\u00e7\u00e3o, se houver algum crime, <strong>\u00e9 do \u00e2mbito da Pol\u00edcia Civil do Par\u00e1, e n\u00e3o da Secom<\/strong>.&nbsp;\u201cDesde quando a Secom tem poder de vigil\u00e2ncia e fiscaliza\u00e7\u00e3o?&#8221;, <em>EU pergunto.<\/em>&nbsp;<\/p>\n\n\n\n<p>Al\u00e9m de filmar e tirar fotos da galera, <strong>\u201cos rep\u00f3rteres da Secom\u201d<\/strong> ficam pr\u00f3ximo dos jornalistas, em uma tentativa de ouvir conversas e saber o que est\u00e1 acontecendo. Ali\u00e1s, algumas vezes, <strong>seguem os jornalistas dentro do pr\u00e9dio da Seduc, na avenida Augusto Montenegro<\/strong>.&nbsp;&nbsp;<\/p>\n\n\n\n<p><strong>Vigil\u00e2ncia por \u201ctoda Bel\u00e9m\u201d &#8211; <\/strong>Essa vigil\u00e2ncia n\u00e3o se resume somente \u00e0 ocupa\u00e7\u00e3o na Seduc, e ocorreu tamb\u00e9m quando a Pol\u00edcia Militar do Par\u00e1 fechou a avenida Almirante Barroso, <strong>na quarta-feira, dia 29<\/strong>. \u201cUm <em>\u2018multim\u00eddia\u2019<\/em> da Secom apareceu, do nada, tirando fotos e veio para o lado de alguns fot\u00f3grafos que estavam na avenida Dr. Freitas com a Almirante Barroo, na v\u00e3 esperan\u00e7a de ouvir as nossas conversas. Mas n\u00f3s n\u00e3o somos ot\u00e1rios e o detectamos, antes dele chegar perto da gente\u201d, continua a fonte. &nbsp;&nbsp;<\/p>\n\n\n\n<p>A fonte continua: \u201cPor sinal, quando eles n\u00e3o est\u00e3o vis\u00edveis, \u00e9 porque est\u00e3o escondidos na Hilux da Secom. Eles pensam que somos patetas, e pra que tudo isso? Acho que querem copiar os censores que atuavam na Ditadura Militar, s\u00f3 que em uma outra abordagem\u201d, conclui a narrativa. &nbsp;<\/p>\n\n\n\n<p><strong>E a TV Liberal, hein? \u2013 <\/strong>Ainda no tema Secom-PA, uma conversa que j\u00e1 rolava h\u00e1 algum tempo no \u201cmeio\u201d chegou a todos e com provas. H\u00e1 algum tempo, se comenta que <strong>Luciana Meira Bonatelli<\/strong>, <strong>esposa do diretor de jornalismo da TV Liberal<\/strong>, <strong>Carlos Bona Bonatelli<\/strong>, \u00e9 <strong>nomeada n<\/strong>o <strong>Governo do Par\u00e1<\/strong>. Uma postagem em redes sociais, na quinta-feira, 30, mostrou print do <strong>Portal da Transpar\u00eancia<\/strong>, no qual, o nome de Luciana aparece, no cargo de <strong>assistente administrativa<\/strong>, com sal\u00e1rio de <strong>R$ 4.036,00<\/strong>. Luciana trabalha no <strong>cerimonial<\/strong> do Heldissss, que \u00e9 ligado \u00e0 <strong>Secom-PA<\/strong>.\u00a0<\/p>\n\n\n\n<p><em>\u201cSer\u00e1ssi\u201d<\/em> o tem\u00edvel <em>compliance<\/em> da <strong>Rede Globo de Televis\u00e3o<\/strong>, que acaba de demitir <strong>Rodrigo Bocardi<\/strong>, sabe dessa pr\u00e1tica nada republicana? Porque, no final das contas, <strong>Bonatelli \u00e9 empregado da Globo e n\u00e3o da TV Liberal<\/strong>, veio de S\u00e3o Paulo para Bel\u00e9m, e ter a esposa, <strong>nomeada com um bom DAS e n\u00e3o concursada<\/strong>, alocada <strong>Casa Civil do Governo do Estado<\/strong>&#8230; Agora, talvez se entenda porque a TV Liberal \u00e9 t\u00e3o <em>\u201calinhadinha\u201d<\/em> com o Governo do Par\u00e1.\u00a0<\/p>\n\n\n\n<p>E <em>\u201ctem mais que ser assim, #sqn\u201d<\/em>: para 2025, <strong>o or\u00e7amento da Secom-PA e verba publicit\u00e1ria \u00e9 de R$ 84 milh\u00f5es<\/strong>, isso mesmo, Oitenta e Quatro <strong>MILH\u00d5ES<\/strong>, verba que est\u00e1 na <strong>Lei Or\u00e7ament\u00e1ria Anual &#8211; LOA<\/strong>, e \u00e9 <strong>168 vezes a mais que apenas os R$ 500 mil destinados \u00e0 educa\u00e7\u00e3o ind\u00edgena<\/strong> <strong>em todo o Par\u00e1<\/strong>. Boa parte dessa verba vai para a <strong>TV Liberal que t\u00eam o break comercial mais caro em Bel\u00e9m, por ser filiada da Globo<\/strong>. V\u00e3o vendo! &nbsp;<\/p>\n\n\n<div class=\"wp-block-image\">\n<figure class=\"aligncenter size-full\"><img loading=\"lazy\" decoding=\"async\" width=\"415\" height=\"736\" src=\"https:\/\/dedemesquita.com.br\/wp-content\/uploads\/2025\/01\/WhatsApp-Image-2025-01-31-at-10.56.15.jpeg\" alt=\"\" class=\"wp-image-11274\"\/><figcaption class=\"wp-element-caption\">Portal da Transpar\u00eancia onde est\u00e3o os nomes dos servidores do estado do Par\u00e1<\/figcaption><\/figure><\/div>\n\n<div class=\"wp-block-image\">\n<figure class=\"aligncenter size-full\"><img loading=\"lazy\" decoding=\"async\" width=\"417\" height=\"617\" src=\"https:\/\/dedemesquita.com.br\/wp-content\/uploads\/2025\/01\/WhatsApp-Image-2025-01-31-at-10.55.52.jpeg\" alt=\"\" class=\"wp-image-11275\"\/><figcaption class=\"wp-element-caption\">Carlos Bonatelli, diretor de jornalismo da TV Liberal <\/figcaption><\/figure><\/div>\n\n\n<figure class=\"wp-block-video\"><video controls src=\"https:\/\/dedemesquita.com.br\/wp-content\/uploads\/2025\/01\/Snapinst.app_video_AQN81aBdCSxIPuwJBugaxe2Ea3SapYFQOYFGZLyhRYf4xOkUa-O_zRP8bVtyHrAsUP0b20gnhT6Jw9y3os-C7_Y8R4m-ouF63XIiqFI.mp4\"><\/video><\/figure>\n","protected":false},"excerpt":{"rendered":"<p>Bel\u00e9m, 31 de janeiro de 2025 &#8211; Como se n\u00e3o bastasse todos os problemas que o estado do Par\u00e1 est\u00e1 passando com a forma equivocada com que o Governo do Par\u00e1 est\u00e1 lidando com a crise da educa\u00e7\u00e3o no Estado, outro problema menos falado &#8211; mas n\u00e3o menos s\u00e9rio &#8211; vem da forma como a [&hellip;]<\/p>\n","protected":false},"author":2,"featured_media":11277,"comment_status":"open","ping_status":"open","sticky":false,"template":"","format":"standard","meta":{"footnotes":""},"categories":[51,14,29],"tags":[924,923,925,175,908,119,120,150,626,339,137],"class_list":["post-11273","post","type-post","status-publish","format-standard","has-post-thumbnail","hentry","category-destaque","category-imprensa","category-jornalismo","tag-carlos-bonatelli","tag-casa-civil-do-estado","tag-compliance","tag-governo-do-para","tag-indigenas","tag-jornalismo","tag-jornalistas-paraenses-em-acao","tag-secom-pa","tag-seduc-pa","tag-tv-globo","tag-tv-liberal"],"yoast_head":"<!-- This site is optimized with the Yoast SEO plugin v19.10 - https:\/\/yoast.com\/wordpress\/plugins\/seo\/ -->\n<title>Secom-PA faz vigil\u00e2ncia sobre jornalistas na ocupa\u00e7\u00e3o da Seduc e esposa do diretor de jornalismo da TV Liberal \u00e9 DAS na Casa Civil do Estado - Ded\u00e9 Mesquita<\/title>\n<meta name=\"robots\" content=\"index, follow, max-snippet:-1, max-image-preview:large, max-video-preview:-1\" \/>\n<link rel=\"canonical\" href=\"https:\/\/dedemesquita.com.br\/?p=11273\" \/>\n<meta property=\"og:locale\" content=\"pt_BR\" \/>\n<meta property=\"og:type\" content=\"article\" \/>\n<meta property=\"og:title\" content=\"Secom-PA faz vigil\u00e2ncia sobre jornalistas na ocupa\u00e7\u00e3o da Seduc e esposa do diretor de jornalismo da TV Liberal \u00e9 DAS na Casa Civil do Estado - Ded\u00e9 Mesquita\" \/>\n<meta property=\"og:description\" content=\"Bel\u00e9m, 31 de janeiro de 2025 &#8211; Como se n\u00e3o bastasse todos os problemas que o estado do Par\u00e1 est\u00e1 passando com a forma equivocada com que o Governo do Par\u00e1 est\u00e1 lidando com a crise da educa\u00e7\u00e3o no Estado, outro problema menos falado &#8211; mas n\u00e3o menos s\u00e9rio &#8211; vem da forma como a [&hellip;]\" \/>\n<meta property=\"og:url\" content=\"https:\/\/dedemesquita.com.br\/?p=11273\" \/>\n<meta property=\"og:site_name\" content=\"Ded\u00e9 Mesquita\" \/>\n<meta property=\"article:publisher\" content=\"https:\/\/www.facebook.com\/dede.mesquita\" \/>\n<meta property=\"article:published_time\" content=\"2025-01-31T14:41:05+00:00\" \/>\n<meta property=\"article:modified_time\" content=\"2025-01-31T14:56:31+00:00\" \/>\n<meta property=\"og:image\" content=\"https:\/\/dedemesquita.com.br\/wp-content\/uploads\/2025\/01\/WhatsApp-Image-2025-01-29-at-17.22.19.jpeg\" \/>\n\t<meta property=\"og:image:width\" content=\"950\" \/>\n\t<meta property=\"og:image:height\" content=\"632\" \/>\n\t<meta property=\"og:image:type\" content=\"image\/jpeg\" \/>\n<meta name=\"author\" content=\"Ded\u00e9 Mesquita\" \/>\n<meta name=\"twitter:card\" content=\"summary_large_image\" \/>\n<meta name=\"twitter:creator\" content=\"@dedemesquita\" \/>\n<meta name=\"twitter:site\" content=\"@dedemesquita\" \/>\n<meta name=\"twitter:label1\" content=\"Escrito por\" \/>\n\t<meta name=\"twitter:data1\" content=\"Ded\u00e9 Mesquita\" \/>\n\t<meta name=\"twitter:label2\" content=\"Est. tempo de leitura\" \/>\n\t<meta name=\"twitter:data2\" content=\"5 minutos\" \/>\n<script type=\"application\/ld+json\" class=\"yoast-schema-graph\">{\"@context\":\"https:\/\/schema.org\",\"@graph\":[{\"@type\":\"WebPage\",\"@id\":\"https:\/\/dedemesquita.com.br\/?p=11273\",\"url\":\"https:\/\/dedemesquita.com.br\/?p=11273\",\"name\":\"Secom-PA faz vigil\u00e2ncia sobre jornalistas na ocupa\u00e7\u00e3o da Seduc e esposa do diretor de jornalismo da TV Liberal \u00e9 DAS na Casa Civil do Estado - Ded\u00e9 Mesquita\",\"isPartOf\":{\"@id\":\"https:\/\/dedemesquita.com.br\/#website\"},\"datePublished\":\"2025-01-31T14:41:05+00:00\",\"dateModified\":\"2025-01-31T14:56:31+00:00\",\"author\":{\"@id\":\"https:\/\/dedemesquita.com.br\/#\/schema\/person\/36571f81dd2d76dc3ab37231542c9e24\"},\"breadcrumb\":{\"@id\":\"https:\/\/dedemesquita.com.br\/?p=11273#breadcrumb\"},\"inLanguage\":\"pt-BR\",\"potentialAction\":[{\"@type\":\"ReadAction\",\"target\":[\"https:\/\/dedemesquita.com.br\/?p=11273\"]}]},{\"@type\":\"BreadcrumbList\",\"@id\":\"https:\/\/dedemesquita.com.br\/?p=11273#breadcrumb\",\"itemListElement\":[{\"@type\":\"ListItem\",\"position\":1,\"name\":\"In\u00edcio\",\"item\":\"https:\/\/dedemesquita.com.br\/\"},{\"@type\":\"ListItem\",\"position\":2,\"name\":\"Secom-PA faz vigil\u00e2ncia sobre jornalistas na ocupa\u00e7\u00e3o da Seduc e esposa do diretor de jornalismo da TV Liberal \u00e9 DAS na Casa Civil do Estado\"}]},{\"@type\":\"WebSite\",\"@id\":\"https:\/\/dedemesquita.com.br\/#website\",\"url\":\"https:\/\/dedemesquita.com.br\/\",\"name\":\"Ded\u00e9 Mesquita\",\"description\":\"Um site que mostra os bastidores da imprensa no estado do Par\u00e1 e em Bel\u00e9m\",\"potentialAction\":[{\"@type\":\"SearchAction\",\"target\":{\"@type\":\"EntryPoint\",\"urlTemplate\":\"https:\/\/dedemesquita.com.br\/?s={search_term_string}\"},\"query-input\":\"required name=search_term_string\"}],\"inLanguage\":\"pt-BR\"},{\"@type\":\"Person\",\"@id\":\"https:\/\/dedemesquita.com.br\/#\/schema\/person\/36571f81dd2d76dc3ab37231542c9e24\",\"name\":\"Ded\u00e9 Mesquita\",\"image\":{\"@type\":\"ImageObject\",\"inLanguage\":\"pt-BR\",\"@id\":\"https:\/\/dedemesquita.com.br\/#\/schema\/person\/image\/\",\"url\":\"https:\/\/dedemesquita.com.br\/wp-content\/uploads\/2021\/02\/foto_perfil-150x150.jpg\",\"contentUrl\":\"https:\/\/dedemesquita.com.br\/wp-content\/uploads\/2021\/02\/foto_perfil-150x150.jpg\",\"caption\":\"Ded\u00e9 Mesquita\"},\"sameAs\":[\"https:\/\/dedemesquita.com.br\"]}]}<\/script>\n<!-- \/ Yoast SEO plugin. -->","yoast_head_json":{"title":"Secom-PA faz vigil\u00e2ncia sobre jornalistas na ocupa\u00e7\u00e3o da Seduc e esposa do diretor de jornalismo da TV Liberal \u00e9 DAS na Casa Civil do Estado - Ded\u00e9 Mesquita","robots":{"index":"index","follow":"follow","max-snippet":"max-snippet:-1","max-image-preview":"max-image-preview:large","max-video-preview":"max-video-preview:-1"},"canonical":"https:\/\/dedemesquita.com.br\/?p=11273","og_locale":"pt_BR","og_type":"article","og_title":"Secom-PA faz vigil\u00e2ncia sobre jornalistas na ocupa\u00e7\u00e3o da Seduc e esposa do diretor de jornalismo da TV Liberal \u00e9 DAS na Casa Civil do Estado - Ded\u00e9 Mesquita","og_description":"Bel\u00e9m, 31 de janeiro de 2025 &#8211; Como se n\u00e3o bastasse todos os problemas que o estado do Par\u00e1 est\u00e1 passando com a forma equivocada com que o Governo do Par\u00e1 est\u00e1 lidando com a crise da educa\u00e7\u00e3o no Estado, outro problema menos falado &#8211; mas n\u00e3o menos s\u00e9rio &#8211; vem da forma como a [&hellip;]","og_url":"https:\/\/dedemesquita.com.br\/?p=11273","og_site_name":"Ded\u00e9 Mesquita","article_publisher":"https:\/\/www.facebook.com\/dede.mesquita","article_published_time":"2025-01-31T14:41:05+00:00","article_modified_time":"2025-01-31T14:56:31+00:00","og_image":[{"width":950,"height":632,"url":"https:\/\/dedemesquita.com.br\/wp-content\/uploads\/2025\/01\/WhatsApp-Image-2025-01-29-at-17.22.19.jpeg","type":"image\/jpeg"}],"author":"Ded\u00e9 Mesquita","twitter_card":"summary_large_image","twitter_creator":"@dedemesquita","twitter_site":"@dedemesquita","twitter_misc":{"Escrito por":"Ded\u00e9 Mesquita","Est. tempo de leitura":"5 minutos"},"schema":{"@context":"https:\/\/schema.org","@graph":[{"@type":"WebPage","@id":"https:\/\/dedemesquita.com.br\/?p=11273","url":"https:\/\/dedemesquita.com.br\/?p=11273","name":"Secom-PA faz vigil\u00e2ncia sobre jornalistas na ocupa\u00e7\u00e3o da Seduc e esposa do diretor de jornalismo da TV Liberal \u00e9 DAS na Casa Civil do Estado - Ded\u00e9 Mesquita","isPartOf":{"@id":"https:\/\/dedemesquita.com.br\/#website"},"datePublished":"2025-01-31T14:41:05+00:00","dateModified":"2025-01-31T14:56:31+00:00","author":{"@id":"https:\/\/dedemesquita.com.br\/#\/schema\/person\/36571f81dd2d76dc3ab37231542c9e24"},"breadcrumb":{"@id":"https:\/\/dedemesquita.com.br\/?p=11273#breadcrumb"},"inLanguage":"pt-BR","potentialAction":[{"@type":"ReadAction","target":["https:\/\/dedemesquita.com.br\/?p=11273"]}]},{"@type":"BreadcrumbList","@id":"https:\/\/dedemesquita.com.br\/?p=11273#breadcrumb","itemListElement":[{"@type":"ListItem","position":1,"name":"In\u00edcio","item":"https:\/\/dedemesquita.com.br\/"},{"@type":"ListItem","position":2,"name":"Secom-PA faz vigil\u00e2ncia sobre jornalistas na ocupa\u00e7\u00e3o da Seduc e esposa do diretor de jornalismo da TV Liberal \u00e9 DAS na Casa Civil do Estado"}]},{"@type":"WebSite","@id":"https:\/\/dedemesquita.com.br\/#website","url":"https:\/\/dedemesquita.com.br\/","name":"Ded\u00e9 Mesquita","description":"Um site que mostra os bastidores da imprensa no estado do Par\u00e1 e em Bel\u00e9m","potentialAction":[{"@type":"SearchAction","target":{"@type":"EntryPoint","urlTemplate":"https:\/\/dedemesquita.com.br\/?s={search_term_string}"},"query-input":"required name=search_term_string"}],"inLanguage":"pt-BR"},{"@type":"Person","@id":"https:\/\/dedemesquita.com.br\/#\/schema\/person\/36571f81dd2d76dc3ab37231542c9e24","name":"Ded\u00e9 Mesquita","image":{"@type":"ImageObject","inLanguage":"pt-BR","@id":"https:\/\/dedemesquita.com.br\/#\/schema\/person\/image\/","url":"https:\/\/dedemesquita.com.br\/wp-content\/uploads\/2021\/02\/foto_perfil-150x150.jpg","contentUrl":"https:\/\/dedemesquita.com.br\/wp-content\/uploads\/2021\/02\/foto_perfil-150x150.jpg","caption":"Ded\u00e9 Mesquita"},"sameAs":["https:\/\/dedemesquita.com.br"]}]}},"_links":{"self":[{"href":"https:\/\/dedemesquita.com.br\/index.php?rest_route=\/wp\/v2\/posts\/11273"}],"collection":[{"href":"https:\/\/dedemesquita.com.br\/index.php?rest_route=\/wp\/v2\/posts"}],"about":[{"href":"https:\/\/dedemesquita.com.br\/index.php?rest_route=\/wp\/v2\/types\/post"}],"author":[{"embeddable":true,"href":"https:\/\/dedemesquita.com.br\/index.php?rest_route=\/wp\/v2\/users\/2"}],"replies":[{"embeddable":true,"href":"https:\/\/dedemesquita.com.br\/index.php?rest_route=%2Fwp%2Fv2%2Fcomments&post=11273"}],"version-history":[{"count":2,"href":"https:\/\/dedemesquita.com.br\/index.php?rest_route=\/wp\/v2\/posts\/11273\/revisions"}],"predecessor-version":[{"id":11280,"href":"https:\/\/dedemesquita.com.br\/index.php?rest_route=\/wp\/v2\/posts\/11273\/revisions\/11280"}],"wp:featuredmedia":[{"embeddable":true,"href":"https:\/\/dedemesquita.com.br\/index.php?rest_route=\/wp\/v2\/media\/11277"}],"wp:attachment":[{"href":"https:\/\/dedemesquita.com.br\/index.php?rest_route=%2Fwp%2Fv2%2Fmedia&parent=11273"}],"wp:term":[{"taxonomy":"category","embeddable":true,"href":"https:\/\/dedemesquita.com.br\/index.php?rest_route=%2Fwp%2Fv2%2Fcategories&post=11273"},{"taxonomy":"post_tag","embeddable":true,"href":"https:\/\/dedemesquita.com.br\/index.php?rest_route=%2Fwp%2Fv2%2Ftags&post=11273"}],"curies":[{"name":"wp","href":"https:\/\/api.w.org\/{rel}","templated":true}]}}