{"id":11246,"date":"2025-01-28T19:28:56","date_gmt":"2025-01-28T22:28:56","guid":{"rendered":"https:\/\/dedemesquita.com.br\/?p=11246"},"modified":"2025-01-28T21:55:53","modified_gmt":"2025-01-29T00:55:53","slug":"amazonia-vox-lidera-o-ranking-dos-mais-premiados-do-site-jornalistas-cia-tutu-continua-aprontando-caos-na-radio-clube-e-muito-mais","status":"publish","type":"post","link":"https:\/\/dedemesquita.com.br\/?p=11246","title":{"rendered":"Amaz\u00f4nia Vox lidera o ranking dos mais premiados do site Jornalistas &amp; Cia, Tutu continua aprontando, caos na R\u00e1dio Clube e muito mais"},"content":{"rendered":"\n<p><strong>Bel\u00e9m, 28 de janeiro de 2025<\/strong> &#8211; \u00c9 tanta coisa por aqui hoje, que deu o maior trabalho para atualizar tudo o que tinha de novidades. Aproveitem. Como sempre, as not\u00edcias mais quentes est\u00e3o no final da postagem. <\/p>\n\n\n\n<p><strong>Mais premiados &#8211; <\/strong>O site nacional <strong>Jornalistas &amp; Cia<\/strong> divulgou nesta ter\u00e7a-feira, 28, o <strong>ranking dos jornalistas e ve\u00edculos mais premiados no Brasil<\/strong>. Em sua 14\u00aa edi\u00e7\u00e3o, a iniciativa apontou <strong>Lalo de Almeida<\/strong>, rep\u00f3rter fotogr\u00e1fico da Folha de S. Paulo, como o <strong>+Premiado Jornalista do Ano<\/strong>. Destaque tamb\u00e9m para TV Globo, Folha de S. Paulo e Metr\u00f3poles, que ocuparam as primeiras posi\u00e7\u00f5es entre os <strong>+Premiados Ve\u00edculos do Ano<\/strong>, e para o grupo Globo, que mais uma vez foi o <strong>+Premiado Grupo de Comunica\u00e7\u00e3o do Ano<\/strong>. No <strong>Par\u00e1<\/strong>, algumas novidades: no segmento <strong>nacional<\/strong>, o fotojornalista <strong>Wagner Almeida<\/strong> est\u00e1 em primeiro lugar, pelo site <strong>InfoAmaz\u00f4nia<\/strong>, e <strong>Daniel Nardin<\/strong>, <strong>Marcio Nagano<\/strong> e <strong>Rafael Reggis<\/strong>, do <strong>Amaz\u00f4nia Vox<\/strong>, est\u00e3o na posi\u00e7\u00e3o 49 de 100, com 55 pontos em premia\u00e7\u00f5es. Na parte regional dos mais premiados na <strong>regi\u00e3o Norte<\/strong>,\u00a0Wagner Almeida est\u00e1 em primeiro lugar, ainda pelo InfoAmaz\u00f4nia, com 70 pontos; em quinto, est\u00e3o Daniel Nardin, Marcio Nagano e Rafael Reggis, com 55 pontos; <strong>C\u00e9lia Fernanda Lima Sanches<\/strong>, de Bragan\u00e7a, que atua no site <strong>Lunetas<\/strong>, est\u00e1 em oitavo, com 50 pontos; <strong>Ana Tereza Brasil<\/strong> e <strong>Jo\u00e3o Paulo Seabra<\/strong>, da <strong>r\u00e1dio Cultura FM<\/strong>, est\u00e3o em d\u00e9cimo lugar, com 35 pontos; e <strong>Ney Trindade<\/strong>, <strong>Marcelo Lelis<\/strong>, <strong>Paula Perim<\/strong>, <strong>Robenare Marques<\/strong>, <strong>Samuel Burlamaqui<\/strong> e <strong>Thai Rodrigues<\/strong>, todos do Amaz\u00f4nia Vox, est\u00e3o na posi\u00e7\u00e3o 14, com 32,5 pontos. Em <strong>ve\u00edculos mais premiados<\/strong>, em n\u00edvel nacional, o <strong>Amaz\u00f4nia Vox<\/strong> \u00e9 o melhor colocado, na posi\u00e7\u00e3o 14, e a <strong>r\u00e1dio Cultura do Par\u00e1<\/strong> est\u00e1 na posi\u00e7\u00e3o 23. Quando se fala apenas em <strong>regi\u00e3o Norte<\/strong>, o ve\u00edculo mais premiado \u00e9 o <strong>Amaz\u00f4nia Vox, em primeiro lugar<\/strong>, com 110 pontos e dois pr\u00eamios, sendo um deles, internacional, o Roche. A Cultura FM est\u00e1 em segundo, e o jornal Di\u00e1rio do Par\u00e1 em s\u00e9timo. Em <strong>site\/ portal<\/strong>, o Amaz\u00f4nia Vox est\u00e1 em quarto lugar entre todas as regi\u00f5es brasileiras. \u00a0<\/p>\n\n\n\n<p>Entre os <strong>jornalistas mais premiados do Brasil<\/strong>, o paraense melhor colocado \u00e9 <strong>L\u00facio Fl\u00e1vio Pinto<\/strong>, na posi\u00e7\u00e3o 35. Na regi\u00e3o Norte, L\u00facio tamb\u00e9m lidera, seguido dos paraenses <strong>Ronaldo Brasiliense<\/strong>, em quarto; <strong>Celso Freire <\/strong>\u2013 j\u00e1 falecido \u2013 em sexto; <strong>Tarso Sarraf<\/strong>, em s\u00e9timo; <strong>Manuel Dutra<\/strong> e <strong>Ulisses Campbell<\/strong>, em oitavo; <strong>Ismael Machado<\/strong>, na posi\u00e7\u00e3o 11; <strong>Alinne Passos<\/strong>, na 16; <strong>Wagner Almeida<\/strong>, na 20; <strong>Nyelsen Martins<\/strong>, na 23; <strong>Jaqueline Almeida <\/strong>e <strong>Shirley Penaforte<\/strong>, na 25; <strong>Bruno Magno<\/strong>, na 27; e <strong>Victor Furtado<\/strong>, na 28. Em <strong>ve\u00edculos<\/strong>, o paraense melhor colocado, em n\u00edvel nacional, \u00e9 <strong>O Liberal<\/strong>, na posi\u00e7\u00e3o 54. Na regi\u00e3o Norte, O Liberal est\u00e1 em segundo lugar, seguido da <strong>TV Liberal,<\/strong> em terceiro; pelo <strong>Di\u00e1rio do Par\u00e1<\/strong> e <strong>Jornal Pessoal<\/strong>, em sexto; <strong>A Prov\u00edncia do Par\u00e1<\/strong>, em oitavo. Tamb\u00e9m aparecem nesse ranking a <strong>r\u00e1dio Liberal<\/strong>, a <strong>Cultura FM<\/strong>, o <strong>Di\u00e1rio Online<\/strong>, <strong>O Paraense<\/strong>, <strong>O Estado do Par\u00e1<\/strong>, o <strong>jornal Resist\u00eancia<\/strong> e o <strong>Amaz\u00f4nia Vox<\/strong>. \u00a0\u00a0<\/p>\n\n\n<div class=\"wp-block-image\">\n<figure class=\"aligncenter size-full\"><img loading=\"lazy\" decoding=\"async\" width=\"800\" height=\"499\" src=\"https:\/\/dedemesquita.com.br\/wp-content\/uploads\/2025\/01\/WhatsApp-Image-2025-01-28-at-19.26.25.jpeg\" alt=\"\" class=\"wp-image-11270\" srcset=\"https:\/\/dedemesquita.com.br\/wp-content\/uploads\/2025\/01\/WhatsApp-Image-2025-01-28-at-19.26.25.jpeg 800w, https:\/\/dedemesquita.com.br\/wp-content\/uploads\/2025\/01\/WhatsApp-Image-2025-01-28-at-19.26.25-768x479.jpeg 768w\" sizes=\"(max-width: 800px) 100vw, 800px\" \/><figcaption class=\"wp-element-caption\">O jornalista Daniel Nardin comanda o Amaz\u00f4nia Vox em projetos e tudo o mais <\/figcaption><\/figure><\/div>\n\n\n<p class=\"has-text-align-center\"><strong>MUDAN\u00c7AS NAS REDA\u00c7\u00d5ES<\/strong><\/p>\n\n\n\n<p><strong>Amanda &#8211;<\/strong> <strong>Amanda Barros<\/strong>, ex-Brado Comunica\u00e7\u00e3o, come\u00e7ou em um novo cargo de analista de comunica\u00e7\u00e3o interna na <strong>Federa\u00e7\u00e3o das Ind\u00fastrias do Estado do Par\u00e1 &#8211; FIEPA<\/strong>.\u00a0<\/p>\n\n\n<div class=\"wp-block-image\">\n<figure class=\"aligncenter size-full\"><img loading=\"lazy\" decoding=\"async\" width=\"565\" height=\"650\" src=\"https:\/\/dedemesquita.com.br\/wp-content\/uploads\/2025\/01\/WhatsApp-Image-2025-01-28-at-18.38.25.jpeg\" alt=\"\" class=\"wp-image-11255\"\/><figcaption class=\"wp-element-caption\">Amanda est\u00e1 na comunica\u00e7\u00e3o da Fiepa <\/figcaption><\/figure><\/div>\n\n\n<p><strong>Chefia &#8211; Adriana Ferreira<\/strong>, depois de quase 13 anos de \u201ccasa\u201d, assumiu a ger\u00eancia de comunica\u00e7\u00e3o do Sistema FIEPA.<\/p>\n\n\n<div class=\"wp-block-image\">\n<figure class=\"aligncenter size-full\"><img loading=\"lazy\" decoding=\"async\" width=\"601\" height=\"650\" src=\"https:\/\/dedemesquita.com.br\/wp-content\/uploads\/2025\/01\/WhatsApp-Image-2025-01-28-at-18.38.57.jpeg\" alt=\"\" class=\"wp-image-11256\"\/><figcaption class=\"wp-element-caption\">Drika Ferreira est\u00e1 em um posto que j\u00e1 merecia h\u00e1 muito tempo <\/figcaption><\/figure><\/div>\n\n\n<p><strong>Bambo &#8211; Carol Palmeira<\/strong>, a <strong>Carol Bambo<\/strong>, ex-apresentadora e rep\u00f3rter na <strong>RBA TV<\/strong>, se mudou para o Rio Grande do Sul, com a fam\u00edlia dela. Ela come\u00e7ou em um novo cargo de rep\u00f3rter no <strong>Grupo RBS<\/strong>, naquele estado.\u00a0<\/p>\n\n\n<div class=\"wp-block-image\">\n<figure class=\"aligncenter size-full\"><img loading=\"lazy\" decoding=\"async\" width=\"457\" height=\"615\" src=\"https:\/\/dedemesquita.com.br\/wp-content\/uploads\/2025\/01\/WhatsApp-Image-2025-01-28-at-18.46.00.jpeg\" alt=\"\" class=\"wp-image-11260\"\/><figcaption class=\"wp-element-caption\">Carol agora \u00e9 rep\u00f3rter do poderoso grupo RBS, no Rio Grande do Sul <\/figcaption><\/figure><\/div>\n\n\n<p><strong>Selma &#8211; Selma Amaral<\/strong> continua na assessoria de comunica\u00e7\u00e3o da Prefeitura de Bel\u00e9m, e est\u00e1, agora, na Secretaria de Turismo &#8211; <strong>Sectur<\/strong>. Em gest\u00f5es passadas, ela esteve na Comus, e depois na Ag\u00eancia Distrital de Mosqueiro e no F\u00f3rum de Mudan\u00e7as Clim\u00e1ticas. Falando em Prefeitura de Bel\u00e9m, <strong>Camila Azevedo<\/strong> est\u00e1 na comunica\u00e7\u00e3o da <strong>Secretaria de Educa\u00e7\u00e3o &#8211; Semec.<\/strong>\u00a0\u00a0<\/p>\n\n\n<div class=\"wp-block-image\">\n<figure class=\"aligncenter size-full\"><img loading=\"lazy\" decoding=\"async\" width=\"492\" height=\"700\" src=\"https:\/\/dedemesquita.com.br\/wp-content\/uploads\/2025\/01\/WhatsApp-Image-2025-01-28-at-18.43.10.jpeg\" alt=\"\" class=\"wp-image-11259\"\/><figcaption class=\"wp-element-caption\">Selma Amaral emplaca na comunica\u00e7\u00e3o em terceira gest\u00e3o da Prefeitura de Bel\u00e9m <\/figcaption><\/figure><\/div>\n\n\n<p><strong>Leandro &#8211; Leandro Oliveira<\/strong> deixou a assessoria de comunica\u00e7\u00e3o do <strong>Detran<\/strong>. Na verdade, ele deixou Bel\u00e9m tamb\u00e9m e se mudou para S\u00e3o Paulo.\u00a0\u00a0<\/p>\n\n\n<div class=\"wp-block-image\">\n<figure class=\"aligncenter size-full\"><img loading=\"lazy\" decoding=\"async\" width=\"547\" height=\"650\" src=\"https:\/\/dedemesquita.com.br\/wp-content\/uploads\/2025\/01\/WhatsApp-Image-2025-01-28-at-18.39.31.jpeg\" alt=\"\" class=\"wp-image-11257\"\/><figcaption class=\"wp-element-caption\">Leandro se mudou para S\u00e3o Paulo, se juntando \u00e0 &#8220;col\u00f4nia paraense&#8221; que j\u00e1 est\u00e1 por l\u00e1 <\/figcaption><\/figure><\/div>\n\n\n<p><strong>Unama &#8211; Quezia Dias<\/strong> come\u00e7ou em um novo cargo de assessora de imprensa <strong>na Unama<\/strong>, em Bel\u00e9m e est\u00e1 dispon\u00edvel para ajudar os colegas com especialistas e docentes para as sugest\u00f5es de pautas. Antes, ela estava na comunica\u00e7\u00e3o da Secult-PA. \u00a0<\/p>\n\n\n<div class=\"wp-block-image\">\n<figure class=\"aligncenter size-full\"><img loading=\"lazy\" decoding=\"async\" width=\"577\" height=\"596\" src=\"https:\/\/dedemesquita.com.br\/wp-content\/uploads\/2025\/01\/WhatsApp-Image-2025-01-28-at-15.10.08.jpeg\" alt=\"\" class=\"wp-image-11254\"\/><figcaption class=\"wp-element-caption\">A comunica\u00e7\u00e3o da Unama \u00e9 com Quezia Dias <\/figcaption><\/figure><\/div>\n\n\n<p><strong>Raphael &#8211; Raphael Albuquerque<\/strong> deixou a assessoria de <strong>comunica\u00e7\u00e3o da Prefeitura de Ananindeua<\/strong>. Quem n\u00e3o gostou nadinha dessa not\u00edcia foi Bruna, para sempre, Lorrane, que j\u00e1 se pronunciou e disse <em>&#8220;Me aguardem!&#8221;.<\/em><\/p>\n\n\n<div class=\"wp-block-image\">\n<figure class=\"aligncenter size-full\"><img loading=\"lazy\" decoding=\"async\" width=\"489\" height=\"700\" src=\"https:\/\/dedemesquita.com.br\/wp-content\/uploads\/2025\/01\/WhatsApp-Image-2025-01-28-at-18.42.34.jpeg\" alt=\"\" class=\"wp-image-11258\"\/><figcaption class=\"wp-element-caption\">Raphael foi exonerado da Prefeitura de Ananindeua <\/figcaption><\/figure><\/div>\n\n\n<p><strong>Isabela &#8211; Isabela Lima<\/strong> come\u00e7ou em uma nova posi\u00e7\u00e3o como gerente de projetos na plataforma <strong>Amaz\u00f4nia Vox<\/strong>.\u00a0<\/p>\n\n\n<div class=\"wp-block-image\">\n<figure class=\"aligncenter size-full\"><img loading=\"lazy\" decoding=\"async\" width=\"700\" height=\"660\" src=\"https:\/\/dedemesquita.com.br\/wp-content\/uploads\/2025\/01\/Isabela-Lima.jpg\" alt=\"\" class=\"wp-image-11249\"\/><figcaption class=\"wp-element-caption\">Isabela no Amaz\u00f4nia Vox<\/figcaption><\/figure><\/div>\n\n\n<p><strong>Novo blog &#8211; <\/strong>O radialistas<strong> Toni Gon\u00e7alves <\/strong>lan\u00e7ou um blog que traz muitas informa\u00e7\u00f5es importantes sobre a mem\u00f3ria do r\u00e1dio no Par\u00e1. Ou, como ele identifica o ve\u00edculo: <em>\u201cBiografias de radialistas por Toni Gon\u00e7alves\u201d<\/em>. O endere\u00e7o \u00e9 <a href=\"https:\/\/radiomemoria-pa.blogspot.com\/\" target=\"_blank\" rel=\"noreferrer noopener\"><strong>https:\/\/radiomemoria-pa.blogspot.com\/<\/strong><\/a>\u00a0<\/p>\n\n\n<div class=\"wp-block-image\">\n<figure class=\"aligncenter size-full\"><img loading=\"lazy\" decoding=\"async\" width=\"750\" height=\"473\" src=\"https:\/\/dedemesquita.com.br\/wp-content\/uploads\/2025\/01\/WhatsApp-Image-2025-01-28-at-15.26.09.jpeg\" alt=\"\" class=\"wp-image-11250\"\/><figcaption class=\"wp-element-caption\">Conhe\u00e7a o blog do Toni que resgata a mem\u00f3ria do r\u00e1dio no Par\u00e1 <\/figcaption><\/figure><\/div>\n\n\n<p class=\"has-text-align-center\"><strong>AS MAIS QUENTES <\/strong><\/p>\n\n\n\n<p><strong>Qu\u00eadi imprensa tradicional? &#8211;<\/strong> Manifestantes que est\u00e3o ocupando a sede da Seduc, em Bel\u00e9m, receberam, ap\u00f3s 14 dias de manifesta\u00e7\u00e3o, a ministra S\u00f4nia Guajajara, vinda de Bras\u00edlia, e a secret\u00e1ria de povos ind\u00edgenas do Par\u00e1, Puyr Temb\u00e9, na segunda-feira, 27. O que mais se comentava, durante as mais de seis horas de reuni\u00e3o, \u00e9 que nenhuma emissora de TV ou jornal de Bel\u00e9m passou por l\u00e1. &#8220;O jornal <strong>O Liberal<\/strong> n\u00e3o est\u00e1 aqui. Quem est\u00e1 aqui s\u00e3o os <strong>comunicadores ind\u00edgenas<\/strong> que lutam pela educa\u00e7\u00e3o e contra a desinforma\u00e7\u00e3o do Estado&#8221;, disse um dos manifestantes. \u00a0<\/p>\n\n\n<div class=\"wp-block-image\">\n<figure class=\"aligncenter size-full\"><img loading=\"lazy\" decoding=\"async\" width=\"529\" height=\"800\" src=\"https:\/\/dedemesquita.com.br\/wp-content\/uploads\/2025\/01\/Screenshot_2025-01-28-06-03-02-633_com.instagram.android-1.jpg\" alt=\"\" class=\"wp-image-11251\"\/><figcaption class=\"wp-element-caption\">A \u00fanica imprensa na visita da ministra era dos pr\u00f3prios ind\u00edgenas <\/figcaption><\/figure><\/div>\n\n\n<p><strong>O fator Jefferson Lima &#8211; <\/strong>A demiss\u00e3o de <strong>Jefferson Lima<\/strong> abre um precedente bem complicado para todos os que trabalham nos grandes grupos de comunica\u00e7\u00e3o no Par\u00e1, que s\u00e3o alinhados com o <strong>Governo do Estado<\/strong>. Em uma <em>live<\/em>, diretamente de S\u00e3o Paulo, na semana passada, Lima contou que a demiss\u00e3o dele da <strong>r\u00e1dio Liberal FM <\/strong>foi depois que ele publicou no <strong>perfil dele, o particular dele, no Instagram<\/strong>, uma postagem na qual deu o nome do assessor e a quem ele assessorava no caso do R$ 1,1 milh\u00e3o, em esp\u00e9cie, aprendido pr\u00f3ximo \u00e0 Doca de Souza Franco. <strong><em>Se continuar assim&#8230;<\/em><\/strong> \u00a0<\/p>\n\n\n<div class=\"wp-block-image\">\n<figure class=\"aligncenter size-full\"><img loading=\"lazy\" decoding=\"async\" width=\"750\" height=\"486\" src=\"https:\/\/dedemesquita.com.br\/wp-content\/uploads\/2025\/01\/Jefferson-Lima.jpeg\" alt=\"\" class=\"wp-image-11247\"\/><figcaption class=\"wp-element-caption\">Jefferson Lima botou a &#8220;boca no trombone&#8221;<\/figcaption><\/figure><\/div>\n\n\n<p><strong>Postagem de Tutu retirada do ar &#8211; <\/strong>E <strong>Tutu<\/strong>, gente? De novo, Tutu. Esse \u00e9 outro que o Instagram pessoal vai dar \u201cruim\u201d, qualquer hora dessas. Tutu publicou no perfil dele no Instagram sobre <strong>uma briga que teve no pr\u00e9-carnaval que est\u00e1 rolando dentro do Porto Futuro, aos fins de semana<\/strong>. O que se comenta \u00e9 que Tutu seria uma esp\u00e9cie de assessor de comunica\u00e7\u00e3o de uma aparelhagem de Bel\u00e9m e a pessoa envolvida na briga era do <strong>Carabao<\/strong>. Entenderam? Acontece que esse pr\u00e9-carnaval tem padrinhos fortes: um dos promoters do evento, que \u00e9 <strong>Ronaldo Maiorana Filho<\/strong>, que tamb\u00e9m \u00e9 um dos donos da r\u00e1dio onde trabalha Tutu, e o pr\u00f3prio <strong>Governo do Par\u00e1<\/strong> que, em \u00faltima inst\u00e2ncia, tem muito interesse em promover o Porto Futuro. O resultado? <strong>Procura e v\u00ea se achas a postagem no perfil de Tutu?<\/strong> Nunquinha no Brasil. <strong>Tutu foi \u201cconvidado gentilmente\u201d a retirar a postagem do ar. Mas, como sabemos, o print \u00e9 eterno e n\u00e3o mente jamais. \u00a0<\/strong><\/p>\n\n\n<div class=\"wp-block-image\">\n<figure class=\"aligncenter size-full\"><img loading=\"lazy\" decoding=\"async\" width=\"538\" height=\"800\" src=\"https:\/\/dedemesquita.com.br\/wp-content\/uploads\/2025\/01\/WhatsApp-Image-2025-01-28-at-10.17.45.jpeg\" alt=\"\" class=\"wp-image-11248\"\/><figcaption class=\"wp-element-caption\">Se tu encontrares ESSA postagem no perfil do Tutu, pode me chamar de potoqueira<\/figcaption><\/figure><\/div>\n\n\n<p><strong>Tutu quer briga, de novo &#8211; <\/strong>E ainda Tutu. Na segunda-feira, 27, ele fez um v\u00eddeo reclamando da atua\u00e7\u00e3o de policiais do <strong>Batalh\u00e3o de Rotam<\/strong> no gerenciamento de crise e controle de eventos cr\u00edticos, que, segundo Tutu, \u201ctem gerado s\u00e9rias preocupa\u00e7\u00f5es no meio jornal\u00edstico\u201d. Tutu segue dizendo que h\u00e1 relatos recorrentes de que esses policiais t\u00eam favorecido uma \u00fanica emissora de televis\u00e3o durante coberturas de grande repercuss\u00e3o, \u201cconcedendo a ela acesso privilegiado a informa\u00e7\u00f5es e espa\u00e7os estrat\u00e9gicos nos locais das ocorr\u00eancias. Enquanto isso, profissionais de outras emissoras enfrentam dificuldades de trabalhar\u201d. <strong>Tutu n\u00e3o fala qual \u00e9 a emissora<\/strong>, mas cita, entre os \u201cprejudicados\u201d a Liberal e RBA. Ent\u00e3o, sobrou para a <strong><em>apimentada<\/em> TV Record Bel\u00e9m.<\/strong> <em>\u201cEssa pr\u00e1tica, n\u00e3o apenas prejudica a atua\u00e7\u00e3o dos demais ve\u00edculos de comunica\u00e7\u00e3o, como tamb\u00e9m fere o princ\u00edpio da isonomia e compromete a transpar\u00eancia necess\u00e1ria em situa\u00e7\u00f5es que afetam a sociedade\u201d<\/em>, falou bonito o Tutu, n\u00e3o \u00e9? Meu colega Tutu, o site n\u00e3o deveria, mas vai te dar um conselho: <strong>formaliza a tua den\u00fancia, rap\u00e1!!<\/strong> Eu e outras equipes tivemos problemas com algumas proibi\u00e7\u00f5es na cobertura de pol\u00edcia, anos atr\u00e1s. O caso ficou s\u00e9rio e n\u00e3o consegu\u00edamos falar com ningu\u00e9m. Na primeira e \u00fanica oportunidade que eu tive \u2013 se lembre que naquela \u00e9poca, a internet era movida \u201ca lenha\u201d &#8211; de falar com o governador, eu denunciei o caso. E logo, voltamos \u00e0 normalidade. Outro exemplo foi quando o ent\u00e3o delegado <strong>Eder Mauro<\/strong> e o <strong>coronel da PM Neil<\/strong> apadrinhavam o rep\u00f3rter <strong>Joaquim Campos<\/strong> e s\u00f3 ele acompanhava as opera\u00e7\u00f5es, armado, inclusive. A turma do <strong>SBT Par\u00e1<\/strong> oficiou o <strong>Comando de Miss\u00f5es Especiais &#8211; CME<\/strong>, levando pessoalmente o documento para o comandante, <strong>coronel Saraiva<\/strong>. Tamb\u00e9m levaram fotos de Campos participando do planejamento de opera\u00e7\u00f5es e usando armas <em><strong>&#8211; tudo imagem que ele veiculava no Rota Cidad\u00e3 &#8211;<\/strong><\/em> e acabou a gra\u00e7a dos dois policiais. Por um longo per\u00edodo, n\u00e3o houve mais prioridade para ningu\u00e9m e todo mundo conseguia trabalhar.\u00a0E \u00e9 isso!\u00a0<\/p>\n\n\n<div class=\"wp-block-image\">\n<figure class=\"aligncenter size-full\"><img loading=\"lazy\" decoding=\"async\" width=\"451\" height=\"750\" src=\"https:\/\/dedemesquita.com.br\/wp-content\/uploads\/2025\/01\/WhatsApp-Image-2025-01-28-at-16.02.13.jpeg\" alt=\"\" class=\"wp-image-11252\"\/><figcaption class=\"wp-element-caption\">Gente, Tutu est\u00e1 muito injuriado. \u00c9 s\u00e9rio. <\/figcaption><\/figure><\/div>\n\n\n<p><strong>E a R\u00e1dio Clube, hein? &#8211; <\/strong>Outra que n\u00e3o anda bem das pernas \u00e9 <strong>R\u00e1dio Clube do Par\u00e1<\/strong>. Den\u00fancias d\u00e3o conta que uma <strong>verdadeira debandada<\/strong> est\u00e1 em curso por l\u00e1, come\u00e7ando com <strong>Magela<\/strong>, que estava por h\u00e1 muitos anos na emissora. <strong>Liane Coelho<\/strong>, que estava na r\u00e1dio, optou por ficar apenas no Esporte da RBA TV. Comenta-se que o pr\u00f3ximo a sair \u00e9 o rep\u00f3rter <strong>Mettran Sena<\/strong>. E quem parece que est\u00e1 se perpetuando h\u00e1 30 anos na Clube \u00e9 o radialista <strong>Nonato Cavalcante<\/strong>, diretor de jornalismo e programa\u00e7\u00e3o, al\u00e9m de apresentador do \u201cClube da Manh\u00e3\u201d. A den\u00fancia d\u00e1 conta que, com que com a eventual aus\u00eancia de Nonato, o <strong>costumeiro substituto<\/strong> pega pesado com os subordinados. Esse mesmo <strong>\u201csubstituto\u201d<\/strong> esteve amea\u00e7ado de \u201ccair\u201d, depois que fez um empr\u00e9stimo de R$ 25 mil e n\u00e3o pagou a um rep\u00f3rter que se transferiu pra S\u00e3o Paulo. Esse rep\u00f3rter \u00e9 evang\u00e9lico, pastor, e ficou t\u00e3o desesperado que quase cometeu uma insanidade. Quem entrou em a\u00e7\u00e3o para ajudar esse rapaz, ironicamente, foi <strong>JR Avelar<\/strong>, chamado de \u201cMensageiro da Morte\u201d. O caso chegou no <strong>Recursos Humanos do grupo RBA<\/strong> ou a confus\u00e3o seria maior ainda. E mais uma bomba: a R\u00e1dio Clube conseguiu o primeiro lugar no Ibope no AM, sem ser do AM, porque j\u00e1 passou a FM, e at\u00e9 mesmo em um dia em que a r\u00e1dio ficou fora do ar, conseguiu ser primeiro lugar tamb\u00e9m. O problema \u00e9 que ningu\u00e9m teve acesso a esses n\u00fameros divulgados. \u00a0<\/p>\n\n\n<div class=\"wp-block-image\">\n<figure class=\"aligncenter size-full\"><img loading=\"lazy\" decoding=\"async\" width=\"700\" height=\"425\" src=\"https:\/\/dedemesquita.com.br\/wp-content\/uploads\/2025\/01\/WhatsApp-Image-2025-01-28-at-15.39.37.jpeg\" alt=\"\" class=\"wp-image-11253\"\/><figcaption class=\"wp-element-caption\">Nonato Cavalcante parece ser o \u00fanico imex\u00edvel na R\u00e1dio Clube do Par\u00e1 <\/figcaption><\/figure><\/div>\n\n\n<p class=\"has-text-align-center\"><strong>FOTINHAS DA SEMANA<\/strong><\/p>\n\n\n\n<p><strong>Jornalistas que correm &#8211; <\/strong>A 6\u00aa etapa do Circuito Assa\u00ed no Par\u00e1 ocorreu no domingo, 26, em Bel\u00e9m, depois passar por outras cinco cidades do Brasil. Como parte das comemora\u00e7\u00f5es pelos 50 anos da empresa de atacarejo, o evento foi realizado com duas modalidades: corrida e caminhada, ambas com percurso de 5 km pelas ruas da capital paraense.<\/p>\n\n\n<div class=\"wp-block-image\">\n<figure class=\"aligncenter size-full\"><img loading=\"lazy\" decoding=\"async\" width=\"685\" height=\"800\" src=\"https:\/\/dedemesquita.com.br\/wp-content\/uploads\/2025\/01\/IMG_20250127_134206_060.jpg\" alt=\"\" class=\"wp-image-11261\"\/><figcaption class=\"wp-element-caption\">No pelot\u00e3o da frente est\u00e3o Caio Conduru e Isabela Medeiros da TV Record Bel\u00e9m<\/figcaption><\/figure><\/div>\n\n<div class=\"wp-block-image\">\n<figure class=\"aligncenter size-full\"><img loading=\"lazy\" decoding=\"async\" width=\"711\" height=\"800\" src=\"https:\/\/dedemesquita.com.br\/wp-content\/uploads\/2025\/01\/WhatsApp-Image-2025-01-26-at-10.06.36.jpeg\" alt=\"\" class=\"wp-image-11262\"\/><figcaption class=\"wp-element-caption\">Jeferson H\u00f6enisch, de O Liberal Ananindeua; Elck Oliveira, de O Liberal e Seirdh\/Secom); e Junior Cunha, da TV Cultura, que participaram da corrida a convite da Ag\u00eancia Eko, representada no evento por Alberto Dergan tamb\u00e9m na foto<\/figcaption><\/figure><\/div>\n\n<div class=\"wp-block-image\">\n<figure class=\"aligncenter size-full\"><img loading=\"lazy\" decoding=\"async\" width=\"800\" height=\"600\" src=\"https:\/\/dedemesquita.com.br\/wp-content\/uploads\/2025\/01\/WhatsApp-Image-2025-01-26-at-10.06.37.jpeg\" alt=\"\" class=\"wp-image-11263\" srcset=\"https:\/\/dedemesquita.com.br\/wp-content\/uploads\/2025\/01\/WhatsApp-Image-2025-01-26-at-10.06.37.jpeg 800w, https:\/\/dedemesquita.com.br\/wp-content\/uploads\/2025\/01\/WhatsApp-Image-2025-01-26-at-10.06.37-768x576.jpeg 768w\" sizes=\"(max-width: 800px) 100vw, 800px\" \/><figcaption class=\"wp-element-caption\">Jeferson H\u00f6enisch, colunista de O Liberal Ananindeua, Priscilla Amaral, Isabela Medeiros e Caio Conduru, da TV Record Bel\u00e9m, Alberto Dergan, da Ag\u00eancia Eko, entre outros coleguinhas de imprensa<\/figcaption><\/figure><\/div>\n\n<div class=\"wp-block-image\">\n<figure class=\"aligncenter size-full\"><img loading=\"lazy\" decoding=\"async\" width=\"750\" height=\"536\" src=\"https:\/\/dedemesquita.com.br\/wp-content\/uploads\/2025\/01\/IMG_20250127_085828.jpg\" alt=\"\" class=\"wp-image-11264\"\/><figcaption class=\"wp-element-caption\">Carmem Helena e Matheus Viggo, da Reda\u00e7\u00e3o Integrada O Liberal, na cobertura do primeiro final de semana do Circuito Porto Folia, o pr\u00e9-carnaval de Bel\u00e9m, no  domingo, 26 \u00a0<\/figcaption><\/figure><\/div>\n\n<div class=\"wp-block-image\">\n<figure class=\"aligncenter size-full is-resized\"><img loading=\"lazy\" decoding=\"async\" width=\"800\" height=\"624\" src=\"https:\/\/dedemesquita.com.br\/wp-content\/uploads\/2025\/01\/fiepa.jpg\" alt=\"\" class=\"wp-image-11265\" style=\"width:836px;height:auto\" srcset=\"https:\/\/dedemesquita.com.br\/wp-content\/uploads\/2025\/01\/fiepa.jpg 800w, https:\/\/dedemesquita.com.br\/wp-content\/uploads\/2025\/01\/fiepa-768x599.jpg 768w\" sizes=\"(max-width: 800px) 100vw, 800px\" \/><figcaption class=\"wp-element-caption\">Primeira reuni\u00e3o de alinhamento em 2025 dos coleguinhas da assessoria de comunica\u00e7\u00e3o da FIEPA<\/figcaption><\/figure><\/div>\n\n<div class=\"wp-block-image\">\n<figure class=\"aligncenter size-full\"><img loading=\"lazy\" decoding=\"async\" width=\"539\" height=\"800\" src=\"https:\/\/dedemesquita.com.br\/wp-content\/uploads\/2025\/01\/Screenshot_2025-01-25-08-34-20-181_com.instagram.android.jpg\" alt=\"\" class=\"wp-image-11266\"\/><figcaption class=\"wp-element-caption\">Gilberto Moura, da TV Cultura, pegando s\u00f3 um pouco de chuva, na pauta de divulga\u00e7\u00e3o do lista do vestibular da UFPA, na sexta-feira, 24<\/figcaption><\/figure><\/div>\n\n<div class=\"wp-block-image\">\n<figure class=\"aligncenter size-full\"><img loading=\"lazy\" decoding=\"async\" width=\"574\" height=\"800\" src=\"https:\/\/dedemesquita.com.br\/wp-content\/uploads\/2025\/01\/Screenshot_2025-01-22-12-52-15-221_com.instagram.android.jpg\" alt=\"\" class=\"wp-image-11267\"\/><figcaption class=\"wp-element-caption\">Os pr\u00edncipes-rep\u00f3rteres da televis\u00e3o paraense, com Edmar Assun\u00e7\u00e3o, da RBA TV; Andrey Ara\u00fajo, do SBT Par\u00e1, e Matheus Monteiro, da TV Record Bel\u00e9m <\/figcaption><\/figure><\/div>\n\n<div class=\"wp-block-image\">\n<figure class=\"aligncenter size-full\"><img loading=\"lazy\" decoding=\"async\" width=\"750\" height=\"506\" src=\"https:\/\/dedemesquita.com.br\/wp-content\/uploads\/2025\/01\/IMG_20250122_061354_190.jpg\" alt=\"\" class=\"wp-image-11268\"\/><figcaption class=\"wp-element-caption\">A jornalista Luciana Medeiros, do blog Holofote Virtual, teve um bate papo com os alunos da disciplina Jornalismo Cultural, na UFPA, da turma da professora Raissa Sousa <\/figcaption><\/figure><\/div>","protected":false},"excerpt":{"rendered":"<p>Bel\u00e9m, 28 de janeiro de 2025 &#8211; \u00c9 tanta coisa por aqui hoje, que deu o maior trabalho para atualizar tudo o que tinha de novidades. Aproveitem. Como sempre, as not\u00edcias mais quentes est\u00e3o no final da postagem. Mais premiados &#8211; O site nacional Jornalistas &amp; Cia divulgou nesta ter\u00e7a-feira, 28, o ranking dos jornalistas [&hellip;]<\/p>\n","protected":false},"author":2,"featured_media":11269,"comment_status":"open","ping_status":"open","sticky":false,"template":"","format":"standard","meta":{"footnotes":""},"categories":[51,14,29],"tags":[444,377,602,181,918,439,921,916,443,119,120,441,917,919,144,273,74,143,157,145,920,137,312],"class_list":["post-11246","post","type-post","status-publish","format-standard","has-post-thumbnail","hentry","category-destaque","category-imprensa","category-jornalismo","tag-a-provincia-do-para","tag-amazonia-vox","tag-bruna-lorrane","tag-diario-do-para","tag-diario-online","tag-fiepa","tag-grupo-rbs","tag-infoamazonia","tag-jornal-pessoal","tag-jornalismo","tag-jornalistas-paraenses-em-acao","tag-lucio-flavio-pinto-2","tag-lunetas","tag-o-estado-do-para","tag-o-liberal","tag-prefeitura-de-ananindeua","tag-prefeitura-de-belem","tag-radio-cultura-fm","tag-radio-liberal","tag-rbatv","tag-resistencia","tag-tv-liberal","tag-unama"],"yoast_head":"<!-- This site is optimized with the Yoast SEO plugin v19.10 - https:\/\/yoast.com\/wordpress\/plugins\/seo\/ -->\n<title>Amaz\u00f4nia Vox lidera o ranking dos mais premiados do site Jornalistas &amp; Cia, Tutu continua aprontando, caos na R\u00e1dio Clube e muito mais - Ded\u00e9 Mesquita<\/title>\n<meta name=\"robots\" content=\"index, follow, max-snippet:-1, max-image-preview:large, max-video-preview:-1\" \/>\n<link rel=\"canonical\" href=\"https:\/\/dedemesquita.com.br\/?p=11246\" \/>\n<meta property=\"og:locale\" content=\"pt_BR\" \/>\n<meta property=\"og:type\" content=\"article\" \/>\n<meta property=\"og:title\" content=\"Amaz\u00f4nia Vox lidera o ranking dos mais premiados do site Jornalistas &amp; Cia, Tutu continua aprontando, caos na R\u00e1dio Clube e muito mais - Ded\u00e9 Mesquita\" \/>\n<meta property=\"og:description\" content=\"Bel\u00e9m, 28 de janeiro de 2025 &#8211; \u00c9 tanta coisa por aqui hoje, que deu o maior trabalho para atualizar tudo o que tinha de novidades. Aproveitem. Como sempre, as not\u00edcias mais quentes est\u00e3o no final da postagem. Mais premiados &#8211; O site nacional Jornalistas &amp; Cia divulgou nesta ter\u00e7a-feira, 28, o ranking dos jornalistas [&hellip;]\" \/>\n<meta property=\"og:url\" content=\"https:\/\/dedemesquita.com.br\/?p=11246\" \/>\n<meta property=\"og:site_name\" content=\"Ded\u00e9 Mesquita\" \/>\n<meta property=\"article:publisher\" content=\"https:\/\/www.facebook.com\/dede.mesquita\" \/>\n<meta property=\"article:published_time\" content=\"2025-01-28T22:28:56+00:00\" \/>\n<meta property=\"article:modified_time\" content=\"2025-01-29T00:55:53+00:00\" \/>\n<meta property=\"og:image\" content=\"https:\/\/dedemesquita.com.br\/wp-content\/uploads\/2025\/01\/WhatsApp-Image-2025-01-28-at-19.22.12.jpeg\" \/>\n\t<meta property=\"og:image:width\" content=\"950\" \/>\n\t<meta property=\"og:image:height\" content=\"554\" \/>\n\t<meta property=\"og:image:type\" content=\"image\/jpeg\" \/>\n<meta name=\"author\" content=\"Ded\u00e9 Mesquita\" \/>\n<meta name=\"twitter:card\" content=\"summary_large_image\" \/>\n<meta name=\"twitter:creator\" content=\"@dedemesquita\" \/>\n<meta name=\"twitter:site\" content=\"@dedemesquita\" \/>\n<meta name=\"twitter:label1\" content=\"Escrito por\" \/>\n\t<meta name=\"twitter:data1\" content=\"Ded\u00e9 Mesquita\" \/>\n\t<meta name=\"twitter:label2\" content=\"Est. tempo de leitura\" \/>\n\t<meta name=\"twitter:data2\" content=\"17 minutos\" \/>\n<script type=\"application\/ld+json\" class=\"yoast-schema-graph\">{\"@context\":\"https:\/\/schema.org\",\"@graph\":[{\"@type\":\"WebPage\",\"@id\":\"https:\/\/dedemesquita.com.br\/?p=11246\",\"url\":\"https:\/\/dedemesquita.com.br\/?p=11246\",\"name\":\"Amaz\u00f4nia Vox lidera o ranking dos mais premiados do site Jornalistas &amp; Cia, Tutu continua aprontando, caos na R\u00e1dio Clube e muito mais - Ded\u00e9 Mesquita\",\"isPartOf\":{\"@id\":\"https:\/\/dedemesquita.com.br\/#website\"},\"datePublished\":\"2025-01-28T22:28:56+00:00\",\"dateModified\":\"2025-01-29T00:55:53+00:00\",\"author\":{\"@id\":\"https:\/\/dedemesquita.com.br\/#\/schema\/person\/36571f81dd2d76dc3ab37231542c9e24\"},\"breadcrumb\":{\"@id\":\"https:\/\/dedemesquita.com.br\/?p=11246#breadcrumb\"},\"inLanguage\":\"pt-BR\",\"potentialAction\":[{\"@type\":\"ReadAction\",\"target\":[\"https:\/\/dedemesquita.com.br\/?p=11246\"]}]},{\"@type\":\"BreadcrumbList\",\"@id\":\"https:\/\/dedemesquita.com.br\/?p=11246#breadcrumb\",\"itemListElement\":[{\"@type\":\"ListItem\",\"position\":1,\"name\":\"In\u00edcio\",\"item\":\"https:\/\/dedemesquita.com.br\/\"},{\"@type\":\"ListItem\",\"position\":2,\"name\":\"Amaz\u00f4nia Vox lidera o ranking dos mais premiados do site Jornalistas &amp; Cia, Tutu continua aprontando, caos na R\u00e1dio Clube e muito mais\"}]},{\"@type\":\"WebSite\",\"@id\":\"https:\/\/dedemesquita.com.br\/#website\",\"url\":\"https:\/\/dedemesquita.com.br\/\",\"name\":\"Ded\u00e9 Mesquita\",\"description\":\"Um site que mostra os bastidores da imprensa no estado do Par\u00e1 e em Bel\u00e9m\",\"potentialAction\":[{\"@type\":\"SearchAction\",\"target\":{\"@type\":\"EntryPoint\",\"urlTemplate\":\"https:\/\/dedemesquita.com.br\/?s={search_term_string}\"},\"query-input\":\"required name=search_term_string\"}],\"inLanguage\":\"pt-BR\"},{\"@type\":\"Person\",\"@id\":\"https:\/\/dedemesquita.com.br\/#\/schema\/person\/36571f81dd2d76dc3ab37231542c9e24\",\"name\":\"Ded\u00e9 Mesquita\",\"image\":{\"@type\":\"ImageObject\",\"inLanguage\":\"pt-BR\",\"@id\":\"https:\/\/dedemesquita.com.br\/#\/schema\/person\/image\/\",\"url\":\"https:\/\/dedemesquita.com.br\/wp-content\/uploads\/2021\/02\/foto_perfil-150x150.jpg\",\"contentUrl\":\"https:\/\/dedemesquita.com.br\/wp-content\/uploads\/2021\/02\/foto_perfil-150x150.jpg\",\"caption\":\"Ded\u00e9 Mesquita\"},\"sameAs\":[\"https:\/\/dedemesquita.com.br\"]}]}<\/script>\n<!-- \/ Yoast SEO plugin. -->","yoast_head_json":{"title":"Amaz\u00f4nia Vox lidera o ranking dos mais premiados do site Jornalistas &amp; Cia, Tutu continua aprontando, caos na R\u00e1dio Clube e muito mais - Ded\u00e9 Mesquita","robots":{"index":"index","follow":"follow","max-snippet":"max-snippet:-1","max-image-preview":"max-image-preview:large","max-video-preview":"max-video-preview:-1"},"canonical":"https:\/\/dedemesquita.com.br\/?p=11246","og_locale":"pt_BR","og_type":"article","og_title":"Amaz\u00f4nia Vox lidera o ranking dos mais premiados do site Jornalistas &amp; Cia, Tutu continua aprontando, caos na R\u00e1dio Clube e muito mais - Ded\u00e9 Mesquita","og_description":"Bel\u00e9m, 28 de janeiro de 2025 &#8211; \u00c9 tanta coisa por aqui hoje, que deu o maior trabalho para atualizar tudo o que tinha de novidades. Aproveitem. Como sempre, as not\u00edcias mais quentes est\u00e3o no final da postagem. Mais premiados &#8211; O site nacional Jornalistas &amp; Cia divulgou nesta ter\u00e7a-feira, 28, o ranking dos jornalistas [&hellip;]","og_url":"https:\/\/dedemesquita.com.br\/?p=11246","og_site_name":"Ded\u00e9 Mesquita","article_publisher":"https:\/\/www.facebook.com\/dede.mesquita","article_published_time":"2025-01-28T22:28:56+00:00","article_modified_time":"2025-01-29T00:55:53+00:00","og_image":[{"width":950,"height":554,"url":"https:\/\/dedemesquita.com.br\/wp-content\/uploads\/2025\/01\/WhatsApp-Image-2025-01-28-at-19.22.12.jpeg","type":"image\/jpeg"}],"author":"Ded\u00e9 Mesquita","twitter_card":"summary_large_image","twitter_creator":"@dedemesquita","twitter_site":"@dedemesquita","twitter_misc":{"Escrito por":"Ded\u00e9 Mesquita","Est. tempo de leitura":"17 minutos"},"schema":{"@context":"https:\/\/schema.org","@graph":[{"@type":"WebPage","@id":"https:\/\/dedemesquita.com.br\/?p=11246","url":"https:\/\/dedemesquita.com.br\/?p=11246","name":"Amaz\u00f4nia Vox lidera o ranking dos mais premiados do site Jornalistas &amp; Cia, Tutu continua aprontando, caos na R\u00e1dio Clube e muito mais - Ded\u00e9 Mesquita","isPartOf":{"@id":"https:\/\/dedemesquita.com.br\/#website"},"datePublished":"2025-01-28T22:28:56+00:00","dateModified":"2025-01-29T00:55:53+00:00","author":{"@id":"https:\/\/dedemesquita.com.br\/#\/schema\/person\/36571f81dd2d76dc3ab37231542c9e24"},"breadcrumb":{"@id":"https:\/\/dedemesquita.com.br\/?p=11246#breadcrumb"},"inLanguage":"pt-BR","potentialAction":[{"@type":"ReadAction","target":["https:\/\/dedemesquita.com.br\/?p=11246"]}]},{"@type":"BreadcrumbList","@id":"https:\/\/dedemesquita.com.br\/?p=11246#breadcrumb","itemListElement":[{"@type":"ListItem","position":1,"name":"In\u00edcio","item":"https:\/\/dedemesquita.com.br\/"},{"@type":"ListItem","position":2,"name":"Amaz\u00f4nia Vox lidera o ranking dos mais premiados do site Jornalistas &amp; Cia, Tutu continua aprontando, caos na R\u00e1dio Clube e muito mais"}]},{"@type":"WebSite","@id":"https:\/\/dedemesquita.com.br\/#website","url":"https:\/\/dedemesquita.com.br\/","name":"Ded\u00e9 Mesquita","description":"Um site que mostra os bastidores da imprensa no estado do Par\u00e1 e em Bel\u00e9m","potentialAction":[{"@type":"SearchAction","target":{"@type":"EntryPoint","urlTemplate":"https:\/\/dedemesquita.com.br\/?s={search_term_string}"},"query-input":"required name=search_term_string"}],"inLanguage":"pt-BR"},{"@type":"Person","@id":"https:\/\/dedemesquita.com.br\/#\/schema\/person\/36571f81dd2d76dc3ab37231542c9e24","name":"Ded\u00e9 Mesquita","image":{"@type":"ImageObject","inLanguage":"pt-BR","@id":"https:\/\/dedemesquita.com.br\/#\/schema\/person\/image\/","url":"https:\/\/dedemesquita.com.br\/wp-content\/uploads\/2021\/02\/foto_perfil-150x150.jpg","contentUrl":"https:\/\/dedemesquita.com.br\/wp-content\/uploads\/2021\/02\/foto_perfil-150x150.jpg","caption":"Ded\u00e9 Mesquita"},"sameAs":["https:\/\/dedemesquita.com.br"]}]}},"_links":{"self":[{"href":"https:\/\/dedemesquita.com.br\/index.php?rest_route=\/wp\/v2\/posts\/11246"}],"collection":[{"href":"https:\/\/dedemesquita.com.br\/index.php?rest_route=\/wp\/v2\/posts"}],"about":[{"href":"https:\/\/dedemesquita.com.br\/index.php?rest_route=\/wp\/v2\/types\/post"}],"author":[{"embeddable":true,"href":"https:\/\/dedemesquita.com.br\/index.php?rest_route=\/wp\/v2\/users\/2"}],"replies":[{"embeddable":true,"href":"https:\/\/dedemesquita.com.br\/index.php?rest_route=%2Fwp%2Fv2%2Fcomments&post=11246"}],"version-history":[{"count":1,"href":"https:\/\/dedemesquita.com.br\/index.php?rest_route=\/wp\/v2\/posts\/11246\/revisions"}],"predecessor-version":[{"id":11271,"href":"https:\/\/dedemesquita.com.br\/index.php?rest_route=\/wp\/v2\/posts\/11246\/revisions\/11271"}],"wp:featuredmedia":[{"embeddable":true,"href":"https:\/\/dedemesquita.com.br\/index.php?rest_route=\/wp\/v2\/media\/11269"}],"wp:attachment":[{"href":"https:\/\/dedemesquita.com.br\/index.php?rest_route=%2Fwp%2Fv2%2Fmedia&parent=11246"}],"wp:term":[{"taxonomy":"category","embeddable":true,"href":"https:\/\/dedemesquita.com.br\/index.php?rest_route=%2Fwp%2Fv2%2Fcategories&post=11246"},{"taxonomy":"post_tag","embeddable":true,"href":"https:\/\/dedemesquita.com.br\/index.php?rest_route=%2Fwp%2Fv2%2Ftags&post=11246"}],"curies":[{"name":"wp","href":"https:\/\/api.w.org\/{rel}","templated":true}]}}