{"id":11169,"date":"2025-01-14T18:01:36","date_gmt":"2025-01-14T21:01:36","guid":{"rendered":"https:\/\/dedemesquita.com.br\/?p=11169"},"modified":"2025-01-14T18:09:23","modified_gmt":"2025-01-14T21:09:23","slug":"demissoes-continuam-no-sbt-para-marza-mendonca-na-comunicacao-da-sesma-e-outras-noticias-mais","status":"publish","type":"post","link":"https:\/\/dedemesquita.com.br\/?p=11169","title":{"rendered":"Demiss\u00f5es continuam no SBT Par\u00e1, Marza Mendon\u00e7a na comunica\u00e7\u00e3o da Sesma e outras not\u00edcias mais"},"content":{"rendered":"\n<p><strong>Bel\u00e9m, 14 de janeiro de 2025 &#8211; <\/strong>Olha, marminino, hoje esse site est\u00e1 em polvorosa, tantos s\u00e3o as not\u00edcias sobre os coleguinhas. <\/p>\n\n\n\n<p><strong>SBT Par\u00e1 &#8211; <\/strong>A situa\u00e7\u00e3o dos jornalistas nas emissoras do grupo <strong>SBT<\/strong> est\u00e1 muito dif\u00edcil, em especial no Par\u00e1 e no Rio Grande do Sul. Em Bel\u00e9m, a inseguran\u00e7a dos colegas jornalistas \u00e9 vis\u00edvel, e, em ano de COP 30 na capital paraense, o SBT optou por abrir m\u00e3o do N\u00facleo de Rede local e demitiu a rep\u00f3rter <strong>Mayra Leal<\/strong>, que ocupava essa fun\u00e7\u00e3o, aliada \u00e0 apresenta\u00e7\u00e3o do telejornal da emissora. A situa\u00e7\u00e3o est\u00e1 horr\u00edvel por l\u00e1 por conta da inseguran\u00e7a que impera. A decis\u00e3o sobre as demiss\u00f5es faz parte de reestrutura\u00e7\u00e3o liderada por <strong>Leandro Cipoloni<\/strong>, novo diretor de jornalismo do canal, que assumiu recentemente o cargo.&nbsp;<\/p>\n\n\n<div class=\"wp-block-image\">\n<figure class=\"aligncenter size-full\"><img loading=\"lazy\" decoding=\"async\" width=\"574\" height=\"569\" src=\"https:\/\/dedemesquita.com.br\/wp-content\/uploads\/2025\/01\/Mayra-Leal.jpeg\" alt=\"\" class=\"wp-image-11170\" srcset=\"https:\/\/dedemesquita.com.br\/wp-content\/uploads\/2025\/01\/Mayra-Leal.jpeg 574w, https:\/\/dedemesquita.com.br\/wp-content\/uploads\/2025\/01\/Mayra-Leal-150x150.jpeg 150w\" sizes=\"(max-width: 574px) 100vw, 574px\" \/><figcaption class=\"wp-element-caption\">Mayra Leal \u00e9 mais uma jornalista demitida nessa reforma que est\u00e1 acontecendo no SBT <\/figcaption><\/figure><\/div>\n\n\n<p><strong>Comus \u2013<\/strong> As mudan\u00e7as na <strong>Comus\/ Ag\u00eancia Bel\u00e9m<\/strong> ainda est\u00e3o bem devagar. Mas j\u00e1 se sabe que da antiga equipe s\u00f3 ficou a rep\u00f3rter<strong> Joyce Assun\u00e7\u00e3o.<\/strong> Na <strong>Secretaria Municipal de Sa\u00fade &#8211; Sesma<\/strong>, cuja sede \u00e9 na avenida Governador Jos\u00e9 Malcher, 2821, S\u00e3o Br\u00e1s, a coordenadora de comunica\u00e7\u00e3o \u00e9 <strong>Marza Mendonca<\/strong>, que volta assim ao servi\u00e7o p\u00fablico, depois de ter comandado a revista LIV, da construtora Leal Moreira. Telefone: <strong>91 98413-9123<\/strong> e-mail: <a href=\"mailto:ascomsesma@gmail.com\" target=\"_blank\" rel=\"noreferrer noopener\"><strong>ascomsesma@gmail.com<\/strong><\/a>. No <strong>jornalismo da Comus<\/strong> e outras coisas mais, o respons\u00e1vel \u00e9 <strong>Mauro Neto<\/strong> <em>&#8211; valha-nos quem??<\/em>, no e-mail: <a href=\"mailto:prefeiturabelem.comus@gmail.com\" target=\"_blank\" rel=\"noreferrer noopener\"><strong>prefeiturabelem.comus@gmail.com<\/strong><\/a>&nbsp;<\/p>\n\n\n<div class=\"wp-block-image\">\n<figure class=\"aligncenter size-full\"><img loading=\"lazy\" decoding=\"async\" width=\"619\" height=\"661\" src=\"https:\/\/dedemesquita.com.br\/wp-content\/uploads\/2025\/01\/WhatsApp-Image-2025-01-14-at-17.19.15.jpeg\" alt=\"\" class=\"wp-image-11171\"\/><figcaption class=\"wp-element-caption\">Marza Mendon\u00e7a de volta \u00e0 comunica\u00e7\u00e3o institucional na Comus\/ Sesma <\/figcaption><\/figure><\/div>\n\n\n<p><strong>Contatinhos dos colegas da Temple &#8211;<\/strong> A <strong>Temple Comunica\u00e7\u00e3o <\/strong>atualizou os clientes da ag\u00eancia e os jornalistas que fazem a comunica\u00e7\u00e3o deles. No escrit\u00f3rio <strong>Paula Frassinetti Advogadas<\/strong>, a assessora \u00e9 <strong>Alessandra Barretto<\/strong>, ex-TV Liberal, nos contatos: <strong>91 99112 5612<\/strong> e <a href=\"mailto:alessandra.barreto@temple.com.br\" target=\"_blank\" rel=\"noreferrer noopener\"><strong>alessandra.barreto@temple.com.br<\/strong>;<\/a> a <strong>Associa\u00e7\u00e3o de Neg\u00f3cios da Sociobioeconomia da Amaz\u00f4nia<\/strong> &#8211; ASSOBIO\/ Artemyn\/ Temple Comunica\u00e7\u00e3o, com <strong>Caroliny Pinho<\/strong>, no <strong>91 99913 1515<\/strong> e <a href=\"mailto:caroliny.pinho@temple.com\" target=\"_blank\" rel=\"noreferrer noopener\"><strong>caroliny.pinho@temple.com<\/strong><\/a> ; a <strong>Unimed Bel\u00e9m<\/strong> est\u00e1 com <strong>Erc\u00edlia Wanzeler<\/strong>, ex-Di\u00e1rio do Par\u00e1, no <strong>91 98839 2385<\/strong> e <a href=\"mailto:ercilia.wanzeler@temple.com.br\" target=\"_blank\" rel=\"noreferrer noopener\"><strong>ercilia.wanzeler@temple.com.br<\/strong>;<\/a> a <strong>Guam\u00e1 Tratamento de Res\u00edduos<\/strong>, do aterro sanit\u00e1rio de Marituba, e <strong>Alubar<\/strong>, multinacional paraense, fabricante de cabos el\u00e9tricos de alum\u00ednio em Barcarena, com <strong>Jobson Marinho<\/strong>, no <strong>91 98100 8838<\/strong> e <a href=\"mailto:jobsonmarinho@temple.com.br\" target=\"_blank\" rel=\"noreferrer noopener\"><strong>jobsonmarinho@temple.com.br<\/strong>;<\/a> a <strong>Minera\u00e7\u00e3o Rio do Norte \u2013 MRN<\/strong>, com <strong>Tiago Furtado<\/strong>, ex-Secom e Prefeitura de Altamira, no <strong>93 99244 2596<\/strong> e <a href=\"mailto:imprensa@mrn.com.br\" target=\"_blank\" rel=\"noreferrer noopener\"><strong>imprensa@mrn.com.br<\/strong>;<\/a> a <strong>Associa\u00e7\u00e3o dos Magistrados do Estado do Par\u00e1 &#8211; AMEPA<\/strong>, com <strong>Luciana Oliveira<\/strong>, no <strong>91 98896 7216<\/strong> e <a href=\"mailto:luciana.oliveira@temple.com.br\" target=\"_blank\" rel=\"noreferrer noopener\"><strong>luciana.oliveira@temple.com.br<\/strong>;<\/a> a <strong>JBS Alimentos no Par\u00e1<\/strong> &#8211; Friboi, Seara, Doriana e outros, <strong>academia Machida<\/strong> e <strong>Paravidda<\/strong>, com <strong>Fabr\u00edcio Lopes<\/strong>, ex-Comus, no <strong>91 98215 5716<\/strong> e <a href=\"mailto:fabricio.lopes@temple.com.br\" target=\"_blank\" rel=\"noreferrer noopener\"><strong>fabricio.lopes@temple.com.br<\/strong>;<\/a><strong> \u2060Escrit\u00f3rio de Advocacia Silveira Athias<\/strong>, com&nbsp;<strong>Karinne Homci<\/strong>, no <strong>91 99132 4084<\/strong> e <a href=\"mailto:karinne.homci@temple.com.br\" target=\"_blank\" rel=\"noreferrer noopener\"><strong>karinne.homci@temple.com.br<\/strong><\/a> ; e <strong>O Botic\u00e1rio Par\u00e1<\/strong>, com <strong>Carol Amorim<\/strong>, ex-Secom, no <strong>91 99101 8234<\/strong> e <strong>carolina.amorim@temple.com.br<\/strong>&nbsp;<\/p>\n\n\n<div class=\"wp-block-image\">\n<figure class=\"aligncenter size-full\"><img loading=\"lazy\" decoding=\"async\" width=\"434\" height=\"554\" src=\"https:\/\/dedemesquita.com.br\/wp-content\/uploads\/2025\/01\/WhatsApp-Image-2025-01-14-at-18.08.23.jpeg\" alt=\"\" class=\"wp-image-11201\"\/><figcaption class=\"wp-element-caption\">Carol Amorim est\u00e1 na Temple e responde pela comunica\u00e7\u00e3o de O Botic\u00e1rio no Par\u00e1 <\/figcaption><\/figure><\/div>\n\n\n<p><strong>&nbsp;Thamy &#8211; Thamyris Barbosa<\/strong>, depois de um ano e meio, deixou a ag\u00eancia <strong>In Press Porter Novelli <\/strong>e a comunica\u00e7\u00e3o da <strong>mineradora Vale<\/strong>, em Bel\u00e9m.&nbsp;&nbsp;<\/p>\n\n\n<div class=\"wp-block-image\">\n<figure class=\"aligncenter size-full\"><img loading=\"lazy\" decoding=\"async\" width=\"646\" height=\"735\" src=\"https:\/\/dedemesquita.com.br\/wp-content\/uploads\/2025\/01\/WhatsApp-Image-2025-01-14-at-18.05.16.jpeg\" alt=\"\" class=\"wp-image-11197\"\/><figcaption class=\"wp-element-caption\">Tamy deixou a In Press<\/figcaption><\/figure><\/div>\n\n\n<p><strong>Patr\u00edcia &#8211; Patr\u00edcia Mello <\/strong>come\u00e7ou o dia informando aos coleguinhas que n\u00e3o faz mais parte da comunica\u00e7\u00e3o do <strong>Col\u00e9gio Marista<\/strong> <strong>Nazar\u00e9<\/strong>, em Bel\u00e9m.&nbsp;<\/p>\n\n\n<div class=\"wp-block-image\">\n<figure class=\"aligncenter size-full\"><img loading=\"lazy\" decoding=\"async\" width=\"600\" height=\"600\" src=\"https:\/\/dedemesquita.com.br\/wp-content\/uploads\/2025\/01\/Patricia.jpeg\" alt=\"\" class=\"wp-image-11172\" srcset=\"https:\/\/dedemesquita.com.br\/wp-content\/uploads\/2025\/01\/Patricia.jpeg 600w, https:\/\/dedemesquita.com.br\/wp-content\/uploads\/2025\/01\/Patricia-150x150.jpeg 150w\" sizes=\"(max-width: 600px) 100vw, 600px\" \/><figcaption class=\"wp-element-caption\">Patr\u00edcia n\u00e3o responde mais pela comunica\u00e7\u00e3o do col\u00e9gio Nazar\u00e9, de Bel\u00e9m <\/figcaption><\/figure><\/div>\n\n\n<p><strong>Fabr\u00edcio na Temple &#8211;<\/strong> <strong>Fabr\u00edcio Lopes<\/strong>, que estava na comunica\u00e7\u00e3o da Prefeitura de Bel\u00e9m, passou a integrar o time da ag\u00eancia Temple Comunica\u00e7\u00e3o, como analista de comunica\u00e7\u00e3o s\u00eanior, atuando no relacionamento com a m\u00eddia da <strong>JBS<\/strong>, <strong>academia Machida<\/strong> e <strong>Paravidda<\/strong>.&nbsp;<\/p>\n\n\n<div class=\"wp-block-image\">\n<figure class=\"aligncenter size-full\"><img loading=\"lazy\" decoding=\"async\" width=\"477\" height=\"577\" src=\"https:\/\/dedemesquita.com.br\/wp-content\/uploads\/2025\/01\/Fabricio-Lopes.jpeg\" alt=\"\" class=\"wp-image-11173\"\/><figcaption class=\"wp-element-caption\">Fabr\u00edcio Lopes deixou a Comus <\/figcaption><\/figure><\/div>\n\n\n<p><strong>Rodrigo &#8211;<\/strong> <strong>Rodrigo Monteiro <\/strong>assumiu a assessoria de comunica\u00e7\u00e3o do <strong>Centro Universit\u00e1rio da Amaz\u00f4nia &#8211; UniEsamaz<\/strong>, mas continua na comunica\u00e7\u00e3o do <strong>Conselho Regional de Medicina do Par\u00e1<\/strong>. Qualquer demanda no <strong>91 98031-0708<\/strong> ou <a href=\"mailto:rodrigomonteironeto@gmail.com\" target=\"_blank\" rel=\"noreferrer noopener\"><strong>rodrigomonteironeto@gmail.com<\/strong><\/a>&nbsp;<\/p>\n\n\n<div class=\"wp-block-image\">\n<figure class=\"aligncenter size-full\"><img loading=\"lazy\" decoding=\"async\" width=\"564\" height=\"708\" src=\"https:\/\/dedemesquita.com.br\/wp-content\/uploads\/2025\/01\/WhatsApp-Image-2025-01-14-at-18.03.51.jpeg\" alt=\"\" class=\"wp-image-11198\"\/><figcaption class=\"wp-element-caption\">Rodrigo Monteiro est\u00e1 na comunica\u00e7\u00e3o da<strong> UniEsamaz<\/strong><\/figcaption><\/figure><\/div>\n\n\n<p><strong>Mila \u2013<\/strong> <strong>Mila Amaral<\/strong>, ex-Comus e TRE-PA \u00e9 a assessora de comunica\u00e7\u00e3o da nova diretoria da <strong>Tuna Luso Brasileira<\/strong>, que assumiu a ger\u00eancia do clube recentemente.&nbsp;&nbsp;<\/p>\n\n\n<div class=\"wp-block-image\">\n<figure class=\"aligncenter size-full\"><img loading=\"lazy\" decoding=\"async\" width=\"635\" height=\"768\" src=\"https:\/\/dedemesquita.com.br\/wp-content\/uploads\/2025\/01\/WhatsApp-Image-2025-01-14-at-18.03.12-1.jpeg\" alt=\"\" class=\"wp-image-11200\"\/><figcaption class=\"wp-element-caption\">Mila Amaral na comunica\u00e7\u00e3o da Tunaaaaaa<\/figcaption><\/figure><\/div>\n\n\n<p><strong>Christian &#8211;<\/strong> <strong>Christian Mendes<\/strong> come\u00e7ou em um novo cargo de analista socioambiental na <strong>Norte Energia<\/strong>, dentro da Assessoria de Relacionamento com as Comunidades da Usina Hidrel\u00e9trica Belo Monte, a maior hidrel\u00e9trica 100% brasileira. Antes, ele estava na Nexa Resources, onde ficou pouco tempo.&nbsp;&nbsp;<\/p>\n\n\n<div class=\"wp-block-image\">\n<figure class=\"aligncenter size-full\"><img loading=\"lazy\" decoding=\"async\" width=\"519\" height=\"750\" src=\"https:\/\/dedemesquita.com.br\/wp-content\/uploads\/2025\/01\/Christian-Mendes.jpg\" alt=\"\" class=\"wp-image-11174\"\/><figcaption class=\"wp-element-caption\">Christian Mendes est\u00e1, agora, na Norte Energia <\/figcaption><\/figure><\/div>\n\n\n<p><strong>Comunica\u00e7\u00e3o de Santar\u00e9m &#8211; <\/strong>O prefeito de Santar\u00e9m, <strong>Z\u00e9 Maria Tapaj\u00f3s<\/strong>, apresentou na sexta-feira, 10, em um caf\u00e9 da manh\u00e3, os integrantes da equipe de <strong>comunica\u00e7\u00e3o da Prefeitura<\/strong> \u00e0 imprensa santarena. Durante o encontro, foram lan\u00e7ados o novo slogan da gest\u00e3o municipal &#8211; <strong>Trabalho e Transforma\u00e7\u00e3o<\/strong> &#8211; e a nova identidade visual para o per\u00edodo 2025 a 2028. O evento reuniu outras autoridades, entre elas o vice-prefeito, Carlos Martins, o chefe de gabinete, Elizeu Ramos, e o secret\u00e1rio municipal de Turismo, Emanuel J\u00falio.&nbsp;A coordenadora municipal de comunica\u00e7\u00e3o, <strong>Raysa Sousa<\/strong>, falou sobre o lema que vai guiar o governo municipal pelos pr\u00f3ximos quatro anos.&nbsp;<\/p>\n\n\n<div class=\"wp-block-image\">\n<figure class=\"aligncenter size-full\"><img loading=\"lazy\" decoding=\"async\" width=\"800\" height=\"464\" src=\"https:\/\/dedemesquita.com.br\/wp-content\/uploads\/2025\/01\/Prefeitura_imprensa_Santarem.jpg\" alt=\"\" class=\"wp-image-11175\" srcset=\"https:\/\/dedemesquita.com.br\/wp-content\/uploads\/2025\/01\/Prefeitura_imprensa_Santarem.jpg 800w, https:\/\/dedemesquita.com.br\/wp-content\/uploads\/2025\/01\/Prefeitura_imprensa_Santarem-768x445.jpg 768w\" sizes=\"(max-width: 800px) 100vw, 800px\" \/><figcaption class=\"wp-element-caption\">Imprensa de Santar\u00e9m e os assessores da Prefeitura da capital santarena <\/figcaption><\/figure><\/div>\n\n\n<p><strong>Primeira reuni\u00e3o de 2025 na Temple &#8211; <\/strong>Na primeira reuni\u00e3o de alinhamento do ano de 2025, rumo \u00e0 COP 30, na <strong>Temple Comunica\u00e7\u00e3o<\/strong>, para as empresas, fortalecer a \u00e1rea de RI &amp; RelGov ser\u00e1 essencial, visando \u00e0 constru\u00e7\u00e3o de relacionamentos com stakeholders estrat\u00e9gicos e \u00e0 participa\u00e7\u00e3o nas tomadas de decis\u00e3o. Foi um momento de conex\u00e3o e troca entre os times de Rela\u00e7\u00f5es com as M\u00eddias, Marketing de Influ\u00eancia e Relacionamento Institucional e Governamental, al\u00e9m de uma integra\u00e7\u00e3o com a CEO da ag\u00eancia, Cleide Pinheiro.&nbsp;<\/p>\n\n\n<div class=\"wp-block-image\">\n<figure class=\"aligncenter size-full\"><img loading=\"lazy\" decoding=\"async\" width=\"800\" height=\"545\" src=\"https:\/\/dedemesquita.com.br\/wp-content\/uploads\/2025\/01\/Temple_primeira_reuniao.jpg\" alt=\"\" class=\"wp-image-11176\" srcset=\"https:\/\/dedemesquita.com.br\/wp-content\/uploads\/2025\/01\/Temple_primeira_reuniao.jpg 800w, https:\/\/dedemesquita.com.br\/wp-content\/uploads\/2025\/01\/Temple_primeira_reuniao-768x523.jpg 768w\" sizes=\"(max-width: 800px) 100vw, 800px\" \/><figcaption class=\"wp-element-caption\">Primeira reuni\u00e3o do ano na Temple Comunica\u00e7\u00e3o <\/figcaption><\/figure><\/div>\n\n\n<p><strong>Pr\u00eamio para Hyury &#8211;<\/strong> O paraense <strong>Hyury Potte<\/strong>r, que mora e trabalha em Santa Catarina, recebeu o pr\u00eamio Breakthrough Journalism Award, concedido pelo Pulitzer Center a jornalistas freelancers. Ele conta que 2024 foi o ano em que mais viajou a trabalho para v\u00e1rias organiza\u00e7\u00f5es, produziu mat\u00e9rias investigativas sobre povos ind\u00edgenas e os efeitos clim\u00e1ticos do desmatamento da agricultura em larga escala, al\u00e9m de relat\u00f3rios sobre o uso de pesticidas no bioma Cerrado e amea\u00e7as a jornalistas na Amaz\u00f4nia. \u201cSer um rep\u00f3rter investigativo freelancer tamb\u00e9m significa saber quando parar e descansar\u201d, ensina.&nbsp;&nbsp;<\/p>\n\n\n<div class=\"wp-block-image\">\n<figure class=\"aligncenter size-full\"><img loading=\"lazy\" decoding=\"async\" width=\"558\" height=\"656\" src=\"https:\/\/dedemesquita.com.br\/wp-content\/uploads\/2025\/01\/Hyury-Potter.jpg\" alt=\"\" class=\"wp-image-11177\"\/><figcaption class=\"wp-element-caption\">Hyury Potter ganhou um pr\u00eamio importante <\/figcaption><\/figure><\/div>\n\n\n<p><strong>Troika promove capacita\u00e7\u00e3o &#8211; <\/strong>A ag\u00eancia <strong>Troika Marketing<\/strong> promove o curso <strong>\u201cCONECTA &#8211; Estrat\u00e9gias de Comunica\u00e7\u00e3o Institucional e Parlamentar\u201d<\/strong>, na sexta-feira, <strong>dia 24 de janeiro<\/strong>, <strong>das 8h \u00e0s 18h, na Unama<\/strong> Alcindo Cacela, e contar\u00e1 com um p\u00fablico estimado de 100 participantes. Gratuito e presencial, o curso oferecer\u00e1 10 horas de forma\u00e7\u00e3o intensiva, abordando temas como planejamento estrat\u00e9gico, gest\u00e3o de crises, combate \u00e0 desinforma\u00e7\u00e3o e cria\u00e7\u00e3o de narrativas aut\u00eanticas e engajadoras. O objetivo \u00e9 capacitar os participantes a planejar, organizar e aprimorar rotinas de comunica\u00e7\u00e3o em gabinetes parlamentares e gest\u00f5es p\u00fablicas, transformando-as em estrat\u00e9gias eficazes que traduzem valores em mensagens claras, relevantes e assertivas. <strong>As inscri\u00e7\u00f5es s\u00e3o gratuitas e podem ser feitas com a jornalista J\u00falia Mota no 91 98885-1099.&nbsp;<\/strong><\/p>\n\n\n<div class=\"wp-block-image\">\n<figure class=\"aligncenter size-full\"><img loading=\"lazy\" decoding=\"async\" width=\"450\" height=\"800\" src=\"https:\/\/dedemesquita.com.br\/wp-content\/uploads\/2025\/01\/Troika_evento.jpeg\" alt=\"\" class=\"wp-image-11178\"\/><figcaption class=\"wp-element-caption\">O evento da Troika \u00e9 totalmente gratuito <\/figcaption><\/figure><\/div>\n\n\n<p><strong>Novo portal do CCPA &#8211; <\/strong>No Natal passado, o <strong>Clube de Criativos do Par\u00e1 &#8211; CCPA<\/strong> fez o lan\u00e7amento de seu novo Portal, que busca dar ampla visibilidade \u00e0s principais movimenta\u00e7\u00f5es do cen\u00e1rio profissional e acad\u00eamico da comunica\u00e7\u00e3o paraense, em suas diversas interfaces. E vai estimular, apoiar, conectar e desenvolver os talentos e iniciativas do setor criativo amaz\u00f4nico em um planejamento estrat\u00e9gico da diretoria administrativa para os pr\u00f3ximos tr\u00eas anos de gest\u00e3o. \u00c9 um espa\u00e7o digital para integrar agentes essenciais de ag\u00eancias, ve\u00edculos de comunica\u00e7\u00e3o, fornecedores, institui\u00e7\u00f5es de ensino superior, entidades associativas e empresas. Al\u00e9m do Portal, a agenda do CCPA ir\u00e1 oferecer palestras, workshops, premia\u00e7\u00f5es, semin\u00e1rios, produ\u00e7\u00f5es audiovisuais e muitas parcerias voltadas ao fortalecimento do setor. Por l\u00e1 ainda \u00e9 poss\u00edvel ter mat\u00e9rias de destaque sobre o cen\u00e1rio regional, nacional e internacional da comunica\u00e7\u00e3o; colunistas renomados, com opini\u00f5es e an\u00e1lises exclusivas; Banco de Talentos para conectar profissionais e empresas, em breve; e informa\u00e7\u00f5es sobre as movimenta\u00e7\u00f5es do mercado, produ\u00e7\u00e3o acad\u00eamica e oportunidades de trabalho. Acesse e fa\u00e7a parte deste movimento: <strong><a href=\"https:\/\/www.ccpara.com.br\/\" target=\"_blank\" rel=\"noreferrer noopener\">www.ccpara.com.br<\/a>&nbsp;&nbsp;<\/strong><\/p>\n\n\n<div class=\"wp-block-image\">\n<figure class=\"aligncenter size-full\"><img loading=\"lazy\" decoding=\"async\" width=\"725\" height=\"750\" src=\"https:\/\/dedemesquita.com.br\/wp-content\/uploads\/2025\/01\/WhatsApp-Image-2025-01-13-at-16.33.25.jpeg\" alt=\"\" class=\"wp-image-11179\"\/><figcaption class=\"wp-element-caption\">Alguns dos integrantes do Clube de Criativos do Par\u00e1 &#8211; CCPA responderam que presente dariam a Bel\u00e9m no anivers\u00e1rio da cidade, no \u00faltimo dia 12 de janeiro <\/figcaption><\/figure><\/div>\n\n\n<p><strong>Caf\u00e9 da Abrajet &#8211; Associa\u00e7\u00e3o Brasileira de Jornalistas de Turismo &#8211; Abrajet Par\u00e1<\/strong> promoveu caf\u00e9 da manh\u00e3 com jornalistas e representantes do turismo, na manh\u00e3 de sexta-feira, 10, o hotel Atrium, em Bel\u00e9m. O encontro marcou a apresenta\u00e7\u00e3o da <strong>nova diretoria da Abrajet Par\u00e1,<\/strong> que desempenha um papel fundamental na promo\u00e7\u00e3o do turismo paraense, e passa a ser liderada pela jornalista <strong>Isa Arnour<\/strong>, como presidente, e pelo jornalista <strong>Nilton Guedes<\/strong>, como vice-presidente.&nbsp;&nbsp;<\/p>\n\n\n<div class=\"wp-block-image\">\n<figure class=\"aligncenter size-full\"><img loading=\"lazy\" decoding=\"async\" width=\"800\" height=\"560\" src=\"https:\/\/dedemesquita.com.br\/wp-content\/uploads\/2025\/01\/foto-de-Adriano-Nascimento-4.jpeg\" alt=\"\" class=\"wp-image-11186\" srcset=\"https:\/\/dedemesquita.com.br\/wp-content\/uploads\/2025\/01\/foto-de-Adriano-Nascimento-4.jpeg 800w, https:\/\/dedemesquita.com.br\/wp-content\/uploads\/2025\/01\/foto-de-Adriano-Nascimento-4-768x538.jpeg 768w\" sizes=\"(max-width: 800px) 100vw, 800px\" \/><figcaption class=\"wp-element-caption\">Jornalistas da Abrajet Par\u00e1<\/figcaption><\/figure><\/div>\n\n<div class=\"wp-block-image\">\n<figure class=\"aligncenter size-full is-resized\"><img loading=\"lazy\" decoding=\"async\" width=\"792\" height=\"562\" src=\"https:\/\/dedemesquita.com.br\/wp-content\/uploads\/2025\/01\/WhatsApp-Image-2025-01-10-at-21.07.30.jpeg\" alt=\"\" class=\"wp-image-11187\" style=\"width:792px;height:auto\" srcset=\"https:\/\/dedemesquita.com.br\/wp-content\/uploads\/2025\/01\/WhatsApp-Image-2025-01-10-at-21.07.30.jpeg 792w, https:\/\/dedemesquita.com.br\/wp-content\/uploads\/2025\/01\/WhatsApp-Image-2025-01-10-at-21.07.30-768x545.jpeg 768w\" sizes=\"(max-width: 792px) 100vw, 792px\" \/><figcaption class=\"wp-element-caption\">foto de Adriano Nascimento<\/figcaption><\/figure><\/div>\n\n<div class=\"wp-block-image\">\n<figure class=\"aligncenter size-full\"><img loading=\"lazy\" decoding=\"async\" width=\"800\" height=\"533\" src=\"https:\/\/dedemesquita.com.br\/wp-content\/uploads\/2025\/01\/WhatsApp-Image-2025-01-10-at-21.07.30-1.jpeg\" alt=\"\" class=\"wp-image-11188\" srcset=\"https:\/\/dedemesquita.com.br\/wp-content\/uploads\/2025\/01\/WhatsApp-Image-2025-01-10-at-21.07.30-1.jpeg 800w, https:\/\/dedemesquita.com.br\/wp-content\/uploads\/2025\/01\/WhatsApp-Image-2025-01-10-at-21.07.30-1-768x512.jpeg 768w\" sizes=\"(max-width: 800px) 100vw, 800px\" \/><figcaption class=\"wp-element-caption\">foto de Adriano Nascimento<\/figcaption><\/figure><\/div>\n\n<div class=\"wp-block-image\">\n<figure class=\"aligncenter size-full\"><img loading=\"lazy\" decoding=\"async\" width=\"800\" height=\"628\" src=\"https:\/\/dedemesquita.com.br\/wp-content\/uploads\/2025\/01\/foto-de-Adriano-Nascimento-3.jpeg\" alt=\"\" class=\"wp-image-11189\" srcset=\"https:\/\/dedemesquita.com.br\/wp-content\/uploads\/2025\/01\/foto-de-Adriano-Nascimento-3.jpeg 800w, https:\/\/dedemesquita.com.br\/wp-content\/uploads\/2025\/01\/foto-de-Adriano-Nascimento-3-768x603.jpeg 768w\" sizes=\"(max-width: 800px) 100vw, 800px\" \/><figcaption class=\"wp-element-caption\">foto de Adriano Nascimento<\/figcaption><\/figure><\/div>\n\n<div class=\"wp-block-image\">\n<figure class=\"aligncenter size-full\"><img loading=\"lazy\" decoding=\"async\" width=\"800\" height=\"533\" src=\"https:\/\/dedemesquita.com.br\/wp-content\/uploads\/2025\/01\/foto-de-Adriano-Nascimento-2.jpeg\" alt=\"\" class=\"wp-image-11190\" srcset=\"https:\/\/dedemesquita.com.br\/wp-content\/uploads\/2025\/01\/foto-de-Adriano-Nascimento-2.jpeg 800w, https:\/\/dedemesquita.com.br\/wp-content\/uploads\/2025\/01\/foto-de-Adriano-Nascimento-2-768x512.jpeg 768w\" sizes=\"(max-width: 800px) 100vw, 800px\" \/><figcaption class=\"wp-element-caption\">Isa Arnour, \u00e0 direita, \u00e9 a ova presidente da Abrajet Par\u00e1 &#8211; foto de Adriano Nascimento<\/figcaption><\/figure><\/div>\n\n<div class=\"wp-block-image\">\n<figure class=\"aligncenter size-full\"><img loading=\"lazy\" decoding=\"async\" width=\"800\" height=\"533\" src=\"https:\/\/dedemesquita.com.br\/wp-content\/uploads\/2025\/01\/foto-de-Adriano-Nascimento-1.jpeg\" alt=\"\" class=\"wp-image-11191\" srcset=\"https:\/\/dedemesquita.com.br\/wp-content\/uploads\/2025\/01\/foto-de-Adriano-Nascimento-1.jpeg 800w, https:\/\/dedemesquita.com.br\/wp-content\/uploads\/2025\/01\/foto-de-Adriano-Nascimento-1-768x512.jpeg 768w\" sizes=\"(max-width: 800px) 100vw, 800px\" \/><figcaption class=\"wp-element-caption\">T\u00e2nia Monteiro, ex-presidente da Abrajet Par\u00e1 e o fot\u00f3grafo Celso Lobo &#8211; foto de Adriano Nascimento<\/figcaption><\/figure><\/div>\n\n<div class=\"wp-block-image\">\n<figure class=\"aligncenter size-full\"><img loading=\"lazy\" decoding=\"async\" width=\"800\" height=\"533\" src=\"https:\/\/dedemesquita.com.br\/wp-content\/uploads\/2025\/01\/WhatsApp-Image-2025-01-10-at-21.08.21-1.jpeg\" alt=\"\" class=\"wp-image-11192\" srcset=\"https:\/\/dedemesquita.com.br\/wp-content\/uploads\/2025\/01\/WhatsApp-Image-2025-01-10-at-21.08.21-1.jpeg 800w, https:\/\/dedemesquita.com.br\/wp-content\/uploads\/2025\/01\/WhatsApp-Image-2025-01-10-at-21.08.21-1-768x512.jpeg 768w\" sizes=\"(max-width: 800px) 100vw, 800px\" \/><figcaption class=\"wp-element-caption\">Adriano Nascimento e Isa Arnour <\/figcaption><\/figure><\/div>\n\n\n<p><strong>Coletiva do show de Faf\u00e1 &#8211; <\/strong>Durante uma coletiva de imprensa, sob o comando da jornalista Gil S\u00f3ter, a cantora Faf\u00e1 de Bel\u00e9m compartilhou detalhes sobre o show comemorativo aos 409 anos da capital paraense, realizado no \u00faltimo domingo, dia 12, e autografou o disco &#8220;Essencial&#8221;, um dos antigos da carreira musical da cantora. A rel\u00edquia foi adquirida recentemente pelo jornalista Matheus Viggo, f\u00e3 de carteirinha da artista paraense. Faf\u00e1 reside em S\u00e3o Paulo e tamb\u00e9m em Lisboa, como ela esclareceu durante a entrevista.&nbsp;<\/p>\n\n\n<div class=\"wp-block-image\">\n<figure class=\"aligncenter size-full\"><img loading=\"lazy\" decoding=\"async\" width=\"800\" height=\"533\" src=\"https:\/\/dedemesquita.com.br\/wp-content\/uploads\/2025\/01\/Foto-Aryanne-Almeida-1.jpeg\" alt=\"\" class=\"wp-image-11180\" srcset=\"https:\/\/dedemesquita.com.br\/wp-content\/uploads\/2025\/01\/Foto-Aryanne-Almeida-1.jpeg 800w, https:\/\/dedemesquita.com.br\/wp-content\/uploads\/2025\/01\/Foto-Aryanne-Almeida-1-768x512.jpeg 768w\" sizes=\"(max-width: 800px) 100vw, 800px\" \/><figcaption class=\"wp-element-caption\">Matheus Viggo, Faf\u00e1 de Bel\u00e9m e o disco de vinil autografado, al\u00e9m de Jeferson e Vin\u00edcius Macedo &#8211; foto de Aryanne Almeida<\/figcaption><\/figure><\/div>\n\n<div class=\"wp-block-image\">\n<figure class=\"aligncenter size-full\"><img loading=\"lazy\" decoding=\"async\" width=\"800\" height=\"533\" src=\"https:\/\/dedemesquita.com.br\/wp-content\/uploads\/2025\/01\/Foto-Aryanne-Almeida-3.jpeg\" alt=\"\" class=\"wp-image-11181\" srcset=\"https:\/\/dedemesquita.com.br\/wp-content\/uploads\/2025\/01\/Foto-Aryanne-Almeida-3.jpeg 800w, https:\/\/dedemesquita.com.br\/wp-content\/uploads\/2025\/01\/Foto-Aryanne-Almeida-3-768x512.jpeg 768w\" sizes=\"(max-width: 800px) 100vw, 800px\" \/><figcaption class=\"wp-element-caption\">Andrey Ara\u00fajo, do SBT Par\u00e1, entrevista Faf\u00e1 e o cantor e compositor paraense Arthur Nogueira, que \u00e9 jornalista tamb\u00e9m e foi o diretor do show de Faf\u00e1 de Bel\u00e9m &#8211; foto de Aryanne Almeida<\/figcaption><\/figure><\/div>\n\n<div class=\"wp-block-image\">\n<figure class=\"aligncenter size-full\"><img loading=\"lazy\" decoding=\"async\" width=\"800\" height=\"533\" src=\"https:\/\/dedemesquita.com.br\/wp-content\/uploads\/2025\/01\/Foto-Aryanne-Almeida-2.jpeg\" alt=\"\" class=\"wp-image-11182\" srcset=\"https:\/\/dedemesquita.com.br\/wp-content\/uploads\/2025\/01\/Foto-Aryanne-Almeida-2.jpeg 800w, https:\/\/dedemesquita.com.br\/wp-content\/uploads\/2025\/01\/Foto-Aryanne-Almeida-2-768x512.jpeg 768w\" sizes=\"(max-width: 800px) 100vw, 800px\" \/><figcaption class=\"wp-element-caption\">Faf\u00e1 de Bel\u00e9m e Viggo &#8211; foto de Aryanne Almeida<\/figcaption><\/figure><\/div>\n\n<div class=\"wp-block-image\">\n<figure class=\"aligncenter size-full\"><img loading=\"lazy\" decoding=\"async\" width=\"800\" height=\"533\" src=\"https:\/\/dedemesquita.com.br\/wp-content\/uploads\/2025\/01\/Foto-Aryanne-Almeida-4.jpeg\" alt=\"\" class=\"wp-image-11183\" srcset=\"https:\/\/dedemesquita.com.br\/wp-content\/uploads\/2025\/01\/Foto-Aryanne-Almeida-4.jpeg 800w, https:\/\/dedemesquita.com.br\/wp-content\/uploads\/2025\/01\/Foto-Aryanne-Almeida-4-768x512.jpeg 768w\" sizes=\"(max-width: 800px) 100vw, 800px\" \/><figcaption class=\"wp-element-caption\">Coletiva de imprensa de Faf\u00e1 de Bel\u00e9m, no Cine L\u00edbero Luxardo &#8211; foto de Aryanne Almeida<\/figcaption><\/figure><\/div>\n\n\n<p><strong>Confra na Temple &#8211; <\/strong>Na sexta-feira, 10, a Temple Comunica\u00e7\u00e3o promoveu, em sua sede na avenida Benjamin Constant, em Nazar\u00e9, a confraterniza\u00e7\u00e3o dos funcion\u00e1rios da ag\u00eancia e convidados.<\/p>\n\n\n<div class=\"wp-block-image\">\n<figure class=\"aligncenter size-full\"><img loading=\"lazy\" decoding=\"async\" width=\"631\" height=\"800\" src=\"https:\/\/dedemesquita.com.br\/wp-content\/uploads\/2025\/01\/Screenshot_2025-01-11-05-31-03-965_com.instagram.android.jpg\" alt=\"\" class=\"wp-image-11193\"\/><figcaption class=\"wp-element-caption\">Todo mundo junto e misturado<\/figcaption><\/figure><\/div>\n\n<div class=\"wp-block-image\">\n<figure class=\"aligncenter size-full\"><img loading=\"lazy\" decoding=\"async\" width=\"700\" height=\"521\" src=\"https:\/\/dedemesquita.com.br\/wp-content\/uploads\/2025\/01\/Screenshot_2025-01-11-05-31-10-284_com.instagram.android.jpg\" alt=\"\" class=\"wp-image-11194\"\/><figcaption class=\"wp-element-caption\">Alessandra Barretto, Alan Cativo e Nara Bandeira<\/figcaption><\/figure><\/div>\n\n<div class=\"wp-block-image\">\n<figure class=\"aligncenter size-full\"><img loading=\"lazy\" decoding=\"async\" width=\"742\" height=\"800\" src=\"https:\/\/dedemesquita.com.br\/wp-content\/uploads\/2025\/01\/Screenshot_2025-01-11-05-30-55-255_com.instagram.android.jpg\" alt=\"\" class=\"wp-image-11195\"\/><figcaption class=\"wp-element-caption\">Nara Bandeira e Alessandra Barretto, da |Temple, e as meninas da comunica\u00e7\u00e3o da Fiepa Adriana Ferreira, Lorena Nobre e Elen Neris na festa que parece ter sido das melhores <\/figcaption><\/figure><\/div>","protected":false},"excerpt":{"rendered":"<p>Bel\u00e9m, 14 de janeiro de 2025 &#8211; Olha, marminino, hoje esse site est\u00e1 em polvorosa, tantos s\u00e3o as not\u00edcias sobre os coleguinhas. SBT Par\u00e1 &#8211; A situa\u00e7\u00e3o dos jornalistas nas emissoras do grupo SBT est\u00e1 muito dif\u00edcil, em especial no Par\u00e1 e no Rio Grande do Sul. Em Bel\u00e9m, a inseguran\u00e7a dos colegas jornalistas \u00e9 [&hellip;]<\/p>\n","protected":false},"author":2,"featured_media":11185,"comment_status":"open","ping_status":"open","sticky":false,"template":"","format":"standard","meta":{"footnotes":""},"categories":[51,14,29],"tags":[119,120,313],"class_list":["post-11169","post","type-post","status-publish","format-standard","has-post-thumbnail","hentry","category-destaque","category-imprensa","category-jornalismo","tag-jornalismo","tag-jornalistas-paraenses-em-acao","tag-sbt-para"],"yoast_head":"<!-- This site is optimized with the Yoast SEO plugin v19.10 - https:\/\/yoast.com\/wordpress\/plugins\/seo\/ -->\n<title>Demiss\u00f5es continuam no SBT Par\u00e1, Marza Mendon\u00e7a na comunica\u00e7\u00e3o da Sesma e outras not\u00edcias mais - Ded\u00e9 Mesquita<\/title>\n<meta name=\"robots\" content=\"index, follow, max-snippet:-1, max-image-preview:large, max-video-preview:-1\" \/>\n<link rel=\"canonical\" href=\"https:\/\/dedemesquita.com.br\/?p=11169\" \/>\n<meta property=\"og:locale\" content=\"pt_BR\" \/>\n<meta property=\"og:type\" content=\"article\" \/>\n<meta property=\"og:title\" content=\"Demiss\u00f5es continuam no SBT Par\u00e1, Marza Mendon\u00e7a na comunica\u00e7\u00e3o da Sesma e outras not\u00edcias mais - Ded\u00e9 Mesquita\" \/>\n<meta property=\"og:description\" content=\"Bel\u00e9m, 14 de janeiro de 2025 &#8211; Olha, marminino, hoje esse site est\u00e1 em polvorosa, tantos s\u00e3o as not\u00edcias sobre os coleguinhas. SBT Par\u00e1 &#8211; A situa\u00e7\u00e3o dos jornalistas nas emissoras do grupo SBT est\u00e1 muito dif\u00edcil, em especial no Par\u00e1 e no Rio Grande do Sul. Em Bel\u00e9m, a inseguran\u00e7a dos colegas jornalistas \u00e9 [&hellip;]\" \/>\n<meta property=\"og:url\" content=\"https:\/\/dedemesquita.com.br\/?p=11169\" \/>\n<meta property=\"og:site_name\" content=\"Ded\u00e9 Mesquita\" \/>\n<meta property=\"article:publisher\" content=\"https:\/\/www.facebook.com\/dede.mesquita\" \/>\n<meta property=\"article:published_time\" content=\"2025-01-14T21:01:36+00:00\" \/>\n<meta property=\"article:modified_time\" content=\"2025-01-14T21:09:23+00:00\" \/>\n<meta property=\"og:image\" content=\"https:\/\/dedemesquita.com.br\/wp-content\/uploads\/2025\/01\/MARZA_MENDONCA.jpg\" \/>\n\t<meta property=\"og:image:width\" content=\"950\" \/>\n\t<meta property=\"og:image:height\" content=\"566\" \/>\n\t<meta property=\"og:image:type\" content=\"image\/jpeg\" \/>\n<meta name=\"author\" content=\"Ded\u00e9 Mesquita\" \/>\n<meta name=\"twitter:card\" content=\"summary_large_image\" \/>\n<meta name=\"twitter:creator\" content=\"@dedemesquita\" \/>\n<meta name=\"twitter:site\" content=\"@dedemesquita\" \/>\n<meta name=\"twitter:label1\" content=\"Escrito por\" \/>\n\t<meta name=\"twitter:data1\" content=\"Ded\u00e9 Mesquita\" \/>\n\t<meta name=\"twitter:label2\" content=\"Est. tempo de leitura\" \/>\n\t<meta name=\"twitter:data2\" content=\"15 minutos\" \/>\n<script type=\"application\/ld+json\" class=\"yoast-schema-graph\">{\"@context\":\"https:\/\/schema.org\",\"@graph\":[{\"@type\":\"WebPage\",\"@id\":\"https:\/\/dedemesquita.com.br\/?p=11169\",\"url\":\"https:\/\/dedemesquita.com.br\/?p=11169\",\"name\":\"Demiss\u00f5es continuam no SBT Par\u00e1, Marza Mendon\u00e7a na comunica\u00e7\u00e3o da Sesma e outras not\u00edcias mais - Ded\u00e9 Mesquita\",\"isPartOf\":{\"@id\":\"https:\/\/dedemesquita.com.br\/#website\"},\"datePublished\":\"2025-01-14T21:01:36+00:00\",\"dateModified\":\"2025-01-14T21:09:23+00:00\",\"author\":{\"@id\":\"https:\/\/dedemesquita.com.br\/#\/schema\/person\/36571f81dd2d76dc3ab37231542c9e24\"},\"breadcrumb\":{\"@id\":\"https:\/\/dedemesquita.com.br\/?p=11169#breadcrumb\"},\"inLanguage\":\"pt-BR\",\"potentialAction\":[{\"@type\":\"ReadAction\",\"target\":[\"https:\/\/dedemesquita.com.br\/?p=11169\"]}]},{\"@type\":\"BreadcrumbList\",\"@id\":\"https:\/\/dedemesquita.com.br\/?p=11169#breadcrumb\",\"itemListElement\":[{\"@type\":\"ListItem\",\"position\":1,\"name\":\"In\u00edcio\",\"item\":\"https:\/\/dedemesquita.com.br\/\"},{\"@type\":\"ListItem\",\"position\":2,\"name\":\"Demiss\u00f5es continuam no SBT Par\u00e1, Marza Mendon\u00e7a na comunica\u00e7\u00e3o da Sesma e outras not\u00edcias mais\"}]},{\"@type\":\"WebSite\",\"@id\":\"https:\/\/dedemesquita.com.br\/#website\",\"url\":\"https:\/\/dedemesquita.com.br\/\",\"name\":\"Ded\u00e9 Mesquita\",\"description\":\"Um site que mostra os bastidores da imprensa no estado do Par\u00e1 e em Bel\u00e9m\",\"potentialAction\":[{\"@type\":\"SearchAction\",\"target\":{\"@type\":\"EntryPoint\",\"urlTemplate\":\"https:\/\/dedemesquita.com.br\/?s={search_term_string}\"},\"query-input\":\"required name=search_term_string\"}],\"inLanguage\":\"pt-BR\"},{\"@type\":\"Person\",\"@id\":\"https:\/\/dedemesquita.com.br\/#\/schema\/person\/36571f81dd2d76dc3ab37231542c9e24\",\"name\":\"Ded\u00e9 Mesquita\",\"image\":{\"@type\":\"ImageObject\",\"inLanguage\":\"pt-BR\",\"@id\":\"https:\/\/dedemesquita.com.br\/#\/schema\/person\/image\/\",\"url\":\"https:\/\/dedemesquita.com.br\/wp-content\/uploads\/2021\/02\/foto_perfil-150x150.jpg\",\"contentUrl\":\"https:\/\/dedemesquita.com.br\/wp-content\/uploads\/2021\/02\/foto_perfil-150x150.jpg\",\"caption\":\"Ded\u00e9 Mesquita\"},\"sameAs\":[\"https:\/\/dedemesquita.com.br\"]}]}<\/script>\n<!-- \/ Yoast SEO plugin. -->","yoast_head_json":{"title":"Demiss\u00f5es continuam no SBT Par\u00e1, Marza Mendon\u00e7a na comunica\u00e7\u00e3o da Sesma e outras not\u00edcias mais - Ded\u00e9 Mesquita","robots":{"index":"index","follow":"follow","max-snippet":"max-snippet:-1","max-image-preview":"max-image-preview:large","max-video-preview":"max-video-preview:-1"},"canonical":"https:\/\/dedemesquita.com.br\/?p=11169","og_locale":"pt_BR","og_type":"article","og_title":"Demiss\u00f5es continuam no SBT Par\u00e1, Marza Mendon\u00e7a na comunica\u00e7\u00e3o da Sesma e outras not\u00edcias mais - Ded\u00e9 Mesquita","og_description":"Bel\u00e9m, 14 de janeiro de 2025 &#8211; Olha, marminino, hoje esse site est\u00e1 em polvorosa, tantos s\u00e3o as not\u00edcias sobre os coleguinhas. SBT Par\u00e1 &#8211; A situa\u00e7\u00e3o dos jornalistas nas emissoras do grupo SBT est\u00e1 muito dif\u00edcil, em especial no Par\u00e1 e no Rio Grande do Sul. Em Bel\u00e9m, a inseguran\u00e7a dos colegas jornalistas \u00e9 [&hellip;]","og_url":"https:\/\/dedemesquita.com.br\/?p=11169","og_site_name":"Ded\u00e9 Mesquita","article_publisher":"https:\/\/www.facebook.com\/dede.mesquita","article_published_time":"2025-01-14T21:01:36+00:00","article_modified_time":"2025-01-14T21:09:23+00:00","og_image":[{"width":950,"height":566,"url":"https:\/\/dedemesquita.com.br\/wp-content\/uploads\/2025\/01\/MARZA_MENDONCA.jpg","type":"image\/jpeg"}],"author":"Ded\u00e9 Mesquita","twitter_card":"summary_large_image","twitter_creator":"@dedemesquita","twitter_site":"@dedemesquita","twitter_misc":{"Escrito por":"Ded\u00e9 Mesquita","Est. tempo de leitura":"15 minutos"},"schema":{"@context":"https:\/\/schema.org","@graph":[{"@type":"WebPage","@id":"https:\/\/dedemesquita.com.br\/?p=11169","url":"https:\/\/dedemesquita.com.br\/?p=11169","name":"Demiss\u00f5es continuam no SBT Par\u00e1, Marza Mendon\u00e7a na comunica\u00e7\u00e3o da Sesma e outras not\u00edcias mais - Ded\u00e9 Mesquita","isPartOf":{"@id":"https:\/\/dedemesquita.com.br\/#website"},"datePublished":"2025-01-14T21:01:36+00:00","dateModified":"2025-01-14T21:09:23+00:00","author":{"@id":"https:\/\/dedemesquita.com.br\/#\/schema\/person\/36571f81dd2d76dc3ab37231542c9e24"},"breadcrumb":{"@id":"https:\/\/dedemesquita.com.br\/?p=11169#breadcrumb"},"inLanguage":"pt-BR","potentialAction":[{"@type":"ReadAction","target":["https:\/\/dedemesquita.com.br\/?p=11169"]}]},{"@type":"BreadcrumbList","@id":"https:\/\/dedemesquita.com.br\/?p=11169#breadcrumb","itemListElement":[{"@type":"ListItem","position":1,"name":"In\u00edcio","item":"https:\/\/dedemesquita.com.br\/"},{"@type":"ListItem","position":2,"name":"Demiss\u00f5es continuam no SBT Par\u00e1, Marza Mendon\u00e7a na comunica\u00e7\u00e3o da Sesma e outras not\u00edcias mais"}]},{"@type":"WebSite","@id":"https:\/\/dedemesquita.com.br\/#website","url":"https:\/\/dedemesquita.com.br\/","name":"Ded\u00e9 Mesquita","description":"Um site que mostra os bastidores da imprensa no estado do Par\u00e1 e em Bel\u00e9m","potentialAction":[{"@type":"SearchAction","target":{"@type":"EntryPoint","urlTemplate":"https:\/\/dedemesquita.com.br\/?s={search_term_string}"},"query-input":"required name=search_term_string"}],"inLanguage":"pt-BR"},{"@type":"Person","@id":"https:\/\/dedemesquita.com.br\/#\/schema\/person\/36571f81dd2d76dc3ab37231542c9e24","name":"Ded\u00e9 Mesquita","image":{"@type":"ImageObject","inLanguage":"pt-BR","@id":"https:\/\/dedemesquita.com.br\/#\/schema\/person\/image\/","url":"https:\/\/dedemesquita.com.br\/wp-content\/uploads\/2021\/02\/foto_perfil-150x150.jpg","contentUrl":"https:\/\/dedemesquita.com.br\/wp-content\/uploads\/2021\/02\/foto_perfil-150x150.jpg","caption":"Ded\u00e9 Mesquita"},"sameAs":["https:\/\/dedemesquita.com.br"]}]}},"_links":{"self":[{"href":"https:\/\/dedemesquita.com.br\/index.php?rest_route=\/wp\/v2\/posts\/11169"}],"collection":[{"href":"https:\/\/dedemesquita.com.br\/index.php?rest_route=\/wp\/v2\/posts"}],"about":[{"href":"https:\/\/dedemesquita.com.br\/index.php?rest_route=\/wp\/v2\/types\/post"}],"author":[{"embeddable":true,"href":"https:\/\/dedemesquita.com.br\/index.php?rest_route=\/wp\/v2\/users\/2"}],"replies":[{"embeddable":true,"href":"https:\/\/dedemesquita.com.br\/index.php?rest_route=%2Fwp%2Fv2%2Fcomments&post=11169"}],"version-history":[{"count":3,"href":"https:\/\/dedemesquita.com.br\/index.php?rest_route=\/wp\/v2\/posts\/11169\/revisions"}],"predecessor-version":[{"id":11202,"href":"https:\/\/dedemesquita.com.br\/index.php?rest_route=\/wp\/v2\/posts\/11169\/revisions\/11202"}],"wp:featuredmedia":[{"embeddable":true,"href":"https:\/\/dedemesquita.com.br\/index.php?rest_route=\/wp\/v2\/media\/11185"}],"wp:attachment":[{"href":"https:\/\/dedemesquita.com.br\/index.php?rest_route=%2Fwp%2Fv2%2Fmedia&parent=11169"}],"wp:term":[{"taxonomy":"category","embeddable":true,"href":"https:\/\/dedemesquita.com.br\/index.php?rest_route=%2Fwp%2Fv2%2Fcategories&post=11169"},{"taxonomy":"post_tag","embeddable":true,"href":"https:\/\/dedemesquita.com.br\/index.php?rest_route=%2Fwp%2Fv2%2Ftags&post=11169"}],"curies":[{"name":"wp","href":"https:\/\/api.w.org\/{rel}","templated":true}]}}