{"id":10661,"date":"2024-11-21T08:40:02","date_gmt":"2024-11-21T11:40:02","guid":{"rendered":"https:\/\/dedemesquita.com.br\/?p=10661"},"modified":"2024-11-22T09:30:41","modified_gmt":"2024-11-22T12:30:41","slug":"10661","status":"publish","type":"post","link":"https:\/\/dedemesquita.com.br\/?p=10661","title":{"rendered":"Lan\u00e7amento da ag\u00eancia Carta Amaz\u00f4nia, estreia do filme &#8220;Panela Hist\u00f3rica&#8221; em Bel\u00e9m e outras not\u00edcias mais"},"content":{"rendered":"\n<p><strong>Bel\u00e9m, 21 de novembro de 2024 &#8211; <\/strong>O site est\u00e1 bem atrasado nas atualiza\u00e7\u00f5es, por motivos de &#8220;baita virose&#8221; por c\u00e1, mas estamos de volta, porque &#8220;n\u00f3s enverga, mas n\u00e3o quebra&#8221;. <\/p>\n\n\n\n<p><strong>Lan\u00e7amento da ag\u00eancia Carta Amaz\u00f4nia &#8211; <\/strong>Os jornalistas <strong>Adison Ferreira<\/strong>, <strong>Eraldo Paulino <\/strong>e <strong>Cecilia Amorim <\/strong>lan\u00e7aram na ter\u00e7a-feira, dia 19, no Espa\u00e7o Cultural Manoel Amaral, no bairro do Marco, em Bel\u00e9m, a <strong>ag\u00eancia de comunica\u00e7\u00e3o Carta Amaz\u00f4nia<\/strong>, que atua com produ\u00e7\u00e3o de conte\u00fado e servi\u00e7os pautados na agenda socioambiental e no fortalecimento do jornalismo local e das multivozes da regi\u00e3o amaz\u00f4nica. Para celebrar o lan\u00e7amento da ag\u00eancia, os cofundadores promoveram a festa Kizomba, palavra de origem kimbundo, uma das l\u00ednguas de Angola, que significa encontro e confraterniza\u00e7\u00e3o. Atualmente a ag\u00eancia possui tr\u00eas principais frentes de atua\u00e7\u00e3o: um portal de not\u00edcias, um podcast e o curso de forma\u00e7\u00e3o \u201cEscola Carta Amaz\u00f4nia de Jornalismo\u201d.&nbsp;<\/p>\n\n\n<div class=\"wp-block-image\">\n<figure class=\"aligncenter size-full\"><img loading=\"lazy\" decoding=\"async\" width=\"800\" height=\"521\" src=\"https:\/\/dedemesquita.com.br\/wp-content\/uploads\/2024\/11\/carta2.jpg\" alt=\"\" class=\"wp-image-10665\" srcset=\"https:\/\/dedemesquita.com.br\/wp-content\/uploads\/2024\/11\/carta2.jpg 800w, https:\/\/dedemesquita.com.br\/wp-content\/uploads\/2024\/11\/carta2-768x500.jpg 768w\" sizes=\"(max-width: 800px) 100vw, 800px\" \/><figcaption class=\"wp-element-caption\">Os convidados durante o lan\u00e7amento da ag\u00eancia Carta Amaz\u00f4nia <\/figcaption><\/figure><\/div>\n\n\n<p><strong>Panela &#8211;<\/strong> No <strong>s\u00e1bado, dia 23<\/strong>, vai ocorrer a estreia em Bel\u00e9m do filme <strong>\u201cPanela Hist\u00f3rica: Mem\u00f3ria Gastron\u00f4mica da Cidade de Marab\u00e1\u201d<\/strong> &#8211; depois da estreia em Marab\u00e1, h\u00e1 duas semanas -, como parte da <strong>10\u00aa edi\u00e7\u00e3o do Amaz\u00f4nia (FI)Doc &#8211; Festival Pan-Amaz\u00f4nico de Cinema<\/strong>, evento que destaca a riqueza da produ\u00e7\u00e3o audiovisual na Amaz\u00f4nia. <strong>Entrada gratuita<\/strong>. No <strong>cine L\u00edbero Luxardo, \u00e0s 17 horas<\/strong>. O filme \u00e9 um m\u00e9dia-metragem que explora a rica tradi\u00e7\u00e3o gastron\u00f4mica de Marab\u00e1, no sudeste do Par\u00e1, destacando a influ\u00eancia de povos ind\u00edgenas, libaneses, nordestinos e goianos. A produ\u00e7\u00e3o executiva ficou a cargo de <strong>Liane Gaby<\/strong>, com dire\u00e7\u00e3o de arte assinada por <strong>Walda Marques<\/strong> e dire\u00e7\u00e3o e roteiro por <strong>J\u00fanior Braga<\/strong>. O filme \u00e9 parte do projeto Panela Hist\u00f3ria, que tamb\u00e9m apresenta um livro sobre a gastronomia enfocada, com receitas dos pratos, de autoria do jornalista <strong>Pascoal Gemaque<\/strong>.&nbsp;&nbsp;&nbsp;<\/p>\n\n\n<div class=\"wp-block-image\">\n<figure class=\"aligncenter size-full\"><img loading=\"lazy\" decoding=\"async\" width=\"640\" height=\"800\" src=\"https:\/\/dedemesquita.com.br\/wp-content\/uploads\/2024\/11\/Panela-Historica.jpeg\" alt=\"\" class=\"wp-image-10667\"\/><figcaption class=\"wp-element-caption\">Convite para o lan\u00e7amento do filme &#8220;Panela Hist\u00f3rica&#8221;<\/figcaption><\/figure><\/div>\n\n<div class=\"wp-block-image\">\n<figure class=\"aligncenter size-full\"><img loading=\"lazy\" decoding=\"async\" width=\"761\" height=\"800\" src=\"https:\/\/dedemesquita.com.br\/wp-content\/uploads\/2024\/11\/Pascoal-Gemaque_livro.jpeg\" alt=\"\" class=\"wp-image-10668\"\/><figcaption class=\"wp-element-caption\">Pascoal Gemaque \u00e9 o autor do livro &#8220;Panela Hist\u00f3rica&#8221;<\/figcaption><\/figure><\/div>\n\n\n<p><strong>Elianna &#8211; <\/strong>A jornalista <strong>Elianna Homobono<\/strong>, que trabalhou no jornal Di\u00e1rio do Par\u00e1, teve passagem por uma empresa de minera\u00e7\u00e3o no Amap\u00e1, acaba de assumir a coordenadoria de comunica\u00e7\u00e3o na <strong>Aegea Saneamento<\/strong>, no Mato Grosso. Nessa mesma empresa est\u00e1 Thamires Figueiredo, que tamb\u00e9m trabalhou no Di\u00e1rio do Par\u00e1, em Bel\u00e9m, e \u00e9 a gerente regional de comunica\u00e7\u00e3o Norte e Nordeste da Aegea Saneamento e Participa\u00e7\u00f5es S.A., desde 2021. A empresa tem sede em Fortaleza, Cear\u00e1.&nbsp;&nbsp;<\/p>\n\n\n<div class=\"wp-block-image\">\n<figure class=\"aligncenter size-full\"><img loading=\"lazy\" decoding=\"async\" width=\"500\" height=\"502\" src=\"https:\/\/dedemesquita.com.br\/wp-content\/uploads\/2024\/11\/Helianna-Homobono.jpeg\" alt=\"\" class=\"wp-image-10669\" srcset=\"https:\/\/dedemesquita.com.br\/wp-content\/uploads\/2024\/11\/Helianna-Homobono.jpeg 500w, https:\/\/dedemesquita.com.br\/wp-content\/uploads\/2024\/11\/Helianna-Homobono-150x150.jpeg 150w\" sizes=\"(max-width: 500px) 100vw, 500px\" \/><figcaption class=\"wp-element-caption\">Elianna Homobono em novo cargo<\/figcaption><\/figure><\/div>\n\n\n<p><strong>Daiane &#8211; Daiane Balbinot<\/strong>, que trabalhou por muitos anos como rep\u00f3rter e apresentadora na RBA TV, se mudou para Porto Alegre, no Rio Grande do Sul, e assumiu um cargo de analista de comunica\u00e7\u00e3o e marketing das empresas <strong>Amber Nativis<\/strong> e <strong>Attivo Eventos &amp; Produ\u00e7\u00f5es<\/strong>.&nbsp;&nbsp;<\/p>\n\n\n<div class=\"wp-block-image\">\n<figure class=\"aligncenter size-full\"><img loading=\"lazy\" decoding=\"async\" width=\"564\" height=\"581\" src=\"https:\/\/dedemesquita.com.br\/wp-content\/uploads\/2024\/11\/Daiane-Balbinot.jpeg\" alt=\"\" class=\"wp-image-10670\"\/><figcaption class=\"wp-element-caption\">Daiane Balbinot assumiu novo cargo em Porto Alegre <\/figcaption><\/figure><\/div>\n\n\n<p><strong>Christian &#8211;<\/strong> <strong>Christian Maciel<\/strong> foi aprovado no Doutorado em comunica\u00e7\u00e3o da UFPA e estuda a proposta de assessoria de comunica\u00e7\u00e3o de uma prefeitura do nordeste paraense. <\/p>\n\n\n<div class=\"wp-block-image\">\n<figure class=\"aligncenter size-full\"><img loading=\"lazy\" decoding=\"async\" width=\"702\" height=\"652\" src=\"https:\/\/dedemesquita.com.br\/wp-content\/uploads\/2024\/11\/Christian-Maciel.jpeg\" alt=\"\" class=\"wp-image-10671\"\/><figcaption class=\"wp-element-caption\">Christian Maciel est\u00e1 na Prefeitura de Colares <\/figcaption><\/figure><\/div>\n\n\n<p><strong>Novo livro &#8211;<\/strong> Na <strong>sexta-feira, dia 22, \u00e0s 18h<\/strong>, ocorre o lan\u00e7amento oficial do <strong>&#8220;Visagentas&#8221;<\/strong>, livro selecionado pelo edital de M\u00faltiplas Linguagens da Lei Paulo Gustavo, no <strong>Centro Cultural da Justi\u00e7a Eleitoral do Par\u00e1<\/strong>, na rua Jo\u00e3o Diogo, pr\u00f3ximo \u00e0 avenida 16 de Novembro, Cidade Velha, em Bel\u00e9m. &#8220;Visagentas&#8221; \u00e9 um projeto que valoriza o imagin\u00e1rio paraense, com 10 contos inspirados em visagens e hist\u00f3rias de assombra\u00e7\u00f5es da cultura local. O livro foi escrito pela jornalista <strong>Iaci Gomes<\/strong> &#8211; em seu segundo livro &#8211; e conta com ilustra\u00e7\u00f5es de <strong>Renata Segtowick<\/strong>. Exemplares \u00e0 venda no local, com direito a aut\u00f3grafos, a R$ 50,00.&nbsp;&nbsp;<\/p>\n\n\n<div class=\"wp-block-image\">\n<figure class=\"aligncenter size-full\"><img loading=\"lazy\" decoding=\"async\" width=\"636\" height=\"800\" src=\"https:\/\/dedemesquita.com.br\/wp-content\/uploads\/2024\/11\/livro-Iaci-e-Renata.jpg\" alt=\"\" class=\"wp-image-10672\"\/><figcaption class=\"wp-element-caption\">Novo livro de Iaci Gomes <\/figcaption><\/figure><\/div>\n\n\n<p><strong>Enfermagem &#8211;<\/strong> <strong>Matheus Freire<\/strong> participou em Belo Horizonte da \u00faltima semana do V<strong>III Semin\u00e1rio de Alinhamento Estrat\u00e9gico de Comunica\u00e7\u00e3o do Sistema Cofen\/ Conselhos Regionais de Enfermagem<\/strong>. Na oportunidade, ele falou da experi\u00eancia de atuar na Amaz\u00f4nia, mantendo o bom relacionamento com a imprensa local em v\u00e1rias regi\u00f5es do estado do Par\u00e1.&nbsp;<\/p>\n\n\n<div class=\"wp-block-image\">\n<figure class=\"aligncenter size-full\"><img loading=\"lazy\" decoding=\"async\" width=\"750\" height=\"644\" src=\"https:\/\/dedemesquita.com.br\/wp-content\/uploads\/2024\/11\/Matheus-Freire.jpg\" alt=\"\" class=\"wp-image-10673\"\/><figcaption class=\"wp-element-caption\">Matheus Freire em evento de enfermagem em Belo Horizonte <\/figcaption><\/figure><\/div>\n\n\n<p><strong>Abrajet Par\u00e1 &#8211;<\/strong> A jornalista <strong>Isa Arnour<\/strong>, que est\u00e1 de volta a Bel\u00e9m, depois de ter cursado mestrado em Portugal, foi eleita presidente da <strong>Associa\u00e7\u00e3o Brasileira de Jornalistas de Turismo &#8211; Abrajet\/Par\u00e1,<\/strong> na segunda-feira, 18, por aclama\u00e7\u00e3o, durante assembleia geral realizada de forma virtual. A nova diretoria estar\u00e1 \u00e0 frente da entidade no bi\u00eanio 2025\/ 2026. A chapa eleita \u00e9 composta por Isa; <strong>Nilton Guedes<\/strong>, vice-presidente; <strong>Cristina Nascimento<\/strong>, secret\u00e1ria-geral; <strong>Ray Nonato<\/strong>, diretor financeiro; <strong>Pedro Medina<\/strong>, diretor de comunica\u00e7\u00e3o; <strong>Benigna Soares <\/strong>e <strong>Celso Lobo<\/strong>, projetos especiais;<strong> Wilson Soares<\/strong>, diretor de imagens; <strong>T\u00e2nia Monteiro<\/strong>, diretora de rela\u00e7\u00f5es p\u00fablicas; <strong>Emanuel Leite<\/strong>, diretor de promo\u00e7\u00f5es e eventos. O Conselho Fiscal \u00e9 formado por <strong>Julie Rocha<\/strong>, <strong>Fernando Nobre<\/strong> e <strong>Carlos Par\u00e1<\/strong>.&nbsp;<\/p>\n\n\n<div class=\"wp-block-image\">\n<figure class=\"aligncenter size-full\"><img loading=\"lazy\" decoding=\"async\" width=\"452\" height=\"485\" src=\"https:\/\/dedemesquita.com.br\/wp-content\/uploads\/2024\/11\/Isa-Arnour.jpeg\" alt=\"\" class=\"wp-image-10674\"\/><figcaption class=\"wp-element-caption\">Isa Arnour \u00e9 a nova presidente da Abrajet no Par\u00e1<\/figcaption><\/figure><\/div>\n\n\n<p><strong>Exposi\u00e7\u00e3o &#8211;<\/strong> A abertura da exposi\u00e7\u00e3o <strong>&#8220;Ciclo Sustent\u00e1vel da Borracha Amaz\u00f4nica&#8221;<\/strong> reuniu comunicadores e jornalistas, na noite de s\u00e1bado, 16, na Casa Namata, no bairro Batista Campos, em Bel\u00e9m. A mostra \u00e9 fruto da experi\u00eancia com comunidades amaz\u00f4nicas, como Anaj\u00e1s, Breves, Santar\u00e9m, Belterra e S\u00e3o Francisco do Par\u00e1, em um projeto \u00e9 desenvolvido por mulheres ribeirinhas, tendo como resultado produtos feitos a partir da borracha, como decorativos para mesa posta, biojoias, cal\u00e7ados, camisas, etc. Entre os convidados, <strong>Isa Arnou<\/strong>r, rec\u00e9m-eleita presidente da Abrajet Par\u00e1; a influenciadora paraense <strong>Dani Filgueiras<\/strong>; <strong>Vanessa Vasconcelos<\/strong>, diretora na Rede Cultura de Comunica\u00e7\u00e3o e apresentadora do Sem Censura Par\u00e1; o jornalista e colunista social <strong>Jeferson H\u00f6enisch<\/strong>; e a <strong>Aline Rodrigues<\/strong>, rep\u00f3rter do caderno &#8220;Voc\u00ea&#8221;, do jornal Di\u00e1rio do Par\u00e1.&nbsp;<\/p>\n\n\n<div class=\"wp-block-image\">\n<figure class=\"aligncenter size-full\"><img loading=\"lazy\" decoding=\"async\" width=\"750\" height=\"505\" src=\"https:\/\/dedemesquita.com.br\/wp-content\/uploads\/2024\/11\/exposicao-Casa-Namata.jpeg\" alt=\"\" class=\"wp-image-10675\"\/><figcaption class=\"wp-element-caption\">Abertura de exposi\u00e7\u00e3o reuniu jornalistas <\/figcaption><\/figure><\/div>\n\n\n<p><strong>Casamento &#8211;<\/strong> O jornalista <strong>Beto Rufino<\/strong>, que trabalhou na Comus\/ Ag\u00eancia Bel\u00e9m, se casou com <strong>Mariana Meira,<\/strong> no s\u00e1bado, 16.&nbsp;&nbsp;<\/p>\n\n\n<div class=\"wp-block-image\">\n<figure class=\"aligncenter size-full\"><img loading=\"lazy\" decoding=\"async\" width=\"545\" height=\"689\" src=\"https:\/\/dedemesquita.com.br\/wp-content\/uploads\/2024\/11\/Mariana-e-Beto.jpeg\" alt=\"\" class=\"wp-image-10676\"\/><figcaption class=\"wp-element-caption\">Mariana e Beto Rufino <\/figcaption><\/figure><\/div>\n\n\n<p><strong>Beb\u00ea a bordo &#8211; <\/strong>A jornalista <strong>Renata Maciel<\/strong> est\u00e1 \u00e0 espera de seu primeiro beb\u00ea, para a felicidade dela e do papai <strong>Eduardo Salgado<\/strong>.&nbsp;&nbsp;<\/p>\n\n\n<div class=\"wp-block-image\">\n<figure class=\"aligncenter size-full\"><img loading=\"lazy\" decoding=\"async\" width=\"483\" height=\"608\" src=\"https:\/\/dedemesquita.com.br\/wp-content\/uploads\/2024\/11\/Renata-e-Eduardo.jpeg\" alt=\"\" class=\"wp-image-10677\"\/><figcaption class=\"wp-element-caption\">Eduardo e Renata \u00e0 espera do primeiro beb\u00ea<\/figcaption><\/figure><\/div>\n\n\n<p class=\"has-text-align-center\"><\/p>\n\n\n\n<p><strong>Elei\u00e7\u00e3o na OBA-PA <\/strong>&#8211; O&nbsp;<strong>advogado S\u00e1vio Barreto<\/strong>, de 46 anos, foi eleito<strong>&nbsp;presidente da Ordem dos Advogados do Brasil<\/strong>,&nbsp;<strong>Seccional Par\u00e1 &#8211; OAB-Par\u00e1<\/strong>, superando o atual presidente, Eduardo Imbiriba, uma diferen\u00e7a de 558 votos. O resultado oficial foi divulgado por volta das 21h30 de segunda-feira, 18. De acordo com a&nbsp;<strong>OAB<\/strong>, a vota\u00e7\u00e3o ocorreu das 9h \u00e0s 17h, na Grande Loja Ma\u00e7\u00f4nica do Par\u00e1, em Bel\u00e9m, al\u00e9m de outros 35 munic\u00edpios paraenses, incluindo Subse\u00e7\u00f5es, Salas da Advocacia e Salas de Apoio nos F\u00f3runs das Comarcas. A chapa &#8220;<strong>Renova OAB<\/strong>&#8220;, n\u00famero 15, liderada por S\u00e1vio Barreto e Brenda Ara\u00fajo, conquistou 4.673 votos, enquanto a chapa &#8220;Uni\u00e3o, Inclus\u00e3o e Independ\u00eancia&#8221;, n\u00famero 10, de Eduardo Imbiriba e Cristina Louren\u00e7o, recebeu 4.115 votos.<\/p>\n\n\n<div class=\"wp-block-image\">\n<figure class=\"aligncenter size-full\"><img loading=\"lazy\" decoding=\"async\" width=\"750\" height=\"582\" src=\"https:\/\/dedemesquita.com.br\/wp-content\/uploads\/2024\/11\/WhatsApp-Image-2024-11-20-at-15.45.11-2.jpeg\" alt=\"\" class=\"wp-image-10678\"\/><figcaption class=\"wp-element-caption\">Brenda Ara\u00fajo e S\u00e1vio Barreto v\u00e3o comandar a OAB-Par\u00e1 nos pr\u00f3ximos tr\u00eas anos<\/figcaption><\/figure><\/div>\n\n<div class=\"wp-block-image\">\n<figure class=\"aligncenter size-full\"><img loading=\"lazy\" decoding=\"async\" width=\"750\" height=\"393\" src=\"https:\/\/dedemesquita.com.br\/wp-content\/uploads\/2024\/11\/WhatsApp-Image-2024-11-20-at-15.45.11.jpeg\" alt=\"\" class=\"wp-image-10679\"\/><figcaption class=\"wp-element-caption\">Luiz Fl\u00e1vio, o Luiz\u00e3o, assessorou a chapa vencedora, com Brenda e S\u00e1vio<\/figcaption><\/figure><\/div>\n\n<div class=\"wp-block-image\">\n<figure class=\"aligncenter size-full\"><img loading=\"lazy\" decoding=\"async\" width=\"750\" height=\"474\" src=\"https:\/\/dedemesquita.com.br\/wp-content\/uploads\/2024\/11\/WhatsApp-Image-2024-11-20-at-15.45.11-1.jpeg\" alt=\"\" class=\"wp-image-10680\"\/><figcaption class=\"wp-element-caption\">Luiz\u00e3o e Clodomir Ara\u00fajo Jr. e o promotor aposentado Clodomir Ara\u00fajo, irm\u00e3o e pai de Brenda Ara\u00fajo<\/figcaption><\/figure><\/div>\n\n<div class=\"wp-block-image\">\n<figure class=\"aligncenter size-full\"><img loading=\"lazy\" decoding=\"async\" width=\"672\" height=\"800\" src=\"https:\/\/dedemesquita.com.br\/wp-content\/uploads\/2024\/11\/WhatsApp-Image-2024-11-18-at-22.07.25.jpeg\" alt=\"\" class=\"wp-image-10681\"\/><figcaption class=\"wp-element-caption\">Luiz\u00e3o e Jorginho Neves na festa da vit\u00f3ria da Chapa S\u00e1vio\/ Brenda na OAB-Par\u00e1<\/figcaption><\/figure><\/div>\n\n\n<p><strong>Passeata &#8211; <\/strong>Na sexta-feira, 15, em Bel\u00e9m, o Sindicato do Jornalistas do Par\u00e1 &#8211; Sinjor-PA se juntou a outro trabalhadores em uma passeata pelo <strong>fim da escala 6 x 1<\/strong>. <\/p>\n\n\n<div class=\"wp-block-image\">\n<figure class=\"aligncenter size-full\"><img loading=\"lazy\" decoding=\"async\" width=\"750\" height=\"520\" src=\"https:\/\/dedemesquita.com.br\/wp-content\/uploads\/2024\/11\/Screenshot_2024-11-15-17-40-32-842_com.instagram.android.jpg\" alt=\"\" class=\"wp-image-10684\"\/><figcaption class=\"wp-element-caption\">Vito Gemaque, Cl\u00e1udio Pinheiro e Alexandre Lins durante a passeata <\/figcaption><\/figure><\/div>\n\n<div class=\"wp-block-image\">\n<figure class=\"aligncenter size-full\"><img loading=\"lazy\" decoding=\"async\" width=\"750\" height=\"713\" src=\"https:\/\/dedemesquita.com.br\/wp-content\/uploads\/2024\/11\/Screenshot_2024-11-16-23-29-42-168_com.instagram.android.jpg\" alt=\"\" class=\"wp-image-10685\"\/><figcaption class=\"wp-element-caption\">Fabr\u00edcio Rocha e Claudio Pinheiro<\/figcaption><\/figure><\/div>\n\n<div class=\"wp-block-image\">\n<figure class=\"aligncenter size-full\"><img loading=\"lazy\" decoding=\"async\" width=\"717\" height=\"750\" src=\"https:\/\/dedemesquita.com.br\/wp-content\/uploads\/2024\/11\/Screenshot_2024-11-15-17-40-23-642_com.instagram.android.jpg\" alt=\"\" class=\"wp-image-10686\"\/><figcaption class=\"wp-element-caption\">Vito e Claudio <\/figcaption><\/figure><\/div>","protected":false},"excerpt":{"rendered":"<p>Bel\u00e9m, 21 de novembro de 2024 &#8211; O site est\u00e1 bem atrasado nas atualiza\u00e7\u00f5es, por motivos de &#8220;baita virose&#8221; por c\u00e1, mas estamos de volta, porque &#8220;n\u00f3s enverga, mas n\u00e3o quebra&#8221;. Lan\u00e7amento da ag\u00eancia Carta Amaz\u00f4nia &#8211; Os jornalistas Adison Ferreira, Eraldo Paulino e Cecilia Amorim lan\u00e7aram na ter\u00e7a-feira, dia 19, no Espa\u00e7o Cultural Manoel [&hellip;]<\/p>\n","protected":false},"author":2,"featured_media":10664,"comment_status":"open","ping_status":"open","sticky":false,"template":"","format":"standard","meta":{"footnotes":""},"categories":[51,14,29],"tags":[200,367,119,120,656,820],"class_list":["post-10661","post","type-post","status-publish","format-standard","has-post-thumbnail","hentry","category-destaque","category-imprensa","category-jornalismo","tag-abrajet-pa","tag-carta-amazonia","tag-jornalismo","tag-jornalistas-paraenses-em-acao","tag-panela-historica","tag-prefeitura-de-colares"],"yoast_head":"<!-- This site is optimized with the Yoast SEO plugin v19.10 - https:\/\/yoast.com\/wordpress\/plugins\/seo\/ -->\n<title>Lan\u00e7amento da ag\u00eancia Carta Amaz\u00f4nia, estreia do filme &quot;Panela Hist\u00f3rica&quot; em Bel\u00e9m e outras not\u00edcias mais - Ded\u00e9 Mesquita<\/title>\n<meta name=\"robots\" content=\"index, follow, max-snippet:-1, max-image-preview:large, max-video-preview:-1\" \/>\n<link rel=\"canonical\" href=\"https:\/\/dedemesquita.com.br\/?p=10661\" \/>\n<meta property=\"og:locale\" content=\"pt_BR\" \/>\n<meta property=\"og:type\" content=\"article\" \/>\n<meta property=\"og:title\" content=\"Lan\u00e7amento da ag\u00eancia Carta Amaz\u00f4nia, estreia do filme &quot;Panela Hist\u00f3rica&quot; em Bel\u00e9m e outras not\u00edcias mais - Ded\u00e9 Mesquita\" \/>\n<meta property=\"og:description\" content=\"Bel\u00e9m, 21 de novembro de 2024 &#8211; O site est\u00e1 bem atrasado nas atualiza\u00e7\u00f5es, por motivos de &#8220;baita virose&#8221; por c\u00e1, mas estamos de volta, porque &#8220;n\u00f3s enverga, mas n\u00e3o quebra&#8221;. Lan\u00e7amento da ag\u00eancia Carta Amaz\u00f4nia &#8211; Os jornalistas Adison Ferreira, Eraldo Paulino e Cecilia Amorim lan\u00e7aram na ter\u00e7a-feira, dia 19, no Espa\u00e7o Cultural Manoel [&hellip;]\" \/>\n<meta property=\"og:url\" content=\"https:\/\/dedemesquita.com.br\/?p=10661\" \/>\n<meta property=\"og:site_name\" content=\"Ded\u00e9 Mesquita\" \/>\n<meta property=\"article:publisher\" content=\"https:\/\/www.facebook.com\/dede.mesquita\" \/>\n<meta property=\"article:published_time\" content=\"2024-11-21T11:40:02+00:00\" \/>\n<meta property=\"article:modified_time\" content=\"2024-11-22T12:30:41+00:00\" \/>\n<meta property=\"og:image\" content=\"https:\/\/dedemesquita.com.br\/wp-content\/uploads\/2024\/11\/carta1.jpg\" \/>\n\t<meta property=\"og:image:width\" content=\"950\" \/>\n\t<meta property=\"og:image:height\" content=\"676\" \/>\n\t<meta property=\"og:image:type\" content=\"image\/jpeg\" \/>\n<meta name=\"author\" content=\"Ded\u00e9 Mesquita\" \/>\n<meta name=\"twitter:card\" content=\"summary_large_image\" \/>\n<meta name=\"twitter:creator\" content=\"@dedemesquita\" \/>\n<meta name=\"twitter:site\" content=\"@dedemesquita\" \/>\n<meta name=\"twitter:label1\" content=\"Escrito por\" \/>\n\t<meta name=\"twitter:data1\" content=\"Ded\u00e9 Mesquita\" \/>\n\t<meta name=\"twitter:label2\" content=\"Est. tempo de leitura\" \/>\n\t<meta name=\"twitter:data2\" content=\"11 minutos\" \/>\n<script type=\"application\/ld+json\" class=\"yoast-schema-graph\">{\"@context\":\"https:\/\/schema.org\",\"@graph\":[{\"@type\":\"WebPage\",\"@id\":\"https:\/\/dedemesquita.com.br\/?p=10661\",\"url\":\"https:\/\/dedemesquita.com.br\/?p=10661\",\"name\":\"Lan\u00e7amento da ag\u00eancia Carta Amaz\u00f4nia, estreia do filme \\\"Panela Hist\u00f3rica\\\" em Bel\u00e9m e outras not\u00edcias mais - Ded\u00e9 Mesquita\",\"isPartOf\":{\"@id\":\"https:\/\/dedemesquita.com.br\/#website\"},\"datePublished\":\"2024-11-21T11:40:02+00:00\",\"dateModified\":\"2024-11-22T12:30:41+00:00\",\"author\":{\"@id\":\"https:\/\/dedemesquita.com.br\/#\/schema\/person\/36571f81dd2d76dc3ab37231542c9e24\"},\"breadcrumb\":{\"@id\":\"https:\/\/dedemesquita.com.br\/?p=10661#breadcrumb\"},\"inLanguage\":\"pt-BR\",\"potentialAction\":[{\"@type\":\"ReadAction\",\"target\":[\"https:\/\/dedemesquita.com.br\/?p=10661\"]}]},{\"@type\":\"BreadcrumbList\",\"@id\":\"https:\/\/dedemesquita.com.br\/?p=10661#breadcrumb\",\"itemListElement\":[{\"@type\":\"ListItem\",\"position\":1,\"name\":\"In\u00edcio\",\"item\":\"https:\/\/dedemesquita.com.br\/\"},{\"@type\":\"ListItem\",\"position\":2,\"name\":\"Lan\u00e7amento da ag\u00eancia Carta Amaz\u00f4nia, estreia do filme &#8220;Panela Hist\u00f3rica&#8221; em Bel\u00e9m e outras not\u00edcias mais\"}]},{\"@type\":\"WebSite\",\"@id\":\"https:\/\/dedemesquita.com.br\/#website\",\"url\":\"https:\/\/dedemesquita.com.br\/\",\"name\":\"Ded\u00e9 Mesquita\",\"description\":\"Um site que mostra os bastidores da imprensa no estado do Par\u00e1 e em Bel\u00e9m\",\"potentialAction\":[{\"@type\":\"SearchAction\",\"target\":{\"@type\":\"EntryPoint\",\"urlTemplate\":\"https:\/\/dedemesquita.com.br\/?s={search_term_string}\"},\"query-input\":\"required name=search_term_string\"}],\"inLanguage\":\"pt-BR\"},{\"@type\":\"Person\",\"@id\":\"https:\/\/dedemesquita.com.br\/#\/schema\/person\/36571f81dd2d76dc3ab37231542c9e24\",\"name\":\"Ded\u00e9 Mesquita\",\"image\":{\"@type\":\"ImageObject\",\"inLanguage\":\"pt-BR\",\"@id\":\"https:\/\/dedemesquita.com.br\/#\/schema\/person\/image\/\",\"url\":\"https:\/\/dedemesquita.com.br\/wp-content\/uploads\/2021\/02\/foto_perfil-150x150.jpg\",\"contentUrl\":\"https:\/\/dedemesquita.com.br\/wp-content\/uploads\/2021\/02\/foto_perfil-150x150.jpg\",\"caption\":\"Ded\u00e9 Mesquita\"},\"sameAs\":[\"https:\/\/dedemesquita.com.br\"]}]}<\/script>\n<!-- \/ Yoast SEO plugin. -->","yoast_head_json":{"title":"Lan\u00e7amento da ag\u00eancia Carta Amaz\u00f4nia, estreia do filme \"Panela Hist\u00f3rica\" em Bel\u00e9m e outras not\u00edcias mais - Ded\u00e9 Mesquita","robots":{"index":"index","follow":"follow","max-snippet":"max-snippet:-1","max-image-preview":"max-image-preview:large","max-video-preview":"max-video-preview:-1"},"canonical":"https:\/\/dedemesquita.com.br\/?p=10661","og_locale":"pt_BR","og_type":"article","og_title":"Lan\u00e7amento da ag\u00eancia Carta Amaz\u00f4nia, estreia do filme \"Panela Hist\u00f3rica\" em Bel\u00e9m e outras not\u00edcias mais - Ded\u00e9 Mesquita","og_description":"Bel\u00e9m, 21 de novembro de 2024 &#8211; O site est\u00e1 bem atrasado nas atualiza\u00e7\u00f5es, por motivos de &#8220;baita virose&#8221; por c\u00e1, mas estamos de volta, porque &#8220;n\u00f3s enverga, mas n\u00e3o quebra&#8221;. Lan\u00e7amento da ag\u00eancia Carta Amaz\u00f4nia &#8211; Os jornalistas Adison Ferreira, Eraldo Paulino e Cecilia Amorim lan\u00e7aram na ter\u00e7a-feira, dia 19, no Espa\u00e7o Cultural Manoel [&hellip;]","og_url":"https:\/\/dedemesquita.com.br\/?p=10661","og_site_name":"Ded\u00e9 Mesquita","article_publisher":"https:\/\/www.facebook.com\/dede.mesquita","article_published_time":"2024-11-21T11:40:02+00:00","article_modified_time":"2024-11-22T12:30:41+00:00","og_image":[{"width":950,"height":676,"url":"https:\/\/dedemesquita.com.br\/wp-content\/uploads\/2024\/11\/carta1.jpg","type":"image\/jpeg"}],"author":"Ded\u00e9 Mesquita","twitter_card":"summary_large_image","twitter_creator":"@dedemesquita","twitter_site":"@dedemesquita","twitter_misc":{"Escrito por":"Ded\u00e9 Mesquita","Est. tempo de leitura":"11 minutos"},"schema":{"@context":"https:\/\/schema.org","@graph":[{"@type":"WebPage","@id":"https:\/\/dedemesquita.com.br\/?p=10661","url":"https:\/\/dedemesquita.com.br\/?p=10661","name":"Lan\u00e7amento da ag\u00eancia Carta Amaz\u00f4nia, estreia do filme \"Panela Hist\u00f3rica\" em Bel\u00e9m e outras not\u00edcias mais - Ded\u00e9 Mesquita","isPartOf":{"@id":"https:\/\/dedemesquita.com.br\/#website"},"datePublished":"2024-11-21T11:40:02+00:00","dateModified":"2024-11-22T12:30:41+00:00","author":{"@id":"https:\/\/dedemesquita.com.br\/#\/schema\/person\/36571f81dd2d76dc3ab37231542c9e24"},"breadcrumb":{"@id":"https:\/\/dedemesquita.com.br\/?p=10661#breadcrumb"},"inLanguage":"pt-BR","potentialAction":[{"@type":"ReadAction","target":["https:\/\/dedemesquita.com.br\/?p=10661"]}]},{"@type":"BreadcrumbList","@id":"https:\/\/dedemesquita.com.br\/?p=10661#breadcrumb","itemListElement":[{"@type":"ListItem","position":1,"name":"In\u00edcio","item":"https:\/\/dedemesquita.com.br\/"},{"@type":"ListItem","position":2,"name":"Lan\u00e7amento da ag\u00eancia Carta Amaz\u00f4nia, estreia do filme &#8220;Panela Hist\u00f3rica&#8221; em Bel\u00e9m e outras not\u00edcias mais"}]},{"@type":"WebSite","@id":"https:\/\/dedemesquita.com.br\/#website","url":"https:\/\/dedemesquita.com.br\/","name":"Ded\u00e9 Mesquita","description":"Um site que mostra os bastidores da imprensa no estado do Par\u00e1 e em Bel\u00e9m","potentialAction":[{"@type":"SearchAction","target":{"@type":"EntryPoint","urlTemplate":"https:\/\/dedemesquita.com.br\/?s={search_term_string}"},"query-input":"required name=search_term_string"}],"inLanguage":"pt-BR"},{"@type":"Person","@id":"https:\/\/dedemesquita.com.br\/#\/schema\/person\/36571f81dd2d76dc3ab37231542c9e24","name":"Ded\u00e9 Mesquita","image":{"@type":"ImageObject","inLanguage":"pt-BR","@id":"https:\/\/dedemesquita.com.br\/#\/schema\/person\/image\/","url":"https:\/\/dedemesquita.com.br\/wp-content\/uploads\/2021\/02\/foto_perfil-150x150.jpg","contentUrl":"https:\/\/dedemesquita.com.br\/wp-content\/uploads\/2021\/02\/foto_perfil-150x150.jpg","caption":"Ded\u00e9 Mesquita"},"sameAs":["https:\/\/dedemesquita.com.br"]}]}},"_links":{"self":[{"href":"https:\/\/dedemesquita.com.br\/index.php?rest_route=\/wp\/v2\/posts\/10661"}],"collection":[{"href":"https:\/\/dedemesquita.com.br\/index.php?rest_route=\/wp\/v2\/posts"}],"about":[{"href":"https:\/\/dedemesquita.com.br\/index.php?rest_route=\/wp\/v2\/types\/post"}],"author":[{"embeddable":true,"href":"https:\/\/dedemesquita.com.br\/index.php?rest_route=\/wp\/v2\/users\/2"}],"replies":[{"embeddable":true,"href":"https:\/\/dedemesquita.com.br\/index.php?rest_route=%2Fwp%2Fv2%2Fcomments&post=10661"}],"version-history":[{"count":5,"href":"https:\/\/dedemesquita.com.br\/index.php?rest_route=\/wp\/v2\/posts\/10661\/revisions"}],"predecessor-version":[{"id":10689,"href":"https:\/\/dedemesquita.com.br\/index.php?rest_route=\/wp\/v2\/posts\/10661\/revisions\/10689"}],"wp:featuredmedia":[{"embeddable":true,"href":"https:\/\/dedemesquita.com.br\/index.php?rest_route=\/wp\/v2\/media\/10664"}],"wp:attachment":[{"href":"https:\/\/dedemesquita.com.br\/index.php?rest_route=%2Fwp%2Fv2%2Fmedia&parent=10661"}],"wp:term":[{"taxonomy":"category","embeddable":true,"href":"https:\/\/dedemesquita.com.br\/index.php?rest_route=%2Fwp%2Fv2%2Fcategories&post=10661"},{"taxonomy":"post_tag","embeddable":true,"href":"https:\/\/dedemesquita.com.br\/index.php?rest_route=%2Fwp%2Fv2%2Ftags&post=10661"}],"curies":[{"name":"wp","href":"https:\/\/api.w.org\/{rel}","templated":true}]}}