{"id":10655,"date":"2024-11-18T18:14:31","date_gmt":"2024-11-18T21:14:31","guid":{"rendered":"https:\/\/dedemesquita.com.br\/?p=10655"},"modified":"2024-11-18T18:14:32","modified_gmt":"2024-11-18T21:14:32","slug":"filme-encantaria-de-nos-que-une-danca-e-sentidos-tem-lancamento-em-belem-nesta-segunda-feira-18","status":"publish","type":"post","link":"https:\/\/dedemesquita.com.br\/?p=10655","title":{"rendered":"Filme &#8220;Encantaria de N\u00f3s&#8221;, que une dan\u00e7a e sentidos, tem lan\u00e7amento em Bel\u00e9m, nesta segunda-feira, 18"},"content":{"rendered":"\n<p><strong>Bel\u00e9m, 18 de novembro de 2024 &#8211;<\/strong> O dan\u00e7a-filme <strong>&#8220;Encantaria de N\u00f3s&#8221;<\/strong>, com dire\u00e7\u00e3o de Alan K. Guimar\u00e3es, tem lan\u00e7amento especial, nesta segunda-feira, 18, \u00e0s 18 horas, no Cine Sesc, em Bel\u00e9m. A sess\u00e3o \u00e9 de gra\u00e7a, apenas para convidados, e ap\u00f3s a exibi\u00e7\u00e3o haver\u00e1 uma bate-papo com o p\u00fablico. <\/p>\n\n\n\n<p>O filme foi inspirado na tese-memorial intitulada <strong>&#8220;Encantaria-corpo: processos de cria\u00e7\u00e3o e po\u00e9ticas em dan\u00e7a&#8221;<\/strong>, resultado da pesquisa de doutorado da professora e dan\u00e7aria <strong>Luiza Monteiro e Souza<\/strong>, no Programa de P\u00f3s-gradua\u00e7\u00e3o em Artes da <strong>Universidade Federal do Par\u00e1 &#8211; UFPA<\/strong>, com bolsa sandu\u00edche na <strong>Universit\u00e9 du Qu\u00e9bec \u00e0 Montr\u00e9al<\/strong> &#8211; UQAM, em Montr\u00e9al, no Canad\u00e1.<\/p>\n\n\n<div class=\"wp-block-image\">\n<figure class=\"aligncenter size-full\"><img loading=\"lazy\" decoding=\"async\" width=\"565\" height=\"800\" src=\"https:\/\/dedemesquita.com.br\/wp-content\/uploads\/2024\/11\/WhatsApp-Image-2024-11-13-at-16.01.36.jpeg\" alt=\"\" class=\"wp-image-10656\"\/><figcaption class=\"wp-element-caption\">Cartaz do dan\u00e7a-filme<\/figcaption><\/figure><\/div>\n\n\n<p><strong>Encantaria &#8211; <\/strong>A sinopse fala sobre a encantaria-corpo que prop\u00f5e uma experi\u00eancia de contato com a mat\u00e9ria que habita o mundo. Corpos humanos e vegetais movendo-se numa conjun\u00e7\u00e3o de sentidos, questionando o que nos disciplina e nos domina na dire\u00e7\u00e3o de uma polida civilidade. Resistindo \u00e0 cultura civilizat\u00f3ria, o corpo mergulha nas profundezas de suas naturezas selvagens. O projeto faz parte do fomento do programa <strong>Funarte Retomada 2023, Dan\u00e7a<\/strong>, por meio da Funarte, Minist\u00e9rio da Cultura &#8211; MinC e Governo Federal. <\/p>\n\n\n\n<p><strong>Quem faz o filme &#8211;<\/strong> O obra \u00e9 dirigida por <strong>Alan K. Guimar\u00e3e<\/strong>s, com roteiro dele e de Ros\u00e2ngela Colares, em uma concep\u00e7\u00e3o e produ\u00e7\u00e3o executiva de Leylla Melo, Luiza Monteiro e Paola Pinheiro, e concep\u00e7\u00e3o coreogr\u00e1fica de Ros\u00e2ngela Colares. Na assist\u00eancia de produ\u00e7\u00e3o est\u00e3o Renata Alves e Renatta Vale. <\/p>\n\n\n\n<p>As imagens s\u00e3o de Marcelo Barbosa, Marcilio Henrique, Diego Feitosa, Rog\u00e9rio Cereja e Max Lima; co0m drone de Marcelo Barbosa e Marcilio Henrique, assistente de c\u00e2mera \u00e9 Paulo Santos; som direto de Edson Cabral; montagem de Mario Costa, edt., o colorista \u00e9 Adalberto Junior Fritto. <\/p>\n\n\n\n<p>A trilha sonora original \u00e9 de Thales Branche e Armando Mendon\u00e7a Filho; com os m\u00fasicos convidados: na voz Mainumy Beijafl\u00f4 de M\u00e3e Preta, violoncelo de Maynara Malcher, percuss\u00e3o de Lucas Irain, laborat\u00f3rio de performance vocal de Thales Branche, com a trilha sendo gravada e mixada no est\u00fadio Casa &#8211; Bel\u00e9m-PA, Armando Mendon\u00e7a Filho; desenho de som de Mario Costa. <\/p>\n\n\n\n<p>A realiza\u00e7\u00e3o \u00e9 da <strong>Companhia Moderno de Dan\u00e7a<\/strong> e de <strong>F\u00e1brica de Imagens,<\/strong> com elenco de Leo Barbosa, Leylla Melo, Luiza Monteiro, Lucas Costa, Nat\u00e1lia Lobo, Odara Gabriele, Paola Pinheiro, Renan Ros\u00e1rio &#8211; Peixe -, Robson Gomes e Will Costa.<\/p>\n\n\n\n<p>Na \u00e1rea t\u00e9cnica, o figurino \u00e9 de Grazi Ribeiro, maquiagem de Allyster Fagundes, assistente de maquiagem de Fabricio Santos e Hugo Corr\u00eaa, fotografia c\u00eanica de Danielle Cascaes e Tarc\u00edsio Gabriel, artes gr\u00e1ficas\/ cartaz de Danielle Cascaes, artes gr\u00e1ficas\/ redes sociais de Luiza Imbiriba, audiodescri\u00e7\u00e3o de Amanda Lelibras. <\/p>\n\n\n\n<p>As parceria s\u00e3o do Centro Cultural Porta Azul, Tarik Coelho, Deolinda Oliveira, Felipe Campos e Jardenilson Silva, com patroc\u00ednio de Pinheiro Participa\u00e7\u00e3o e Neg\u00f3cios. <\/p>\n","protected":false},"excerpt":{"rendered":"<p>Bel\u00e9m, 18 de novembro de 2024 &#8211; O dan\u00e7a-filme &#8220;Encantaria de N\u00f3s&#8221;, com dire\u00e7\u00e3o de Alan K. Guimar\u00e3es, tem lan\u00e7amento especial, nesta segunda-feira, 18, \u00e0s 18 horas, no Cine Sesc, em Bel\u00e9m. A sess\u00e3o \u00e9 de gra\u00e7a, apenas para convidados, e ap\u00f3s a exibi\u00e7\u00e3o haver\u00e1 uma bate-papo com o p\u00fablico. O filme foi inspirado na [&hellip;]<\/p>\n","protected":false},"author":2,"featured_media":10657,"comment_status":"open","ping_status":"open","sticky":false,"template":"","format":"standard","meta":{"footnotes":""},"categories":[51,14,29],"tags":[817,814,815,816,819,119,120,818,192],"class_list":["post-10655","post","type-post","status-publish","format-standard","has-post-thumbnail","hentry","category-destaque","category-imprensa","category-jornalismo","tag-cine-sesc","tag-companhia-moderno-de-danca","tag-encantaria","tag-funarte","tag-governo-federal","tag-jornalismo","tag-jornalistas-paraenses-em-acao","tag-minc","tag-ufpa"],"yoast_head":"<!-- This site is optimized with the Yoast SEO plugin v19.10 - https:\/\/yoast.com\/wordpress\/plugins\/seo\/ -->\n<title>Filme &quot;Encantaria de N\u00f3s&quot;, que une dan\u00e7a e sentidos, tem lan\u00e7amento em Bel\u00e9m, nesta segunda-feira, 18 - Ded\u00e9 Mesquita<\/title>\n<meta name=\"robots\" content=\"index, follow, max-snippet:-1, max-image-preview:large, max-video-preview:-1\" \/>\n<link rel=\"canonical\" href=\"https:\/\/dedemesquita.com.br\/?p=10655\" \/>\n<meta property=\"og:locale\" content=\"pt_BR\" \/>\n<meta property=\"og:type\" content=\"article\" \/>\n<meta property=\"og:title\" content=\"Filme &quot;Encantaria de N\u00f3s&quot;, que une dan\u00e7a e sentidos, tem lan\u00e7amento em Bel\u00e9m, nesta segunda-feira, 18 - Ded\u00e9 Mesquita\" \/>\n<meta property=\"og:description\" content=\"Bel\u00e9m, 18 de novembro de 2024 &#8211; O dan\u00e7a-filme &#8220;Encantaria de N\u00f3s&#8221;, com dire\u00e7\u00e3o de Alan K. Guimar\u00e3es, tem lan\u00e7amento especial, nesta segunda-feira, 18, \u00e0s 18 horas, no Cine Sesc, em Bel\u00e9m. A sess\u00e3o \u00e9 de gra\u00e7a, apenas para convidados, e ap\u00f3s a exibi\u00e7\u00e3o haver\u00e1 uma bate-papo com o p\u00fablico. O filme foi inspirado na [&hellip;]\" \/>\n<meta property=\"og:url\" content=\"https:\/\/dedemesquita.com.br\/?p=10655\" \/>\n<meta property=\"og:site_name\" content=\"Ded\u00e9 Mesquita\" \/>\n<meta property=\"article:publisher\" content=\"https:\/\/www.facebook.com\/dede.mesquita\" \/>\n<meta property=\"article:published_time\" content=\"2024-11-18T21:14:31+00:00\" \/>\n<meta property=\"article:modified_time\" content=\"2024-11-18T21:14:32+00:00\" \/>\n<meta property=\"og:image\" content=\"https:\/\/dedemesquita.com.br\/wp-content\/uploads\/2024\/11\/WhatsApp-Image-2024-11-13-at-15.58.50.jpeg\" \/>\n\t<meta property=\"og:image:width\" content=\"1280\" \/>\n\t<meta property=\"og:image:height\" content=\"853\" \/>\n\t<meta property=\"og:image:type\" content=\"image\/jpeg\" \/>\n<meta name=\"author\" content=\"Ded\u00e9 Mesquita\" \/>\n<meta name=\"twitter:card\" content=\"summary_large_image\" \/>\n<meta name=\"twitter:creator\" content=\"@dedemesquita\" \/>\n<meta name=\"twitter:site\" content=\"@dedemesquita\" \/>\n<meta name=\"twitter:label1\" content=\"Escrito por\" \/>\n\t<meta name=\"twitter:data1\" content=\"Ded\u00e9 Mesquita\" \/>\n\t<meta name=\"twitter:label2\" content=\"Est. tempo de leitura\" \/>\n\t<meta name=\"twitter:data2\" content=\"3 minutos\" \/>\n<script type=\"application\/ld+json\" class=\"yoast-schema-graph\">{\"@context\":\"https:\/\/schema.org\",\"@graph\":[{\"@type\":\"WebPage\",\"@id\":\"https:\/\/dedemesquita.com.br\/?p=10655\",\"url\":\"https:\/\/dedemesquita.com.br\/?p=10655\",\"name\":\"Filme \\\"Encantaria de N\u00f3s\\\", que une dan\u00e7a e sentidos, tem lan\u00e7amento em Bel\u00e9m, nesta segunda-feira, 18 - Ded\u00e9 Mesquita\",\"isPartOf\":{\"@id\":\"https:\/\/dedemesquita.com.br\/#website\"},\"datePublished\":\"2024-11-18T21:14:31+00:00\",\"dateModified\":\"2024-11-18T21:14:32+00:00\",\"author\":{\"@id\":\"https:\/\/dedemesquita.com.br\/#\/schema\/person\/36571f81dd2d76dc3ab37231542c9e24\"},\"breadcrumb\":{\"@id\":\"https:\/\/dedemesquita.com.br\/?p=10655#breadcrumb\"},\"inLanguage\":\"pt-BR\",\"potentialAction\":[{\"@type\":\"ReadAction\",\"target\":[\"https:\/\/dedemesquita.com.br\/?p=10655\"]}]},{\"@type\":\"BreadcrumbList\",\"@id\":\"https:\/\/dedemesquita.com.br\/?p=10655#breadcrumb\",\"itemListElement\":[{\"@type\":\"ListItem\",\"position\":1,\"name\":\"In\u00edcio\",\"item\":\"https:\/\/dedemesquita.com.br\/\"},{\"@type\":\"ListItem\",\"position\":2,\"name\":\"Filme &#8220;Encantaria de N\u00f3s&#8221;, que une dan\u00e7a e sentidos, tem lan\u00e7amento em Bel\u00e9m, nesta segunda-feira, 18\"}]},{\"@type\":\"WebSite\",\"@id\":\"https:\/\/dedemesquita.com.br\/#website\",\"url\":\"https:\/\/dedemesquita.com.br\/\",\"name\":\"Ded\u00e9 Mesquita\",\"description\":\"Um site que mostra os bastidores da imprensa no estado do Par\u00e1 e em Bel\u00e9m\",\"potentialAction\":[{\"@type\":\"SearchAction\",\"target\":{\"@type\":\"EntryPoint\",\"urlTemplate\":\"https:\/\/dedemesquita.com.br\/?s={search_term_string}\"},\"query-input\":\"required name=search_term_string\"}],\"inLanguage\":\"pt-BR\"},{\"@type\":\"Person\",\"@id\":\"https:\/\/dedemesquita.com.br\/#\/schema\/person\/36571f81dd2d76dc3ab37231542c9e24\",\"name\":\"Ded\u00e9 Mesquita\",\"image\":{\"@type\":\"ImageObject\",\"inLanguage\":\"pt-BR\",\"@id\":\"https:\/\/dedemesquita.com.br\/#\/schema\/person\/image\/\",\"url\":\"https:\/\/dedemesquita.com.br\/wp-content\/uploads\/2021\/02\/foto_perfil-150x150.jpg\",\"contentUrl\":\"https:\/\/dedemesquita.com.br\/wp-content\/uploads\/2021\/02\/foto_perfil-150x150.jpg\",\"caption\":\"Ded\u00e9 Mesquita\"},\"sameAs\":[\"https:\/\/dedemesquita.com.br\"]}]}<\/script>\n<!-- \/ Yoast SEO plugin. -->","yoast_head_json":{"title":"Filme \"Encantaria de N\u00f3s\", que une dan\u00e7a e sentidos, tem lan\u00e7amento em Bel\u00e9m, nesta segunda-feira, 18 - Ded\u00e9 Mesquita","robots":{"index":"index","follow":"follow","max-snippet":"max-snippet:-1","max-image-preview":"max-image-preview:large","max-video-preview":"max-video-preview:-1"},"canonical":"https:\/\/dedemesquita.com.br\/?p=10655","og_locale":"pt_BR","og_type":"article","og_title":"Filme \"Encantaria de N\u00f3s\", que une dan\u00e7a e sentidos, tem lan\u00e7amento em Bel\u00e9m, nesta segunda-feira, 18 - Ded\u00e9 Mesquita","og_description":"Bel\u00e9m, 18 de novembro de 2024 &#8211; O dan\u00e7a-filme &#8220;Encantaria de N\u00f3s&#8221;, com dire\u00e7\u00e3o de Alan K. Guimar\u00e3es, tem lan\u00e7amento especial, nesta segunda-feira, 18, \u00e0s 18 horas, no Cine Sesc, em Bel\u00e9m. A sess\u00e3o \u00e9 de gra\u00e7a, apenas para convidados, e ap\u00f3s a exibi\u00e7\u00e3o haver\u00e1 uma bate-papo com o p\u00fablico. O filme foi inspirado na [&hellip;]","og_url":"https:\/\/dedemesquita.com.br\/?p=10655","og_site_name":"Ded\u00e9 Mesquita","article_publisher":"https:\/\/www.facebook.com\/dede.mesquita","article_published_time":"2024-11-18T21:14:31+00:00","article_modified_time":"2024-11-18T21:14:32+00:00","og_image":[{"width":1280,"height":853,"url":"https:\/\/dedemesquita.com.br\/wp-content\/uploads\/2024\/11\/WhatsApp-Image-2024-11-13-at-15.58.50.jpeg","type":"image\/jpeg"}],"author":"Ded\u00e9 Mesquita","twitter_card":"summary_large_image","twitter_creator":"@dedemesquita","twitter_site":"@dedemesquita","twitter_misc":{"Escrito por":"Ded\u00e9 Mesquita","Est. tempo de leitura":"3 minutos"},"schema":{"@context":"https:\/\/schema.org","@graph":[{"@type":"WebPage","@id":"https:\/\/dedemesquita.com.br\/?p=10655","url":"https:\/\/dedemesquita.com.br\/?p=10655","name":"Filme \"Encantaria de N\u00f3s\", que une dan\u00e7a e sentidos, tem lan\u00e7amento em Bel\u00e9m, nesta segunda-feira, 18 - Ded\u00e9 Mesquita","isPartOf":{"@id":"https:\/\/dedemesquita.com.br\/#website"},"datePublished":"2024-11-18T21:14:31+00:00","dateModified":"2024-11-18T21:14:32+00:00","author":{"@id":"https:\/\/dedemesquita.com.br\/#\/schema\/person\/36571f81dd2d76dc3ab37231542c9e24"},"breadcrumb":{"@id":"https:\/\/dedemesquita.com.br\/?p=10655#breadcrumb"},"inLanguage":"pt-BR","potentialAction":[{"@type":"ReadAction","target":["https:\/\/dedemesquita.com.br\/?p=10655"]}]},{"@type":"BreadcrumbList","@id":"https:\/\/dedemesquita.com.br\/?p=10655#breadcrumb","itemListElement":[{"@type":"ListItem","position":1,"name":"In\u00edcio","item":"https:\/\/dedemesquita.com.br\/"},{"@type":"ListItem","position":2,"name":"Filme &#8220;Encantaria de N\u00f3s&#8221;, que une dan\u00e7a e sentidos, tem lan\u00e7amento em Bel\u00e9m, nesta segunda-feira, 18"}]},{"@type":"WebSite","@id":"https:\/\/dedemesquita.com.br\/#website","url":"https:\/\/dedemesquita.com.br\/","name":"Ded\u00e9 Mesquita","description":"Um site que mostra os bastidores da imprensa no estado do Par\u00e1 e em Bel\u00e9m","potentialAction":[{"@type":"SearchAction","target":{"@type":"EntryPoint","urlTemplate":"https:\/\/dedemesquita.com.br\/?s={search_term_string}"},"query-input":"required name=search_term_string"}],"inLanguage":"pt-BR"},{"@type":"Person","@id":"https:\/\/dedemesquita.com.br\/#\/schema\/person\/36571f81dd2d76dc3ab37231542c9e24","name":"Ded\u00e9 Mesquita","image":{"@type":"ImageObject","inLanguage":"pt-BR","@id":"https:\/\/dedemesquita.com.br\/#\/schema\/person\/image\/","url":"https:\/\/dedemesquita.com.br\/wp-content\/uploads\/2021\/02\/foto_perfil-150x150.jpg","contentUrl":"https:\/\/dedemesquita.com.br\/wp-content\/uploads\/2021\/02\/foto_perfil-150x150.jpg","caption":"Ded\u00e9 Mesquita"},"sameAs":["https:\/\/dedemesquita.com.br"]}]}},"_links":{"self":[{"href":"https:\/\/dedemesquita.com.br\/index.php?rest_route=\/wp\/v2\/posts\/10655"}],"collection":[{"href":"https:\/\/dedemesquita.com.br\/index.php?rest_route=\/wp\/v2\/posts"}],"about":[{"href":"https:\/\/dedemesquita.com.br\/index.php?rest_route=\/wp\/v2\/types\/post"}],"author":[{"embeddable":true,"href":"https:\/\/dedemesquita.com.br\/index.php?rest_route=\/wp\/v2\/users\/2"}],"replies":[{"embeddable":true,"href":"https:\/\/dedemesquita.com.br\/index.php?rest_route=%2Fwp%2Fv2%2Fcomments&post=10655"}],"version-history":[{"count":1,"href":"https:\/\/dedemesquita.com.br\/index.php?rest_route=\/wp\/v2\/posts\/10655\/revisions"}],"predecessor-version":[{"id":10658,"href":"https:\/\/dedemesquita.com.br\/index.php?rest_route=\/wp\/v2\/posts\/10655\/revisions\/10658"}],"wp:featuredmedia":[{"embeddable":true,"href":"https:\/\/dedemesquita.com.br\/index.php?rest_route=\/wp\/v2\/media\/10657"}],"wp:attachment":[{"href":"https:\/\/dedemesquita.com.br\/index.php?rest_route=%2Fwp%2Fv2%2Fmedia&parent=10655"}],"wp:term":[{"taxonomy":"category","embeddable":true,"href":"https:\/\/dedemesquita.com.br\/index.php?rest_route=%2Fwp%2Fv2%2Fcategories&post=10655"},{"taxonomy":"post_tag","embeddable":true,"href":"https:\/\/dedemesquita.com.br\/index.php?rest_route=%2Fwp%2Fv2%2Ftags&post=10655"}],"curies":[{"name":"wp","href":"https:\/\/api.w.org\/{rel}","templated":true}]}}