{"id":10413,"date":"2024-10-28T15:52:12","date_gmt":"2024-10-28T18:52:12","guid":{"rendered":"https:\/\/dedemesquita.com.br\/?p=10413"},"modified":"2024-10-28T21:00:54","modified_gmt":"2024-10-29T00:00:54","slug":"cirio-de-nazare-a-cobertura-da-imprensa-na-procissao-do-traslado","status":"publish","type":"post","link":"https:\/\/dedemesquita.com.br\/?p=10413","title":{"rendered":"C\u00edrio de Nazar\u00e9, a cobertura da imprensa na prociss\u00e3o do Traslado"},"content":{"rendered":"\n<p><strong>Bel\u00e9m, 28 de outubro de 2024 &#8211;<\/strong> Eu sei, eu sei. Eu sei que estou mais que atrasada nas publica\u00e7\u00f5es sobre o trabalho da imprensa na cobertura do <strong>C\u00edrio de Nossa Senhora de Nazar\u00e9 em 2024<\/strong>. E, justamente nesta segunda-feira, 28, quando o C\u00edrio se encerrou com a prociss\u00e3o do Rec\u00edrio, voltamos \u00e0 programa\u00e7\u00e3o normal e temos fotos das coberturas. <\/p>\n\n\n\n<p><strong>Traslado &#8211; <\/strong>Nesta postagem, as fotos dos coleguinhas na cobertura da prociss\u00e3o do <strong>Traslado para Ananindeua <\/strong>e <strong>Marituba<\/strong>, a maior de todas as romarias do C\u00edrio de Nazar\u00e9, que foi realizada na sexta-feira, dia 11, pela manh\u00e3, terminando apenas ao final da tarde. <\/p>\n\n\n<div class=\"wp-block-image\">\n<figure class=\"aligncenter size-full\"><img loading=\"lazy\" decoding=\"async\" width=\"624\" height=\"800\" src=\"https:\/\/dedemesquita.com.br\/wp-content\/uploads\/2024\/10\/Screenshot_2024-10-15-12-00-11-829_com.instagram.android.jpg\" alt=\"\" class=\"wp-image-10414\"\/><figcaption class=\"wp-element-caption\">Pela ordem, uma foto do presidente Lula, que participou em Bel\u00e9m do C\u00edrio Fluvial, Traslada\u00e7\u00e3o e do C\u00edrio, com um exemplar do &#8220;Livro do C\u00edrio&#8221; 2024<\/figcaption><\/figure><\/div>\n\n<div class=\"wp-block-image\">\n<figure class=\"aligncenter size-full\"><img loading=\"lazy\" decoding=\"async\" width=\"302\" height=\"403\" src=\"https:\/\/dedemesquita.com.br\/wp-content\/uploads\/2024\/10\/guarda-municipal.jpg\" alt=\"\" class=\"wp-image-10451\"\/><figcaption class=\"wp-element-caption\">Thais Veiga, assessora de imprensa da Guarda Municipal de Bel\u00e9m e os &#8220;meninos&#8221; dela <\/figcaption><\/figure><\/div>\n\n<div class=\"wp-block-image\">\n<figure class=\"aligncenter size-full\"><img loading=\"lazy\" decoding=\"async\" width=\"1600\" height=\"1066\" src=\"https:\/\/dedemesquita.com.br\/wp-content\/uploads\/2024\/10\/Pacco-2.jpeg\" alt=\"\" class=\"wp-image-10439\" srcset=\"https:\/\/dedemesquita.com.br\/wp-content\/uploads\/2024\/10\/Pacco-2.jpeg 1600w, https:\/\/dedemesquita.com.br\/wp-content\/uploads\/2024\/10\/Pacco-2-768x512.jpeg 768w, https:\/\/dedemesquita.com.br\/wp-content\/uploads\/2024\/10\/Pacco-2-1536x1023.jpeg 1536w\" sizes=\"(max-width: 1600px) 100vw, 1600px\" \/><figcaption class=\"wp-element-caption\">Maycon Nunes em foto de Raimundo Pacc\u00f3<\/figcaption><\/figure><\/div>\n\n<div class=\"wp-block-image\">\n<figure class=\"aligncenter size-full\"><img loading=\"lazy\" decoding=\"async\" width=\"642\" height=\"700\" src=\"https:\/\/dedemesquita.com.br\/wp-content\/uploads\/2024\/10\/WhatsApp-Image-2024-10-11-at-16.36.01-1.jpeg\" alt=\"\" class=\"wp-image-10440\"\/><figcaption class=\"wp-element-caption\">Ivan Duarte, Igor Mota e Thiago Gomes<\/figcaption><\/figure><\/div>\n\n<div class=\"wp-block-image\">\n<figure class=\"aligncenter size-full\"><img loading=\"lazy\" decoding=\"async\" width=\"750\" height=\"499\" src=\"https:\/\/dedemesquita.com.br\/wp-content\/uploads\/2024\/10\/Adriano-Nascimento-8.jpeg\" alt=\"\" class=\"wp-image-10441\" srcset=\"https:\/\/dedemesquita.com.br\/wp-content\/uploads\/2024\/10\/Adriano-Nascimento-8.jpeg 750w, https:\/\/dedemesquita.com.br\/wp-content\/uploads\/2024\/10\/Adriano-Nascimento-8-600x398.jpeg 600w\" sizes=\"(max-width: 750px) 100vw, 750px\" \/><figcaption class=\"wp-element-caption\">Osmarino Sousa &#8211; foto de Adriano Nascimento <\/figcaption><\/figure><\/div>\n\n<div class=\"wp-block-image\">\n<figure class=\"aligncenter size-full\"><img loading=\"lazy\" decoding=\"async\" width=\"715\" height=\"751\" src=\"https:\/\/dedemesquita.com.br\/wp-content\/uploads\/2024\/10\/WhatsApp-Image-2024-10-11-at-16.36.02-3.jpeg\" alt=\"\" class=\"wp-image-10442\"\/><figcaption class=\"wp-element-caption\">Osmarino, Oswaldo, Maycon e mais coleguinhas, antes do Traslado<\/figcaption><\/figure><\/div>\n\n<div class=\"wp-block-image\">\n<figure class=\"aligncenter size-full\"><img loading=\"lazy\" decoding=\"async\" width=\"670\" height=\"700\" src=\"https:\/\/dedemesquita.com.br\/wp-content\/uploads\/2024\/10\/WhatsApp-Image-2024-10-11-at-16.36.01.jpeg\" alt=\"\" class=\"wp-image-10443\"\/><figcaption class=\"wp-element-caption\">Viggo estreando no Traslado<\/figcaption><\/figure><\/div>\n\n<div class=\"wp-block-image\">\n<figure class=\"aligncenter size-full\"><img loading=\"lazy\" decoding=\"async\" width=\"562\" height=\"750\" src=\"https:\/\/dedemesquita.com.br\/wp-content\/uploads\/2024\/10\/foto-de-Dede-Mesquita-2.jpeg\" alt=\"\" class=\"wp-image-10444\"\/><figcaption class=\"wp-element-caption\">Maycon Nunes &#8211; foto de Ded\u00e9 Mesquita<\/figcaption><\/figure><\/div>\n\n<div class=\"wp-block-image\">\n<figure class=\"aligncenter size-full\"><img loading=\"lazy\" decoding=\"async\" width=\"582\" height=\"750\" src=\"https:\/\/dedemesquita.com.br\/wp-content\/uploads\/2024\/10\/WhatsApp-Image-2024-10-11-at-16.35.58-2.jpeg\" alt=\"\" class=\"wp-image-10445\"\/><figcaption class=\"wp-element-caption\">E tome protetor solar, n\u00e9, Viggo? <\/figcaption><\/figure><\/div>\n\n<div class=\"wp-block-image\">\n<figure class=\"aligncenter size-full\"><img loading=\"lazy\" decoding=\"async\" width=\"700\" height=\"648\" src=\"https:\/\/dedemesquita.com.br\/wp-content\/uploads\/2024\/10\/WhatsApp-Image-2024-10-11-at-16.35.58-1.jpeg\" alt=\"\" class=\"wp-image-10446\"\/><figcaption class=\"wp-element-caption\">Saindo um pouco do sol, n\u00e9, coleguinhas? <\/figcaption><\/figure><\/div>\n\n<div class=\"wp-block-image\">\n<figure class=\"aligncenter size-full\"><img loading=\"lazy\" decoding=\"async\" width=\"461\" height=\"750\" src=\"https:\/\/dedemesquita.com.br\/wp-content\/uploads\/2024\/10\/WhatsApp-Image-2024-10-11-at-16.35.59-2.jpeg\" alt=\"\" class=\"wp-image-10447\"\/><figcaption class=\"wp-element-caption\">Tio Tarso e seu famoso &#8220;bico&#8221;<\/figcaption><\/figure><\/div>\n\n<div class=\"wp-block-image\">\n<figure class=\"aligncenter size-full\"><img loading=\"lazy\" decoding=\"async\" width=\"750\" height=\"562\" src=\"https:\/\/dedemesquita.com.br\/wp-content\/uploads\/2024\/10\/foto-de-Dede-Mesquita-4.jpeg\" alt=\"\" class=\"wp-image-10448\"\/><figcaption class=\"wp-element-caption\">A corrida atr\u00e1s de Nazinha<\/figcaption><\/figure><\/div>\n\n<div class=\"wp-block-image\">\n<figure class=\"aligncenter size-full\"><img loading=\"lazy\" decoding=\"async\" width=\"675\" height=\"700\" src=\"https:\/\/dedemesquita.com.br\/wp-content\/uploads\/2024\/10\/WhatsApp-Image-2024-10-11-at-16.36.00.jpeg\" alt=\"\" class=\"wp-image-10449\"\/><figcaption class=\"wp-element-caption\">Muito sol, n\u00e9, amigo Wagner? <\/figcaption><\/figure><\/div>\n\n<div class=\"wp-block-image\">\n<figure class=\"aligncenter size-full\"><img loading=\"lazy\" decoding=\"async\" width=\"450\" height=\"800\" src=\"https:\/\/dedemesquita.com.br\/wp-content\/uploads\/2024\/10\/WhatsApp-Image-2024-10-15-at-14.15.47-1.jpeg\" alt=\"\" class=\"wp-image-10422\"\/><figcaption class=\"wp-element-caption\">Antenor e Viggo<\/figcaption><\/figure><\/div>\n\n<div class=\"wp-block-image\">\n<figure class=\"aligncenter size-full\"><img loading=\"lazy\" decoding=\"async\" width=\"700\" height=\"800\" src=\"https:\/\/dedemesquita.com.br\/wp-content\/uploads\/2024\/10\/WhatsApp-Image-2024-10-15-at-14.15.48-2.jpeg\" alt=\"\" class=\"wp-image-10423\"\/><figcaption class=\"wp-element-caption\">Wagner Santana <\/figcaption><\/figure><\/div>\n\n<div class=\"wp-block-image\">\n<figure class=\"aligncenter size-full\"><img loading=\"lazy\" decoding=\"async\" width=\"594\" height=\"800\" src=\"https:\/\/dedemesquita.com.br\/wp-content\/uploads\/2024\/10\/WhatsApp-Image-2024-10-14-at-10.37.44-2.jpeg\" alt=\"\" class=\"wp-image-10424\"\/><figcaption class=\"wp-element-caption\">Vitor Souza Lima e a turma da assessoria da Bas\u00edlica de Nazar\u00e9<\/figcaption><\/figure><\/div>\n\n<div class=\"wp-block-image\">\n<figure class=\"aligncenter size-full\"><img loading=\"lazy\" decoding=\"async\" width=\"717\" height=\"620\" src=\"https:\/\/dedemesquita.com.br\/wp-content\/uploads\/2024\/10\/WhatsApp-Image-2024-10-14-at-10.37.43-3.jpeg\" alt=\"\" class=\"wp-image-10425\"\/><figcaption class=\"wp-element-caption\">D\u00edlson Pimentel, Oswaldo Forte e Osmarino Souza<\/figcaption><\/figure><\/div>\n\n<div class=\"wp-block-image\">\n<figure class=\"aligncenter size-full\"><img loading=\"lazy\" decoding=\"async\" width=\"720\" height=\"701\" src=\"https:\/\/dedemesquita.com.br\/wp-content\/uploads\/2024\/10\/WhatsApp-Image-2024-10-14-at-10.37.43-1.jpeg\" alt=\"\" class=\"wp-image-10426\"\/><figcaption class=\"wp-element-caption\">Turma de jornalistas e professores da Unama, que \u00e9 uma das paradas de prociss\u00e3o<\/figcaption><\/figure><\/div>\n\n<div class=\"wp-block-image\">\n<figure class=\"aligncenter size-full\"><img loading=\"lazy\" decoding=\"async\" width=\"719\" height=\"538\" src=\"https:\/\/dedemesquita.com.br\/wp-content\/uploads\/2024\/10\/WhatsApp-Image-2024-10-14-at-10.37.43-2.jpeg\" alt=\"\" class=\"wp-image-10427\"\/><figcaption class=\"wp-element-caption\">D\u00edlson Pimentel e Igor Mota<\/figcaption><\/figure><\/div>\n\n<div class=\"wp-block-image\">\n<figure class=\"aligncenter size-full\"><img loading=\"lazy\" decoding=\"async\" width=\"675\" height=\"700\" src=\"https:\/\/dedemesquita.com.br\/wp-content\/uploads\/2024\/10\/WhatsApp-Image-2024-10-11-at-16.35.57-1.jpeg\" alt=\"\" class=\"wp-image-10429\"\/><figcaption class=\"wp-element-caption\">M\u00e1rcio Lins na apresenta\u00e7\u00e3o do Bom Dia Par\u00e1, antes do in\u00edcio do Traslado <\/figcaption><\/figure><\/div>\n\n<div class=\"wp-block-image\">\n<figure class=\"aligncenter size-full\"><img loading=\"lazy\" decoding=\"async\" width=\"700\" height=\"570\" src=\"https:\/\/dedemesquita.com.br\/wp-content\/uploads\/2024\/10\/WhatsApp-Image-2024-10-11-at-16.35.57.jpeg\" alt=\"\" class=\"wp-image-10430\"\/><figcaption class=\"wp-element-caption\">Equipe do Bom Dia Par\u00e1, da TV Liberal <\/figcaption><\/figure><\/div>\n\n<div class=\"wp-block-image\">\n<figure class=\"aligncenter size-full\"><img loading=\"lazy\" decoding=\"async\" width=\"716\" height=\"750\" src=\"https:\/\/dedemesquita.com.br\/wp-content\/uploads\/2024\/10\/WhatsApp-Image-2024-10-11-at-16.35.59.jpeg\" alt=\"\" class=\"wp-image-10431\"\/><figcaption class=\"wp-element-caption\">Uch\u00f4a Silva l\u00e1 pela frente do TJPA, na Almirante Barroso<\/figcaption><\/figure><\/div>\n\n<div class=\"wp-block-image\">\n<figure class=\"aligncenter size-full\"><img loading=\"lazy\" decoding=\"async\" width=\"484\" height=\"750\" src=\"https:\/\/dedemesquita.com.br\/wp-content\/uploads\/2024\/10\/WhatsApp-Image-2024-10-11-at-16.36.01-3.jpeg\" alt=\"\" class=\"wp-image-10432\"\/><figcaption class=\"wp-element-caption\">foto de Tarso Sarraf, com ele e turma de cobertura em algum lugar da Regi\u00e3o Metropolitana de Bel\u00e9m<\/figcaption><\/figure><\/div>\n\n<div class=\"wp-block-image\">\n<figure class=\"aligncenter size-full\"><img loading=\"lazy\" decoding=\"async\" width=\"593\" height=\"750\" src=\"https:\/\/dedemesquita.com.br\/wp-content\/uploads\/2024\/10\/WhatsApp-Image-2024-10-11-at-16.36.00-1.jpeg\" alt=\"\" class=\"wp-image-10433\"\/><figcaption class=\"wp-element-caption\">Thiago Gomes<\/figcaption><\/figure><\/div>\n\n<div class=\"wp-block-image\">\n<figure class=\"aligncenter size-full\"><img loading=\"lazy\" decoding=\"async\" width=\"715\" height=\"751\" src=\"https:\/\/dedemesquita.com.br\/wp-content\/uploads\/2024\/10\/WhatsApp-Image-2024-10-11-at-16.36.02.jpeg\" alt=\"\" class=\"wp-image-10434\"\/><figcaption class=\"wp-element-caption\">Fernando Sette<\/figcaption><\/figure><\/div>\n\n<div class=\"wp-block-image\">\n<figure class=\"aligncenter size-full\"><img loading=\"lazy\" decoding=\"async\" width=\"716\" height=\"746\" src=\"https:\/\/dedemesquita.com.br\/wp-content\/uploads\/2024\/10\/WhatsApp-Image-2024-10-14-at-10.36.13-3.jpeg\" alt=\"\" class=\"wp-image-10435\"\/><figcaption class=\"wp-element-caption\">Traslado passando em frente \u00e0 sede do grupo RBA, na avenida Almirante Barroso<\/figcaption><\/figure><\/div>\n\n<div class=\"wp-block-image\">\n<figure class=\"aligncenter size-full\"><img loading=\"lazy\" decoding=\"async\" width=\"750\" height=\"452\" src=\"https:\/\/dedemesquita.com.br\/wp-content\/uploads\/2024\/10\/Adriano-Nascimento-4.jpeg\" alt=\"\" class=\"wp-image-10436\"\/><figcaption class=\"wp-element-caption\">A pir\u00e2mide de rep\u00f3rteres e fot\u00f3grafos no carro da cobertura &#8211; foto de Adriano Nascimento<\/figcaption><\/figure><\/div>\n\n<div class=\"wp-block-image\">\n<figure class=\"aligncenter size-full\"><img loading=\"lazy\" decoding=\"async\" width=\"750\" height=\"499\" src=\"https:\/\/dedemesquita.com.br\/wp-content\/uploads\/2024\/10\/Adriano-Nascimento-6.jpeg\" alt=\"\" class=\"wp-image-10437\" srcset=\"https:\/\/dedemesquita.com.br\/wp-content\/uploads\/2024\/10\/Adriano-Nascimento-6.jpeg 750w, https:\/\/dedemesquita.com.br\/wp-content\/uploads\/2024\/10\/Adriano-Nascimento-6-600x398.jpeg 600w\" sizes=\"(max-width: 750px) 100vw, 750px\" \/><figcaption class=\"wp-element-caption\">foto de Adriano Nascimento <\/figcaption><\/figure><\/div>\n\n<div class=\"wp-block-image\">\n<figure class=\"aligncenter size-full\"><img loading=\"lazy\" decoding=\"async\" width=\"626\" height=\"800\" src=\"https:\/\/dedemesquita.com.br\/wp-content\/uploads\/2024\/10\/Screenshot_2024-10-11-19-57-37-990_com.instagram.android-1.jpg\" alt=\"\" class=\"wp-image-10416\"\/><figcaption class=\"wp-element-caption\">Antenor Filho, pela r\u00e1dio Liberal; Matheus Viggo, por O Liberal; e Laiana Damasceno, pelo portal Roma News<\/figcaption><\/figure><\/div>\n\n<div class=\"wp-block-image\">\n<figure class=\"aligncenter size-full\"><img loading=\"lazy\" decoding=\"async\" width=\"707\" height=\"535\" src=\"https:\/\/dedemesquita.com.br\/wp-content\/uploads\/2024\/10\/WhatsApp-Image-2024-10-14-at-10.37.44.jpeg\" alt=\"\" class=\"wp-image-10417\"\/><figcaption class=\"wp-element-caption\">Dilson Pimentel, antes da sa\u00edda da Imagem Peregrina para o Traslado<\/figcaption><\/figure><\/div>\n\n<div class=\"wp-block-image\">\n<figure class=\"aligncenter size-full\"><img loading=\"lazy\" decoding=\"async\" width=\"671\" height=\"800\" src=\"https:\/\/dedemesquita.com.br\/wp-content\/uploads\/2024\/10\/WhatsApp-Image-2024-10-15-at-14.15.47-2.jpeg\" alt=\"\" class=\"wp-image-10418\"\/><figcaption class=\"wp-element-caption\">Wagner Santana, Laiana, Viggo e Antenor <\/figcaption><\/figure><\/div>\n\n<div class=\"wp-block-image\">\n<figure class=\"aligncenter size-full\"><img loading=\"lazy\" decoding=\"async\" width=\"750\" height=\"526\" src=\"https:\/\/dedemesquita.com.br\/wp-content\/uploads\/2024\/10\/Screenshot_2024-10-11-16-54-21-052_com.instagram.android-1.jpg\" alt=\"\" class=\"wp-image-10415\"\/><figcaption class=\"wp-element-caption\">Igor Mota, do jornal O Liberal, vai de carona para acompanhar o Traslado <\/figcaption><\/figure><\/div>","protected":false},"excerpt":{"rendered":"<p>Bel\u00e9m, 28 de outubro de 2024 &#8211; Eu sei, eu sei. Eu sei que estou mais que atrasada nas publica\u00e7\u00f5es sobre o trabalho da imprensa na cobertura do C\u00edrio de Nossa Senhora de Nazar\u00e9 em 2024. E, justamente nesta segunda-feira, 28, quando o C\u00edrio se encerrou com a prociss\u00e3o do Rec\u00edrio, voltamos \u00e0 programa\u00e7\u00e3o normal [&hellip;]<\/p>\n","protected":false},"author":2,"featured_media":10420,"comment_status":"open","ping_status":"open","sticky":false,"template":"","format":"standard","meta":{"footnotes":""},"categories":[51,14,29],"tags":[799,629,119,120,800,798],"class_list":["post-10413","post","type-post","status-publish","format-standard","has-post-thumbnail","hentry","category-destaque","category-imprensa","category-jornalismo","tag-ananindeua","tag-cirio-2024","tag-jornalismo","tag-jornalistas-paraenses-em-acao","tag-marituba","tag-traslado"],"yoast_head":"<!-- This site is optimized with the Yoast SEO plugin v19.10 - https:\/\/yoast.com\/wordpress\/plugins\/seo\/ -->\n<title>C\u00edrio de Nazar\u00e9, a cobertura da imprensa na prociss\u00e3o do Traslado - Ded\u00e9 Mesquita<\/title>\n<meta name=\"robots\" content=\"index, follow, max-snippet:-1, max-image-preview:large, max-video-preview:-1\" \/>\n<link rel=\"canonical\" href=\"https:\/\/dedemesquita.com.br\/?p=10413\" \/>\n<meta property=\"og:locale\" content=\"pt_BR\" \/>\n<meta property=\"og:type\" content=\"article\" \/>\n<meta property=\"og:title\" content=\"C\u00edrio de Nazar\u00e9, a cobertura da imprensa na prociss\u00e3o do Traslado - Ded\u00e9 Mesquita\" \/>\n<meta property=\"og:description\" content=\"Bel\u00e9m, 28 de outubro de 2024 &#8211; Eu sei, eu sei. Eu sei que estou mais que atrasada nas publica\u00e7\u00f5es sobre o trabalho da imprensa na cobertura do C\u00edrio de Nossa Senhora de Nazar\u00e9 em 2024. E, justamente nesta segunda-feira, 28, quando o C\u00edrio se encerrou com a prociss\u00e3o do Rec\u00edrio, voltamos \u00e0 programa\u00e7\u00e3o normal [&hellip;]\" \/>\n<meta property=\"og:url\" content=\"https:\/\/dedemesquita.com.br\/?p=10413\" \/>\n<meta property=\"og:site_name\" content=\"Ded\u00e9 Mesquita\" \/>\n<meta property=\"article:publisher\" content=\"https:\/\/www.facebook.com\/dede.mesquita\" \/>\n<meta property=\"article:published_time\" content=\"2024-10-28T18:52:12+00:00\" \/>\n<meta property=\"article:modified_time\" content=\"2024-10-29T00:00:54+00:00\" \/>\n<meta property=\"og:image\" content=\"https:\/\/dedemesquita.com.br\/wp-content\/uploads\/2024\/10\/WhatsApp-Image-2024-10-14-at-10.37.40.jpeg\" \/>\n\t<meta property=\"og:image:width\" content=\"720\" \/>\n\t<meta property=\"og:image:height\" content=\"601\" \/>\n\t<meta property=\"og:image:type\" content=\"image\/jpeg\" \/>\n<meta name=\"author\" content=\"Ded\u00e9 Mesquita\" \/>\n<meta name=\"twitter:card\" content=\"summary_large_image\" \/>\n<meta name=\"twitter:creator\" content=\"@dedemesquita\" \/>\n<meta name=\"twitter:site\" content=\"@dedemesquita\" \/>\n<meta name=\"twitter:label1\" content=\"Escrito por\" \/>\n\t<meta name=\"twitter:data1\" content=\"Ded\u00e9 Mesquita\" \/>\n\t<meta name=\"twitter:label2\" content=\"Est. tempo de leitura\" \/>\n\t<meta name=\"twitter:data2\" content=\"9 minutos\" \/>\n<script type=\"application\/ld+json\" class=\"yoast-schema-graph\">{\"@context\":\"https:\/\/schema.org\",\"@graph\":[{\"@type\":\"WebPage\",\"@id\":\"https:\/\/dedemesquita.com.br\/?p=10413\",\"url\":\"https:\/\/dedemesquita.com.br\/?p=10413\",\"name\":\"C\u00edrio de Nazar\u00e9, a cobertura da imprensa na prociss\u00e3o do Traslado - Ded\u00e9 Mesquita\",\"isPartOf\":{\"@id\":\"https:\/\/dedemesquita.com.br\/#website\"},\"datePublished\":\"2024-10-28T18:52:12+00:00\",\"dateModified\":\"2024-10-29T00:00:54+00:00\",\"author\":{\"@id\":\"https:\/\/dedemesquita.com.br\/#\/schema\/person\/36571f81dd2d76dc3ab37231542c9e24\"},\"breadcrumb\":{\"@id\":\"https:\/\/dedemesquita.com.br\/?p=10413#breadcrumb\"},\"inLanguage\":\"pt-BR\",\"potentialAction\":[{\"@type\":\"ReadAction\",\"target\":[\"https:\/\/dedemesquita.com.br\/?p=10413\"]}]},{\"@type\":\"BreadcrumbList\",\"@id\":\"https:\/\/dedemesquita.com.br\/?p=10413#breadcrumb\",\"itemListElement\":[{\"@type\":\"ListItem\",\"position\":1,\"name\":\"In\u00edcio\",\"item\":\"https:\/\/dedemesquita.com.br\/\"},{\"@type\":\"ListItem\",\"position\":2,\"name\":\"C\u00edrio de Nazar\u00e9, a cobertura da imprensa na prociss\u00e3o do Traslado\"}]},{\"@type\":\"WebSite\",\"@id\":\"https:\/\/dedemesquita.com.br\/#website\",\"url\":\"https:\/\/dedemesquita.com.br\/\",\"name\":\"Ded\u00e9 Mesquita\",\"description\":\"Um site que mostra os bastidores da imprensa no estado do Par\u00e1 e em Bel\u00e9m\",\"potentialAction\":[{\"@type\":\"SearchAction\",\"target\":{\"@type\":\"EntryPoint\",\"urlTemplate\":\"https:\/\/dedemesquita.com.br\/?s={search_term_string}\"},\"query-input\":\"required name=search_term_string\"}],\"inLanguage\":\"pt-BR\"},{\"@type\":\"Person\",\"@id\":\"https:\/\/dedemesquita.com.br\/#\/schema\/person\/36571f81dd2d76dc3ab37231542c9e24\",\"name\":\"Ded\u00e9 Mesquita\",\"image\":{\"@type\":\"ImageObject\",\"inLanguage\":\"pt-BR\",\"@id\":\"https:\/\/dedemesquita.com.br\/#\/schema\/person\/image\/\",\"url\":\"https:\/\/dedemesquita.com.br\/wp-content\/uploads\/2021\/02\/foto_perfil-150x150.jpg\",\"contentUrl\":\"https:\/\/dedemesquita.com.br\/wp-content\/uploads\/2021\/02\/foto_perfil-150x150.jpg\",\"caption\":\"Ded\u00e9 Mesquita\"},\"sameAs\":[\"https:\/\/dedemesquita.com.br\"]}]}<\/script>\n<!-- \/ Yoast SEO plugin. -->","yoast_head_json":{"title":"C\u00edrio de Nazar\u00e9, a cobertura da imprensa na prociss\u00e3o do Traslado - Ded\u00e9 Mesquita","robots":{"index":"index","follow":"follow","max-snippet":"max-snippet:-1","max-image-preview":"max-image-preview:large","max-video-preview":"max-video-preview:-1"},"canonical":"https:\/\/dedemesquita.com.br\/?p=10413","og_locale":"pt_BR","og_type":"article","og_title":"C\u00edrio de Nazar\u00e9, a cobertura da imprensa na prociss\u00e3o do Traslado - Ded\u00e9 Mesquita","og_description":"Bel\u00e9m, 28 de outubro de 2024 &#8211; Eu sei, eu sei. Eu sei que estou mais que atrasada nas publica\u00e7\u00f5es sobre o trabalho da imprensa na cobertura do C\u00edrio de Nossa Senhora de Nazar\u00e9 em 2024. E, justamente nesta segunda-feira, 28, quando o C\u00edrio se encerrou com a prociss\u00e3o do Rec\u00edrio, voltamos \u00e0 programa\u00e7\u00e3o normal [&hellip;]","og_url":"https:\/\/dedemesquita.com.br\/?p=10413","og_site_name":"Ded\u00e9 Mesquita","article_publisher":"https:\/\/www.facebook.com\/dede.mesquita","article_published_time":"2024-10-28T18:52:12+00:00","article_modified_time":"2024-10-29T00:00:54+00:00","og_image":[{"width":720,"height":601,"url":"https:\/\/dedemesquita.com.br\/wp-content\/uploads\/2024\/10\/WhatsApp-Image-2024-10-14-at-10.37.40.jpeg","type":"image\/jpeg"}],"author":"Ded\u00e9 Mesquita","twitter_card":"summary_large_image","twitter_creator":"@dedemesquita","twitter_site":"@dedemesquita","twitter_misc":{"Escrito por":"Ded\u00e9 Mesquita","Est. tempo de leitura":"9 minutos"},"schema":{"@context":"https:\/\/schema.org","@graph":[{"@type":"WebPage","@id":"https:\/\/dedemesquita.com.br\/?p=10413","url":"https:\/\/dedemesquita.com.br\/?p=10413","name":"C\u00edrio de Nazar\u00e9, a cobertura da imprensa na prociss\u00e3o do Traslado - Ded\u00e9 Mesquita","isPartOf":{"@id":"https:\/\/dedemesquita.com.br\/#website"},"datePublished":"2024-10-28T18:52:12+00:00","dateModified":"2024-10-29T00:00:54+00:00","author":{"@id":"https:\/\/dedemesquita.com.br\/#\/schema\/person\/36571f81dd2d76dc3ab37231542c9e24"},"breadcrumb":{"@id":"https:\/\/dedemesquita.com.br\/?p=10413#breadcrumb"},"inLanguage":"pt-BR","potentialAction":[{"@type":"ReadAction","target":["https:\/\/dedemesquita.com.br\/?p=10413"]}]},{"@type":"BreadcrumbList","@id":"https:\/\/dedemesquita.com.br\/?p=10413#breadcrumb","itemListElement":[{"@type":"ListItem","position":1,"name":"In\u00edcio","item":"https:\/\/dedemesquita.com.br\/"},{"@type":"ListItem","position":2,"name":"C\u00edrio de Nazar\u00e9, a cobertura da imprensa na prociss\u00e3o do Traslado"}]},{"@type":"WebSite","@id":"https:\/\/dedemesquita.com.br\/#website","url":"https:\/\/dedemesquita.com.br\/","name":"Ded\u00e9 Mesquita","description":"Um site que mostra os bastidores da imprensa no estado do Par\u00e1 e em Bel\u00e9m","potentialAction":[{"@type":"SearchAction","target":{"@type":"EntryPoint","urlTemplate":"https:\/\/dedemesquita.com.br\/?s={search_term_string}"},"query-input":"required name=search_term_string"}],"inLanguage":"pt-BR"},{"@type":"Person","@id":"https:\/\/dedemesquita.com.br\/#\/schema\/person\/36571f81dd2d76dc3ab37231542c9e24","name":"Ded\u00e9 Mesquita","image":{"@type":"ImageObject","inLanguage":"pt-BR","@id":"https:\/\/dedemesquita.com.br\/#\/schema\/person\/image\/","url":"https:\/\/dedemesquita.com.br\/wp-content\/uploads\/2021\/02\/foto_perfil-150x150.jpg","contentUrl":"https:\/\/dedemesquita.com.br\/wp-content\/uploads\/2021\/02\/foto_perfil-150x150.jpg","caption":"Ded\u00e9 Mesquita"},"sameAs":["https:\/\/dedemesquita.com.br"]}]}},"_links":{"self":[{"href":"https:\/\/dedemesquita.com.br\/index.php?rest_route=\/wp\/v2\/posts\/10413"}],"collection":[{"href":"https:\/\/dedemesquita.com.br\/index.php?rest_route=\/wp\/v2\/posts"}],"about":[{"href":"https:\/\/dedemesquita.com.br\/index.php?rest_route=\/wp\/v2\/types\/post"}],"author":[{"embeddable":true,"href":"https:\/\/dedemesquita.com.br\/index.php?rest_route=\/wp\/v2\/users\/2"}],"replies":[{"embeddable":true,"href":"https:\/\/dedemesquita.com.br\/index.php?rest_route=%2Fwp%2Fv2%2Fcomments&post=10413"}],"version-history":[{"count":5,"href":"https:\/\/dedemesquita.com.br\/index.php?rest_route=\/wp\/v2\/posts\/10413\/revisions"}],"predecessor-version":[{"id":10486,"href":"https:\/\/dedemesquita.com.br\/index.php?rest_route=\/wp\/v2\/posts\/10413\/revisions\/10486"}],"wp:featuredmedia":[{"embeddable":true,"href":"https:\/\/dedemesquita.com.br\/index.php?rest_route=\/wp\/v2\/media\/10420"}],"wp:attachment":[{"href":"https:\/\/dedemesquita.com.br\/index.php?rest_route=%2Fwp%2Fv2%2Fmedia&parent=10413"}],"wp:term":[{"taxonomy":"category","embeddable":true,"href":"https:\/\/dedemesquita.com.br\/index.php?rest_route=%2Fwp%2Fv2%2Fcategories&post=10413"},{"taxonomy":"post_tag","embeddable":true,"href":"https:\/\/dedemesquita.com.br\/index.php?rest_route=%2Fwp%2Fv2%2Ftags&post=10413"}],"curies":[{"name":"wp","href":"https:\/\/api.w.org\/{rel}","templated":true}]}}