{"id":10251,"date":"2024-10-21T08:21:03","date_gmt":"2024-10-21T11:21:03","guid":{"rendered":"https:\/\/dedemesquita.com.br\/?p=10251"},"modified":"2024-10-21T11:30:41","modified_gmt":"2024-10-21T14:30:41","slug":"o-halloween-esta-chegando-e-ze-do-caixao-chega-a-tela-do-cine-libero-luxardo","status":"publish","type":"post","link":"https:\/\/dedemesquita.com.br\/?p=10251","title":{"rendered":"O halloween est\u00e1 chegando e Z\u00e9 do Caix\u00e3o chega \u00e0 tela do Cine L\u00edbero Luxardo"},"content":{"rendered":"\n<p><strong>Bel\u00e9m, 21 de outubro de 2024 &#8211;<\/strong> A uma semana da celebra\u00e7\u00e3o do <em>halloween<\/em>, o Cineclube Paraense exibe dentro da programa\u00e7\u00e3o do <strong>Cine Mundi &#8211; Sess\u00f5es Latinas<\/strong> um cl\u00e1ssico do terror nacional. O filme \u00e9 <strong>\u201c\u00c0 Meia Noite Levarei sua Alma\u201d<\/strong>, de Jos\u00e9 Mojica Marins, o Z\u00e9 do Caix\u00e3o, com exibi\u00e7\u00e3o \u00e0s 19h30, no Cine L\u00edbero Luxardo, parceiro do projeto, <strong>com entrada gratuita. <\/strong>&nbsp;<\/p>\n\n\n<div class=\"wp-block-image\">\n<figure class=\"aligncenter size-full\"><img loading=\"lazy\" decoding=\"async\" width=\"449\" height=\"800\" src=\"https:\/\/dedemesquita.com.br\/wp-content\/uploads\/2024\/10\/WhatsApp-Image-2024-10-20-at-07.33.34.jpeg\" alt=\"\" class=\"wp-image-10256\"\/><figcaption class=\"wp-element-caption\">A exibi\u00e7\u00e3o tem entrada gratuita<\/figcaption><\/figure><\/div>\n\n\n<p><strong>Sinopse \u2013 <\/strong>A hist\u00f3ria mostra que o cruel e s\u00e1dico coveiro&nbsp;Z\u00e9 do Caix\u00e3o (Jos\u00e9 Mojica Marins), temido e odiado pelos moradores de uma cidadezinha do interior, est\u00e1 obcecado em conseguir gerar o filho perfeito, aquele que possa dar continuidade ao seu sangue. A mulher dele n\u00e3o consegue engravidar e ele acredita que a namorada do seu melhor amigo \u00e9 a mulher ideal que procura. Violada por Z\u00e9 do Caix\u00e3o, a mo\u00e7a quer cometer suic\u00eddio para regressar do mundo dos mortos e levar a alma daquele que a violou.&nbsp;<\/p>\n\n\n\n<p><strong>Carreira &nbsp;de Marins &#8211; <\/strong>\u201c\u00c0 Meia Noite Levarei sua Alma\u201d \u00e9 um filme de 1964, tem 84 minutos e \u00e9 considerado o primeiro filme de terror brasileiro. Mojica escreveu o roteiro, dirigiu, produziu e atuou no filme, que \u00e9 terceira produ\u00e7\u00e3o de Marins. Pioneiro no cinema de terror brasileiro, nasceu em S\u00e3o Paulo em 1936, e quando crian\u00e7a, Marins assistia a filmes no cinema em que seu pai trabalhava. Aos 12 anos, ganhou uma c\u00e2mera de filmar super-oito e n\u00e3o parou mais de filmar. Ao longo dos seus 83 anos, dirigiu mais de 40 produ\u00e7\u00f5es e atuou em mais de 50 filmes.&nbsp;<br>&nbsp;<br>Jos\u00e9 Mojica conta a origem do seu alter-ego. \u201cFui \u00e0 procura de algu\u00e9m para fazer o Z\u00e9 do Caix\u00e3o, mas ningu\u00e9m topou. A\u00ed o zelador do est\u00fadio, que praticava umbanda, esqueceu uma capa preta e uma cartola. Como eu tinha um terninho preto, o maquiador sugeriu que eu fizesse o personagem\u201d. J\u00e1 as unhas grandes, outra marca de Z\u00e9 do Caix\u00e3o, foram inspiradas no filme \u201cNosferatu\u201d, de F. W. Murnau, do ano 1922. <br>&nbsp;<br>No in\u00edcio dos anos 1970, quando foi fortemente perseguido pela Censura, o pr\u00f3prio Mojica doou uma c\u00f3pia de 16 mm de \u201cO Estranho Mundo de Z\u00e9 do Caix\u00e3o\u201d \u00e0 Cinemateca do MAM. Em&nbsp;1968, produziu \u201cO Estranho Mundo de Z\u00e9 do Caix\u00e3o\u201d.&nbsp;Mojica, que faleceu em fevereiro de 2020, aos 83 anos, v\u00edtima de covid 19, \u00e9 considerado um dos maiores cineastas brasileiros de todos os tempos.&nbsp;<\/p>\n\n\n\n<p><strong>Servi\u00e7o:<\/strong> Exibi\u00e7\u00e3o de \u201c\u00c0 Meia Noite Levarei a sua Alma\u201d, de Jos\u00e9 Mojica Marins, nesta segunda-feira, 21, \u00e0s 19h30, no Cine L\u00edbero Luxardo, dentro da programa\u00e7\u00e3o do Cine Mundi &#8211; Sess\u00f5es Latinas, do Cineclube Paraense, com debate ap\u00f3s a exibi\u00e7\u00e3o. Entrada franca. &nbsp;&nbsp;<\/p>\n\n\n<div class=\"wp-block-image\">\n<figure class=\"aligncenter size-full\"><img loading=\"lazy\" decoding=\"async\" width=\"800\" height=\"541\" src=\"https:\/\/dedemesquita.com.br\/wp-content\/uploads\/2024\/10\/zadocaixao01.184101.jpg\" alt=\"\" class=\"wp-image-10253\" srcset=\"https:\/\/dedemesquita.com.br\/wp-content\/uploads\/2024\/10\/zadocaixao01.184101.jpg 800w, https:\/\/dedemesquita.com.br\/wp-content\/uploads\/2024\/10\/zadocaixao01.184101-768x519.jpg 768w\" sizes=\"(max-width: 800px) 100vw, 800px\" \/><figcaption class=\"wp-element-caption\">Jos\u00e9 Mojica Marins, mais conhecido como Z\u00e9 do Caix\u00e3o, nome de seu personagem famoso, completa 40 anos de carreira &#8211; Cr\u00e9dito: <strong>H\u00c9LVIO ROMERO<\/strong>\/ ESTAD\u00c3O CONTE\u00daDO\/ AE\/ C\u00f3digo imagem: 47050<\/figcaption><\/figure><\/div>\n\n\n<p><\/p>\n","protected":false},"excerpt":{"rendered":"<p>Bel\u00e9m, 21 de outubro de 2024 &#8211; A uma semana da celebra\u00e7\u00e3o do halloween, o Cineclube Paraense exibe dentro da programa\u00e7\u00e3o do Cine Mundi &#8211; Sess\u00f5es Latinas um cl\u00e1ssico do terror nacional. O filme \u00e9 \u201c\u00c0 Meia Noite Levarei sua Alma\u201d, de Jos\u00e9 Mojica Marins, o Z\u00e9 do Caix\u00e3o, com exibi\u00e7\u00e3o \u00e0s 19h30, no Cine [&hellip;]<\/p>\n","protected":false},"author":2,"featured_media":10252,"comment_status":"open","ping_status":"open","sticky":false,"template":"","format":"standard","meta":{"footnotes":""},"categories":[51,14,29],"tags":[298,586,290,119,120,789],"class_list":["post-10251","post","type-post","status-publish","format-standard","has-post-thumbnail","hentry","category-destaque","category-imprensa","category-jornalismo","tag-cine-libero-luxardo","tag-cine-mundi-sessoes-latinas","tag-cineclube-paraense","tag-jornalismo","tag-jornalistas-paraenses-em-acao","tag-ze-do-caixao"],"yoast_head":"<!-- This site is optimized with the Yoast SEO plugin v19.10 - https:\/\/yoast.com\/wordpress\/plugins\/seo\/ -->\n<title>O halloween est\u00e1 chegando e Z\u00e9 do Caix\u00e3o chega \u00e0 tela do Cine L\u00edbero Luxardo - Ded\u00e9 Mesquita<\/title>\n<meta name=\"robots\" content=\"index, follow, max-snippet:-1, max-image-preview:large, max-video-preview:-1\" \/>\n<link rel=\"canonical\" href=\"https:\/\/dedemesquita.com.br\/?p=10251\" \/>\n<meta property=\"og:locale\" content=\"pt_BR\" \/>\n<meta property=\"og:type\" content=\"article\" \/>\n<meta property=\"og:title\" content=\"O halloween est\u00e1 chegando e Z\u00e9 do Caix\u00e3o chega \u00e0 tela do Cine L\u00edbero Luxardo - Ded\u00e9 Mesquita\" \/>\n<meta property=\"og:description\" content=\"Bel\u00e9m, 21 de outubro de 2024 &#8211; A uma semana da celebra\u00e7\u00e3o do halloween, o Cineclube Paraense exibe dentro da programa\u00e7\u00e3o do Cine Mundi &#8211; Sess\u00f5es Latinas um cl\u00e1ssico do terror nacional. O filme \u00e9 \u201c\u00c0 Meia Noite Levarei sua Alma\u201d, de Jos\u00e9 Mojica Marins, o Z\u00e9 do Caix\u00e3o, com exibi\u00e7\u00e3o \u00e0s 19h30, no Cine [&hellip;]\" \/>\n<meta property=\"og:url\" content=\"https:\/\/dedemesquita.com.br\/?p=10251\" \/>\n<meta property=\"og:site_name\" content=\"Ded\u00e9 Mesquita\" \/>\n<meta property=\"article:publisher\" content=\"https:\/\/www.facebook.com\/dede.mesquita\" \/>\n<meta property=\"article:published_time\" content=\"2024-10-21T11:21:03+00:00\" \/>\n<meta property=\"article:modified_time\" content=\"2024-10-21T14:30:41+00:00\" \/>\n<meta property=\"og:image\" content=\"https:\/\/dedemesquita.com.br\/wp-content\/uploads\/2024\/10\/alma.jpg\" \/>\n\t<meta property=\"og:image:width\" content=\"900\" \/>\n\t<meta property=\"og:image:height\" content=\"563\" \/>\n\t<meta property=\"og:image:type\" content=\"image\/jpeg\" \/>\n<meta name=\"author\" content=\"Ded\u00e9 Mesquita\" \/>\n<meta name=\"twitter:card\" content=\"summary_large_image\" \/>\n<meta name=\"twitter:creator\" content=\"@dedemesquita\" \/>\n<meta name=\"twitter:site\" content=\"@dedemesquita\" \/>\n<meta name=\"twitter:label1\" content=\"Escrito por\" \/>\n\t<meta name=\"twitter:data1\" content=\"Ded\u00e9 Mesquita\" \/>\n\t<meta name=\"twitter:label2\" content=\"Est. tempo de leitura\" \/>\n\t<meta name=\"twitter:data2\" content=\"3 minutos\" \/>\n<script type=\"application\/ld+json\" class=\"yoast-schema-graph\">{\"@context\":\"https:\/\/schema.org\",\"@graph\":[{\"@type\":\"WebPage\",\"@id\":\"https:\/\/dedemesquita.com.br\/?p=10251\",\"url\":\"https:\/\/dedemesquita.com.br\/?p=10251\",\"name\":\"O halloween est\u00e1 chegando e Z\u00e9 do Caix\u00e3o chega \u00e0 tela do Cine L\u00edbero Luxardo - Ded\u00e9 Mesquita\",\"isPartOf\":{\"@id\":\"https:\/\/dedemesquita.com.br\/#website\"},\"datePublished\":\"2024-10-21T11:21:03+00:00\",\"dateModified\":\"2024-10-21T14:30:41+00:00\",\"author\":{\"@id\":\"https:\/\/dedemesquita.com.br\/#\/schema\/person\/36571f81dd2d76dc3ab37231542c9e24\"},\"breadcrumb\":{\"@id\":\"https:\/\/dedemesquita.com.br\/?p=10251#breadcrumb\"},\"inLanguage\":\"pt-BR\",\"potentialAction\":[{\"@type\":\"ReadAction\",\"target\":[\"https:\/\/dedemesquita.com.br\/?p=10251\"]}]},{\"@type\":\"BreadcrumbList\",\"@id\":\"https:\/\/dedemesquita.com.br\/?p=10251#breadcrumb\",\"itemListElement\":[{\"@type\":\"ListItem\",\"position\":1,\"name\":\"In\u00edcio\",\"item\":\"https:\/\/dedemesquita.com.br\/\"},{\"@type\":\"ListItem\",\"position\":2,\"name\":\"O halloween est\u00e1 chegando e Z\u00e9 do Caix\u00e3o chega \u00e0 tela do Cine L\u00edbero Luxardo\"}]},{\"@type\":\"WebSite\",\"@id\":\"https:\/\/dedemesquita.com.br\/#website\",\"url\":\"https:\/\/dedemesquita.com.br\/\",\"name\":\"Ded\u00e9 Mesquita\",\"description\":\"Um site que mostra os bastidores da imprensa no estado do Par\u00e1 e em Bel\u00e9m\",\"potentialAction\":[{\"@type\":\"SearchAction\",\"target\":{\"@type\":\"EntryPoint\",\"urlTemplate\":\"https:\/\/dedemesquita.com.br\/?s={search_term_string}\"},\"query-input\":\"required name=search_term_string\"}],\"inLanguage\":\"pt-BR\"},{\"@type\":\"Person\",\"@id\":\"https:\/\/dedemesquita.com.br\/#\/schema\/person\/36571f81dd2d76dc3ab37231542c9e24\",\"name\":\"Ded\u00e9 Mesquita\",\"image\":{\"@type\":\"ImageObject\",\"inLanguage\":\"pt-BR\",\"@id\":\"https:\/\/dedemesquita.com.br\/#\/schema\/person\/image\/\",\"url\":\"https:\/\/dedemesquita.com.br\/wp-content\/uploads\/2021\/02\/foto_perfil-150x150.jpg\",\"contentUrl\":\"https:\/\/dedemesquita.com.br\/wp-content\/uploads\/2021\/02\/foto_perfil-150x150.jpg\",\"caption\":\"Ded\u00e9 Mesquita\"},\"sameAs\":[\"https:\/\/dedemesquita.com.br\"]}]}<\/script>\n<!-- \/ Yoast SEO plugin. -->","yoast_head_json":{"title":"O halloween est\u00e1 chegando e Z\u00e9 do Caix\u00e3o chega \u00e0 tela do Cine L\u00edbero Luxardo - Ded\u00e9 Mesquita","robots":{"index":"index","follow":"follow","max-snippet":"max-snippet:-1","max-image-preview":"max-image-preview:large","max-video-preview":"max-video-preview:-1"},"canonical":"https:\/\/dedemesquita.com.br\/?p=10251","og_locale":"pt_BR","og_type":"article","og_title":"O halloween est\u00e1 chegando e Z\u00e9 do Caix\u00e3o chega \u00e0 tela do Cine L\u00edbero Luxardo - Ded\u00e9 Mesquita","og_description":"Bel\u00e9m, 21 de outubro de 2024 &#8211; A uma semana da celebra\u00e7\u00e3o do halloween, o Cineclube Paraense exibe dentro da programa\u00e7\u00e3o do Cine Mundi &#8211; Sess\u00f5es Latinas um cl\u00e1ssico do terror nacional. O filme \u00e9 \u201c\u00c0 Meia Noite Levarei sua Alma\u201d, de Jos\u00e9 Mojica Marins, o Z\u00e9 do Caix\u00e3o, com exibi\u00e7\u00e3o \u00e0s 19h30, no Cine [&hellip;]","og_url":"https:\/\/dedemesquita.com.br\/?p=10251","og_site_name":"Ded\u00e9 Mesquita","article_publisher":"https:\/\/www.facebook.com\/dede.mesquita","article_published_time":"2024-10-21T11:21:03+00:00","article_modified_time":"2024-10-21T14:30:41+00:00","og_image":[{"width":900,"height":563,"url":"https:\/\/dedemesquita.com.br\/wp-content\/uploads\/2024\/10\/alma.jpg","type":"image\/jpeg"}],"author":"Ded\u00e9 Mesquita","twitter_card":"summary_large_image","twitter_creator":"@dedemesquita","twitter_site":"@dedemesquita","twitter_misc":{"Escrito por":"Ded\u00e9 Mesquita","Est. tempo de leitura":"3 minutos"},"schema":{"@context":"https:\/\/schema.org","@graph":[{"@type":"WebPage","@id":"https:\/\/dedemesquita.com.br\/?p=10251","url":"https:\/\/dedemesquita.com.br\/?p=10251","name":"O halloween est\u00e1 chegando e Z\u00e9 do Caix\u00e3o chega \u00e0 tela do Cine L\u00edbero Luxardo - Ded\u00e9 Mesquita","isPartOf":{"@id":"https:\/\/dedemesquita.com.br\/#website"},"datePublished":"2024-10-21T11:21:03+00:00","dateModified":"2024-10-21T14:30:41+00:00","author":{"@id":"https:\/\/dedemesquita.com.br\/#\/schema\/person\/36571f81dd2d76dc3ab37231542c9e24"},"breadcrumb":{"@id":"https:\/\/dedemesquita.com.br\/?p=10251#breadcrumb"},"inLanguage":"pt-BR","potentialAction":[{"@type":"ReadAction","target":["https:\/\/dedemesquita.com.br\/?p=10251"]}]},{"@type":"BreadcrumbList","@id":"https:\/\/dedemesquita.com.br\/?p=10251#breadcrumb","itemListElement":[{"@type":"ListItem","position":1,"name":"In\u00edcio","item":"https:\/\/dedemesquita.com.br\/"},{"@type":"ListItem","position":2,"name":"O halloween est\u00e1 chegando e Z\u00e9 do Caix\u00e3o chega \u00e0 tela do Cine L\u00edbero Luxardo"}]},{"@type":"WebSite","@id":"https:\/\/dedemesquita.com.br\/#website","url":"https:\/\/dedemesquita.com.br\/","name":"Ded\u00e9 Mesquita","description":"Um site que mostra os bastidores da imprensa no estado do Par\u00e1 e em Bel\u00e9m","potentialAction":[{"@type":"SearchAction","target":{"@type":"EntryPoint","urlTemplate":"https:\/\/dedemesquita.com.br\/?s={search_term_string}"},"query-input":"required name=search_term_string"}],"inLanguage":"pt-BR"},{"@type":"Person","@id":"https:\/\/dedemesquita.com.br\/#\/schema\/person\/36571f81dd2d76dc3ab37231542c9e24","name":"Ded\u00e9 Mesquita","image":{"@type":"ImageObject","inLanguage":"pt-BR","@id":"https:\/\/dedemesquita.com.br\/#\/schema\/person\/image\/","url":"https:\/\/dedemesquita.com.br\/wp-content\/uploads\/2021\/02\/foto_perfil-150x150.jpg","contentUrl":"https:\/\/dedemesquita.com.br\/wp-content\/uploads\/2021\/02\/foto_perfil-150x150.jpg","caption":"Ded\u00e9 Mesquita"},"sameAs":["https:\/\/dedemesquita.com.br"]}]}},"_links":{"self":[{"href":"https:\/\/dedemesquita.com.br\/index.php?rest_route=\/wp\/v2\/posts\/10251"}],"collection":[{"href":"https:\/\/dedemesquita.com.br\/index.php?rest_route=\/wp\/v2\/posts"}],"about":[{"href":"https:\/\/dedemesquita.com.br\/index.php?rest_route=\/wp\/v2\/types\/post"}],"author":[{"embeddable":true,"href":"https:\/\/dedemesquita.com.br\/index.php?rest_route=\/wp\/v2\/users\/2"}],"replies":[{"embeddable":true,"href":"https:\/\/dedemesquita.com.br\/index.php?rest_route=%2Fwp%2Fv2%2Fcomments&post=10251"}],"version-history":[{"count":4,"href":"https:\/\/dedemesquita.com.br\/index.php?rest_route=\/wp\/v2\/posts\/10251\/revisions"}],"predecessor-version":[{"id":10258,"href":"https:\/\/dedemesquita.com.br\/index.php?rest_route=\/wp\/v2\/posts\/10251\/revisions\/10258"}],"wp:featuredmedia":[{"embeddable":true,"href":"https:\/\/dedemesquita.com.br\/index.php?rest_route=\/wp\/v2\/media\/10252"}],"wp:attachment":[{"href":"https:\/\/dedemesquita.com.br\/index.php?rest_route=%2Fwp%2Fv2%2Fmedia&parent=10251"}],"wp:term":[{"taxonomy":"category","embeddable":true,"href":"https:\/\/dedemesquita.com.br\/index.php?rest_route=%2Fwp%2Fv2%2Fcategories&post=10251"},{"taxonomy":"post_tag","embeddable":true,"href":"https:\/\/dedemesquita.com.br\/index.php?rest_route=%2Fwp%2Fv2%2Ftags&post=10251"}],"curies":[{"name":"wp","href":"https:\/\/api.w.org\/{rel}","templated":true}]}}